{"id":29586,"date":"2024-09-10T17:31:23","date_gmt":"2024-09-10T20:31:23","guid":{"rendered":"https:\/\/portalmf.com.br\/?p=29586"},"modified":"2024-09-10T17:31:24","modified_gmt":"2024-09-10T20:31:24","slug":"jose-ronaldo-recebe-apoio-de-liderancas-das-igrejas-quadrangular-e-internacional-da-graca-de-deus","status":"publish","type":"post","link":"https:\/\/portalmf.com.br\/index.php\/2024\/09\/10\/jose-ronaldo-recebe-apoio-de-liderancas-das-igrejas-quadrangular-e-internacional-da-graca-de-deus\/","title":{"rendered":"Jos\u00e9 Ronaldo recebe apoio de lideran\u00e7as das Igrejas Quadrangular e Internacional da Gra\u00e7a de Deus"},"content":{"rendered":"\n<p>O candidato a prefeito Jos\u00e9 Ronaldo (Uni\u00e3o Brasil) recebeu apoio de lideran\u00e7as das Igrejas Quadrangular e Internacional da Gra\u00e7a de Deus e de apoiadores do candidato \u00e0 reelei\u00e7\u00e3o, vereador Pastor Ismael Bastos, e do ex-deputado estadual e Pastor Tom. O evento ocorreu durante encontro realizado no teatro da C\u00e2mara de Dirigentes Lojistas (CDL), na noite desta segunda-feira (09).<\/p>\n\n\n\n<p>O pastor e vereador Ismael Bastos (PL) ressaltou a import\u00e2ncia do apoio dos evang\u00e9licos para a elei\u00e7\u00e3o de Jos\u00e9 Ronaldo j\u00e1 no primeiro turno, por entender que ele \u00e9 o melhor e mais bem preparado para administrar Feira de Santana.<\/p>\n\n\n\n<p>Al\u00e9m de ressaltar a larga experi\u00eancia de Jos\u00e9 Ronaldo como administrador, Ismael tamb\u00e9m destacou o alinhamento do candidato a prefeito com as pautas que tamb\u00e9m s\u00e3o defendidas pelos crist\u00e3os.<\/p>\n\n\n\n<p>J\u00e1 o Pastor Tom ressaltou a import\u00e2ncia de Jos\u00e9 Ronaldo para Feira de Santana como gestor p\u00fablico. Lembrou que ao longo do tempo ele s\u00f3 lutou pelo desenvolvimento da cidade e o bem estar da popula\u00e7\u00e3o e que em breve ele estar\u00e1 na Assembl\u00e9ia Legislativa dando o apoio e o suporte ao prefeito Jos\u00e9 Ronaldo e direcionando emendas parlamentares para Feira de Santana com Jos\u00e9 Ronaldo prefeito.<\/p>\n\n\n\n<p>O audit\u00f3rio da C\u00e2mara de Dirigentes Lojistas ficou lotado durante o evento. Jos\u00e9 Ronaldo agradeceu pelo apoio e garantiu que seu governo ser\u00e1 sempre pautado em defender os interesses dos cidad\u00e3os feirenses e que sempre estar\u00e1 aberto ao di\u00e1logo para que Feira de Santana siga sempre o caminho do desenvolvimento.<\/p>\n\n\n\n<p>Com informa\u00e7\u00f5es da Ascom\/Jos\u00e9 Ronaldo<\/p>\n","protected":false},"excerpt":{"rendered":"<p>O candidato a prefeito Jos\u00e9 Ronaldo (Uni\u00e3o Brasil) recebeu apoio de lideran\u00e7as das Igrejas Quadrangular e Internacional da Gra\u00e7a de Deus e de apoiadores do candidato \u00e0 reelei\u00e7\u00e3o, vereador Pastor Ismael Bastos, e do ex-deputado estadual e Pastor Tom. O evento ocorreu durante encontro realizado no teatro da C\u00e2mara de Dirigentes Lojistas (CDL), na noite [&hellip;]<\/p>\n","protected":false},"author":3,"featured_media":29587,"comment_status":"open","ping_status":"open","sticky":false,"template":"","format":"standard","meta":{"_monsterinsights_skip_tracking":false,"_monsterinsights_sitenote_active":false,"_monsterinsights_sitenote_note":"","_monsterinsights_sitenote_category":0,"footnotes":""},"categories":[301,34],"tags":[],"yoast_head":"<!-- This site is optimized with the Yoast SEO plugin v22.9 - https:\/\/yoast.com\/wordpress\/plugins\/seo\/ -->\n<title>Jos\u00e9 Ronaldo recebe apoio de lideran\u00e7as das Igrejas Quadrangular e Internacional da Gra\u00e7a de Deus - Portal MF<\/title>\n<meta name=\"robots\" content=\"index, follow, max-snippet:-1, max-image-preview:large, max-video-preview:-1\" \/>\n<link rel=\"canonical\" href=\"https:\/\/portalmf.com.br\/index.php\/2024\/09\/10\/jose-ronaldo-recebe-apoio-de-liderancas-das-igrejas-quadrangular-e-internacional-da-graca-de-deus\/\" \/>\n<meta property=\"og:locale\" content=\"pt_BR\" \/>\n<meta property=\"og:type\" content=\"article\" \/>\n<meta property=\"og:title\" content=\"Jos\u00e9 Ronaldo recebe apoio de lideran\u00e7as das Igrejas Quadrangular e Internacional da Gra\u00e7a de Deus - Portal MF\" \/>\n<meta property=\"og:description\" content=\"O candidato a prefeito Jos\u00e9 Ronaldo (Uni\u00e3o Brasil) recebeu apoio de lideran\u00e7as das Igrejas Quadrangular e Internacional da Gra\u00e7a de Deus e de apoiadores do candidato \u00e0 reelei\u00e7\u00e3o, vereador Pastor Ismael Bastos, e do ex-deputado estadual e Pastor Tom. O evento ocorreu durante encontro realizado no teatro da C\u00e2mara de Dirigentes Lojistas (CDL), na noite [&hellip;]\" \/>\n<meta property=\"og:url\" content=\"https:\/\/portalmf.com.br\/index.php\/2024\/09\/10\/jose-ronaldo-recebe-apoio-de-liderancas-das-igrejas-quadrangular-e-internacional-da-graca-de-deus\/\" \/>\n<meta property=\"og:site_name\" content=\"Portal MF\" \/>\n<meta property=\"article:author\" content=\"https:\/\/www.facebook.com\/portalmfoficial\" \/>\n<meta property=\"article:published_time\" content=\"2024-09-10T20:31:23+00:00\" \/>\n<meta property=\"article:modified_time\" content=\"2024-09-10T20:31:24+00:00\" \/>\n<meta property=\"og:image\" content=\"https:\/\/portalmf.com.br\/wp-content\/uploads\/2024\/09\/Jose-Ronaldo-e-Ismael-Encontro-com-Liderancas-fotos-Jorge-Magalhaes-74.jpg\" \/>\n\t<meta property=\"og:image:width\" content=\"800\" \/>\n\t<meta property=\"og:image:height\" content=\"533\" \/>\n\t<meta property=\"og:image:type\" content=\"image\/jpeg\" \/>\n<meta name=\"author\" content=\"Reda\u00e7\u00e3o Portal MF\" \/>\n<meta name=\"twitter:card\" content=\"summary_large_image\" \/>\n<meta name=\"twitter:creator\" content=\"@https:\/\/x.com\/portalmfoficial\" \/>\n<meta name=\"twitter:label1\" content=\"Escrito por\" \/>\n\t<meta name=\"twitter:data1\" content=\"Reda\u00e7\u00e3o Portal MF\" \/>\n\t<meta name=\"twitter:label2\" content=\"Est. tempo de leitura\" \/>\n\t<meta name=\"twitter:data2\" content=\"2 minutos\" \/>\n<script type=\"application\/ld+json\" class=\"yoast-schema-graph\">{\"@context\":\"https:\/\/schema.org\",\"@graph\":[{\"@type\":\"WebPage\",\"@id\":\"https:\/\/portalmf.com.br\/index.php\/2024\/09\/10\/jose-ronaldo-recebe-apoio-de-liderancas-das-igrejas-quadrangular-e-internacional-da-graca-de-deus\/\",\"url\":\"https:\/\/portalmf.com.br\/index.php\/2024\/09\/10\/jose-ronaldo-recebe-apoio-de-liderancas-das-igrejas-quadrangular-e-internacional-da-graca-de-deus\/\",\"name\":\"Jos\u00e9 Ronaldo recebe apoio de lideran\u00e7as das Igrejas Quadrangular e Internacional da Gra\u00e7a de Deus - Portal MF\",\"isPartOf\":{\"@id\":\"https:\/\/portalmf.com.br\/#website\"},\"primaryImageOfPage\":{\"@id\":\"https:\/\/portalmf.com.br\/index.php\/2024\/09\/10\/jose-ronaldo-recebe-apoio-de-liderancas-das-igrejas-quadrangular-e-internacional-da-graca-de-deus\/#primaryimage\"},\"image\":{\"@id\":\"https:\/\/portalmf.com.br\/index.php\/2024\/09\/10\/jose-ronaldo-recebe-apoio-de-liderancas-das-igrejas-quadrangular-e-internacional-da-graca-de-deus\/#primaryimage\"},\"thumbnailUrl\":\"https:\/\/portalmf.com.br\/wp-content\/uploads\/2024\/09\/Jose-Ronaldo-e-Ismael-Encontro-com-Liderancas-fotos-Jorge-Magalhaes-74.jpg\",\"datePublished\":\"2024-09-10T20:31:23+00:00\",\"dateModified\":\"2024-09-10T20:31:24+00:00\",\"author\":{\"@id\":\"https:\/\/portalmf.com.br\/#\/schema\/person\/9ec101baf56233e53520c26de5d6f6f0\"},\"breadcrumb\":{\"@id\":\"https:\/\/portalmf.com.br\/index.php\/2024\/09\/10\/jose-ronaldo-recebe-apoio-de-liderancas-das-igrejas-quadrangular-e-internacional-da-graca-de-deus\/#breadcrumb\"},\"inLanguage\":\"pt-BR\",\"potentialAction\":[{\"@type\":\"ReadAction\",\"target\":[\"https:\/\/portalmf.com.br\/index.php\/2024\/09\/10\/jose-ronaldo-recebe-apoio-de-liderancas-das-igrejas-quadrangular-e-internacional-da-graca-de-deus\/\"]}]},{\"@type\":\"ImageObject\",\"inLanguage\":\"pt-BR\",\"@id\":\"https:\/\/portalmf.com.br\/index.php\/2024\/09\/10\/jose-ronaldo-recebe-apoio-de-liderancas-das-igrejas-quadrangular-e-internacional-da-graca-de-deus\/#primaryimage\",\"url\":\"https:\/\/portalmf.com.br\/wp-content\/uploads\/2024\/09\/Jose-Ronaldo-e-Ismael-Encontro-com-Liderancas-fotos-Jorge-Magalhaes-74.jpg\",\"contentUrl\":\"https:\/\/portalmf.com.br\/wp-content\/uploads\/2024\/09\/Jose-Ronaldo-e-Ismael-Encontro-com-Liderancas-fotos-Jorge-Magalhaes-74.jpg\",\"width\":800,\"height\":533},{\"@type\":\"BreadcrumbList\",\"@id\":\"https:\/\/portalmf.com.br\/index.php\/2024\/09\/10\/jose-ronaldo-recebe-apoio-de-liderancas-das-igrejas-quadrangular-e-internacional-da-graca-de-deus\/#breadcrumb\",\"itemListElement\":[{\"@type\":\"ListItem\",\"position\":1,\"name\":\"In\u00edcio\",\"item\":\"https:\/\/portalmf.com.br\/\"},{\"@type\":\"ListItem\",\"position\":2,\"name\":\"Jos\u00e9 Ronaldo recebe apoio de lideran\u00e7as das Igrejas Quadrangular e Internacional da Gra\u00e7a de Deus\"}]},{\"@type\":\"WebSite\",\"@id\":\"https:\/\/portalmf.com.br\/#website\",\"url\":\"https:\/\/portalmf.com.br\/\",\"name\":\"Portal MF\",\"description\":\"Voc\u00ea conectado com a informa\u00e7\u00e3o\",\"potentialAction\":[{\"@type\":\"SearchAction\",\"target\":{\"@type\":\"EntryPoint\",\"urlTemplate\":\"https:\/\/portalmf.com.br\/?s={search_term_string}\"},\"query-input\":\"required name=search_term_string\"}],\"inLanguage\":\"pt-BR\"},{\"@type\":\"Person\",\"@id\":\"https:\/\/portalmf.com.br\/#\/schema\/person\/9ec101baf56233e53520c26de5d6f6f0\",\"name\":\"Reda\u00e7\u00e3o Portal MF\",\"image\":{\"@type\":\"ImageObject\",\"inLanguage\":\"pt-BR\",\"@id\":\"https:\/\/portalmf.com.br\/#\/schema\/person\/image\/\",\"url\":\"https:\/\/secure.gravatar.com\/avatar\/41b9aaeb2100835f7c64362330f74c7f?s=96&d=mm&r=g\",\"contentUrl\":\"https:\/\/secure.gravatar.com\/avatar\/41b9aaeb2100835f7c64362330f74c7f?s=96&d=mm&r=g\",\"caption\":\"Reda\u00e7\u00e3o Portal MF\"},\"description\":\"Sejam bem-vindos o portal de informa\u00e7\u00f5es de entretenimento de Feira de Santana, desde 2006 realiza coberturas dos principais eventos com entrevistas exclusivas com as principais personalidades mundiais. Fique conectado tamb\u00e9m nas redes sociais.\",\"sameAs\":[\"http:\/\/www.portalmf.com.br\/\",\"https:\/\/www.facebook.com\/portalmfoficial\",\"https:\/\/www.instagram.com\/portalmf\/\",\"https:\/\/x.com\/https:\/\/x.com\/portalmfoficial\",\"https:\/\/www.youtube.com\/@portalmfoficial\"],\"url\":\"https:\/\/portalmf.com.br\/index.php\/author\/junior\/\"}]}<\/script>\n<!-- \/ Yoast SEO plugin. -->","yoast_head_json":{"title":"Jos\u00e9 Ronaldo recebe apoio de lideran\u00e7as das Igrejas Quadrangular e Internacional da Gra\u00e7a de Deus - Portal MF","robots":{"index":"index","follow":"follow","max-snippet":"max-snippet:-1","max-image-preview":"max-image-preview:large","max-video-preview":"max-video-preview:-1"},"canonical":"https:\/\/portalmf.com.br\/index.php\/2024\/09\/10\/jose-ronaldo-recebe-apoio-de-liderancas-das-igrejas-quadrangular-e-internacional-da-graca-de-deus\/","og_locale":"pt_BR","og_type":"article","og_title":"Jos\u00e9 Ronaldo recebe apoio de lideran\u00e7as das Igrejas Quadrangular e Internacional da Gra\u00e7a de Deus - Portal MF","og_description":"O candidato a prefeito Jos\u00e9 Ronaldo (Uni\u00e3o Brasil) recebeu apoio de lideran\u00e7as das Igrejas Quadrangular e Internacional da Gra\u00e7a de Deus e de apoiadores do candidato \u00e0 reelei\u00e7\u00e3o, vereador Pastor Ismael Bastos, e do ex-deputado estadual e Pastor Tom. O evento ocorreu durante encontro realizado no teatro da C\u00e2mara de Dirigentes Lojistas (CDL), na noite [&hellip;]","og_url":"https:\/\/portalmf.com.br\/index.php\/2024\/09\/10\/jose-ronaldo-recebe-apoio-de-liderancas-das-igrejas-quadrangular-e-internacional-da-graca-de-deus\/","og_site_name":"Portal MF","article_author":"https:\/\/www.facebook.com\/portalmfoficial","article_published_time":"2024-09-10T20:31:23+00:00","article_modified_time":"2024-09-10T20:31:24+00:00","og_image":[{"width":800,"height":533,"url":"https:\/\/portalmf.com.br\/wp-content\/uploads\/2024\/09\/Jose-Ronaldo-e-Ismael-Encontro-com-Liderancas-fotos-Jorge-Magalhaes-74.jpg","type":"image\/jpeg"}],"author":"Reda\u00e7\u00e3o Portal MF","twitter_card":"summary_large_image","twitter_creator":"@https:\/\/x.com\/portalmfoficial","twitter_misc":{"Escrito por":"Reda\u00e7\u00e3o Portal MF","Est. tempo de leitura":"2 minutos"},"schema":{"@context":"https:\/\/schema.org","@graph":[{"@type":"WebPage","@id":"https:\/\/portalmf.com.br\/index.php\/2024\/09\/10\/jose-ronaldo-recebe-apoio-de-liderancas-das-igrejas-quadrangular-e-internacional-da-graca-de-deus\/","url":"https:\/\/portalmf.com.br\/index.php\/2024\/09\/10\/jose-ronaldo-recebe-apoio-de-liderancas-das-igrejas-quadrangular-e-internacional-da-graca-de-deus\/","name":"Jos\u00e9 Ronaldo recebe apoio de lideran\u00e7as das Igrejas Quadrangular e Internacional da Gra\u00e7a de Deus - Portal MF","isPartOf":{"@id":"https:\/\/portalmf.com.br\/#website"},"primaryImageOfPage":{"@id":"https:\/\/portalmf.com.br\/index.php\/2024\/09\/10\/jose-ronaldo-recebe-apoio-de-liderancas-das-igrejas-quadrangular-e-internacional-da-graca-de-deus\/#primaryimage"},"image":{"@id":"https:\/\/portalmf.com.br\/index.php\/2024\/09\/10\/jose-ronaldo-recebe-apoio-de-liderancas-das-igrejas-quadrangular-e-internacional-da-graca-de-deus\/#primaryimage"},"thumbnailUrl":"https:\/\/portalmf.com.br\/wp-content\/uploads\/2024\/09\/Jose-Ronaldo-e-Ismael-Encontro-com-Liderancas-fotos-Jorge-Magalhaes-74.jpg","datePublished":"2024-09-10T20:31:23+00:00","dateModified":"2024-09-10T20:31:24+00:00","author":{"@id":"https:\/\/portalmf.com.br\/#\/schema\/person\/9ec101baf56233e53520c26de5d6f6f0"},"breadcrumb":{"@id":"https:\/\/portalmf.com.br\/index.php\/2024\/09\/10\/jose-ronaldo-recebe-apoio-de-liderancas-das-igrejas-quadrangular-e-internacional-da-graca-de-deus\/#breadcrumb"},"inLanguage":"pt-BR","potentialAction":[{"@type":"ReadAction","target":["https:\/\/portalmf.com.br\/index.php\/2024\/09\/10\/jose-ronaldo-recebe-apoio-de-liderancas-das-igrejas-quadrangular-e-internacional-da-graca-de-deus\/"]}]},{"@type":"ImageObject","inLanguage":"pt-BR","@id":"https:\/\/portalmf.com.br\/index.php\/2024\/09\/10\/jose-ronaldo-recebe-apoio-de-liderancas-das-igrejas-quadrangular-e-internacional-da-graca-de-deus\/#primaryimage","url":"https:\/\/portalmf.com.br\/wp-content\/uploads\/2024\/09\/Jose-Ronaldo-e-Ismael-Encontro-com-Liderancas-fotos-Jorge-Magalhaes-74.jpg","contentUrl":"https:\/\/portalmf.com.br\/wp-content\/uploads\/2024\/09\/Jose-Ronaldo-e-Ismael-Encontro-com-Liderancas-fotos-Jorge-Magalhaes-74.jpg","width":800,"height":533},{"@type":"BreadcrumbList","@id":"https:\/\/portalmf.com.br\/index.php\/2024\/09\/10\/jose-ronaldo-recebe-apoio-de-liderancas-das-igrejas-quadrangular-e-internacional-da-graca-de-deus\/#breadcrumb","itemListElement":[{"@type":"ListItem","position":1,"name":"In\u00edcio","item":"https:\/\/portalmf.com.br\/"},{"@type":"ListItem","position":2,"name":"Jos\u00e9 Ronaldo recebe apoio de lideran\u00e7as das Igrejas Quadrangular e Internacional da Gra\u00e7a de Deus"}]},{"@type":"WebSite","@id":"https:\/\/portalmf.com.br\/#website","url":"https:\/\/portalmf.com.br\/","name":"Portal MF","description":"Voc\u00ea conectado com a informa\u00e7\u00e3o","potentialAction":[{"@type":"SearchAction","target":{"@type":"EntryPoint","urlTemplate":"https:\/\/portalmf.com.br\/?s={search_term_string}"},"query-input":"required name=search_term_string"}],"inLanguage":"pt-BR"},{"@type":"Person","@id":"https:\/\/portalmf.com.br\/#\/schema\/person\/9ec101baf56233e53520c26de5d6f6f0","name":"Reda\u00e7\u00e3o Portal MF","image":{"@type":"ImageObject","inLanguage":"pt-BR","@id":"https:\/\/portalmf.com.br\/#\/schema\/person\/image\/","url":"https:\/\/secure.gravatar.com\/avatar\/41b9aaeb2100835f7c64362330f74c7f?s=96&d=mm&r=g","contentUrl":"https:\/\/secure.gravatar.com\/avatar\/41b9aaeb2100835f7c64362330f74c7f?s=96&d=mm&r=g","caption":"Reda\u00e7\u00e3o Portal MF"},"description":"Sejam bem-vindos o portal de informa\u00e7\u00f5es de entretenimento de Feira de Santana, desde 2006 realiza coberturas dos principais eventos com entrevistas exclusivas com as principais personalidades mundiais. Fique conectado tamb\u00e9m nas redes sociais.","sameAs":["http:\/\/www.portalmf.com.br\/","https:\/\/www.facebook.com\/portalmfoficial","https:\/\/www.instagram.com\/portalmf\/","https:\/\/x.com\/https:\/\/x.com\/portalmfoficial","https:\/\/www.youtube.com\/@portalmfoficial"],"url":"https:\/\/portalmf.com.br\/index.php\/author\/junior\/"}]}},"_links":{"self":[{"href":"https:\/\/portalmf.com.br\/index.php\/wp-json\/wp\/v2\/posts\/29586"}],"collection":[{"href":"https:\/\/portalmf.com.br\/index.php\/wp-json\/wp\/v2\/posts"}],"about":[{"href":"https:\/\/portalmf.com.br\/index.php\/wp-json\/wp\/v2\/types\/post"}],"author":[{"embeddable":true,"href":"https:\/\/portalmf.com.br\/index.php\/wp-json\/wp\/v2\/users\/3"}],"replies":[{"embeddable":true,"href":"https:\/\/portalmf.com.br\/index.php\/wp-json\/wp\/v2\/comments?post=29586"}],"version-history":[{"count":1,"href":"https:\/\/portalmf.com.br\/index.php\/wp-json\/wp\/v2\/posts\/29586\/revisions"}],"predecessor-version":[{"id":29588,"href":"https:\/\/portalmf.com.br\/index.php\/wp-json\/wp\/v2\/posts\/29586\/revisions\/29588"}],"wp:featuredmedia":[{"embeddable":true,"href":"https:\/\/portalmf.com.br\/index.php\/wp-json\/wp\/v2\/media\/29587"}],"wp:attachment":[{"href":"https:\/\/portalmf.com.br\/index.php\/wp-json\/wp\/v2\/media?parent=29586"}],"wp:term":[{"taxonomy":"category","embeddable":true,"href":"https:\/\/portalmf.com.br\/index.php\/wp-json\/wp\/v2\/categories?post=29586"},{"taxonomy":"post_tag","embeddable":true,"href":"https:\/\/portalmf.com.br\/index.php\/wp-json\/wp\/v2\/tags?post=29586"}],"curies":[{"name":"wp","href":"https:\/\/api.w.org\/{rel}","templated":true}]}}