{"id":29576,"date":"2024-09-10T14:56:56","date_gmt":"2024-09-10T17:56:56","guid":{"rendered":"https:\/\/portalmf.com.br\/?p=29576"},"modified":"2024-09-10T14:56:57","modified_gmt":"2024-09-10T17:56:57","slug":"jose-ronaldo-acusa-governo-do-estado-de-negligencia-e-diz-que-vai-cobrar-embasa-por-rede-de-esgoto-em-santo-antonio-dos-prazeres","status":"publish","type":"post","link":"https:\/\/portalmf.com.br\/index.php\/2024\/09\/10\/jose-ronaldo-acusa-governo-do-estado-de-negligencia-e-diz-que-vai-cobrar-embasa-por-rede-de-esgoto-em-santo-antonio-dos-prazeres\/","title":{"rendered":"Jos\u00e9 Ronaldo acusa governo do estado de neglig\u00eancia e diz que vai cobrar Embasa por rede de esgoto em Santo Ant\u00f4nio dos Prazeres"},"content":{"rendered":"\n<p>Em uma caminhada pelo bairro Santo Ant\u00f4nio dos Prazeres, realizada ontem (9), o candidato a prefeito de Feira de Santana pelo Uni\u00e3o Brasil, Jos\u00e9 Ronaldo, fez um importante an\u00fancio: vai exigir da Empresa Baiana de \u00c1guas e Saneamento (Embasa), vinculada ao governo do estado, a implanta\u00e7\u00e3o de uma rede de esgotamento sanit\u00e1rio na comunidade, caso seja eleito. A proposta vem ao encontro de uma demanda antiga dos moradores, que enfrentam transtornos pela aus\u00eancia desse servi\u00e7o b\u00e1sico e essencial.<\/p>\n\n\n\n<p>Acompanhado de populares e lideran\u00e7as pol\u00edticas locais, incluindo o candidato a vice-prefeito Pablo Roberto (PSDB) e diversos candidatos a vereador, Jos\u00e9 Ronaldo destacou sua rela\u00e7\u00e3o de confian\u00e7a com a comunidade. Ele lembrou que, durante seus mandatos anteriores como prefeito, foi respons\u00e1vel pela pavimenta\u00e7\u00e3o de praticamente todas as ruas do bairro, al\u00e9m de ter promovido a constru\u00e7\u00e3o de escolas e unidades de sa\u00fade na regi\u00e3o.<\/p>\n\n\n\n<figure class=\"wp-block-image size-full\"><img fetchpriority=\"high\" decoding=\"async\" width=\"800\" height=\"600\" src=\"https:\/\/portalmf.com.br\/wp-content\/uploads\/2024\/09\/Jose-Ronaldo-acusa-governo-do-estado-de-negligencia-e-diz-que-vai-cobrar-Embasa-por-rede-de-esgoto-em-Santo-Antonio-dos-Prazeres.jpg\" alt=\"\" class=\"wp-image-29577\" srcset=\"https:\/\/portalmf.com.br\/wp-content\/uploads\/2024\/09\/Jose-Ronaldo-acusa-governo-do-estado-de-negligencia-e-diz-que-vai-cobrar-Embasa-por-rede-de-esgoto-em-Santo-Antonio-dos-Prazeres.jpg 800w, https:\/\/portalmf.com.br\/wp-content\/uploads\/2024\/09\/Jose-Ronaldo-acusa-governo-do-estado-de-negligencia-e-diz-que-vai-cobrar-Embasa-por-rede-de-esgoto-em-Santo-Antonio-dos-Prazeres-300x225.jpg 300w, https:\/\/portalmf.com.br\/wp-content\/uploads\/2024\/09\/Jose-Ronaldo-acusa-governo-do-estado-de-negligencia-e-diz-que-vai-cobrar-Embasa-por-rede-de-esgoto-em-Santo-Antonio-dos-Prazeres-768x576.jpg 768w, https:\/\/portalmf.com.br\/wp-content\/uploads\/2024\/09\/Jose-Ronaldo-acusa-governo-do-estado-de-negligencia-e-diz-que-vai-cobrar-Embasa-por-rede-de-esgoto-em-Santo-Antonio-dos-Prazeres-696x522.jpg 696w\" sizes=\"(max-width: 800px) 100vw, 800px\" \/><figcaption class=\"wp-element-caption\"><strong>Foto: Ascom\/Jos\u00e9 Ronaldo<\/strong><\/figcaption><\/figure>\n\n\n\n<p>No entanto, a falta de rede de esgoto, cuja responsabilidade \u00e9 da Embasa, empresa controlada pelo governo estadual, permanece como um problema cr\u00f4nico que h\u00e1 anos aflige a popula\u00e7\u00e3o do Santo Ant\u00f4nio dos Prazeres e de outros bairros da \u00e1rea, como Mangabeira, Cidade Nova, Campo Limpo e Concei\u00e7\u00e3o. <\/p>\n\n\n\n<p><em>&#8220;A Embasa, que \u00e9 respons\u00e1vel por esse servi\u00e7o, n\u00e3o tem cumprido suas obriga\u00e7\u00f5es com a nossa cidade. Vamos pressionar a empresa para que ela fa\u00e7a o que \u00e9 necess\u00e1rio&#8221;,<\/em> afirmou Jos\u00e9 Ronaldo, ressaltando que a qualidade de vida dos moradores depende diretamente da resolu\u00e7\u00e3o desse problema.<\/p>\n\n\n\n<p>A caminhada foi marcada por manifesta\u00e7\u00f5es de apoio ao candidato, que \u00e9 visto pela comunidade como um l\u00edder capaz de concretizar melhorias estruturais na cidade. Ao fim do percurso, Jos\u00e9 Ronaldo reafirmou seu compromisso com o bem-estar da popula\u00e7\u00e3o e destacou que sua administra\u00e7\u00e3o, caso eleito, ser\u00e1 voltada para a cobran\u00e7a de a\u00e7\u00f5es efetivas por parte dos \u00f3rg\u00e3os respons\u00e1veis, incluindo o governo do estado, que gere a Embasa.<\/p>\n\n\n\n<p>Com informa\u00e7\u00f5es da Ascom\/Jos\u00e9 Ronaldo<\/p>\n","protected":false},"excerpt":{"rendered":"<p>Em uma caminhada pelo bairro Santo Ant\u00f4nio dos Prazeres, realizada ontem (9), o candidato a prefeito de Feira de Santana pelo Uni\u00e3o Brasil, Jos\u00e9 Ronaldo, fez um importante an\u00fancio: vai exigir da Empresa Baiana de \u00c1guas e Saneamento (Embasa), vinculada ao governo do estado, a implanta\u00e7\u00e3o de uma rede de esgotamento sanit\u00e1rio na comunidade, caso [&hellip;]<\/p>\n","protected":false},"author":3,"featured_media":29578,"comment_status":"open","ping_status":"open","sticky":false,"template":"","format":"standard","meta":{"_monsterinsights_skip_tracking":false,"_monsterinsights_sitenote_active":false,"_monsterinsights_sitenote_note":"","_monsterinsights_sitenote_category":0,"footnotes":""},"categories":[301,34],"tags":[],"yoast_head":"<!-- This site is optimized with the Yoast SEO plugin v22.9 - https:\/\/yoast.com\/wordpress\/plugins\/seo\/ -->\n<title>Jos\u00e9 Ronaldo acusa governo do estado de neglig\u00eancia e diz que vai cobrar Embasa por rede de esgoto em Santo Ant\u00f4nio dos Prazeres - Portal MF<\/title>\n<meta name=\"robots\" content=\"index, follow, max-snippet:-1, max-image-preview:large, max-video-preview:-1\" \/>\n<link rel=\"canonical\" href=\"https:\/\/portalmf.com.br\/index.php\/2024\/09\/10\/jose-ronaldo-acusa-governo-do-estado-de-negligencia-e-diz-que-vai-cobrar-embasa-por-rede-de-esgoto-em-santo-antonio-dos-prazeres\/\" \/>\n<meta property=\"og:locale\" content=\"pt_BR\" \/>\n<meta property=\"og:type\" content=\"article\" \/>\n<meta property=\"og:title\" content=\"Jos\u00e9 Ronaldo acusa governo do estado de neglig\u00eancia e diz que vai cobrar Embasa por rede de esgoto em Santo Ant\u00f4nio dos Prazeres - Portal MF\" \/>\n<meta property=\"og:description\" content=\"Em uma caminhada pelo bairro Santo Ant\u00f4nio dos Prazeres, realizada ontem (9), o candidato a prefeito de Feira de Santana pelo Uni\u00e3o Brasil, Jos\u00e9 Ronaldo, fez um importante an\u00fancio: vai exigir da Empresa Baiana de \u00c1guas e Saneamento (Embasa), vinculada ao governo do estado, a implanta\u00e7\u00e3o de uma rede de esgotamento sanit\u00e1rio na comunidade, caso [&hellip;]\" \/>\n<meta property=\"og:url\" content=\"https:\/\/portalmf.com.br\/index.php\/2024\/09\/10\/jose-ronaldo-acusa-governo-do-estado-de-negligencia-e-diz-que-vai-cobrar-embasa-por-rede-de-esgoto-em-santo-antonio-dos-prazeres\/\" \/>\n<meta property=\"og:site_name\" content=\"Portal MF\" \/>\n<meta property=\"article:author\" content=\"https:\/\/www.facebook.com\/portalmfoficial\" \/>\n<meta property=\"article:published_time\" content=\"2024-09-10T17:56:56+00:00\" \/>\n<meta property=\"article:modified_time\" content=\"2024-09-10T17:56:57+00:00\" \/>\n<meta property=\"og:image\" content=\"https:\/\/portalmf.com.br\/wp-content\/uploads\/2024\/09\/Jose-Ronaldo-acusa-governo-do-estado-de-negligencia-e-diz-que-vai-cobrar-Embasa-por-rede-de-esgoto-em-Santo-Antonio-dos-Prazeres_.jpg\" \/>\n\t<meta property=\"og:image:width\" content=\"800\" \/>\n\t<meta property=\"og:image:height\" content=\"600\" \/>\n\t<meta property=\"og:image:type\" content=\"image\/jpeg\" \/>\n<meta name=\"author\" content=\"Reda\u00e7\u00e3o Portal MF\" \/>\n<meta name=\"twitter:card\" content=\"summary_large_image\" \/>\n<meta name=\"twitter:creator\" content=\"@https:\/\/x.com\/portalmfoficial\" \/>\n<meta name=\"twitter:label1\" content=\"Escrito por\" \/>\n\t<meta name=\"twitter:data1\" content=\"Reda\u00e7\u00e3o Portal MF\" \/>\n\t<meta name=\"twitter:label2\" content=\"Est. tempo de leitura\" \/>\n\t<meta name=\"twitter:data2\" content=\"3 minutos\" \/>\n<script type=\"application\/ld+json\" class=\"yoast-schema-graph\">{\"@context\":\"https:\/\/schema.org\",\"@graph\":[{\"@type\":\"WebPage\",\"@id\":\"https:\/\/portalmf.com.br\/index.php\/2024\/09\/10\/jose-ronaldo-acusa-governo-do-estado-de-negligencia-e-diz-que-vai-cobrar-embasa-por-rede-de-esgoto-em-santo-antonio-dos-prazeres\/\",\"url\":\"https:\/\/portalmf.com.br\/index.php\/2024\/09\/10\/jose-ronaldo-acusa-governo-do-estado-de-negligencia-e-diz-que-vai-cobrar-embasa-por-rede-de-esgoto-em-santo-antonio-dos-prazeres\/\",\"name\":\"Jos\u00e9 Ronaldo acusa governo do estado de neglig\u00eancia e diz que vai cobrar Embasa por rede de esgoto em Santo Ant\u00f4nio dos Prazeres - Portal MF\",\"isPartOf\":{\"@id\":\"https:\/\/portalmf.com.br\/#website\"},\"primaryImageOfPage\":{\"@id\":\"https:\/\/portalmf.com.br\/index.php\/2024\/09\/10\/jose-ronaldo-acusa-governo-do-estado-de-negligencia-e-diz-que-vai-cobrar-embasa-por-rede-de-esgoto-em-santo-antonio-dos-prazeres\/#primaryimage\"},\"image\":{\"@id\":\"https:\/\/portalmf.com.br\/index.php\/2024\/09\/10\/jose-ronaldo-acusa-governo-do-estado-de-negligencia-e-diz-que-vai-cobrar-embasa-por-rede-de-esgoto-em-santo-antonio-dos-prazeres\/#primaryimage\"},\"thumbnailUrl\":\"https:\/\/portalmf.com.br\/wp-content\/uploads\/2024\/09\/Jose-Ronaldo-acusa-governo-do-estado-de-negligencia-e-diz-que-vai-cobrar-Embasa-por-rede-de-esgoto-em-Santo-Antonio-dos-Prazeres_.jpg\",\"datePublished\":\"2024-09-10T17:56:56+00:00\",\"dateModified\":\"2024-09-10T17:56:57+00:00\",\"author\":{\"@id\":\"https:\/\/portalmf.com.br\/#\/schema\/person\/9ec101baf56233e53520c26de5d6f6f0\"},\"breadcrumb\":{\"@id\":\"https:\/\/portalmf.com.br\/index.php\/2024\/09\/10\/jose-ronaldo-acusa-governo-do-estado-de-negligencia-e-diz-que-vai-cobrar-embasa-por-rede-de-esgoto-em-santo-antonio-dos-prazeres\/#breadcrumb\"},\"inLanguage\":\"pt-BR\",\"potentialAction\":[{\"@type\":\"ReadAction\",\"target\":[\"https:\/\/portalmf.com.br\/index.php\/2024\/09\/10\/jose-ronaldo-acusa-governo-do-estado-de-negligencia-e-diz-que-vai-cobrar-embasa-por-rede-de-esgoto-em-santo-antonio-dos-prazeres\/\"]}]},{\"@type\":\"ImageObject\",\"inLanguage\":\"pt-BR\",\"@id\":\"https:\/\/portalmf.com.br\/index.php\/2024\/09\/10\/jose-ronaldo-acusa-governo-do-estado-de-negligencia-e-diz-que-vai-cobrar-embasa-por-rede-de-esgoto-em-santo-antonio-dos-prazeres\/#primaryimage\",\"url\":\"https:\/\/portalmf.com.br\/wp-content\/uploads\/2024\/09\/Jose-Ronaldo-acusa-governo-do-estado-de-negligencia-e-diz-que-vai-cobrar-Embasa-por-rede-de-esgoto-em-Santo-Antonio-dos-Prazeres_.jpg\",\"contentUrl\":\"https:\/\/portalmf.com.br\/wp-content\/uploads\/2024\/09\/Jose-Ronaldo-acusa-governo-do-estado-de-negligencia-e-diz-que-vai-cobrar-Embasa-por-rede-de-esgoto-em-Santo-Antonio-dos-Prazeres_.jpg\",\"width\":800,\"height\":600},{\"@type\":\"BreadcrumbList\",\"@id\":\"https:\/\/portalmf.com.br\/index.php\/2024\/09\/10\/jose-ronaldo-acusa-governo-do-estado-de-negligencia-e-diz-que-vai-cobrar-embasa-por-rede-de-esgoto-em-santo-antonio-dos-prazeres\/#breadcrumb\",\"itemListElement\":[{\"@type\":\"ListItem\",\"position\":1,\"name\":\"In\u00edcio\",\"item\":\"https:\/\/portalmf.com.br\/\"},{\"@type\":\"ListItem\",\"position\":2,\"name\":\"Jos\u00e9 Ronaldo acusa governo do estado de neglig\u00eancia e diz que vai cobrar Embasa por rede de esgoto em Santo Ant\u00f4nio dos Prazeres\"}]},{\"@type\":\"WebSite\",\"@id\":\"https:\/\/portalmf.com.br\/#website\",\"url\":\"https:\/\/portalmf.com.br\/\",\"name\":\"Portal MF\",\"description\":\"Voc\u00ea conectado com a informa\u00e7\u00e3o\",\"potentialAction\":[{\"@type\":\"SearchAction\",\"target\":{\"@type\":\"EntryPoint\",\"urlTemplate\":\"https:\/\/portalmf.com.br\/?s={search_term_string}\"},\"query-input\":\"required name=search_term_string\"}],\"inLanguage\":\"pt-BR\"},{\"@type\":\"Person\",\"@id\":\"https:\/\/portalmf.com.br\/#\/schema\/person\/9ec101baf56233e53520c26de5d6f6f0\",\"name\":\"Reda\u00e7\u00e3o Portal MF\",\"image\":{\"@type\":\"ImageObject\",\"inLanguage\":\"pt-BR\",\"@id\":\"https:\/\/portalmf.com.br\/#\/schema\/person\/image\/\",\"url\":\"https:\/\/secure.gravatar.com\/avatar\/41b9aaeb2100835f7c64362330f74c7f?s=96&d=mm&r=g\",\"contentUrl\":\"https:\/\/secure.gravatar.com\/avatar\/41b9aaeb2100835f7c64362330f74c7f?s=96&d=mm&r=g\",\"caption\":\"Reda\u00e7\u00e3o Portal MF\"},\"description\":\"Sejam bem-vindos o portal de informa\u00e7\u00f5es de entretenimento de Feira de Santana, desde 2006 realiza coberturas dos principais eventos com entrevistas exclusivas com as principais personalidades mundiais. Fique conectado tamb\u00e9m nas redes sociais.\",\"sameAs\":[\"http:\/\/www.portalmf.com.br\/\",\"https:\/\/www.facebook.com\/portalmfoficial\",\"https:\/\/www.instagram.com\/portalmf\/\",\"https:\/\/x.com\/https:\/\/x.com\/portalmfoficial\",\"https:\/\/www.youtube.com\/@portalmfoficial\"],\"url\":\"https:\/\/portalmf.com.br\/index.php\/author\/junior\/\"}]}<\/script>\n<!-- \/ Yoast SEO plugin. -->","yoast_head_json":{"title":"Jos\u00e9 Ronaldo acusa governo do estado de neglig\u00eancia e diz que vai cobrar Embasa por rede de esgoto em Santo Ant\u00f4nio dos Prazeres - Portal MF","robots":{"index":"index","follow":"follow","max-snippet":"max-snippet:-1","max-image-preview":"max-image-preview:large","max-video-preview":"max-video-preview:-1"},"canonical":"https:\/\/portalmf.com.br\/index.php\/2024\/09\/10\/jose-ronaldo-acusa-governo-do-estado-de-negligencia-e-diz-que-vai-cobrar-embasa-por-rede-de-esgoto-em-santo-antonio-dos-prazeres\/","og_locale":"pt_BR","og_type":"article","og_title":"Jos\u00e9 Ronaldo acusa governo do estado de neglig\u00eancia e diz que vai cobrar Embasa por rede de esgoto em Santo Ant\u00f4nio dos Prazeres - Portal MF","og_description":"Em uma caminhada pelo bairro Santo Ant\u00f4nio dos Prazeres, realizada ontem (9), o candidato a prefeito de Feira de Santana pelo Uni\u00e3o Brasil, Jos\u00e9 Ronaldo, fez um importante an\u00fancio: vai exigir da Empresa Baiana de \u00c1guas e Saneamento (Embasa), vinculada ao governo do estado, a implanta\u00e7\u00e3o de uma rede de esgotamento sanit\u00e1rio na comunidade, caso [&hellip;]","og_url":"https:\/\/portalmf.com.br\/index.php\/2024\/09\/10\/jose-ronaldo-acusa-governo-do-estado-de-negligencia-e-diz-que-vai-cobrar-embasa-por-rede-de-esgoto-em-santo-antonio-dos-prazeres\/","og_site_name":"Portal MF","article_author":"https:\/\/www.facebook.com\/portalmfoficial","article_published_time":"2024-09-10T17:56:56+00:00","article_modified_time":"2024-09-10T17:56:57+00:00","og_image":[{"width":800,"height":600,"url":"https:\/\/portalmf.com.br\/wp-content\/uploads\/2024\/09\/Jose-Ronaldo-acusa-governo-do-estado-de-negligencia-e-diz-que-vai-cobrar-Embasa-por-rede-de-esgoto-em-Santo-Antonio-dos-Prazeres_.jpg","type":"image\/jpeg"}],"author":"Reda\u00e7\u00e3o Portal MF","twitter_card":"summary_large_image","twitter_creator":"@https:\/\/x.com\/portalmfoficial","twitter_misc":{"Escrito por":"Reda\u00e7\u00e3o Portal MF","Est. tempo de leitura":"3 minutos"},"schema":{"@context":"https:\/\/schema.org","@graph":[{"@type":"WebPage","@id":"https:\/\/portalmf.com.br\/index.php\/2024\/09\/10\/jose-ronaldo-acusa-governo-do-estado-de-negligencia-e-diz-que-vai-cobrar-embasa-por-rede-de-esgoto-em-santo-antonio-dos-prazeres\/","url":"https:\/\/portalmf.com.br\/index.php\/2024\/09\/10\/jose-ronaldo-acusa-governo-do-estado-de-negligencia-e-diz-que-vai-cobrar-embasa-por-rede-de-esgoto-em-santo-antonio-dos-prazeres\/","name":"Jos\u00e9 Ronaldo acusa governo do estado de neglig\u00eancia e diz que vai cobrar Embasa por rede de esgoto em Santo Ant\u00f4nio dos Prazeres - Portal MF","isPartOf":{"@id":"https:\/\/portalmf.com.br\/#website"},"primaryImageOfPage":{"@id":"https:\/\/portalmf.com.br\/index.php\/2024\/09\/10\/jose-ronaldo-acusa-governo-do-estado-de-negligencia-e-diz-que-vai-cobrar-embasa-por-rede-de-esgoto-em-santo-antonio-dos-prazeres\/#primaryimage"},"image":{"@id":"https:\/\/portalmf.com.br\/index.php\/2024\/09\/10\/jose-ronaldo-acusa-governo-do-estado-de-negligencia-e-diz-que-vai-cobrar-embasa-por-rede-de-esgoto-em-santo-antonio-dos-prazeres\/#primaryimage"},"thumbnailUrl":"https:\/\/portalmf.com.br\/wp-content\/uploads\/2024\/09\/Jose-Ronaldo-acusa-governo-do-estado-de-negligencia-e-diz-que-vai-cobrar-Embasa-por-rede-de-esgoto-em-Santo-Antonio-dos-Prazeres_.jpg","datePublished":"2024-09-10T17:56:56+00:00","dateModified":"2024-09-10T17:56:57+00:00","author":{"@id":"https:\/\/portalmf.com.br\/#\/schema\/person\/9ec101baf56233e53520c26de5d6f6f0"},"breadcrumb":{"@id":"https:\/\/portalmf.com.br\/index.php\/2024\/09\/10\/jose-ronaldo-acusa-governo-do-estado-de-negligencia-e-diz-que-vai-cobrar-embasa-por-rede-de-esgoto-em-santo-antonio-dos-prazeres\/#breadcrumb"},"inLanguage":"pt-BR","potentialAction":[{"@type":"ReadAction","target":["https:\/\/portalmf.com.br\/index.php\/2024\/09\/10\/jose-ronaldo-acusa-governo-do-estado-de-negligencia-e-diz-que-vai-cobrar-embasa-por-rede-de-esgoto-em-santo-antonio-dos-prazeres\/"]}]},{"@type":"ImageObject","inLanguage":"pt-BR","@id":"https:\/\/portalmf.com.br\/index.php\/2024\/09\/10\/jose-ronaldo-acusa-governo-do-estado-de-negligencia-e-diz-que-vai-cobrar-embasa-por-rede-de-esgoto-em-santo-antonio-dos-prazeres\/#primaryimage","url":"https:\/\/portalmf.com.br\/wp-content\/uploads\/2024\/09\/Jose-Ronaldo-acusa-governo-do-estado-de-negligencia-e-diz-que-vai-cobrar-Embasa-por-rede-de-esgoto-em-Santo-Antonio-dos-Prazeres_.jpg","contentUrl":"https:\/\/portalmf.com.br\/wp-content\/uploads\/2024\/09\/Jose-Ronaldo-acusa-governo-do-estado-de-negligencia-e-diz-que-vai-cobrar-Embasa-por-rede-de-esgoto-em-Santo-Antonio-dos-Prazeres_.jpg","width":800,"height":600},{"@type":"BreadcrumbList","@id":"https:\/\/portalmf.com.br\/index.php\/2024\/09\/10\/jose-ronaldo-acusa-governo-do-estado-de-negligencia-e-diz-que-vai-cobrar-embasa-por-rede-de-esgoto-em-santo-antonio-dos-prazeres\/#breadcrumb","itemListElement":[{"@type":"ListItem","position":1,"name":"In\u00edcio","item":"https:\/\/portalmf.com.br\/"},{"@type":"ListItem","position":2,"name":"Jos\u00e9 Ronaldo acusa governo do estado de neglig\u00eancia e diz que vai cobrar Embasa por rede de esgoto em Santo Ant\u00f4nio dos Prazeres"}]},{"@type":"WebSite","@id":"https:\/\/portalmf.com.br\/#website","url":"https:\/\/portalmf.com.br\/","name":"Portal MF","description":"Voc\u00ea conectado com a informa\u00e7\u00e3o","potentialAction":[{"@type":"SearchAction","target":{"@type":"EntryPoint","urlTemplate":"https:\/\/portalmf.com.br\/?s={search_term_string}"},"query-input":"required name=search_term_string"}],"inLanguage":"pt-BR"},{"@type":"Person","@id":"https:\/\/portalmf.com.br\/#\/schema\/person\/9ec101baf56233e53520c26de5d6f6f0","name":"Reda\u00e7\u00e3o Portal MF","image":{"@type":"ImageObject","inLanguage":"pt-BR","@id":"https:\/\/portalmf.com.br\/#\/schema\/person\/image\/","url":"https:\/\/secure.gravatar.com\/avatar\/41b9aaeb2100835f7c64362330f74c7f?s=96&d=mm&r=g","contentUrl":"https:\/\/secure.gravatar.com\/avatar\/41b9aaeb2100835f7c64362330f74c7f?s=96&d=mm&r=g","caption":"Reda\u00e7\u00e3o Portal MF"},"description":"Sejam bem-vindos o portal de informa\u00e7\u00f5es de entretenimento de Feira de Santana, desde 2006 realiza coberturas dos principais eventos com entrevistas exclusivas com as principais personalidades mundiais. Fique conectado tamb\u00e9m nas redes sociais.","sameAs":["http:\/\/www.portalmf.com.br\/","https:\/\/www.facebook.com\/portalmfoficial","https:\/\/www.instagram.com\/portalmf\/","https:\/\/x.com\/https:\/\/x.com\/portalmfoficial","https:\/\/www.youtube.com\/@portalmfoficial"],"url":"https:\/\/portalmf.com.br\/index.php\/author\/junior\/"}]}},"_links":{"self":[{"href":"https:\/\/portalmf.com.br\/index.php\/wp-json\/wp\/v2\/posts\/29576"}],"collection":[{"href":"https:\/\/portalmf.com.br\/index.php\/wp-json\/wp\/v2\/posts"}],"about":[{"href":"https:\/\/portalmf.com.br\/index.php\/wp-json\/wp\/v2\/types\/post"}],"author":[{"embeddable":true,"href":"https:\/\/portalmf.com.br\/index.php\/wp-json\/wp\/v2\/users\/3"}],"replies":[{"embeddable":true,"href":"https:\/\/portalmf.com.br\/index.php\/wp-json\/wp\/v2\/comments?post=29576"}],"version-history":[{"count":1,"href":"https:\/\/portalmf.com.br\/index.php\/wp-json\/wp\/v2\/posts\/29576\/revisions"}],"predecessor-version":[{"id":29579,"href":"https:\/\/portalmf.com.br\/index.php\/wp-json\/wp\/v2\/posts\/29576\/revisions\/29579"}],"wp:featuredmedia":[{"embeddable":true,"href":"https:\/\/portalmf.com.br\/index.php\/wp-json\/wp\/v2\/media\/29578"}],"wp:attachment":[{"href":"https:\/\/portalmf.com.br\/index.php\/wp-json\/wp\/v2\/media?parent=29576"}],"wp:term":[{"taxonomy":"category","embeddable":true,"href":"https:\/\/portalmf.com.br\/index.php\/wp-json\/wp\/v2\/categories?post=29576"},{"taxonomy":"post_tag","embeddable":true,"href":"https:\/\/portalmf.com.br\/index.php\/wp-json\/wp\/v2\/tags?post=29576"}],"curies":[{"name":"wp","href":"https:\/\/api.w.org\/{rel}","templated":true}]}}