{"id":29573,"date":"2024-09-10T13:20:46","date_gmt":"2024-09-10T16:20:46","guid":{"rendered":"https:\/\/portalmf.com.br\/?p=29573"},"modified":"2024-09-10T13:20:47","modified_gmt":"2024-09-10T16:20:47","slug":"eles-sao-responsaveis-pelos-problemas-de-feira-de-santana-diz-governador","status":"publish","type":"post","link":"https:\/\/portalmf.com.br\/index.php\/2024\/09\/10\/eles-sao-responsaveis-pelos-problemas-de-feira-de-santana-diz-governador\/","title":{"rendered":"&#8220;Eles s\u00e3o respons\u00e1veis pelos problemas de Feira de Santana&#8221;, diz Governador"},"content":{"rendered":"\n<p>O governador Jer\u00f4nimo Rodrigues (PT) acusou o o candidato do Uni\u00e3o Brasil \u00e0 prefeitura de Feira de Santana, Z\u00e9 Ronaldo, de esconder o prefeito Colbert Martins de sua campanha e escalar o aliado para se comportar como comentarista pol\u00edtico, abandonando a gest\u00e3o da cidade. \u00c0 imprensa, nesta ter\u00e7a-feira (10), em Salvador, o governador sugeriu que Z\u00e9 Ronaldo e Colbert s\u00e3o respons\u00e1veis pelos problemas enfrentados pela popula\u00e7\u00e3o feirense na sa\u00fade, na infraestrutura e na mobilidade urbana. Ele tamb\u00e9m acusou Z\u00e9 Ronaldo de se esquivar do debate p\u00fablico e dos problemas enfrentados por Feira de Santana.<\/p>\n\n\n\n<p>&#8220;Espero que o prefeito fa\u00e7a seu papel e, depois, fa\u00e7a o debate com o candidato [Z\u00e9 Ronaldo]. O candidato t\u00e1 escondido. Foi ele [Z\u00e9 Ronaldo] quem o levou, que indicou a atual prefeito [Colbert] e quer se esconder&#8221;, disparou o governador.<\/p>\n\n\n\n<p>O governador acusou a gest\u00e3o Colbert Martins, de n\u00e3o realizar investimentos estruturantes na cidade.<\/p>\n\n\n\n<p><em>&#8220;O que \u00e9 que ele vai fazer com a quantidade de buracos que tem na cidade? Choveu, formou chuva, tem ruas alagadas, pessoas sofrendo com drenagem. Quero saber, porque \u00e9 que eles est\u00e3o l\u00e1 esse per\u00edodo todo, e n\u00e3o fizeram nada&#8221;<\/em>, afirmou Jer\u00f4nimo.<\/p>\n\n\n\n<p>Sobre seguran\u00e7a p\u00fablica, o governador tamb\u00e9m reafirmou o compromisso da sua gest\u00e3o com a pauta ao realizar investimentos e opera\u00e7\u00f5es policiais para reduzir o \u00edndice de criminalidade.<\/p>\n\n\n\n<p><em>&#8220;N\u00f3s fazemos essas opera\u00e7\u00f5es, pegamos o mapa dos munic\u00edpios que est\u00e3o tendo algum excesso [de viol\u00eancia]. Feira de Santana tem tido isso, e a gente est\u00e1 em cima, presente, marcando colado, opera\u00e7\u00f5es quase di\u00e1rias nos bairros mais violentos, dentro do pres\u00eddio. Estamos batendo o pres\u00eddio praticamente todas as semanas, recolhendo armas, drogas&#8221;,<\/em> enfatizou.<\/p>\n\n\n\n<p>A declara\u00e7\u00e3o do governador Jer\u00f4nimo Rodrigues (PT) aconteceu na entrega da duplica\u00e7\u00e3o da Rua Art\u00eamio Castro Valente, no trecho da Pra\u00e7a J\u00falio R\u00eago at\u00e9 a Via M\u00e1rio S\u00e9rgio (Via Barrad\u00e3o), no bairro de Canabrava, em Salvador.<\/p>\n\n\n\n<p>As informa\u00e7\u00f5es s\u00e3o da Ascom Foto:Mateus Pereira\/GOVBA.<\/p>\n","protected":false},"excerpt":{"rendered":"<p>O governador Jer\u00f4nimo Rodrigues (PT) acusou o o candidato do Uni\u00e3o Brasil \u00e0 prefeitura de Feira de Santana, Z\u00e9 Ronaldo, de esconder o prefeito Colbert Martins de sua campanha e escalar o aliado para se comportar como comentarista pol\u00edtico, abandonando a gest\u00e3o da cidade. \u00c0 imprensa, nesta ter\u00e7a-feira (10), em Salvador, o governador sugeriu que [&hellip;]<\/p>\n","protected":false},"author":3,"featured_media":29574,"comment_status":"open","ping_status":"open","sticky":false,"template":"","format":"standard","meta":{"_monsterinsights_skip_tracking":false,"_monsterinsights_sitenote_active":false,"_monsterinsights_sitenote_note":"","_monsterinsights_sitenote_category":0,"footnotes":""},"categories":[301,34],"tags":[],"yoast_head":"<!-- This site is optimized with the Yoast SEO plugin v22.9 - https:\/\/yoast.com\/wordpress\/plugins\/seo\/ -->\n<title>&quot;Eles s\u00e3o respons\u00e1veis pelos problemas de Feira de Santana&quot;, diz Governador - Portal MF<\/title>\n<meta name=\"robots\" content=\"index, follow, max-snippet:-1, max-image-preview:large, max-video-preview:-1\" \/>\n<link rel=\"canonical\" href=\"https:\/\/portalmf.com.br\/index.php\/2024\/09\/10\/eles-sao-responsaveis-pelos-problemas-de-feira-de-santana-diz-governador\/\" \/>\n<meta property=\"og:locale\" content=\"pt_BR\" \/>\n<meta property=\"og:type\" content=\"article\" \/>\n<meta property=\"og:title\" content=\"&quot;Eles s\u00e3o respons\u00e1veis pelos problemas de Feira de Santana&quot;, diz Governador - Portal MF\" \/>\n<meta property=\"og:description\" content=\"O governador Jer\u00f4nimo Rodrigues (PT) acusou o o candidato do Uni\u00e3o Brasil \u00e0 prefeitura de Feira de Santana, Z\u00e9 Ronaldo, de esconder o prefeito Colbert Martins de sua campanha e escalar o aliado para se comportar como comentarista pol\u00edtico, abandonando a gest\u00e3o da cidade. \u00c0 imprensa, nesta ter\u00e7a-feira (10), em Salvador, o governador sugeriu que [&hellip;]\" \/>\n<meta property=\"og:url\" content=\"https:\/\/portalmf.com.br\/index.php\/2024\/09\/10\/eles-sao-responsaveis-pelos-problemas-de-feira-de-santana-diz-governador\/\" \/>\n<meta property=\"og:site_name\" content=\"Portal MF\" \/>\n<meta property=\"article:author\" content=\"https:\/\/www.facebook.com\/portalmfoficial\" \/>\n<meta property=\"article:published_time\" content=\"2024-09-10T16:20:46+00:00\" \/>\n<meta property=\"article:modified_time\" content=\"2024-09-10T16:20:47+00:00\" \/>\n<meta property=\"og:image\" content=\"https:\/\/portalmf.com.br\/wp-content\/uploads\/2024\/09\/governador-Jeronimo-Rodrigues-PT_site.jpg\" \/>\n\t<meta property=\"og:image:width\" content=\"427\" \/>\n\t<meta property=\"og:image:height\" content=\"439\" \/>\n\t<meta property=\"og:image:type\" content=\"image\/jpeg\" \/>\n<meta name=\"author\" content=\"Reda\u00e7\u00e3o Portal MF\" \/>\n<meta name=\"twitter:card\" content=\"summary_large_image\" \/>\n<meta name=\"twitter:creator\" content=\"@https:\/\/x.com\/portalmfoficial\" \/>\n<meta name=\"twitter:label1\" content=\"Escrito por\" \/>\n\t<meta name=\"twitter:data1\" content=\"Reda\u00e7\u00e3o Portal MF\" \/>\n\t<meta name=\"twitter:label2\" content=\"Est. tempo de leitura\" \/>\n\t<meta name=\"twitter:data2\" content=\"2 minutos\" \/>\n<script type=\"application\/ld+json\" class=\"yoast-schema-graph\">{\"@context\":\"https:\/\/schema.org\",\"@graph\":[{\"@type\":\"WebPage\",\"@id\":\"https:\/\/portalmf.com.br\/index.php\/2024\/09\/10\/eles-sao-responsaveis-pelos-problemas-de-feira-de-santana-diz-governador\/\",\"url\":\"https:\/\/portalmf.com.br\/index.php\/2024\/09\/10\/eles-sao-responsaveis-pelos-problemas-de-feira-de-santana-diz-governador\/\",\"name\":\"\\\"Eles s\u00e3o respons\u00e1veis pelos problemas de Feira de Santana\\\", diz Governador - Portal MF\",\"isPartOf\":{\"@id\":\"https:\/\/portalmf.com.br\/#website\"},\"primaryImageOfPage\":{\"@id\":\"https:\/\/portalmf.com.br\/index.php\/2024\/09\/10\/eles-sao-responsaveis-pelos-problemas-de-feira-de-santana-diz-governador\/#primaryimage\"},\"image\":{\"@id\":\"https:\/\/portalmf.com.br\/index.php\/2024\/09\/10\/eles-sao-responsaveis-pelos-problemas-de-feira-de-santana-diz-governador\/#primaryimage\"},\"thumbnailUrl\":\"https:\/\/portalmf.com.br\/wp-content\/uploads\/2024\/09\/governador-Jeronimo-Rodrigues-PT_site.jpg\",\"datePublished\":\"2024-09-10T16:20:46+00:00\",\"dateModified\":\"2024-09-10T16:20:47+00:00\",\"author\":{\"@id\":\"https:\/\/portalmf.com.br\/#\/schema\/person\/9ec101baf56233e53520c26de5d6f6f0\"},\"breadcrumb\":{\"@id\":\"https:\/\/portalmf.com.br\/index.php\/2024\/09\/10\/eles-sao-responsaveis-pelos-problemas-de-feira-de-santana-diz-governador\/#breadcrumb\"},\"inLanguage\":\"pt-BR\",\"potentialAction\":[{\"@type\":\"ReadAction\",\"target\":[\"https:\/\/portalmf.com.br\/index.php\/2024\/09\/10\/eles-sao-responsaveis-pelos-problemas-de-feira-de-santana-diz-governador\/\"]}]},{\"@type\":\"ImageObject\",\"inLanguage\":\"pt-BR\",\"@id\":\"https:\/\/portalmf.com.br\/index.php\/2024\/09\/10\/eles-sao-responsaveis-pelos-problemas-de-feira-de-santana-diz-governador\/#primaryimage\",\"url\":\"https:\/\/portalmf.com.br\/wp-content\/uploads\/2024\/09\/governador-Jeronimo-Rodrigues-PT_site.jpg\",\"contentUrl\":\"https:\/\/portalmf.com.br\/wp-content\/uploads\/2024\/09\/governador-Jeronimo-Rodrigues-PT_site.jpg\",\"width\":427,\"height\":439},{\"@type\":\"BreadcrumbList\",\"@id\":\"https:\/\/portalmf.com.br\/index.php\/2024\/09\/10\/eles-sao-responsaveis-pelos-problemas-de-feira-de-santana-diz-governador\/#breadcrumb\",\"itemListElement\":[{\"@type\":\"ListItem\",\"position\":1,\"name\":\"In\u00edcio\",\"item\":\"https:\/\/portalmf.com.br\/\"},{\"@type\":\"ListItem\",\"position\":2,\"name\":\"&#8220;Eles s\u00e3o respons\u00e1veis pelos problemas de Feira de Santana&#8221;, diz Governador\"}]},{\"@type\":\"WebSite\",\"@id\":\"https:\/\/portalmf.com.br\/#website\",\"url\":\"https:\/\/portalmf.com.br\/\",\"name\":\"Portal MF\",\"description\":\"Voc\u00ea conectado com a informa\u00e7\u00e3o\",\"potentialAction\":[{\"@type\":\"SearchAction\",\"target\":{\"@type\":\"EntryPoint\",\"urlTemplate\":\"https:\/\/portalmf.com.br\/?s={search_term_string}\"},\"query-input\":\"required name=search_term_string\"}],\"inLanguage\":\"pt-BR\"},{\"@type\":\"Person\",\"@id\":\"https:\/\/portalmf.com.br\/#\/schema\/person\/9ec101baf56233e53520c26de5d6f6f0\",\"name\":\"Reda\u00e7\u00e3o Portal MF\",\"image\":{\"@type\":\"ImageObject\",\"inLanguage\":\"pt-BR\",\"@id\":\"https:\/\/portalmf.com.br\/#\/schema\/person\/image\/\",\"url\":\"https:\/\/secure.gravatar.com\/avatar\/41b9aaeb2100835f7c64362330f74c7f?s=96&d=mm&r=g\",\"contentUrl\":\"https:\/\/secure.gravatar.com\/avatar\/41b9aaeb2100835f7c64362330f74c7f?s=96&d=mm&r=g\",\"caption\":\"Reda\u00e7\u00e3o Portal MF\"},\"description\":\"Sejam bem-vindos o portal de informa\u00e7\u00f5es de entretenimento de Feira de Santana, desde 2006 realiza coberturas dos principais eventos com entrevistas exclusivas com as principais personalidades mundiais. Fique conectado tamb\u00e9m nas redes sociais.\",\"sameAs\":[\"http:\/\/www.portalmf.com.br\/\",\"https:\/\/www.facebook.com\/portalmfoficial\",\"https:\/\/www.instagram.com\/portalmf\/\",\"https:\/\/x.com\/https:\/\/x.com\/portalmfoficial\",\"https:\/\/www.youtube.com\/@portalmfoficial\"],\"url\":\"https:\/\/portalmf.com.br\/index.php\/author\/junior\/\"}]}<\/script>\n<!-- \/ Yoast SEO plugin. -->","yoast_head_json":{"title":"\"Eles s\u00e3o respons\u00e1veis pelos problemas de Feira de Santana\", diz Governador - Portal MF","robots":{"index":"index","follow":"follow","max-snippet":"max-snippet:-1","max-image-preview":"max-image-preview:large","max-video-preview":"max-video-preview:-1"},"canonical":"https:\/\/portalmf.com.br\/index.php\/2024\/09\/10\/eles-sao-responsaveis-pelos-problemas-de-feira-de-santana-diz-governador\/","og_locale":"pt_BR","og_type":"article","og_title":"\"Eles s\u00e3o respons\u00e1veis pelos problemas de Feira de Santana\", diz Governador - Portal MF","og_description":"O governador Jer\u00f4nimo Rodrigues (PT) acusou o o candidato do Uni\u00e3o Brasil \u00e0 prefeitura de Feira de Santana, Z\u00e9 Ronaldo, de esconder o prefeito Colbert Martins de sua campanha e escalar o aliado para se comportar como comentarista pol\u00edtico, abandonando a gest\u00e3o da cidade. \u00c0 imprensa, nesta ter\u00e7a-feira (10), em Salvador, o governador sugeriu que [&hellip;]","og_url":"https:\/\/portalmf.com.br\/index.php\/2024\/09\/10\/eles-sao-responsaveis-pelos-problemas-de-feira-de-santana-diz-governador\/","og_site_name":"Portal MF","article_author":"https:\/\/www.facebook.com\/portalmfoficial","article_published_time":"2024-09-10T16:20:46+00:00","article_modified_time":"2024-09-10T16:20:47+00:00","og_image":[{"width":427,"height":439,"url":"https:\/\/portalmf.com.br\/wp-content\/uploads\/2024\/09\/governador-Jeronimo-Rodrigues-PT_site.jpg","type":"image\/jpeg"}],"author":"Reda\u00e7\u00e3o Portal MF","twitter_card":"summary_large_image","twitter_creator":"@https:\/\/x.com\/portalmfoficial","twitter_misc":{"Escrito por":"Reda\u00e7\u00e3o Portal MF","Est. tempo de leitura":"2 minutos"},"schema":{"@context":"https:\/\/schema.org","@graph":[{"@type":"WebPage","@id":"https:\/\/portalmf.com.br\/index.php\/2024\/09\/10\/eles-sao-responsaveis-pelos-problemas-de-feira-de-santana-diz-governador\/","url":"https:\/\/portalmf.com.br\/index.php\/2024\/09\/10\/eles-sao-responsaveis-pelos-problemas-de-feira-de-santana-diz-governador\/","name":"\"Eles s\u00e3o respons\u00e1veis pelos problemas de Feira de Santana\", diz Governador - Portal MF","isPartOf":{"@id":"https:\/\/portalmf.com.br\/#website"},"primaryImageOfPage":{"@id":"https:\/\/portalmf.com.br\/index.php\/2024\/09\/10\/eles-sao-responsaveis-pelos-problemas-de-feira-de-santana-diz-governador\/#primaryimage"},"image":{"@id":"https:\/\/portalmf.com.br\/index.php\/2024\/09\/10\/eles-sao-responsaveis-pelos-problemas-de-feira-de-santana-diz-governador\/#primaryimage"},"thumbnailUrl":"https:\/\/portalmf.com.br\/wp-content\/uploads\/2024\/09\/governador-Jeronimo-Rodrigues-PT_site.jpg","datePublished":"2024-09-10T16:20:46+00:00","dateModified":"2024-09-10T16:20:47+00:00","author":{"@id":"https:\/\/portalmf.com.br\/#\/schema\/person\/9ec101baf56233e53520c26de5d6f6f0"},"breadcrumb":{"@id":"https:\/\/portalmf.com.br\/index.php\/2024\/09\/10\/eles-sao-responsaveis-pelos-problemas-de-feira-de-santana-diz-governador\/#breadcrumb"},"inLanguage":"pt-BR","potentialAction":[{"@type":"ReadAction","target":["https:\/\/portalmf.com.br\/index.php\/2024\/09\/10\/eles-sao-responsaveis-pelos-problemas-de-feira-de-santana-diz-governador\/"]}]},{"@type":"ImageObject","inLanguage":"pt-BR","@id":"https:\/\/portalmf.com.br\/index.php\/2024\/09\/10\/eles-sao-responsaveis-pelos-problemas-de-feira-de-santana-diz-governador\/#primaryimage","url":"https:\/\/portalmf.com.br\/wp-content\/uploads\/2024\/09\/governador-Jeronimo-Rodrigues-PT_site.jpg","contentUrl":"https:\/\/portalmf.com.br\/wp-content\/uploads\/2024\/09\/governador-Jeronimo-Rodrigues-PT_site.jpg","width":427,"height":439},{"@type":"BreadcrumbList","@id":"https:\/\/portalmf.com.br\/index.php\/2024\/09\/10\/eles-sao-responsaveis-pelos-problemas-de-feira-de-santana-diz-governador\/#breadcrumb","itemListElement":[{"@type":"ListItem","position":1,"name":"In\u00edcio","item":"https:\/\/portalmf.com.br\/"},{"@type":"ListItem","position":2,"name":"&#8220;Eles s\u00e3o respons\u00e1veis pelos problemas de Feira de Santana&#8221;, diz Governador"}]},{"@type":"WebSite","@id":"https:\/\/portalmf.com.br\/#website","url":"https:\/\/portalmf.com.br\/","name":"Portal MF","description":"Voc\u00ea conectado com a informa\u00e7\u00e3o","potentialAction":[{"@type":"SearchAction","target":{"@type":"EntryPoint","urlTemplate":"https:\/\/portalmf.com.br\/?s={search_term_string}"},"query-input":"required name=search_term_string"}],"inLanguage":"pt-BR"},{"@type":"Person","@id":"https:\/\/portalmf.com.br\/#\/schema\/person\/9ec101baf56233e53520c26de5d6f6f0","name":"Reda\u00e7\u00e3o Portal MF","image":{"@type":"ImageObject","inLanguage":"pt-BR","@id":"https:\/\/portalmf.com.br\/#\/schema\/person\/image\/","url":"https:\/\/secure.gravatar.com\/avatar\/41b9aaeb2100835f7c64362330f74c7f?s=96&d=mm&r=g","contentUrl":"https:\/\/secure.gravatar.com\/avatar\/41b9aaeb2100835f7c64362330f74c7f?s=96&d=mm&r=g","caption":"Reda\u00e7\u00e3o Portal MF"},"description":"Sejam bem-vindos o portal de informa\u00e7\u00f5es de entretenimento de Feira de Santana, desde 2006 realiza coberturas dos principais eventos com entrevistas exclusivas com as principais personalidades mundiais. Fique conectado tamb\u00e9m nas redes sociais.","sameAs":["http:\/\/www.portalmf.com.br\/","https:\/\/www.facebook.com\/portalmfoficial","https:\/\/www.instagram.com\/portalmf\/","https:\/\/x.com\/https:\/\/x.com\/portalmfoficial","https:\/\/www.youtube.com\/@portalmfoficial"],"url":"https:\/\/portalmf.com.br\/index.php\/author\/junior\/"}]}},"_links":{"self":[{"href":"https:\/\/portalmf.com.br\/index.php\/wp-json\/wp\/v2\/posts\/29573"}],"collection":[{"href":"https:\/\/portalmf.com.br\/index.php\/wp-json\/wp\/v2\/posts"}],"about":[{"href":"https:\/\/portalmf.com.br\/index.php\/wp-json\/wp\/v2\/types\/post"}],"author":[{"embeddable":true,"href":"https:\/\/portalmf.com.br\/index.php\/wp-json\/wp\/v2\/users\/3"}],"replies":[{"embeddable":true,"href":"https:\/\/portalmf.com.br\/index.php\/wp-json\/wp\/v2\/comments?post=29573"}],"version-history":[{"count":1,"href":"https:\/\/portalmf.com.br\/index.php\/wp-json\/wp\/v2\/posts\/29573\/revisions"}],"predecessor-version":[{"id":29575,"href":"https:\/\/portalmf.com.br\/index.php\/wp-json\/wp\/v2\/posts\/29573\/revisions\/29575"}],"wp:featuredmedia":[{"embeddable":true,"href":"https:\/\/portalmf.com.br\/index.php\/wp-json\/wp\/v2\/media\/29574"}],"wp:attachment":[{"href":"https:\/\/portalmf.com.br\/index.php\/wp-json\/wp\/v2\/media?parent=29573"}],"wp:term":[{"taxonomy":"category","embeddable":true,"href":"https:\/\/portalmf.com.br\/index.php\/wp-json\/wp\/v2\/categories?post=29573"},{"taxonomy":"post_tag","embeddable":true,"href":"https:\/\/portalmf.com.br\/index.php\/wp-json\/wp\/v2\/tags?post=29573"}],"curies":[{"name":"wp","href":"https:\/\/api.w.org\/{rel}","templated":true}]}}