{"id":2955,"date":"2022-08-12T13:57:29","date_gmt":"2022-08-12T16:57:29","guid":{"rendered":"http:\/\/portalmf.com.br\/?p=2955"},"modified":"2022-08-12T13:57:32","modified_gmt":"2022-08-12T16:57:32","slug":"prefeitura-de-feira-de-santana-modifica-decreto-sobre-uso-de-mascara","status":"publish","type":"post","link":"https:\/\/portalmf.com.br\/index.php\/2022\/08\/12\/prefeitura-de-feira-de-santana-modifica-decreto-sobre-uso-de-mascara\/","title":{"rendered":"Prefeitura de Feira de Santana modifica decreto sobre uso de m\u00e1scara"},"content":{"rendered":"\n<p>A prefeitura de Feira de Santana modificou, essa manh\u00e3, 12, o decreto que estabelecia o uso obrigat\u00f3rio de m\u00e1scara em locais fechados e transporte coletivo.&nbsp;O Governo Municipal passa a recomendar o uso do item de seguran\u00e7a.&nbsp;<\/p>\n\n\n\n<p>A medida foi tomada depois que o paciente, de 29 anos, infectado pela var\u00edola dos macacos, informou, nesta quinta-feira, para a equipe de infectologia do munic\u00edpio, que teria pegado a doen\u00e7a em outro estado. Ele disse, ainda, que s\u00f3 voltou para Feira de Santana depois dos primeiros sintomas. Pessoas que tiveram contato com o paciente n\u00e3o apresentaram sintomas da doen\u00e7a.<\/p>\n\n\n\n<p>O primeiro caso de var\u00edola dos macacos foi registrado em Feira de Santana, na \u00faltima quarta-feira, 10. Al\u00e9m desse caso, o munic\u00edpio tem o registro de dois casos suspeitos, que aguardam conclus\u00e3o dos exames.<\/p>\n\n\n\n<p><strong><a href=\"https:\/\/feiradesantana.ba.gov.br\/arquivos\/12XXEB12082022.pdf\">Clique e confira o decreto<\/a><\/strong><\/p>\n\n\n\n<p>Com informa\u00e7\u00f5es do Secom<\/p>\n","protected":false},"excerpt":{"rendered":"<p>A prefeitura de Feira de Santana modificou, essa manh\u00e3, 12, o decreto que estabelecia o uso obrigat\u00f3rio de m\u00e1scara em locais fechados e transporte coletivo.&nbsp;O Governo Municipal passa a recomendar o uso do item de seguran\u00e7a.&nbsp; A medida foi tomada depois que o paciente, de 29 anos, infectado pela var\u00edola dos macacos, informou, nesta quinta-feira, [&hellip;]<\/p>\n","protected":false},"author":2,"featured_media":2956,"comment_status":"open","ping_status":"open","sticky":false,"template":"","format":"standard","meta":{"_monsterinsights_skip_tracking":false,"_monsterinsights_sitenote_active":false,"_monsterinsights_sitenote_note":"","_monsterinsights_sitenote_category":0,"footnotes":""},"categories":[34],"tags":[],"yoast_head":"<!-- This site is optimized with the Yoast SEO plugin v22.9 - https:\/\/yoast.com\/wordpress\/plugins\/seo\/ -->\n<title>Prefeitura de Feira de Santana modifica decreto sobre uso de m\u00e1scara - Portal MF<\/title>\n<meta name=\"robots\" content=\"index, follow, max-snippet:-1, max-image-preview:large, max-video-preview:-1\" \/>\n<link rel=\"canonical\" href=\"https:\/\/portalmf.com.br\/index.php\/2022\/08\/12\/prefeitura-de-feira-de-santana-modifica-decreto-sobre-uso-de-mascara\/\" \/>\n<meta property=\"og:locale\" content=\"pt_BR\" \/>\n<meta property=\"og:type\" content=\"article\" \/>\n<meta property=\"og:title\" content=\"Prefeitura de Feira de Santana modifica decreto sobre uso de m\u00e1scara - Portal MF\" \/>\n<meta property=\"og:description\" content=\"A prefeitura de Feira de Santana modificou, essa manh\u00e3, 12, o decreto que estabelecia o uso obrigat\u00f3rio de m\u00e1scara em locais fechados e transporte coletivo.&nbsp;O Governo Municipal passa a recomendar o uso do item de seguran\u00e7a.&nbsp; A medida foi tomada depois que o paciente, de 29 anos, infectado pela var\u00edola dos macacos, informou, nesta quinta-feira, [&hellip;]\" \/>\n<meta property=\"og:url\" content=\"https:\/\/portalmf.com.br\/index.php\/2022\/08\/12\/prefeitura-de-feira-de-santana-modifica-decreto-sobre-uso-de-mascara\/\" \/>\n<meta property=\"og:site_name\" content=\"Portal MF\" \/>\n<meta property=\"article:author\" content=\"reginaldojrfsa\" \/>\n<meta property=\"article:published_time\" content=\"2022-08-12T16:57:29+00:00\" \/>\n<meta property=\"article:modified_time\" content=\"2022-08-12T16:57:32+00:00\" \/>\n<meta property=\"og:image\" content=\"https:\/\/portalmf.com.br\/wp-content\/uploads\/2022\/08\/Uso-de-Mascara-no-Combate-ao-Covid-GALERIA-foto-Jorge-Magalhaes-31.jpg\" \/>\n\t<meta property=\"og:image:width\" content=\"1299\" \/>\n\t<meta property=\"og:image:height\" content=\"748\" \/>\n\t<meta property=\"og:image:type\" content=\"image\/jpeg\" \/>\n<meta name=\"author\" content=\"Reginaldo J\u00fanior\" \/>\n<meta name=\"twitter:card\" content=\"summary_large_image\" \/>\n<meta name=\"twitter:creator\" content=\"@reginaldojrmf\" \/>\n<meta name=\"twitter:label1\" content=\"Escrito por\" \/>\n\t<meta name=\"twitter:data1\" content=\"Reginaldo J\u00fanior\" \/>\n\t<meta name=\"twitter:label2\" content=\"Est. tempo de leitura\" \/>\n\t<meta name=\"twitter:data2\" content=\"1 minuto\" \/>\n<script type=\"application\/ld+json\" class=\"yoast-schema-graph\">{\"@context\":\"https:\/\/schema.org\",\"@graph\":[{\"@type\":\"WebPage\",\"@id\":\"https:\/\/portalmf.com.br\/index.php\/2022\/08\/12\/prefeitura-de-feira-de-santana-modifica-decreto-sobre-uso-de-mascara\/\",\"url\":\"https:\/\/portalmf.com.br\/index.php\/2022\/08\/12\/prefeitura-de-feira-de-santana-modifica-decreto-sobre-uso-de-mascara\/\",\"name\":\"Prefeitura de Feira de Santana modifica decreto sobre uso de m\u00e1scara - Portal MF\",\"isPartOf\":{\"@id\":\"https:\/\/portalmf.com.br\/#website\"},\"primaryImageOfPage\":{\"@id\":\"https:\/\/portalmf.com.br\/index.php\/2022\/08\/12\/prefeitura-de-feira-de-santana-modifica-decreto-sobre-uso-de-mascara\/#primaryimage\"},\"image\":{\"@id\":\"https:\/\/portalmf.com.br\/index.php\/2022\/08\/12\/prefeitura-de-feira-de-santana-modifica-decreto-sobre-uso-de-mascara\/#primaryimage\"},\"thumbnailUrl\":\"https:\/\/portalmf.com.br\/wp-content\/uploads\/2022\/08\/Uso-de-Mascara-no-Combate-ao-Covid-GALERIA-foto-Jorge-Magalhaes-31.jpg\",\"datePublished\":\"2022-08-12T16:57:29+00:00\",\"dateModified\":\"2022-08-12T16:57:32+00:00\",\"author\":{\"@id\":\"https:\/\/portalmf.com.br\/#\/schema\/person\/11c82086fe8abc05a19147e964587285\"},\"breadcrumb\":{\"@id\":\"https:\/\/portalmf.com.br\/index.php\/2022\/08\/12\/prefeitura-de-feira-de-santana-modifica-decreto-sobre-uso-de-mascara\/#breadcrumb\"},\"inLanguage\":\"pt-BR\",\"potentialAction\":[{\"@type\":\"ReadAction\",\"target\":[\"https:\/\/portalmf.com.br\/index.php\/2022\/08\/12\/prefeitura-de-feira-de-santana-modifica-decreto-sobre-uso-de-mascara\/\"]}]},{\"@type\":\"ImageObject\",\"inLanguage\":\"pt-BR\",\"@id\":\"https:\/\/portalmf.com.br\/index.php\/2022\/08\/12\/prefeitura-de-feira-de-santana-modifica-decreto-sobre-uso-de-mascara\/#primaryimage\",\"url\":\"https:\/\/portalmf.com.br\/wp-content\/uploads\/2022\/08\/Uso-de-Mascara-no-Combate-ao-Covid-GALERIA-foto-Jorge-Magalhaes-31.jpg\",\"contentUrl\":\"https:\/\/portalmf.com.br\/wp-content\/uploads\/2022\/08\/Uso-de-Mascara-no-Combate-ao-Covid-GALERIA-foto-Jorge-Magalhaes-31.jpg\",\"width\":1299,\"height\":748,\"caption\":\"Paciente infectado pela var\u00edola dos macacos informa que pegou a doen\u00e7a em outro estado\"},{\"@type\":\"BreadcrumbList\",\"@id\":\"https:\/\/portalmf.com.br\/index.php\/2022\/08\/12\/prefeitura-de-feira-de-santana-modifica-decreto-sobre-uso-de-mascara\/#breadcrumb\",\"itemListElement\":[{\"@type\":\"ListItem\",\"position\":1,\"name\":\"In\u00edcio\",\"item\":\"https:\/\/portalmf.com.br\/\"},{\"@type\":\"ListItem\",\"position\":2,\"name\":\"Prefeitura de Feira de Santana modifica decreto sobre uso de m\u00e1scara\"}]},{\"@type\":\"WebSite\",\"@id\":\"https:\/\/portalmf.com.br\/#website\",\"url\":\"https:\/\/portalmf.com.br\/\",\"name\":\"Portal MF\",\"description\":\"Voc\u00ea conectado com a informa\u00e7\u00e3o\",\"potentialAction\":[{\"@type\":\"SearchAction\",\"target\":{\"@type\":\"EntryPoint\",\"urlTemplate\":\"https:\/\/portalmf.com.br\/?s={search_term_string}\"},\"query-input\":\"required name=search_term_string\"}],\"inLanguage\":\"pt-BR\"},{\"@type\":\"Person\",\"@id\":\"https:\/\/portalmf.com.br\/#\/schema\/person\/11c82086fe8abc05a19147e964587285\",\"name\":\"Reginaldo J\u00fanior\",\"image\":{\"@type\":\"ImageObject\",\"inLanguage\":\"pt-BR\",\"@id\":\"https:\/\/portalmf.com.br\/#\/schema\/person\/image\/\",\"url\":\"https:\/\/secure.gravatar.com\/avatar\/32a3c797cd0ac47cc53b8644c62776f9?s=96&d=mm&r=g\",\"contentUrl\":\"https:\/\/secure.gravatar.com\/avatar\/32a3c797cd0ac47cc53b8644c62776f9?s=96&d=mm&r=g\",\"caption\":\"Reginaldo J\u00fanior\"},\"description\":\"Jornalista e idealizador Portal MF\",\"sameAs\":[\"https:\/\/portalmf.com.br\/index.php\/author\/reginaldojr\/\",\"reginaldojrfsa\",\"reginaldojuniormf\",\"https:\/\/x.com\/reginaldojrmf\"],\"url\":\"https:\/\/portalmf.com.br\/index.php\/author\/reginaldojr\/\"}]}<\/script>\n<!-- \/ Yoast SEO plugin. -->","yoast_head_json":{"title":"Prefeitura de Feira de Santana modifica decreto sobre uso de m\u00e1scara - Portal MF","robots":{"index":"index","follow":"follow","max-snippet":"max-snippet:-1","max-image-preview":"max-image-preview:large","max-video-preview":"max-video-preview:-1"},"canonical":"https:\/\/portalmf.com.br\/index.php\/2022\/08\/12\/prefeitura-de-feira-de-santana-modifica-decreto-sobre-uso-de-mascara\/","og_locale":"pt_BR","og_type":"article","og_title":"Prefeitura de Feira de Santana modifica decreto sobre uso de m\u00e1scara - Portal MF","og_description":"A prefeitura de Feira de Santana modificou, essa manh\u00e3, 12, o decreto que estabelecia o uso obrigat\u00f3rio de m\u00e1scara em locais fechados e transporte coletivo.&nbsp;O Governo Municipal passa a recomendar o uso do item de seguran\u00e7a.&nbsp; A medida foi tomada depois que o paciente, de 29 anos, infectado pela var\u00edola dos macacos, informou, nesta quinta-feira, [&hellip;]","og_url":"https:\/\/portalmf.com.br\/index.php\/2022\/08\/12\/prefeitura-de-feira-de-santana-modifica-decreto-sobre-uso-de-mascara\/","og_site_name":"Portal MF","article_author":"reginaldojrfsa","article_published_time":"2022-08-12T16:57:29+00:00","article_modified_time":"2022-08-12T16:57:32+00:00","og_image":[{"width":1299,"height":748,"url":"https:\/\/portalmf.com.br\/wp-content\/uploads\/2022\/08\/Uso-de-Mascara-no-Combate-ao-Covid-GALERIA-foto-Jorge-Magalhaes-31.jpg","type":"image\/jpeg"}],"author":"Reginaldo J\u00fanior","twitter_card":"summary_large_image","twitter_creator":"@reginaldojrmf","twitter_misc":{"Escrito por":"Reginaldo J\u00fanior","Est. tempo de leitura":"1 minuto"},"schema":{"@context":"https:\/\/schema.org","@graph":[{"@type":"WebPage","@id":"https:\/\/portalmf.com.br\/index.php\/2022\/08\/12\/prefeitura-de-feira-de-santana-modifica-decreto-sobre-uso-de-mascara\/","url":"https:\/\/portalmf.com.br\/index.php\/2022\/08\/12\/prefeitura-de-feira-de-santana-modifica-decreto-sobre-uso-de-mascara\/","name":"Prefeitura de Feira de Santana modifica decreto sobre uso de m\u00e1scara - Portal MF","isPartOf":{"@id":"https:\/\/portalmf.com.br\/#website"},"primaryImageOfPage":{"@id":"https:\/\/portalmf.com.br\/index.php\/2022\/08\/12\/prefeitura-de-feira-de-santana-modifica-decreto-sobre-uso-de-mascara\/#primaryimage"},"image":{"@id":"https:\/\/portalmf.com.br\/index.php\/2022\/08\/12\/prefeitura-de-feira-de-santana-modifica-decreto-sobre-uso-de-mascara\/#primaryimage"},"thumbnailUrl":"https:\/\/portalmf.com.br\/wp-content\/uploads\/2022\/08\/Uso-de-Mascara-no-Combate-ao-Covid-GALERIA-foto-Jorge-Magalhaes-31.jpg","datePublished":"2022-08-12T16:57:29+00:00","dateModified":"2022-08-12T16:57:32+00:00","author":{"@id":"https:\/\/portalmf.com.br\/#\/schema\/person\/11c82086fe8abc05a19147e964587285"},"breadcrumb":{"@id":"https:\/\/portalmf.com.br\/index.php\/2022\/08\/12\/prefeitura-de-feira-de-santana-modifica-decreto-sobre-uso-de-mascara\/#breadcrumb"},"inLanguage":"pt-BR","potentialAction":[{"@type":"ReadAction","target":["https:\/\/portalmf.com.br\/index.php\/2022\/08\/12\/prefeitura-de-feira-de-santana-modifica-decreto-sobre-uso-de-mascara\/"]}]},{"@type":"ImageObject","inLanguage":"pt-BR","@id":"https:\/\/portalmf.com.br\/index.php\/2022\/08\/12\/prefeitura-de-feira-de-santana-modifica-decreto-sobre-uso-de-mascara\/#primaryimage","url":"https:\/\/portalmf.com.br\/wp-content\/uploads\/2022\/08\/Uso-de-Mascara-no-Combate-ao-Covid-GALERIA-foto-Jorge-Magalhaes-31.jpg","contentUrl":"https:\/\/portalmf.com.br\/wp-content\/uploads\/2022\/08\/Uso-de-Mascara-no-Combate-ao-Covid-GALERIA-foto-Jorge-Magalhaes-31.jpg","width":1299,"height":748,"caption":"Paciente infectado pela var\u00edola dos macacos informa que pegou a doen\u00e7a em outro estado"},{"@type":"BreadcrumbList","@id":"https:\/\/portalmf.com.br\/index.php\/2022\/08\/12\/prefeitura-de-feira-de-santana-modifica-decreto-sobre-uso-de-mascara\/#breadcrumb","itemListElement":[{"@type":"ListItem","position":1,"name":"In\u00edcio","item":"https:\/\/portalmf.com.br\/"},{"@type":"ListItem","position":2,"name":"Prefeitura de Feira de Santana modifica decreto sobre uso de m\u00e1scara"}]},{"@type":"WebSite","@id":"https:\/\/portalmf.com.br\/#website","url":"https:\/\/portalmf.com.br\/","name":"Portal MF","description":"Voc\u00ea conectado com a informa\u00e7\u00e3o","potentialAction":[{"@type":"SearchAction","target":{"@type":"EntryPoint","urlTemplate":"https:\/\/portalmf.com.br\/?s={search_term_string}"},"query-input":"required name=search_term_string"}],"inLanguage":"pt-BR"},{"@type":"Person","@id":"https:\/\/portalmf.com.br\/#\/schema\/person\/11c82086fe8abc05a19147e964587285","name":"Reginaldo J\u00fanior","image":{"@type":"ImageObject","inLanguage":"pt-BR","@id":"https:\/\/portalmf.com.br\/#\/schema\/person\/image\/","url":"https:\/\/secure.gravatar.com\/avatar\/32a3c797cd0ac47cc53b8644c62776f9?s=96&d=mm&r=g","contentUrl":"https:\/\/secure.gravatar.com\/avatar\/32a3c797cd0ac47cc53b8644c62776f9?s=96&d=mm&r=g","caption":"Reginaldo J\u00fanior"},"description":"Jornalista e idealizador Portal MF","sameAs":["https:\/\/portalmf.com.br\/index.php\/author\/reginaldojr\/","reginaldojrfsa","reginaldojuniormf","https:\/\/x.com\/reginaldojrmf"],"url":"https:\/\/portalmf.com.br\/index.php\/author\/reginaldojr\/"}]}},"_links":{"self":[{"href":"https:\/\/portalmf.com.br\/index.php\/wp-json\/wp\/v2\/posts\/2955"}],"collection":[{"href":"https:\/\/portalmf.com.br\/index.php\/wp-json\/wp\/v2\/posts"}],"about":[{"href":"https:\/\/portalmf.com.br\/index.php\/wp-json\/wp\/v2\/types\/post"}],"author":[{"embeddable":true,"href":"https:\/\/portalmf.com.br\/index.php\/wp-json\/wp\/v2\/users\/2"}],"replies":[{"embeddable":true,"href":"https:\/\/portalmf.com.br\/index.php\/wp-json\/wp\/v2\/comments?post=2955"}],"version-history":[{"count":1,"href":"https:\/\/portalmf.com.br\/index.php\/wp-json\/wp\/v2\/posts\/2955\/revisions"}],"predecessor-version":[{"id":2957,"href":"https:\/\/portalmf.com.br\/index.php\/wp-json\/wp\/v2\/posts\/2955\/revisions\/2957"}],"wp:featuredmedia":[{"embeddable":true,"href":"https:\/\/portalmf.com.br\/index.php\/wp-json\/wp\/v2\/media\/2956"}],"wp:attachment":[{"href":"https:\/\/portalmf.com.br\/index.php\/wp-json\/wp\/v2\/media?parent=2955"}],"wp:term":[{"taxonomy":"category","embeddable":true,"href":"https:\/\/portalmf.com.br\/index.php\/wp-json\/wp\/v2\/categories?post=2955"},{"taxonomy":"post_tag","embeddable":true,"href":"https:\/\/portalmf.com.br\/index.php\/wp-json\/wp\/v2\/tags?post=2955"}],"curies":[{"name":"wp","href":"https:\/\/api.w.org\/{rel}","templated":true}]}}