{"id":29502,"date":"2024-09-08T18:13:55","date_gmt":"2024-09-08T21:13:55","guid":{"rendered":"https:\/\/portalmf.com.br\/?p=29502"},"modified":"2024-09-09T18:15:52","modified_gmt":"2024-09-09T21:15:52","slug":"grande-apoio-popular-marca-carreata-de-jose-ronaldo-neste-domingo","status":"publish","type":"post","link":"https:\/\/portalmf.com.br\/index.php\/2024\/09\/08\/grande-apoio-popular-marca-carreata-de-jose-ronaldo-neste-domingo\/","title":{"rendered":"Grande apoio popular marca carreata de Jos\u00e9 Ronaldo neste domingo"},"content":{"rendered":"\n<p>Na manh\u00e3 deste domingo (8), o candidato a prefeito de Feira de Santana, Jos\u00e9 Ronaldo (Uni\u00e3o Brasil), viveu momentos de muita emo\u00e7\u00e3o durante grande carreata de sua campanha, marcada por forte apoio popular. O evento contou com a participa\u00e7\u00e3o do candidato a vice, Pablo Roberto (PSDB), candidatos a vereador e outras lideran\u00e7as pol\u00edticas.<\/p>\n\n\n\n<p>O trajeto teve in\u00edcio na Avenida Get\u00falio Vargas e seguiu pelas principais vias da cidade em dire\u00e7\u00e3o \u00e0 Cidade Nova, cortando a Avenida Jo\u00e3o Durval, passando por bairros como Queimadinha, Parque Ip\u00ea, Campo Limpo, George Am\u00e9rico, S\u00edtio Novo, Jardim Cruzeiro, Rua Nova e Tanque da Na\u00e7\u00e3o.<\/p>\n\n\n\n<figure class=\"wp-block-image size-full\"><img fetchpriority=\"high\" decoding=\"async\" width=\"800\" height=\"451\" src=\"https:\/\/portalmf.com.br\/wp-content\/uploads\/2024\/09\/Grande-apoio-popular-marca-carreata-de-Jose-Ronaldo-neste-domingo.jpg\" alt=\"\" class=\"wp-image-29503\" srcset=\"https:\/\/portalmf.com.br\/wp-content\/uploads\/2024\/09\/Grande-apoio-popular-marca-carreata-de-Jose-Ronaldo-neste-domingo.jpg 800w, https:\/\/portalmf.com.br\/wp-content\/uploads\/2024\/09\/Grande-apoio-popular-marca-carreata-de-Jose-Ronaldo-neste-domingo-300x169.jpg 300w, https:\/\/portalmf.com.br\/wp-content\/uploads\/2024\/09\/Grande-apoio-popular-marca-carreata-de-Jose-Ronaldo-neste-domingo-768x433.jpg 768w, https:\/\/portalmf.com.br\/wp-content\/uploads\/2024\/09\/Grande-apoio-popular-marca-carreata-de-Jose-Ronaldo-neste-domingo-696x392.jpg 696w\" sizes=\"(max-width: 800px) 100vw, 800px\" \/><figcaption class=\"wp-element-caption\"><strong>Foto: Ascom\/Jos\u00e9 Ronaldo <\/strong><\/figcaption><\/figure>\n\n\n\n<p>Com expressiva ades\u00e3o de apoiadores, a carreata se transformou em um verdadeiro desfile de solidariedade e confian\u00e7a. &#8220;A receptividade que tivemos em cada bairro \u00e9 uma demonstra\u00e7\u00e3o clara do carinho e da aprova\u00e7\u00e3o do povo de Feira de Santana ao nosso trabalho&#8221;, destacou Jos\u00e9 Ronaldo, visivelmente emocionado.<\/p>\n\n\n\n<p>O ex-prefeito reafirmou seu compromisso em continuar promovendo o progresso da cidade. <\/p>\n\n\n\n<p><em>&#8220;Temos mais experi\u00eancia e projetos concretos que v\u00e3o garantir o desenvolvimento de Feira de Santana. Estou preparado para voltar \u00e0 prefeitura com mais determina\u00e7\u00e3o ainda\u201d,<\/em> disse.<\/p>\n\n\n\n<p>As obras realizadas durante suas gest\u00f5es anteriores serviram de base para o fortalecimento da imagem do candidato, cujas marcas est\u00e3o espalhadas por toda a cidade. Em cada esquina por onde a carreata passava, era poss\u00edvel sentir a confian\u00e7a da popula\u00e7\u00e3o na capacidade de Jos\u00e9 Ronaldo de conduzir o munic\u00edpio a novos avan\u00e7os.<\/p>\n\n\n\n<p>Com informa\u00e7\u00f5es da Ascom\/Jos\u00e9 Ronaldo<\/p>\n","protected":false},"excerpt":{"rendered":"<p>Na manh\u00e3 deste domingo (8), o candidato a prefeito de Feira de Santana, Jos\u00e9 Ronaldo (Uni\u00e3o Brasil), viveu momentos de muita emo\u00e7\u00e3o durante grande carreata de sua campanha, marcada por forte apoio popular. O evento contou com a participa\u00e7\u00e3o do candidato a vice, Pablo Roberto (PSDB), candidatos a vereador e outras lideran\u00e7as pol\u00edticas. O trajeto [&hellip;]<\/p>\n","protected":false},"author":3,"featured_media":29504,"comment_status":"open","ping_status":"open","sticky":false,"template":"","format":"standard","meta":{"_monsterinsights_skip_tracking":false,"_monsterinsights_sitenote_active":false,"_monsterinsights_sitenote_note":"","_monsterinsights_sitenote_category":0,"footnotes":""},"categories":[301,34],"tags":[],"yoast_head":"<!-- This site is optimized with the Yoast SEO plugin v22.9 - https:\/\/yoast.com\/wordpress\/plugins\/seo\/ -->\n<title>Grande apoio popular marca carreata de Jos\u00e9 Ronaldo neste domingo - Portal MF<\/title>\n<meta name=\"robots\" content=\"index, follow, max-snippet:-1, max-image-preview:large, max-video-preview:-1\" \/>\n<link rel=\"canonical\" href=\"https:\/\/portalmf.com.br\/index.php\/2024\/09\/08\/grande-apoio-popular-marca-carreata-de-jose-ronaldo-neste-domingo\/\" \/>\n<meta property=\"og:locale\" content=\"pt_BR\" \/>\n<meta property=\"og:type\" content=\"article\" \/>\n<meta property=\"og:title\" content=\"Grande apoio popular marca carreata de Jos\u00e9 Ronaldo neste domingo - Portal MF\" \/>\n<meta property=\"og:description\" content=\"Na manh\u00e3 deste domingo (8), o candidato a prefeito de Feira de Santana, Jos\u00e9 Ronaldo (Uni\u00e3o Brasil), viveu momentos de muita emo\u00e7\u00e3o durante grande carreata de sua campanha, marcada por forte apoio popular. O evento contou com a participa\u00e7\u00e3o do candidato a vice, Pablo Roberto (PSDB), candidatos a vereador e outras lideran\u00e7as pol\u00edticas. O trajeto [&hellip;]\" \/>\n<meta property=\"og:url\" content=\"https:\/\/portalmf.com.br\/index.php\/2024\/09\/08\/grande-apoio-popular-marca-carreata-de-jose-ronaldo-neste-domingo\/\" \/>\n<meta property=\"og:site_name\" content=\"Portal MF\" \/>\n<meta property=\"article:author\" content=\"https:\/\/www.facebook.com\/portalmfoficial\" \/>\n<meta property=\"article:published_time\" content=\"2024-09-08T21:13:55+00:00\" \/>\n<meta property=\"article:modified_time\" content=\"2024-09-09T21:15:52+00:00\" \/>\n<meta property=\"og:image\" content=\"https:\/\/portalmf.com.br\/wp-content\/uploads\/2024\/09\/Grande-apoio-popular-marca-carreata-de-Jose-Ronaldo-neste-domingo_.jpg\" \/>\n\t<meta property=\"og:image:width\" content=\"800\" \/>\n\t<meta property=\"og:image:height\" content=\"451\" \/>\n\t<meta property=\"og:image:type\" content=\"image\/jpeg\" \/>\n<meta name=\"author\" content=\"Reda\u00e7\u00e3o Portal MF\" \/>\n<meta name=\"twitter:card\" content=\"summary_large_image\" \/>\n<meta name=\"twitter:creator\" content=\"@https:\/\/x.com\/portalmfoficial\" \/>\n<meta name=\"twitter:label1\" content=\"Escrito por\" \/>\n\t<meta name=\"twitter:data1\" content=\"Reda\u00e7\u00e3o Portal MF\" \/>\n\t<meta name=\"twitter:label2\" content=\"Est. tempo de leitura\" \/>\n\t<meta name=\"twitter:data2\" content=\"2 minutos\" \/>\n<script type=\"application\/ld+json\" class=\"yoast-schema-graph\">{\"@context\":\"https:\/\/schema.org\",\"@graph\":[{\"@type\":\"WebPage\",\"@id\":\"https:\/\/portalmf.com.br\/index.php\/2024\/09\/08\/grande-apoio-popular-marca-carreata-de-jose-ronaldo-neste-domingo\/\",\"url\":\"https:\/\/portalmf.com.br\/index.php\/2024\/09\/08\/grande-apoio-popular-marca-carreata-de-jose-ronaldo-neste-domingo\/\",\"name\":\"Grande apoio popular marca carreata de Jos\u00e9 Ronaldo neste domingo - Portal MF\",\"isPartOf\":{\"@id\":\"https:\/\/portalmf.com.br\/#website\"},\"primaryImageOfPage\":{\"@id\":\"https:\/\/portalmf.com.br\/index.php\/2024\/09\/08\/grande-apoio-popular-marca-carreata-de-jose-ronaldo-neste-domingo\/#primaryimage\"},\"image\":{\"@id\":\"https:\/\/portalmf.com.br\/index.php\/2024\/09\/08\/grande-apoio-popular-marca-carreata-de-jose-ronaldo-neste-domingo\/#primaryimage\"},\"thumbnailUrl\":\"https:\/\/portalmf.com.br\/wp-content\/uploads\/2024\/09\/Grande-apoio-popular-marca-carreata-de-Jose-Ronaldo-neste-domingo_.jpg\",\"datePublished\":\"2024-09-08T21:13:55+00:00\",\"dateModified\":\"2024-09-09T21:15:52+00:00\",\"author\":{\"@id\":\"https:\/\/portalmf.com.br\/#\/schema\/person\/9ec101baf56233e53520c26de5d6f6f0\"},\"breadcrumb\":{\"@id\":\"https:\/\/portalmf.com.br\/index.php\/2024\/09\/08\/grande-apoio-popular-marca-carreata-de-jose-ronaldo-neste-domingo\/#breadcrumb\"},\"inLanguage\":\"pt-BR\",\"potentialAction\":[{\"@type\":\"ReadAction\",\"target\":[\"https:\/\/portalmf.com.br\/index.php\/2024\/09\/08\/grande-apoio-popular-marca-carreata-de-jose-ronaldo-neste-domingo\/\"]}]},{\"@type\":\"ImageObject\",\"inLanguage\":\"pt-BR\",\"@id\":\"https:\/\/portalmf.com.br\/index.php\/2024\/09\/08\/grande-apoio-popular-marca-carreata-de-jose-ronaldo-neste-domingo\/#primaryimage\",\"url\":\"https:\/\/portalmf.com.br\/wp-content\/uploads\/2024\/09\/Grande-apoio-popular-marca-carreata-de-Jose-Ronaldo-neste-domingo_.jpg\",\"contentUrl\":\"https:\/\/portalmf.com.br\/wp-content\/uploads\/2024\/09\/Grande-apoio-popular-marca-carreata-de-Jose-Ronaldo-neste-domingo_.jpg\",\"width\":800,\"height\":451},{\"@type\":\"BreadcrumbList\",\"@id\":\"https:\/\/portalmf.com.br\/index.php\/2024\/09\/08\/grande-apoio-popular-marca-carreata-de-jose-ronaldo-neste-domingo\/#breadcrumb\",\"itemListElement\":[{\"@type\":\"ListItem\",\"position\":1,\"name\":\"In\u00edcio\",\"item\":\"https:\/\/portalmf.com.br\/\"},{\"@type\":\"ListItem\",\"position\":2,\"name\":\"Grande apoio popular marca carreata de Jos\u00e9 Ronaldo neste domingo\"}]},{\"@type\":\"WebSite\",\"@id\":\"https:\/\/portalmf.com.br\/#website\",\"url\":\"https:\/\/portalmf.com.br\/\",\"name\":\"Portal MF\",\"description\":\"Voc\u00ea conectado com a informa\u00e7\u00e3o\",\"potentialAction\":[{\"@type\":\"SearchAction\",\"target\":{\"@type\":\"EntryPoint\",\"urlTemplate\":\"https:\/\/portalmf.com.br\/?s={search_term_string}\"},\"query-input\":\"required name=search_term_string\"}],\"inLanguage\":\"pt-BR\"},{\"@type\":\"Person\",\"@id\":\"https:\/\/portalmf.com.br\/#\/schema\/person\/9ec101baf56233e53520c26de5d6f6f0\",\"name\":\"Reda\u00e7\u00e3o Portal MF\",\"image\":{\"@type\":\"ImageObject\",\"inLanguage\":\"pt-BR\",\"@id\":\"https:\/\/portalmf.com.br\/#\/schema\/person\/image\/\",\"url\":\"https:\/\/secure.gravatar.com\/avatar\/41b9aaeb2100835f7c64362330f74c7f?s=96&d=mm&r=g\",\"contentUrl\":\"https:\/\/secure.gravatar.com\/avatar\/41b9aaeb2100835f7c64362330f74c7f?s=96&d=mm&r=g\",\"caption\":\"Reda\u00e7\u00e3o Portal MF\"},\"description\":\"Sejam bem-vindos o portal de informa\u00e7\u00f5es de entretenimento de Feira de Santana, desde 2006 realiza coberturas dos principais eventos com entrevistas exclusivas com as principais personalidades mundiais. Fique conectado tamb\u00e9m nas redes sociais.\",\"sameAs\":[\"http:\/\/www.portalmf.com.br\/\",\"https:\/\/www.facebook.com\/portalmfoficial\",\"https:\/\/www.instagram.com\/portalmf\/\",\"https:\/\/x.com\/https:\/\/x.com\/portalmfoficial\",\"https:\/\/www.youtube.com\/@portalmfoficial\"],\"url\":\"https:\/\/portalmf.com.br\/index.php\/author\/junior\/\"}]}<\/script>\n<!-- \/ Yoast SEO plugin. -->","yoast_head_json":{"title":"Grande apoio popular marca carreata de Jos\u00e9 Ronaldo neste domingo - Portal MF","robots":{"index":"index","follow":"follow","max-snippet":"max-snippet:-1","max-image-preview":"max-image-preview:large","max-video-preview":"max-video-preview:-1"},"canonical":"https:\/\/portalmf.com.br\/index.php\/2024\/09\/08\/grande-apoio-popular-marca-carreata-de-jose-ronaldo-neste-domingo\/","og_locale":"pt_BR","og_type":"article","og_title":"Grande apoio popular marca carreata de Jos\u00e9 Ronaldo neste domingo - Portal MF","og_description":"Na manh\u00e3 deste domingo (8), o candidato a prefeito de Feira de Santana, Jos\u00e9 Ronaldo (Uni\u00e3o Brasil), viveu momentos de muita emo\u00e7\u00e3o durante grande carreata de sua campanha, marcada por forte apoio popular. O evento contou com a participa\u00e7\u00e3o do candidato a vice, Pablo Roberto (PSDB), candidatos a vereador e outras lideran\u00e7as pol\u00edticas. O trajeto [&hellip;]","og_url":"https:\/\/portalmf.com.br\/index.php\/2024\/09\/08\/grande-apoio-popular-marca-carreata-de-jose-ronaldo-neste-domingo\/","og_site_name":"Portal MF","article_author":"https:\/\/www.facebook.com\/portalmfoficial","article_published_time":"2024-09-08T21:13:55+00:00","article_modified_time":"2024-09-09T21:15:52+00:00","og_image":[{"width":800,"height":451,"url":"https:\/\/portalmf.com.br\/wp-content\/uploads\/2024\/09\/Grande-apoio-popular-marca-carreata-de-Jose-Ronaldo-neste-domingo_.jpg","type":"image\/jpeg"}],"author":"Reda\u00e7\u00e3o Portal MF","twitter_card":"summary_large_image","twitter_creator":"@https:\/\/x.com\/portalmfoficial","twitter_misc":{"Escrito por":"Reda\u00e7\u00e3o Portal MF","Est. tempo de leitura":"2 minutos"},"schema":{"@context":"https:\/\/schema.org","@graph":[{"@type":"WebPage","@id":"https:\/\/portalmf.com.br\/index.php\/2024\/09\/08\/grande-apoio-popular-marca-carreata-de-jose-ronaldo-neste-domingo\/","url":"https:\/\/portalmf.com.br\/index.php\/2024\/09\/08\/grande-apoio-popular-marca-carreata-de-jose-ronaldo-neste-domingo\/","name":"Grande apoio popular marca carreata de Jos\u00e9 Ronaldo neste domingo - Portal MF","isPartOf":{"@id":"https:\/\/portalmf.com.br\/#website"},"primaryImageOfPage":{"@id":"https:\/\/portalmf.com.br\/index.php\/2024\/09\/08\/grande-apoio-popular-marca-carreata-de-jose-ronaldo-neste-domingo\/#primaryimage"},"image":{"@id":"https:\/\/portalmf.com.br\/index.php\/2024\/09\/08\/grande-apoio-popular-marca-carreata-de-jose-ronaldo-neste-domingo\/#primaryimage"},"thumbnailUrl":"https:\/\/portalmf.com.br\/wp-content\/uploads\/2024\/09\/Grande-apoio-popular-marca-carreata-de-Jose-Ronaldo-neste-domingo_.jpg","datePublished":"2024-09-08T21:13:55+00:00","dateModified":"2024-09-09T21:15:52+00:00","author":{"@id":"https:\/\/portalmf.com.br\/#\/schema\/person\/9ec101baf56233e53520c26de5d6f6f0"},"breadcrumb":{"@id":"https:\/\/portalmf.com.br\/index.php\/2024\/09\/08\/grande-apoio-popular-marca-carreata-de-jose-ronaldo-neste-domingo\/#breadcrumb"},"inLanguage":"pt-BR","potentialAction":[{"@type":"ReadAction","target":["https:\/\/portalmf.com.br\/index.php\/2024\/09\/08\/grande-apoio-popular-marca-carreata-de-jose-ronaldo-neste-domingo\/"]}]},{"@type":"ImageObject","inLanguage":"pt-BR","@id":"https:\/\/portalmf.com.br\/index.php\/2024\/09\/08\/grande-apoio-popular-marca-carreata-de-jose-ronaldo-neste-domingo\/#primaryimage","url":"https:\/\/portalmf.com.br\/wp-content\/uploads\/2024\/09\/Grande-apoio-popular-marca-carreata-de-Jose-Ronaldo-neste-domingo_.jpg","contentUrl":"https:\/\/portalmf.com.br\/wp-content\/uploads\/2024\/09\/Grande-apoio-popular-marca-carreata-de-Jose-Ronaldo-neste-domingo_.jpg","width":800,"height":451},{"@type":"BreadcrumbList","@id":"https:\/\/portalmf.com.br\/index.php\/2024\/09\/08\/grande-apoio-popular-marca-carreata-de-jose-ronaldo-neste-domingo\/#breadcrumb","itemListElement":[{"@type":"ListItem","position":1,"name":"In\u00edcio","item":"https:\/\/portalmf.com.br\/"},{"@type":"ListItem","position":2,"name":"Grande apoio popular marca carreata de Jos\u00e9 Ronaldo neste domingo"}]},{"@type":"WebSite","@id":"https:\/\/portalmf.com.br\/#website","url":"https:\/\/portalmf.com.br\/","name":"Portal MF","description":"Voc\u00ea conectado com a informa\u00e7\u00e3o","potentialAction":[{"@type":"SearchAction","target":{"@type":"EntryPoint","urlTemplate":"https:\/\/portalmf.com.br\/?s={search_term_string}"},"query-input":"required name=search_term_string"}],"inLanguage":"pt-BR"},{"@type":"Person","@id":"https:\/\/portalmf.com.br\/#\/schema\/person\/9ec101baf56233e53520c26de5d6f6f0","name":"Reda\u00e7\u00e3o Portal MF","image":{"@type":"ImageObject","inLanguage":"pt-BR","@id":"https:\/\/portalmf.com.br\/#\/schema\/person\/image\/","url":"https:\/\/secure.gravatar.com\/avatar\/41b9aaeb2100835f7c64362330f74c7f?s=96&d=mm&r=g","contentUrl":"https:\/\/secure.gravatar.com\/avatar\/41b9aaeb2100835f7c64362330f74c7f?s=96&d=mm&r=g","caption":"Reda\u00e7\u00e3o Portal MF"},"description":"Sejam bem-vindos o portal de informa\u00e7\u00f5es de entretenimento de Feira de Santana, desde 2006 realiza coberturas dos principais eventos com entrevistas exclusivas com as principais personalidades mundiais. Fique conectado tamb\u00e9m nas redes sociais.","sameAs":["http:\/\/www.portalmf.com.br\/","https:\/\/www.facebook.com\/portalmfoficial","https:\/\/www.instagram.com\/portalmf\/","https:\/\/x.com\/https:\/\/x.com\/portalmfoficial","https:\/\/www.youtube.com\/@portalmfoficial"],"url":"https:\/\/portalmf.com.br\/index.php\/author\/junior\/"}]}},"_links":{"self":[{"href":"https:\/\/portalmf.com.br\/index.php\/wp-json\/wp\/v2\/posts\/29502"}],"collection":[{"href":"https:\/\/portalmf.com.br\/index.php\/wp-json\/wp\/v2\/posts"}],"about":[{"href":"https:\/\/portalmf.com.br\/index.php\/wp-json\/wp\/v2\/types\/post"}],"author":[{"embeddable":true,"href":"https:\/\/portalmf.com.br\/index.php\/wp-json\/wp\/v2\/users\/3"}],"replies":[{"embeddable":true,"href":"https:\/\/portalmf.com.br\/index.php\/wp-json\/wp\/v2\/comments?post=29502"}],"version-history":[{"count":1,"href":"https:\/\/portalmf.com.br\/index.php\/wp-json\/wp\/v2\/posts\/29502\/revisions"}],"predecessor-version":[{"id":29505,"href":"https:\/\/portalmf.com.br\/index.php\/wp-json\/wp\/v2\/posts\/29502\/revisions\/29505"}],"wp:featuredmedia":[{"embeddable":true,"href":"https:\/\/portalmf.com.br\/index.php\/wp-json\/wp\/v2\/media\/29504"}],"wp:attachment":[{"href":"https:\/\/portalmf.com.br\/index.php\/wp-json\/wp\/v2\/media?parent=29502"}],"wp:term":[{"taxonomy":"category","embeddable":true,"href":"https:\/\/portalmf.com.br\/index.php\/wp-json\/wp\/v2\/categories?post=29502"},{"taxonomy":"post_tag","embeddable":true,"href":"https:\/\/portalmf.com.br\/index.php\/wp-json\/wp\/v2\/tags?post=29502"}],"curies":[{"name":"wp","href":"https:\/\/api.w.org\/{rel}","templated":true}]}}