{"id":29494,"date":"2024-09-07T07:04:00","date_gmt":"2024-09-07T10:04:00","guid":{"rendered":"https:\/\/portalmf.com.br\/?p=29494"},"modified":"2024-09-09T18:05:01","modified_gmt":"2024-09-09T21:05:01","slug":"maior-caminhada-da-campanha-de-jose-ronaldo-leva-multidao-as-ruas-da-queimadinha-com-a-presenca-de-oh-polemico","status":"publish","type":"post","link":"https:\/\/portalmf.com.br\/index.php\/2024\/09\/07\/maior-caminhada-da-campanha-de-jose-ronaldo-leva-multidao-as-ruas-da-queimadinha-com-a-presenca-de-oh-polemico\/","title":{"rendered":"Maior caminhada da campanha de Jos\u00e9 Ronaldo leva multid\u00e3o \u00e0s ruas da Queimadinha com a presen\u00e7a de Oh Pol\u00eamico"},"content":{"rendered":"\n<p>Na noite de ontem (6), o bairro da Queimadinha, em Feira de Santana, foi palco da maior caminhada da campanha do candidato a prefeito Jos\u00e9 Ronaldo (Uni\u00e3o Brasil). O evento, que mobilizou centenas de moradores, ganhou ainda mais destaque com a presen\u00e7a do cantor Oh Pol\u00eamico, uma das maiores revela\u00e7\u00f5es da m\u00fasica baiana. Conhecido por sua forte conex\u00e3o com as comunidades populares, o artista surpreendeu o p\u00fablico ao declarar seu apoio a Jos\u00e9 Ronaldo, afirmando que o candidato \u201c\u00e9 o pov\u00e3o\u201d e elogiando sua trajet\u00f3ria pol\u00edtica e experi\u00eancia.<\/p>\n\n\n\n<p>Oh Pol\u00eamico, com seu sucesso no pagode e ax\u00e9, afirmou que estar\u00e1 ainda mais presente em Feira de Santana com a vit\u00f3ria de Jos\u00e9 Ronaldo. Ele confirmou que participar\u00e1 da tradicional Lavagem da Queimadinha, marcada para o pr\u00f3ximo dia 29. A caminhada tamb\u00e9m contou com a participa\u00e7\u00e3o do vocalista da banda Bi-Trem.<\/p>\n\n\n\n<figure class=\"wp-block-image size-full\"><img fetchpriority=\"high\" decoding=\"async\" width=\"800\" height=\"555\" src=\"https:\/\/portalmf.com.br\/wp-content\/uploads\/2024\/09\/Maior-caminhada-da-campanha-de-Jose-Ronaldo-leva-multidao-as-ruas-da-Queimadinha-com-a-presenca-de-Oh-Polemico_.jpg\" alt=\"\" class=\"wp-image-29496\" srcset=\"https:\/\/portalmf.com.br\/wp-content\/uploads\/2024\/09\/Maior-caminhada-da-campanha-de-Jose-Ronaldo-leva-multidao-as-ruas-da-Queimadinha-com-a-presenca-de-Oh-Polemico_.jpg 800w, https:\/\/portalmf.com.br\/wp-content\/uploads\/2024\/09\/Maior-caminhada-da-campanha-de-Jose-Ronaldo-leva-multidao-as-ruas-da-Queimadinha-com-a-presenca-de-Oh-Polemico_-300x208.jpg 300w, https:\/\/portalmf.com.br\/wp-content\/uploads\/2024\/09\/Maior-caminhada-da-campanha-de-Jose-Ronaldo-leva-multidao-as-ruas-da-Queimadinha-com-a-presenca-de-Oh-Polemico_-768x533.jpg 768w, https:\/\/portalmf.com.br\/wp-content\/uploads\/2024\/09\/Maior-caminhada-da-campanha-de-Jose-Ronaldo-leva-multidao-as-ruas-da-Queimadinha-com-a-presenca-de-Oh-Polemico_-218x150.jpg 218w, https:\/\/portalmf.com.br\/wp-content\/uploads\/2024\/09\/Maior-caminhada-da-campanha-de-Jose-Ronaldo-leva-multidao-as-ruas-da-Queimadinha-com-a-presenca-de-Oh-Polemico_-696x483.jpg 696w\" sizes=\"(max-width: 800px) 100vw, 800px\" \/><\/figure>\n\n\n\n<p>Ao lado de seu candidato a vice-prefeito, Pablo Roberto (PSDB), e de outros candidatos a vereador, Jos\u00e9 Ronaldo percorreu as ruas e pra\u00e7as da Queimadinha, destacando as obras de urbaniza\u00e7\u00e3o realizadas em seus mandatos anteriores e prometendo novas interven\u00e7\u00f5es para melhorar ainda mais a qualidade de vida dos moradores do bairro.<\/p>\n\n\n\n<p>O evento refor\u00e7ou a presen\u00e7a de Jos\u00e9 Ronaldo em uma das regi\u00f5es mais simb\u00f3licas de Feira de Santana, com uma demonstra\u00e7\u00e3o de for\u00e7a popular em torno de sua candidatura.<\/p>\n\n\n\n<p>Com informa\u00e7\u00f5es da Ascom\/Jos\u00e9 Ronaldo<\/p>\n","protected":false},"excerpt":{"rendered":"<p>Na noite de ontem (6), o bairro da Queimadinha, em Feira de Santana, foi palco da maior caminhada da campanha do candidato a prefeito Jos\u00e9 Ronaldo (Uni\u00e3o Brasil). O evento, que mobilizou centenas de moradores, ganhou ainda mais destaque com a presen\u00e7a do cantor Oh Pol\u00eamico, uma das maiores revela\u00e7\u00f5es da m\u00fasica baiana. Conhecido por [&hellip;]<\/p>\n","protected":false},"author":3,"featured_media":29495,"comment_status":"open","ping_status":"open","sticky":false,"template":"","format":"standard","meta":{"_monsterinsights_skip_tracking":false,"_monsterinsights_sitenote_active":false,"_monsterinsights_sitenote_note":"","_monsterinsights_sitenote_category":0,"footnotes":""},"categories":[301,34],"tags":[],"yoast_head":"<!-- This site is optimized with the Yoast SEO plugin v22.9 - https:\/\/yoast.com\/wordpress\/plugins\/seo\/ -->\n<title>Maior caminhada da campanha de Jos\u00e9 Ronaldo leva multid\u00e3o \u00e0s ruas da Queimadinha com a presen\u00e7a de Oh Pol\u00eamico - Portal MF<\/title>\n<meta name=\"robots\" content=\"index, follow, max-snippet:-1, max-image-preview:large, max-video-preview:-1\" \/>\n<link rel=\"canonical\" href=\"https:\/\/portalmf.com.br\/index.php\/2024\/09\/07\/maior-caminhada-da-campanha-de-jose-ronaldo-leva-multidao-as-ruas-da-queimadinha-com-a-presenca-de-oh-polemico\/\" \/>\n<meta property=\"og:locale\" content=\"pt_BR\" \/>\n<meta property=\"og:type\" content=\"article\" \/>\n<meta property=\"og:title\" content=\"Maior caminhada da campanha de Jos\u00e9 Ronaldo leva multid\u00e3o \u00e0s ruas da Queimadinha com a presen\u00e7a de Oh Pol\u00eamico - Portal MF\" \/>\n<meta property=\"og:description\" content=\"Na noite de ontem (6), o bairro da Queimadinha, em Feira de Santana, foi palco da maior caminhada da campanha do candidato a prefeito Jos\u00e9 Ronaldo (Uni\u00e3o Brasil). O evento, que mobilizou centenas de moradores, ganhou ainda mais destaque com a presen\u00e7a do cantor Oh Pol\u00eamico, uma das maiores revela\u00e7\u00f5es da m\u00fasica baiana. Conhecido por [&hellip;]\" \/>\n<meta property=\"og:url\" content=\"https:\/\/portalmf.com.br\/index.php\/2024\/09\/07\/maior-caminhada-da-campanha-de-jose-ronaldo-leva-multidao-as-ruas-da-queimadinha-com-a-presenca-de-oh-polemico\/\" \/>\n<meta property=\"og:site_name\" content=\"Portal MF\" \/>\n<meta property=\"article:author\" content=\"https:\/\/www.facebook.com\/portalmfoficial\" \/>\n<meta property=\"article:published_time\" content=\"2024-09-07T10:04:00+00:00\" \/>\n<meta property=\"article:modified_time\" content=\"2024-09-09T21:05:01+00:00\" \/>\n<meta property=\"og:image\" content=\"https:\/\/portalmf.com.br\/wp-content\/uploads\/2024\/09\/Maior-caminhada-da-campanha-de-Jose-Ronaldo-leva-multidao-as-ruas-da-Queimadinha-com-a-presenca-de-Oh-Polemico.jpg\" \/>\n\t<meta property=\"og:image:width\" content=\"800\" \/>\n\t<meta property=\"og:image:height\" content=\"620\" \/>\n\t<meta property=\"og:image:type\" content=\"image\/jpeg\" \/>\n<meta name=\"author\" content=\"Reda\u00e7\u00e3o Portal MF\" \/>\n<meta name=\"twitter:card\" content=\"summary_large_image\" \/>\n<meta name=\"twitter:creator\" content=\"@https:\/\/x.com\/portalmfoficial\" \/>\n<meta name=\"twitter:label1\" content=\"Escrito por\" \/>\n\t<meta name=\"twitter:data1\" content=\"Reda\u00e7\u00e3o Portal MF\" \/>\n\t<meta name=\"twitter:label2\" content=\"Est. tempo de leitura\" \/>\n\t<meta name=\"twitter:data2\" content=\"2 minutos\" \/>\n<script type=\"application\/ld+json\" class=\"yoast-schema-graph\">{\"@context\":\"https:\/\/schema.org\",\"@graph\":[{\"@type\":\"WebPage\",\"@id\":\"https:\/\/portalmf.com.br\/index.php\/2024\/09\/07\/maior-caminhada-da-campanha-de-jose-ronaldo-leva-multidao-as-ruas-da-queimadinha-com-a-presenca-de-oh-polemico\/\",\"url\":\"https:\/\/portalmf.com.br\/index.php\/2024\/09\/07\/maior-caminhada-da-campanha-de-jose-ronaldo-leva-multidao-as-ruas-da-queimadinha-com-a-presenca-de-oh-polemico\/\",\"name\":\"Maior caminhada da campanha de Jos\u00e9 Ronaldo leva multid\u00e3o \u00e0s ruas da Queimadinha com a presen\u00e7a de Oh Pol\u00eamico - Portal MF\",\"isPartOf\":{\"@id\":\"https:\/\/portalmf.com.br\/#website\"},\"primaryImageOfPage\":{\"@id\":\"https:\/\/portalmf.com.br\/index.php\/2024\/09\/07\/maior-caminhada-da-campanha-de-jose-ronaldo-leva-multidao-as-ruas-da-queimadinha-com-a-presenca-de-oh-polemico\/#primaryimage\"},\"image\":{\"@id\":\"https:\/\/portalmf.com.br\/index.php\/2024\/09\/07\/maior-caminhada-da-campanha-de-jose-ronaldo-leva-multidao-as-ruas-da-queimadinha-com-a-presenca-de-oh-polemico\/#primaryimage\"},\"thumbnailUrl\":\"https:\/\/portalmf.com.br\/wp-content\/uploads\/2024\/09\/Maior-caminhada-da-campanha-de-Jose-Ronaldo-leva-multidao-as-ruas-da-Queimadinha-com-a-presenca-de-Oh-Polemico.jpg\",\"datePublished\":\"2024-09-07T10:04:00+00:00\",\"dateModified\":\"2024-09-09T21:05:01+00:00\",\"author\":{\"@id\":\"https:\/\/portalmf.com.br\/#\/schema\/person\/9ec101baf56233e53520c26de5d6f6f0\"},\"breadcrumb\":{\"@id\":\"https:\/\/portalmf.com.br\/index.php\/2024\/09\/07\/maior-caminhada-da-campanha-de-jose-ronaldo-leva-multidao-as-ruas-da-queimadinha-com-a-presenca-de-oh-polemico\/#breadcrumb\"},\"inLanguage\":\"pt-BR\",\"potentialAction\":[{\"@type\":\"ReadAction\",\"target\":[\"https:\/\/portalmf.com.br\/index.php\/2024\/09\/07\/maior-caminhada-da-campanha-de-jose-ronaldo-leva-multidao-as-ruas-da-queimadinha-com-a-presenca-de-oh-polemico\/\"]}]},{\"@type\":\"ImageObject\",\"inLanguage\":\"pt-BR\",\"@id\":\"https:\/\/portalmf.com.br\/index.php\/2024\/09\/07\/maior-caminhada-da-campanha-de-jose-ronaldo-leva-multidao-as-ruas-da-queimadinha-com-a-presenca-de-oh-polemico\/#primaryimage\",\"url\":\"https:\/\/portalmf.com.br\/wp-content\/uploads\/2024\/09\/Maior-caminhada-da-campanha-de-Jose-Ronaldo-leva-multidao-as-ruas-da-Queimadinha-com-a-presenca-de-Oh-Polemico.jpg\",\"contentUrl\":\"https:\/\/portalmf.com.br\/wp-content\/uploads\/2024\/09\/Maior-caminhada-da-campanha-de-Jose-Ronaldo-leva-multidao-as-ruas-da-Queimadinha-com-a-presenca-de-Oh-Polemico.jpg\",\"width\":800,\"height\":620},{\"@type\":\"BreadcrumbList\",\"@id\":\"https:\/\/portalmf.com.br\/index.php\/2024\/09\/07\/maior-caminhada-da-campanha-de-jose-ronaldo-leva-multidao-as-ruas-da-queimadinha-com-a-presenca-de-oh-polemico\/#breadcrumb\",\"itemListElement\":[{\"@type\":\"ListItem\",\"position\":1,\"name\":\"In\u00edcio\",\"item\":\"https:\/\/portalmf.com.br\/\"},{\"@type\":\"ListItem\",\"position\":2,\"name\":\"Maior caminhada da campanha de Jos\u00e9 Ronaldo leva multid\u00e3o \u00e0s ruas da Queimadinha com a presen\u00e7a de Oh Pol\u00eamico\"}]},{\"@type\":\"WebSite\",\"@id\":\"https:\/\/portalmf.com.br\/#website\",\"url\":\"https:\/\/portalmf.com.br\/\",\"name\":\"Portal MF\",\"description\":\"Voc\u00ea conectado com a informa\u00e7\u00e3o\",\"potentialAction\":[{\"@type\":\"SearchAction\",\"target\":{\"@type\":\"EntryPoint\",\"urlTemplate\":\"https:\/\/portalmf.com.br\/?s={search_term_string}\"},\"query-input\":\"required name=search_term_string\"}],\"inLanguage\":\"pt-BR\"},{\"@type\":\"Person\",\"@id\":\"https:\/\/portalmf.com.br\/#\/schema\/person\/9ec101baf56233e53520c26de5d6f6f0\",\"name\":\"Reda\u00e7\u00e3o Portal MF\",\"image\":{\"@type\":\"ImageObject\",\"inLanguage\":\"pt-BR\",\"@id\":\"https:\/\/portalmf.com.br\/#\/schema\/person\/image\/\",\"url\":\"https:\/\/secure.gravatar.com\/avatar\/41b9aaeb2100835f7c64362330f74c7f?s=96&d=mm&r=g\",\"contentUrl\":\"https:\/\/secure.gravatar.com\/avatar\/41b9aaeb2100835f7c64362330f74c7f?s=96&d=mm&r=g\",\"caption\":\"Reda\u00e7\u00e3o Portal MF\"},\"description\":\"Sejam bem-vindos o portal de informa\u00e7\u00f5es de entretenimento de Feira de Santana, desde 2006 realiza coberturas dos principais eventos com entrevistas exclusivas com as principais personalidades mundiais. Fique conectado tamb\u00e9m nas redes sociais.\",\"sameAs\":[\"http:\/\/www.portalmf.com.br\/\",\"https:\/\/www.facebook.com\/portalmfoficial\",\"https:\/\/www.instagram.com\/portalmf\/\",\"https:\/\/x.com\/https:\/\/x.com\/portalmfoficial\",\"https:\/\/www.youtube.com\/@portalmfoficial\"],\"url\":\"https:\/\/portalmf.com.br\/index.php\/author\/junior\/\"}]}<\/script>\n<!-- \/ Yoast SEO plugin. -->","yoast_head_json":{"title":"Maior caminhada da campanha de Jos\u00e9 Ronaldo leva multid\u00e3o \u00e0s ruas da Queimadinha com a presen\u00e7a de Oh Pol\u00eamico - Portal MF","robots":{"index":"index","follow":"follow","max-snippet":"max-snippet:-1","max-image-preview":"max-image-preview:large","max-video-preview":"max-video-preview:-1"},"canonical":"https:\/\/portalmf.com.br\/index.php\/2024\/09\/07\/maior-caminhada-da-campanha-de-jose-ronaldo-leva-multidao-as-ruas-da-queimadinha-com-a-presenca-de-oh-polemico\/","og_locale":"pt_BR","og_type":"article","og_title":"Maior caminhada da campanha de Jos\u00e9 Ronaldo leva multid\u00e3o \u00e0s ruas da Queimadinha com a presen\u00e7a de Oh Pol\u00eamico - Portal MF","og_description":"Na noite de ontem (6), o bairro da Queimadinha, em Feira de Santana, foi palco da maior caminhada da campanha do candidato a prefeito Jos\u00e9 Ronaldo (Uni\u00e3o Brasil). O evento, que mobilizou centenas de moradores, ganhou ainda mais destaque com a presen\u00e7a do cantor Oh Pol\u00eamico, uma das maiores revela\u00e7\u00f5es da m\u00fasica baiana. Conhecido por [&hellip;]","og_url":"https:\/\/portalmf.com.br\/index.php\/2024\/09\/07\/maior-caminhada-da-campanha-de-jose-ronaldo-leva-multidao-as-ruas-da-queimadinha-com-a-presenca-de-oh-polemico\/","og_site_name":"Portal MF","article_author":"https:\/\/www.facebook.com\/portalmfoficial","article_published_time":"2024-09-07T10:04:00+00:00","article_modified_time":"2024-09-09T21:05:01+00:00","og_image":[{"width":800,"height":620,"url":"https:\/\/portalmf.com.br\/wp-content\/uploads\/2024\/09\/Maior-caminhada-da-campanha-de-Jose-Ronaldo-leva-multidao-as-ruas-da-Queimadinha-com-a-presenca-de-Oh-Polemico.jpg","type":"image\/jpeg"}],"author":"Reda\u00e7\u00e3o Portal MF","twitter_card":"summary_large_image","twitter_creator":"@https:\/\/x.com\/portalmfoficial","twitter_misc":{"Escrito por":"Reda\u00e7\u00e3o Portal MF","Est. tempo de leitura":"2 minutos"},"schema":{"@context":"https:\/\/schema.org","@graph":[{"@type":"WebPage","@id":"https:\/\/portalmf.com.br\/index.php\/2024\/09\/07\/maior-caminhada-da-campanha-de-jose-ronaldo-leva-multidao-as-ruas-da-queimadinha-com-a-presenca-de-oh-polemico\/","url":"https:\/\/portalmf.com.br\/index.php\/2024\/09\/07\/maior-caminhada-da-campanha-de-jose-ronaldo-leva-multidao-as-ruas-da-queimadinha-com-a-presenca-de-oh-polemico\/","name":"Maior caminhada da campanha de Jos\u00e9 Ronaldo leva multid\u00e3o \u00e0s ruas da Queimadinha com a presen\u00e7a de Oh Pol\u00eamico - Portal MF","isPartOf":{"@id":"https:\/\/portalmf.com.br\/#website"},"primaryImageOfPage":{"@id":"https:\/\/portalmf.com.br\/index.php\/2024\/09\/07\/maior-caminhada-da-campanha-de-jose-ronaldo-leva-multidao-as-ruas-da-queimadinha-com-a-presenca-de-oh-polemico\/#primaryimage"},"image":{"@id":"https:\/\/portalmf.com.br\/index.php\/2024\/09\/07\/maior-caminhada-da-campanha-de-jose-ronaldo-leva-multidao-as-ruas-da-queimadinha-com-a-presenca-de-oh-polemico\/#primaryimage"},"thumbnailUrl":"https:\/\/portalmf.com.br\/wp-content\/uploads\/2024\/09\/Maior-caminhada-da-campanha-de-Jose-Ronaldo-leva-multidao-as-ruas-da-Queimadinha-com-a-presenca-de-Oh-Polemico.jpg","datePublished":"2024-09-07T10:04:00+00:00","dateModified":"2024-09-09T21:05:01+00:00","author":{"@id":"https:\/\/portalmf.com.br\/#\/schema\/person\/9ec101baf56233e53520c26de5d6f6f0"},"breadcrumb":{"@id":"https:\/\/portalmf.com.br\/index.php\/2024\/09\/07\/maior-caminhada-da-campanha-de-jose-ronaldo-leva-multidao-as-ruas-da-queimadinha-com-a-presenca-de-oh-polemico\/#breadcrumb"},"inLanguage":"pt-BR","potentialAction":[{"@type":"ReadAction","target":["https:\/\/portalmf.com.br\/index.php\/2024\/09\/07\/maior-caminhada-da-campanha-de-jose-ronaldo-leva-multidao-as-ruas-da-queimadinha-com-a-presenca-de-oh-polemico\/"]}]},{"@type":"ImageObject","inLanguage":"pt-BR","@id":"https:\/\/portalmf.com.br\/index.php\/2024\/09\/07\/maior-caminhada-da-campanha-de-jose-ronaldo-leva-multidao-as-ruas-da-queimadinha-com-a-presenca-de-oh-polemico\/#primaryimage","url":"https:\/\/portalmf.com.br\/wp-content\/uploads\/2024\/09\/Maior-caminhada-da-campanha-de-Jose-Ronaldo-leva-multidao-as-ruas-da-Queimadinha-com-a-presenca-de-Oh-Polemico.jpg","contentUrl":"https:\/\/portalmf.com.br\/wp-content\/uploads\/2024\/09\/Maior-caminhada-da-campanha-de-Jose-Ronaldo-leva-multidao-as-ruas-da-Queimadinha-com-a-presenca-de-Oh-Polemico.jpg","width":800,"height":620},{"@type":"BreadcrumbList","@id":"https:\/\/portalmf.com.br\/index.php\/2024\/09\/07\/maior-caminhada-da-campanha-de-jose-ronaldo-leva-multidao-as-ruas-da-queimadinha-com-a-presenca-de-oh-polemico\/#breadcrumb","itemListElement":[{"@type":"ListItem","position":1,"name":"In\u00edcio","item":"https:\/\/portalmf.com.br\/"},{"@type":"ListItem","position":2,"name":"Maior caminhada da campanha de Jos\u00e9 Ronaldo leva multid\u00e3o \u00e0s ruas da Queimadinha com a presen\u00e7a de Oh Pol\u00eamico"}]},{"@type":"WebSite","@id":"https:\/\/portalmf.com.br\/#website","url":"https:\/\/portalmf.com.br\/","name":"Portal MF","description":"Voc\u00ea conectado com a informa\u00e7\u00e3o","potentialAction":[{"@type":"SearchAction","target":{"@type":"EntryPoint","urlTemplate":"https:\/\/portalmf.com.br\/?s={search_term_string}"},"query-input":"required name=search_term_string"}],"inLanguage":"pt-BR"},{"@type":"Person","@id":"https:\/\/portalmf.com.br\/#\/schema\/person\/9ec101baf56233e53520c26de5d6f6f0","name":"Reda\u00e7\u00e3o Portal MF","image":{"@type":"ImageObject","inLanguage":"pt-BR","@id":"https:\/\/portalmf.com.br\/#\/schema\/person\/image\/","url":"https:\/\/secure.gravatar.com\/avatar\/41b9aaeb2100835f7c64362330f74c7f?s=96&d=mm&r=g","contentUrl":"https:\/\/secure.gravatar.com\/avatar\/41b9aaeb2100835f7c64362330f74c7f?s=96&d=mm&r=g","caption":"Reda\u00e7\u00e3o Portal MF"},"description":"Sejam bem-vindos o portal de informa\u00e7\u00f5es de entretenimento de Feira de Santana, desde 2006 realiza coberturas dos principais eventos com entrevistas exclusivas com as principais personalidades mundiais. Fique conectado tamb\u00e9m nas redes sociais.","sameAs":["http:\/\/www.portalmf.com.br\/","https:\/\/www.facebook.com\/portalmfoficial","https:\/\/www.instagram.com\/portalmf\/","https:\/\/x.com\/https:\/\/x.com\/portalmfoficial","https:\/\/www.youtube.com\/@portalmfoficial"],"url":"https:\/\/portalmf.com.br\/index.php\/author\/junior\/"}]}},"_links":{"self":[{"href":"https:\/\/portalmf.com.br\/index.php\/wp-json\/wp\/v2\/posts\/29494"}],"collection":[{"href":"https:\/\/portalmf.com.br\/index.php\/wp-json\/wp\/v2\/posts"}],"about":[{"href":"https:\/\/portalmf.com.br\/index.php\/wp-json\/wp\/v2\/types\/post"}],"author":[{"embeddable":true,"href":"https:\/\/portalmf.com.br\/index.php\/wp-json\/wp\/v2\/users\/3"}],"replies":[{"embeddable":true,"href":"https:\/\/portalmf.com.br\/index.php\/wp-json\/wp\/v2\/comments?post=29494"}],"version-history":[{"count":1,"href":"https:\/\/portalmf.com.br\/index.php\/wp-json\/wp\/v2\/posts\/29494\/revisions"}],"predecessor-version":[{"id":29497,"href":"https:\/\/portalmf.com.br\/index.php\/wp-json\/wp\/v2\/posts\/29494\/revisions\/29497"}],"wp:featuredmedia":[{"embeddable":true,"href":"https:\/\/portalmf.com.br\/index.php\/wp-json\/wp\/v2\/media\/29495"}],"wp:attachment":[{"href":"https:\/\/portalmf.com.br\/index.php\/wp-json\/wp\/v2\/media?parent=29494"}],"wp:term":[{"taxonomy":"category","embeddable":true,"href":"https:\/\/portalmf.com.br\/index.php\/wp-json\/wp\/v2\/categories?post=29494"},{"taxonomy":"post_tag","embeddable":true,"href":"https:\/\/portalmf.com.br\/index.php\/wp-json\/wp\/v2\/tags?post=29494"}],"curies":[{"name":"wp","href":"https:\/\/api.w.org\/{rel}","templated":true}]}}