{"id":29491,"date":"2024-09-06T08:20:00","date_gmt":"2024-09-06T11:20:00","guid":{"rendered":"https:\/\/portalmf.com.br\/?p=29491"},"modified":"2024-09-09T17:30:49","modified_gmt":"2024-09-09T20:30:49","slug":"jose-ronaldo-vai-construir-creches-em-todos-os-distritos-de-feira-de-santana","status":"publish","type":"post","link":"https:\/\/portalmf.com.br\/index.php\/2024\/09\/06\/jose-ronaldo-vai-construir-creches-em-todos-os-distritos-de-feira-de-santana\/","title":{"rendered":"Jos\u00e9 Ronaldo vai construir creches em todos os distritos de Feira de Santana"},"content":{"rendered":"\n<p>Em uma caminhada pelo bairro Feira X, ontem (5), o candidato a prefeito de Feira de Santana, Jos\u00e9 Ronaldo (Uni\u00e3o Brasil), reafirmou seu compromisso com a educa\u00e7\u00e3o ao anunciar a constru\u00e7\u00e3o de creches p\u00fablicas em todos os distritos e bairros perif\u00e9ricos da cidade, caso seja eleito em outubro. Acompanhado por seu candidato a vice, Pablo Roberto (PSDB), al\u00e9m de candidatos a vereador e moradores locais, Jos\u00e9 Ronaldo percorreu as ruas do conjunto, recebendo o apoio dos moradores, que demonstraram confian\u00e7a em sua candidatura.<\/p>\n\n\n\n<p>Durante o evento, Jos\u00e9 Ronaldo destacou a import\u00e2ncia de avan\u00e7ar na oferta de creches municipais, mencionando obras j\u00e1 em andamento que necessitam de aten\u00e7\u00e3o. &#8220;Feira de Santana avan\u00e7ou muito nessa quest\u00e3o, mas \u00e9 preciso continuar fazendo mais&#8221;, afirmou o candidato. Ele mencionou tr\u00eas exemplos de creches com obras paralisadas: uma no condom\u00ednio Minha Casa Minha Vida, na Asa Branca, outra no loteamento Nova Am\u00e9rica, no bairro Suba\u00e9, e uma terceira no Feira VII. <em>&#8220;Essas obras est\u00e3o paradas e vamos \u00e0 Bras\u00edlia para resolver a situa\u00e7\u00e3o. Se necess\u00e1rio, pediremos que as obras sejam repassadas ao munic\u00edpio para que possamos conclu\u00ed-las&#8221;<\/em>, explicou.<\/p>\n\n\n\n<p>Jos\u00e9 Ronaldo refor\u00e7ou que seu objetivo \u00e9 garantir que todos os distritos de Feira de Santana contem com, pelo menos, uma creche, atendendo \u00e0 necessidade crescente de fam\u00edlias que dependem do servi\u00e7o para a educa\u00e7\u00e3o e cuidado de suas crian\u00e7as.<em> &#8220;Temos creches em S\u00e3o Jos\u00e9 e Humildes, mas ainda faltam em regi\u00f5es como Vila S\u00e3o Jos\u00e9, Vistosa, km 7 e Bonfim de Feira&#8221;,<\/em> destacou o candidato, ressaltando que o bairro George Am\u00e9rico, apesar da demanda, enfrenta problemas relacionados \u00e0 falta de terrenos dispon\u00edveis para novas constru\u00e7\u00f5es.<\/p>\n\n\n\n<p>O compromisso com a educa\u00e7\u00e3o infantil ser\u00e1, segundo Jos\u00e9 Ronaldo, uma das prioridades de sua gest\u00e3o, caso seja eleito. <\/p>\n\n\n\n<p><em>&#8220;Nossa meta \u00e9 ampliar o acesso \u00e0s creches, garantindo que cada distrito tenha uma unidade, porque sabemos da import\u00e2ncia desse servi\u00e7o para as fam\u00edlias e para o desenvolvimento das crian\u00e7as&#8221;,<\/em> concluiu o candidato, refor\u00e7ando seu compromisso de que a educa\u00e7\u00e3o ser\u00e1 uma das bandeiras centrais de seu mandato.<\/p>\n\n\n\n<p>Com informa\u00e7\u00f5es Ascom\/Jos\u00e9 Ronaldo<\/p>\n","protected":false},"excerpt":{"rendered":"<p>Em uma caminhada pelo bairro Feira X, ontem (5), o candidato a prefeito de Feira de Santana, Jos\u00e9 Ronaldo (Uni\u00e3o Brasil), reafirmou seu compromisso com a educa\u00e7\u00e3o ao anunciar a constru\u00e7\u00e3o de creches p\u00fablicas em todos os distritos e bairros perif\u00e9ricos da cidade, caso seja eleito em outubro. Acompanhado por seu candidato a vice, Pablo [&hellip;]<\/p>\n","protected":false},"author":3,"featured_media":29492,"comment_status":"open","ping_status":"open","sticky":false,"template":"","format":"standard","meta":{"_monsterinsights_skip_tracking":false,"_monsterinsights_sitenote_active":false,"_monsterinsights_sitenote_note":"","_monsterinsights_sitenote_category":0,"footnotes":""},"categories":[301,34],"tags":[],"yoast_head":"<!-- This site is optimized with the Yoast SEO plugin v22.9 - https:\/\/yoast.com\/wordpress\/plugins\/seo\/ -->\n<title>Jos\u00e9 Ronaldo vai construir creches em todos os distritos de Feira de Santana - Portal MF<\/title>\n<meta name=\"robots\" content=\"index, follow, max-snippet:-1, max-image-preview:large, max-video-preview:-1\" \/>\n<link rel=\"canonical\" href=\"https:\/\/portalmf.com.br\/index.php\/2024\/09\/06\/jose-ronaldo-vai-construir-creches-em-todos-os-distritos-de-feira-de-santana\/\" \/>\n<meta property=\"og:locale\" content=\"pt_BR\" \/>\n<meta property=\"og:type\" content=\"article\" \/>\n<meta property=\"og:title\" content=\"Jos\u00e9 Ronaldo vai construir creches em todos os distritos de Feira de Santana - Portal MF\" \/>\n<meta property=\"og:description\" content=\"Em uma caminhada pelo bairro Feira X, ontem (5), o candidato a prefeito de Feira de Santana, Jos\u00e9 Ronaldo (Uni\u00e3o Brasil), reafirmou seu compromisso com a educa\u00e7\u00e3o ao anunciar a constru\u00e7\u00e3o de creches p\u00fablicas em todos os distritos e bairros perif\u00e9ricos da cidade, caso seja eleito em outubro. Acompanhado por seu candidato a vice, Pablo [&hellip;]\" \/>\n<meta property=\"og:url\" content=\"https:\/\/portalmf.com.br\/index.php\/2024\/09\/06\/jose-ronaldo-vai-construir-creches-em-todos-os-distritos-de-feira-de-santana\/\" \/>\n<meta property=\"og:site_name\" content=\"Portal MF\" \/>\n<meta property=\"article:author\" content=\"https:\/\/www.facebook.com\/portalmfoficial\" \/>\n<meta property=\"article:published_time\" content=\"2024-09-06T11:20:00+00:00\" \/>\n<meta property=\"article:modified_time\" content=\"2024-09-09T20:30:49+00:00\" \/>\n<meta property=\"og:image\" content=\"https:\/\/portalmf.com.br\/wp-content\/uploads\/2024\/09\/Jose-Ronaldo-vai-construir-creches-em-todos-os-distritos-de-Feira-de-Santana.jpg\" \/>\n\t<meta property=\"og:image:width\" content=\"800\" \/>\n\t<meta property=\"og:image:height\" content=\"600\" \/>\n\t<meta property=\"og:image:type\" content=\"image\/jpeg\" \/>\n<meta name=\"author\" content=\"Reda\u00e7\u00e3o Portal MF\" \/>\n<meta name=\"twitter:card\" content=\"summary_large_image\" \/>\n<meta name=\"twitter:creator\" content=\"@https:\/\/x.com\/portalmfoficial\" \/>\n<meta name=\"twitter:label1\" content=\"Escrito por\" \/>\n\t<meta name=\"twitter:data1\" content=\"Reda\u00e7\u00e3o Portal MF\" \/>\n\t<meta name=\"twitter:label2\" content=\"Est. tempo de leitura\" \/>\n\t<meta name=\"twitter:data2\" content=\"3 minutos\" \/>\n<script type=\"application\/ld+json\" class=\"yoast-schema-graph\">{\"@context\":\"https:\/\/schema.org\",\"@graph\":[{\"@type\":\"WebPage\",\"@id\":\"https:\/\/portalmf.com.br\/index.php\/2024\/09\/06\/jose-ronaldo-vai-construir-creches-em-todos-os-distritos-de-feira-de-santana\/\",\"url\":\"https:\/\/portalmf.com.br\/index.php\/2024\/09\/06\/jose-ronaldo-vai-construir-creches-em-todos-os-distritos-de-feira-de-santana\/\",\"name\":\"Jos\u00e9 Ronaldo vai construir creches em todos os distritos de Feira de Santana - Portal MF\",\"isPartOf\":{\"@id\":\"https:\/\/portalmf.com.br\/#website\"},\"primaryImageOfPage\":{\"@id\":\"https:\/\/portalmf.com.br\/index.php\/2024\/09\/06\/jose-ronaldo-vai-construir-creches-em-todos-os-distritos-de-feira-de-santana\/#primaryimage\"},\"image\":{\"@id\":\"https:\/\/portalmf.com.br\/index.php\/2024\/09\/06\/jose-ronaldo-vai-construir-creches-em-todos-os-distritos-de-feira-de-santana\/#primaryimage\"},\"thumbnailUrl\":\"https:\/\/portalmf.com.br\/wp-content\/uploads\/2024\/09\/Jose-Ronaldo-vai-construir-creches-em-todos-os-distritos-de-Feira-de-Santana.jpg\",\"datePublished\":\"2024-09-06T11:20:00+00:00\",\"dateModified\":\"2024-09-09T20:30:49+00:00\",\"author\":{\"@id\":\"https:\/\/portalmf.com.br\/#\/schema\/person\/9ec101baf56233e53520c26de5d6f6f0\"},\"breadcrumb\":{\"@id\":\"https:\/\/portalmf.com.br\/index.php\/2024\/09\/06\/jose-ronaldo-vai-construir-creches-em-todos-os-distritos-de-feira-de-santana\/#breadcrumb\"},\"inLanguage\":\"pt-BR\",\"potentialAction\":[{\"@type\":\"ReadAction\",\"target\":[\"https:\/\/portalmf.com.br\/index.php\/2024\/09\/06\/jose-ronaldo-vai-construir-creches-em-todos-os-distritos-de-feira-de-santana\/\"]}]},{\"@type\":\"ImageObject\",\"inLanguage\":\"pt-BR\",\"@id\":\"https:\/\/portalmf.com.br\/index.php\/2024\/09\/06\/jose-ronaldo-vai-construir-creches-em-todos-os-distritos-de-feira-de-santana\/#primaryimage\",\"url\":\"https:\/\/portalmf.com.br\/wp-content\/uploads\/2024\/09\/Jose-Ronaldo-vai-construir-creches-em-todos-os-distritos-de-Feira-de-Santana.jpg\",\"contentUrl\":\"https:\/\/portalmf.com.br\/wp-content\/uploads\/2024\/09\/Jose-Ronaldo-vai-construir-creches-em-todos-os-distritos-de-Feira-de-Santana.jpg\",\"width\":800,\"height\":600},{\"@type\":\"BreadcrumbList\",\"@id\":\"https:\/\/portalmf.com.br\/index.php\/2024\/09\/06\/jose-ronaldo-vai-construir-creches-em-todos-os-distritos-de-feira-de-santana\/#breadcrumb\",\"itemListElement\":[{\"@type\":\"ListItem\",\"position\":1,\"name\":\"In\u00edcio\",\"item\":\"https:\/\/portalmf.com.br\/\"},{\"@type\":\"ListItem\",\"position\":2,\"name\":\"Jos\u00e9 Ronaldo vai construir creches em todos os distritos de Feira de Santana\"}]},{\"@type\":\"WebSite\",\"@id\":\"https:\/\/portalmf.com.br\/#website\",\"url\":\"https:\/\/portalmf.com.br\/\",\"name\":\"Portal MF\",\"description\":\"Voc\u00ea conectado com a informa\u00e7\u00e3o\",\"potentialAction\":[{\"@type\":\"SearchAction\",\"target\":{\"@type\":\"EntryPoint\",\"urlTemplate\":\"https:\/\/portalmf.com.br\/?s={search_term_string}\"},\"query-input\":\"required name=search_term_string\"}],\"inLanguage\":\"pt-BR\"},{\"@type\":\"Person\",\"@id\":\"https:\/\/portalmf.com.br\/#\/schema\/person\/9ec101baf56233e53520c26de5d6f6f0\",\"name\":\"Reda\u00e7\u00e3o Portal MF\",\"image\":{\"@type\":\"ImageObject\",\"inLanguage\":\"pt-BR\",\"@id\":\"https:\/\/portalmf.com.br\/#\/schema\/person\/image\/\",\"url\":\"https:\/\/secure.gravatar.com\/avatar\/41b9aaeb2100835f7c64362330f74c7f?s=96&d=mm&r=g\",\"contentUrl\":\"https:\/\/secure.gravatar.com\/avatar\/41b9aaeb2100835f7c64362330f74c7f?s=96&d=mm&r=g\",\"caption\":\"Reda\u00e7\u00e3o Portal MF\"},\"description\":\"Sejam bem-vindos o portal de informa\u00e7\u00f5es de entretenimento de Feira de Santana, desde 2006 realiza coberturas dos principais eventos com entrevistas exclusivas com as principais personalidades mundiais. Fique conectado tamb\u00e9m nas redes sociais.\",\"sameAs\":[\"http:\/\/www.portalmf.com.br\/\",\"https:\/\/www.facebook.com\/portalmfoficial\",\"https:\/\/www.instagram.com\/portalmf\/\",\"https:\/\/x.com\/https:\/\/x.com\/portalmfoficial\",\"https:\/\/www.youtube.com\/@portalmfoficial\"],\"url\":\"https:\/\/portalmf.com.br\/index.php\/author\/junior\/\"}]}<\/script>\n<!-- \/ Yoast SEO plugin. -->","yoast_head_json":{"title":"Jos\u00e9 Ronaldo vai construir creches em todos os distritos de Feira de Santana - Portal MF","robots":{"index":"index","follow":"follow","max-snippet":"max-snippet:-1","max-image-preview":"max-image-preview:large","max-video-preview":"max-video-preview:-1"},"canonical":"https:\/\/portalmf.com.br\/index.php\/2024\/09\/06\/jose-ronaldo-vai-construir-creches-em-todos-os-distritos-de-feira-de-santana\/","og_locale":"pt_BR","og_type":"article","og_title":"Jos\u00e9 Ronaldo vai construir creches em todos os distritos de Feira de Santana - Portal MF","og_description":"Em uma caminhada pelo bairro Feira X, ontem (5), o candidato a prefeito de Feira de Santana, Jos\u00e9 Ronaldo (Uni\u00e3o Brasil), reafirmou seu compromisso com a educa\u00e7\u00e3o ao anunciar a constru\u00e7\u00e3o de creches p\u00fablicas em todos os distritos e bairros perif\u00e9ricos da cidade, caso seja eleito em outubro. Acompanhado por seu candidato a vice, Pablo [&hellip;]","og_url":"https:\/\/portalmf.com.br\/index.php\/2024\/09\/06\/jose-ronaldo-vai-construir-creches-em-todos-os-distritos-de-feira-de-santana\/","og_site_name":"Portal MF","article_author":"https:\/\/www.facebook.com\/portalmfoficial","article_published_time":"2024-09-06T11:20:00+00:00","article_modified_time":"2024-09-09T20:30:49+00:00","og_image":[{"width":800,"height":600,"url":"https:\/\/portalmf.com.br\/wp-content\/uploads\/2024\/09\/Jose-Ronaldo-vai-construir-creches-em-todos-os-distritos-de-Feira-de-Santana.jpg","type":"image\/jpeg"}],"author":"Reda\u00e7\u00e3o Portal MF","twitter_card":"summary_large_image","twitter_creator":"@https:\/\/x.com\/portalmfoficial","twitter_misc":{"Escrito por":"Reda\u00e7\u00e3o Portal MF","Est. tempo de leitura":"3 minutos"},"schema":{"@context":"https:\/\/schema.org","@graph":[{"@type":"WebPage","@id":"https:\/\/portalmf.com.br\/index.php\/2024\/09\/06\/jose-ronaldo-vai-construir-creches-em-todos-os-distritos-de-feira-de-santana\/","url":"https:\/\/portalmf.com.br\/index.php\/2024\/09\/06\/jose-ronaldo-vai-construir-creches-em-todos-os-distritos-de-feira-de-santana\/","name":"Jos\u00e9 Ronaldo vai construir creches em todos os distritos de Feira de Santana - Portal MF","isPartOf":{"@id":"https:\/\/portalmf.com.br\/#website"},"primaryImageOfPage":{"@id":"https:\/\/portalmf.com.br\/index.php\/2024\/09\/06\/jose-ronaldo-vai-construir-creches-em-todos-os-distritos-de-feira-de-santana\/#primaryimage"},"image":{"@id":"https:\/\/portalmf.com.br\/index.php\/2024\/09\/06\/jose-ronaldo-vai-construir-creches-em-todos-os-distritos-de-feira-de-santana\/#primaryimage"},"thumbnailUrl":"https:\/\/portalmf.com.br\/wp-content\/uploads\/2024\/09\/Jose-Ronaldo-vai-construir-creches-em-todos-os-distritos-de-Feira-de-Santana.jpg","datePublished":"2024-09-06T11:20:00+00:00","dateModified":"2024-09-09T20:30:49+00:00","author":{"@id":"https:\/\/portalmf.com.br\/#\/schema\/person\/9ec101baf56233e53520c26de5d6f6f0"},"breadcrumb":{"@id":"https:\/\/portalmf.com.br\/index.php\/2024\/09\/06\/jose-ronaldo-vai-construir-creches-em-todos-os-distritos-de-feira-de-santana\/#breadcrumb"},"inLanguage":"pt-BR","potentialAction":[{"@type":"ReadAction","target":["https:\/\/portalmf.com.br\/index.php\/2024\/09\/06\/jose-ronaldo-vai-construir-creches-em-todos-os-distritos-de-feira-de-santana\/"]}]},{"@type":"ImageObject","inLanguage":"pt-BR","@id":"https:\/\/portalmf.com.br\/index.php\/2024\/09\/06\/jose-ronaldo-vai-construir-creches-em-todos-os-distritos-de-feira-de-santana\/#primaryimage","url":"https:\/\/portalmf.com.br\/wp-content\/uploads\/2024\/09\/Jose-Ronaldo-vai-construir-creches-em-todos-os-distritos-de-Feira-de-Santana.jpg","contentUrl":"https:\/\/portalmf.com.br\/wp-content\/uploads\/2024\/09\/Jose-Ronaldo-vai-construir-creches-em-todos-os-distritos-de-Feira-de-Santana.jpg","width":800,"height":600},{"@type":"BreadcrumbList","@id":"https:\/\/portalmf.com.br\/index.php\/2024\/09\/06\/jose-ronaldo-vai-construir-creches-em-todos-os-distritos-de-feira-de-santana\/#breadcrumb","itemListElement":[{"@type":"ListItem","position":1,"name":"In\u00edcio","item":"https:\/\/portalmf.com.br\/"},{"@type":"ListItem","position":2,"name":"Jos\u00e9 Ronaldo vai construir creches em todos os distritos de Feira de Santana"}]},{"@type":"WebSite","@id":"https:\/\/portalmf.com.br\/#website","url":"https:\/\/portalmf.com.br\/","name":"Portal MF","description":"Voc\u00ea conectado com a informa\u00e7\u00e3o","potentialAction":[{"@type":"SearchAction","target":{"@type":"EntryPoint","urlTemplate":"https:\/\/portalmf.com.br\/?s={search_term_string}"},"query-input":"required name=search_term_string"}],"inLanguage":"pt-BR"},{"@type":"Person","@id":"https:\/\/portalmf.com.br\/#\/schema\/person\/9ec101baf56233e53520c26de5d6f6f0","name":"Reda\u00e7\u00e3o Portal MF","image":{"@type":"ImageObject","inLanguage":"pt-BR","@id":"https:\/\/portalmf.com.br\/#\/schema\/person\/image\/","url":"https:\/\/secure.gravatar.com\/avatar\/41b9aaeb2100835f7c64362330f74c7f?s=96&d=mm&r=g","contentUrl":"https:\/\/secure.gravatar.com\/avatar\/41b9aaeb2100835f7c64362330f74c7f?s=96&d=mm&r=g","caption":"Reda\u00e7\u00e3o Portal MF"},"description":"Sejam bem-vindos o portal de informa\u00e7\u00f5es de entretenimento de Feira de Santana, desde 2006 realiza coberturas dos principais eventos com entrevistas exclusivas com as principais personalidades mundiais. Fique conectado tamb\u00e9m nas redes sociais.","sameAs":["http:\/\/www.portalmf.com.br\/","https:\/\/www.facebook.com\/portalmfoficial","https:\/\/www.instagram.com\/portalmf\/","https:\/\/x.com\/https:\/\/x.com\/portalmfoficial","https:\/\/www.youtube.com\/@portalmfoficial"],"url":"https:\/\/portalmf.com.br\/index.php\/author\/junior\/"}]}},"_links":{"self":[{"href":"https:\/\/portalmf.com.br\/index.php\/wp-json\/wp\/v2\/posts\/29491"}],"collection":[{"href":"https:\/\/portalmf.com.br\/index.php\/wp-json\/wp\/v2\/posts"}],"about":[{"href":"https:\/\/portalmf.com.br\/index.php\/wp-json\/wp\/v2\/types\/post"}],"author":[{"embeddable":true,"href":"https:\/\/portalmf.com.br\/index.php\/wp-json\/wp\/v2\/users\/3"}],"replies":[{"embeddable":true,"href":"https:\/\/portalmf.com.br\/index.php\/wp-json\/wp\/v2\/comments?post=29491"}],"version-history":[{"count":1,"href":"https:\/\/portalmf.com.br\/index.php\/wp-json\/wp\/v2\/posts\/29491\/revisions"}],"predecessor-version":[{"id":29493,"href":"https:\/\/portalmf.com.br\/index.php\/wp-json\/wp\/v2\/posts\/29491\/revisions\/29493"}],"wp:featuredmedia":[{"embeddable":true,"href":"https:\/\/portalmf.com.br\/index.php\/wp-json\/wp\/v2\/media\/29492"}],"wp:attachment":[{"href":"https:\/\/portalmf.com.br\/index.php\/wp-json\/wp\/v2\/media?parent=29491"}],"wp:term":[{"taxonomy":"category","embeddable":true,"href":"https:\/\/portalmf.com.br\/index.php\/wp-json\/wp\/v2\/categories?post=29491"},{"taxonomy":"post_tag","embeddable":true,"href":"https:\/\/portalmf.com.br\/index.php\/wp-json\/wp\/v2\/tags?post=29491"}],"curies":[{"name":"wp","href":"https:\/\/api.w.org\/{rel}","templated":true}]}}