{"id":29477,"date":"2024-09-07T17:08:26","date_gmt":"2024-09-07T20:08:26","guid":{"rendered":"https:\/\/portalmf.com.br\/?p=29477"},"modified":"2024-09-09T18:06:46","modified_gmt":"2024-09-09T21:06:46","slug":"ze-neto-participa-do-30-grito-dos-excluidos-e-excluidas-em-feira-esperanca-de-dias-melhores","status":"publish","type":"post","link":"https:\/\/portalmf.com.br\/index.php\/2024\/09\/07\/ze-neto-participa-do-30-grito-dos-excluidos-e-excluidas-em-feira-esperanca-de-dias-melhores\/","title":{"rendered":"Z\u00e9 Neto participa do 30\u00b0 Grito dos Exclu\u00eddos e Exclu\u00eddas em Feira: \u2018Esperan\u00e7a de dias melhores\u2019"},"content":{"rendered":"\n<p>Candidato a prefeito da coliga\u00e7\u00e3o Pra Fazer o Futuro Acontecer, Z\u00e9 Neto participou na manh\u00e3 deste s\u00e1bado (7), feriado da Independ\u00eancia do Brasil, do 30\u00b0 Grito dos Exclu\u00eddos e Exclu\u00eddas em Feira de Santana. O tema deste ano foi \u201c30 anos de resist\u00eancia: vida em primeiro lugar\u201d.<\/p>\n\n\n\n<p>Mantendo a tradi\u00e7\u00e3o, Z\u00e9 Neto, que estava acompanhado da secret\u00e1ria de Sa\u00fade da Bahia, Roberta Santana, do ex-vereador, militante hist\u00f3rico do PT e professor Marialvo Barreto, de centenas de lideran\u00e7as de movimentos sociais, populares e organiza\u00e7\u00f5es sindicais do campo e da cidade, percorreu todo o trajeto do desfile c\u00edvico, na Avenida Presidente Dutra, no Centro. Para ele, o Grito dos Exclu\u00eddos(as) \u00e9 a esperan\u00e7a de dias melhores para a popula\u00e7\u00e3o, especialmente de Feira, que sofre h\u00e1 24 anos com a gan\u00e2ncia de um grupo que administra a cidade.<\/p>\n\n\n\n<p><em>\u201cHoje, 7 de Setembro, \u00e9 o Dia da Independ\u00eancia e, para n\u00f3s, a luta pela democracia \u00e9 constante. O Grito dos Exclu\u00eddos e das Exclu\u00eddas traz para \u00e0s ruas, ainda que de maneira irreverente, as insatisfa\u00e7\u00f5es das comunidades tanto rurais como urbanas, a exemplo de Feira, que vem sofrendo h\u00e1 24 anos com a gan\u00e2ncia do grupo que administra nossa cidade, apontando solu\u00e7\u00f5es na esperan\u00e7a de dias melhores para nosso povo\u201c<\/em>, destacou.<\/p>\n\n\n\n<p>Com informa\u00e7\u00f5es da Ascom \/ Z\u00e9 Neto<\/p>\n","protected":false},"excerpt":{"rendered":"<p>Candidato a prefeito da coliga\u00e7\u00e3o Pra Fazer o Futuro Acontecer, Z\u00e9 Neto participou na manh\u00e3 deste s\u00e1bado (7), feriado da Independ\u00eancia do Brasil, do 30\u00b0 Grito dos Exclu\u00eddos e Exclu\u00eddas em Feira de Santana. O tema deste ano foi \u201c30 anos de resist\u00eancia: vida em primeiro lugar\u201d. Mantendo a tradi\u00e7\u00e3o, Z\u00e9 Neto, que estava acompanhado [&hellip;]<\/p>\n","protected":false},"author":3,"featured_media":29478,"comment_status":"open","ping_status":"open","sticky":false,"template":"","format":"standard","meta":{"_monsterinsights_skip_tracking":false,"_monsterinsights_sitenote_active":false,"_monsterinsights_sitenote_note":"","_monsterinsights_sitenote_category":0,"footnotes":""},"categories":[301,34],"tags":[],"yoast_head":"<!-- This site is optimized with the Yoast SEO plugin v22.9 - https:\/\/yoast.com\/wordpress\/plugins\/seo\/ -->\n<title>Z\u00e9 Neto participa do 30\u00b0 Grito dos Exclu\u00eddos e Exclu\u00eddas em Feira: \u2018Esperan\u00e7a de dias melhores\u2019 - Portal MF<\/title>\n<meta name=\"robots\" content=\"index, follow, max-snippet:-1, max-image-preview:large, max-video-preview:-1\" \/>\n<link rel=\"canonical\" href=\"https:\/\/portalmf.com.br\/index.php\/2024\/09\/07\/ze-neto-participa-do-30-grito-dos-excluidos-e-excluidas-em-feira-esperanca-de-dias-melhores\/\" \/>\n<meta property=\"og:locale\" content=\"pt_BR\" \/>\n<meta property=\"og:type\" content=\"article\" \/>\n<meta property=\"og:title\" content=\"Z\u00e9 Neto participa do 30\u00b0 Grito dos Exclu\u00eddos e Exclu\u00eddas em Feira: \u2018Esperan\u00e7a de dias melhores\u2019 - Portal MF\" \/>\n<meta property=\"og:description\" content=\"Candidato a prefeito da coliga\u00e7\u00e3o Pra Fazer o Futuro Acontecer, Z\u00e9 Neto participou na manh\u00e3 deste s\u00e1bado (7), feriado da Independ\u00eancia do Brasil, do 30\u00b0 Grito dos Exclu\u00eddos e Exclu\u00eddas em Feira de Santana. O tema deste ano foi \u201c30 anos de resist\u00eancia: vida em primeiro lugar\u201d. Mantendo a tradi\u00e7\u00e3o, Z\u00e9 Neto, que estava acompanhado [&hellip;]\" \/>\n<meta property=\"og:url\" content=\"https:\/\/portalmf.com.br\/index.php\/2024\/09\/07\/ze-neto-participa-do-30-grito-dos-excluidos-e-excluidas-em-feira-esperanca-de-dias-melhores\/\" \/>\n<meta property=\"og:site_name\" content=\"Portal MF\" \/>\n<meta property=\"article:author\" content=\"https:\/\/www.facebook.com\/portalmfoficial\" \/>\n<meta property=\"article:published_time\" content=\"2024-09-07T20:08:26+00:00\" \/>\n<meta property=\"article:modified_time\" content=\"2024-09-09T21:06:46+00:00\" \/>\n<meta property=\"og:image\" content=\"https:\/\/portalmf.com.br\/wp-content\/uploads\/2024\/09\/Ze-Neto-participa-do-30\u00b0-Grito-dos-Excluidos-e-Excluidas-em-Feira.jpg\" \/>\n\t<meta property=\"og:image:width\" content=\"800\" \/>\n\t<meta property=\"og:image:height\" content=\"533\" \/>\n\t<meta property=\"og:image:type\" content=\"image\/jpeg\" \/>\n<meta name=\"author\" content=\"Reda\u00e7\u00e3o Portal MF\" \/>\n<meta name=\"twitter:card\" content=\"summary_large_image\" \/>\n<meta name=\"twitter:creator\" content=\"@https:\/\/x.com\/portalmfoficial\" \/>\n<meta name=\"twitter:label1\" content=\"Escrito por\" \/>\n\t<meta name=\"twitter:data1\" content=\"Reda\u00e7\u00e3o Portal MF\" \/>\n\t<meta name=\"twitter:label2\" content=\"Est. tempo de leitura\" \/>\n\t<meta name=\"twitter:data2\" content=\"2 minutos\" \/>\n<script type=\"application\/ld+json\" class=\"yoast-schema-graph\">{\"@context\":\"https:\/\/schema.org\",\"@graph\":[{\"@type\":\"WebPage\",\"@id\":\"https:\/\/portalmf.com.br\/index.php\/2024\/09\/07\/ze-neto-participa-do-30-grito-dos-excluidos-e-excluidas-em-feira-esperanca-de-dias-melhores\/\",\"url\":\"https:\/\/portalmf.com.br\/index.php\/2024\/09\/07\/ze-neto-participa-do-30-grito-dos-excluidos-e-excluidas-em-feira-esperanca-de-dias-melhores\/\",\"name\":\"Z\u00e9 Neto participa do 30\u00b0 Grito dos Exclu\u00eddos e Exclu\u00eddas em Feira: \u2018Esperan\u00e7a de dias melhores\u2019 - Portal MF\",\"isPartOf\":{\"@id\":\"https:\/\/portalmf.com.br\/#website\"},\"primaryImageOfPage\":{\"@id\":\"https:\/\/portalmf.com.br\/index.php\/2024\/09\/07\/ze-neto-participa-do-30-grito-dos-excluidos-e-excluidas-em-feira-esperanca-de-dias-melhores\/#primaryimage\"},\"image\":{\"@id\":\"https:\/\/portalmf.com.br\/index.php\/2024\/09\/07\/ze-neto-participa-do-30-grito-dos-excluidos-e-excluidas-em-feira-esperanca-de-dias-melhores\/#primaryimage\"},\"thumbnailUrl\":\"https:\/\/portalmf.com.br\/wp-content\/uploads\/2024\/09\/Ze-Neto-participa-do-30\u00b0-Grito-dos-Excluidos-e-Excluidas-em-Feira.jpg\",\"datePublished\":\"2024-09-07T20:08:26+00:00\",\"dateModified\":\"2024-09-09T21:06:46+00:00\",\"author\":{\"@id\":\"https:\/\/portalmf.com.br\/#\/schema\/person\/9ec101baf56233e53520c26de5d6f6f0\"},\"breadcrumb\":{\"@id\":\"https:\/\/portalmf.com.br\/index.php\/2024\/09\/07\/ze-neto-participa-do-30-grito-dos-excluidos-e-excluidas-em-feira-esperanca-de-dias-melhores\/#breadcrumb\"},\"inLanguage\":\"pt-BR\",\"potentialAction\":[{\"@type\":\"ReadAction\",\"target\":[\"https:\/\/portalmf.com.br\/index.php\/2024\/09\/07\/ze-neto-participa-do-30-grito-dos-excluidos-e-excluidas-em-feira-esperanca-de-dias-melhores\/\"]}]},{\"@type\":\"ImageObject\",\"inLanguage\":\"pt-BR\",\"@id\":\"https:\/\/portalmf.com.br\/index.php\/2024\/09\/07\/ze-neto-participa-do-30-grito-dos-excluidos-e-excluidas-em-feira-esperanca-de-dias-melhores\/#primaryimage\",\"url\":\"https:\/\/portalmf.com.br\/wp-content\/uploads\/2024\/09\/Ze-Neto-participa-do-30\u00b0-Grito-dos-Excluidos-e-Excluidas-em-Feira.jpg\",\"contentUrl\":\"https:\/\/portalmf.com.br\/wp-content\/uploads\/2024\/09\/Ze-Neto-participa-do-30\u00b0-Grito-dos-Excluidos-e-Excluidas-em-Feira.jpg\",\"width\":800,\"height\":533},{\"@type\":\"BreadcrumbList\",\"@id\":\"https:\/\/portalmf.com.br\/index.php\/2024\/09\/07\/ze-neto-participa-do-30-grito-dos-excluidos-e-excluidas-em-feira-esperanca-de-dias-melhores\/#breadcrumb\",\"itemListElement\":[{\"@type\":\"ListItem\",\"position\":1,\"name\":\"In\u00edcio\",\"item\":\"https:\/\/portalmf.com.br\/\"},{\"@type\":\"ListItem\",\"position\":2,\"name\":\"Z\u00e9 Neto participa do 30\u00b0 Grito dos Exclu\u00eddos e Exclu\u00eddas em Feira: \u2018Esperan\u00e7a de dias melhores\u2019\"}]},{\"@type\":\"WebSite\",\"@id\":\"https:\/\/portalmf.com.br\/#website\",\"url\":\"https:\/\/portalmf.com.br\/\",\"name\":\"Portal MF\",\"description\":\"Voc\u00ea conectado com a informa\u00e7\u00e3o\",\"potentialAction\":[{\"@type\":\"SearchAction\",\"target\":{\"@type\":\"EntryPoint\",\"urlTemplate\":\"https:\/\/portalmf.com.br\/?s={search_term_string}\"},\"query-input\":\"required name=search_term_string\"}],\"inLanguage\":\"pt-BR\"},{\"@type\":\"Person\",\"@id\":\"https:\/\/portalmf.com.br\/#\/schema\/person\/9ec101baf56233e53520c26de5d6f6f0\",\"name\":\"Reda\u00e7\u00e3o Portal MF\",\"image\":{\"@type\":\"ImageObject\",\"inLanguage\":\"pt-BR\",\"@id\":\"https:\/\/portalmf.com.br\/#\/schema\/person\/image\/\",\"url\":\"https:\/\/secure.gravatar.com\/avatar\/41b9aaeb2100835f7c64362330f74c7f?s=96&d=mm&r=g\",\"contentUrl\":\"https:\/\/secure.gravatar.com\/avatar\/41b9aaeb2100835f7c64362330f74c7f?s=96&d=mm&r=g\",\"caption\":\"Reda\u00e7\u00e3o Portal MF\"},\"description\":\"Sejam bem-vindos o portal de informa\u00e7\u00f5es de entretenimento de Feira de Santana, desde 2006 realiza coberturas dos principais eventos com entrevistas exclusivas com as principais personalidades mundiais. Fique conectado tamb\u00e9m nas redes sociais.\",\"sameAs\":[\"http:\/\/www.portalmf.com.br\/\",\"https:\/\/www.facebook.com\/portalmfoficial\",\"https:\/\/www.instagram.com\/portalmf\/\",\"https:\/\/x.com\/https:\/\/x.com\/portalmfoficial\",\"https:\/\/www.youtube.com\/@portalmfoficial\"],\"url\":\"https:\/\/portalmf.com.br\/index.php\/author\/junior\/\"}]}<\/script>\n<!-- \/ Yoast SEO plugin. -->","yoast_head_json":{"title":"Z\u00e9 Neto participa do 30\u00b0 Grito dos Exclu\u00eddos e Exclu\u00eddas em Feira: \u2018Esperan\u00e7a de dias melhores\u2019 - Portal MF","robots":{"index":"index","follow":"follow","max-snippet":"max-snippet:-1","max-image-preview":"max-image-preview:large","max-video-preview":"max-video-preview:-1"},"canonical":"https:\/\/portalmf.com.br\/index.php\/2024\/09\/07\/ze-neto-participa-do-30-grito-dos-excluidos-e-excluidas-em-feira-esperanca-de-dias-melhores\/","og_locale":"pt_BR","og_type":"article","og_title":"Z\u00e9 Neto participa do 30\u00b0 Grito dos Exclu\u00eddos e Exclu\u00eddas em Feira: \u2018Esperan\u00e7a de dias melhores\u2019 - Portal MF","og_description":"Candidato a prefeito da coliga\u00e7\u00e3o Pra Fazer o Futuro Acontecer, Z\u00e9 Neto participou na manh\u00e3 deste s\u00e1bado (7), feriado da Independ\u00eancia do Brasil, do 30\u00b0 Grito dos Exclu\u00eddos e Exclu\u00eddas em Feira de Santana. O tema deste ano foi \u201c30 anos de resist\u00eancia: vida em primeiro lugar\u201d. Mantendo a tradi\u00e7\u00e3o, Z\u00e9 Neto, que estava acompanhado [&hellip;]","og_url":"https:\/\/portalmf.com.br\/index.php\/2024\/09\/07\/ze-neto-participa-do-30-grito-dos-excluidos-e-excluidas-em-feira-esperanca-de-dias-melhores\/","og_site_name":"Portal MF","article_author":"https:\/\/www.facebook.com\/portalmfoficial","article_published_time":"2024-09-07T20:08:26+00:00","article_modified_time":"2024-09-09T21:06:46+00:00","og_image":[{"width":800,"height":533,"url":"https:\/\/portalmf.com.br\/wp-content\/uploads\/2024\/09\/Ze-Neto-participa-do-30\u00b0-Grito-dos-Excluidos-e-Excluidas-em-Feira.jpg","type":"image\/jpeg"}],"author":"Reda\u00e7\u00e3o Portal MF","twitter_card":"summary_large_image","twitter_creator":"@https:\/\/x.com\/portalmfoficial","twitter_misc":{"Escrito por":"Reda\u00e7\u00e3o Portal MF","Est. tempo de leitura":"2 minutos"},"schema":{"@context":"https:\/\/schema.org","@graph":[{"@type":"WebPage","@id":"https:\/\/portalmf.com.br\/index.php\/2024\/09\/07\/ze-neto-participa-do-30-grito-dos-excluidos-e-excluidas-em-feira-esperanca-de-dias-melhores\/","url":"https:\/\/portalmf.com.br\/index.php\/2024\/09\/07\/ze-neto-participa-do-30-grito-dos-excluidos-e-excluidas-em-feira-esperanca-de-dias-melhores\/","name":"Z\u00e9 Neto participa do 30\u00b0 Grito dos Exclu\u00eddos e Exclu\u00eddas em Feira: \u2018Esperan\u00e7a de dias melhores\u2019 - Portal MF","isPartOf":{"@id":"https:\/\/portalmf.com.br\/#website"},"primaryImageOfPage":{"@id":"https:\/\/portalmf.com.br\/index.php\/2024\/09\/07\/ze-neto-participa-do-30-grito-dos-excluidos-e-excluidas-em-feira-esperanca-de-dias-melhores\/#primaryimage"},"image":{"@id":"https:\/\/portalmf.com.br\/index.php\/2024\/09\/07\/ze-neto-participa-do-30-grito-dos-excluidos-e-excluidas-em-feira-esperanca-de-dias-melhores\/#primaryimage"},"thumbnailUrl":"https:\/\/portalmf.com.br\/wp-content\/uploads\/2024\/09\/Ze-Neto-participa-do-30\u00b0-Grito-dos-Excluidos-e-Excluidas-em-Feira.jpg","datePublished":"2024-09-07T20:08:26+00:00","dateModified":"2024-09-09T21:06:46+00:00","author":{"@id":"https:\/\/portalmf.com.br\/#\/schema\/person\/9ec101baf56233e53520c26de5d6f6f0"},"breadcrumb":{"@id":"https:\/\/portalmf.com.br\/index.php\/2024\/09\/07\/ze-neto-participa-do-30-grito-dos-excluidos-e-excluidas-em-feira-esperanca-de-dias-melhores\/#breadcrumb"},"inLanguage":"pt-BR","potentialAction":[{"@type":"ReadAction","target":["https:\/\/portalmf.com.br\/index.php\/2024\/09\/07\/ze-neto-participa-do-30-grito-dos-excluidos-e-excluidas-em-feira-esperanca-de-dias-melhores\/"]}]},{"@type":"ImageObject","inLanguage":"pt-BR","@id":"https:\/\/portalmf.com.br\/index.php\/2024\/09\/07\/ze-neto-participa-do-30-grito-dos-excluidos-e-excluidas-em-feira-esperanca-de-dias-melhores\/#primaryimage","url":"https:\/\/portalmf.com.br\/wp-content\/uploads\/2024\/09\/Ze-Neto-participa-do-30\u00b0-Grito-dos-Excluidos-e-Excluidas-em-Feira.jpg","contentUrl":"https:\/\/portalmf.com.br\/wp-content\/uploads\/2024\/09\/Ze-Neto-participa-do-30\u00b0-Grito-dos-Excluidos-e-Excluidas-em-Feira.jpg","width":800,"height":533},{"@type":"BreadcrumbList","@id":"https:\/\/portalmf.com.br\/index.php\/2024\/09\/07\/ze-neto-participa-do-30-grito-dos-excluidos-e-excluidas-em-feira-esperanca-de-dias-melhores\/#breadcrumb","itemListElement":[{"@type":"ListItem","position":1,"name":"In\u00edcio","item":"https:\/\/portalmf.com.br\/"},{"@type":"ListItem","position":2,"name":"Z\u00e9 Neto participa do 30\u00b0 Grito dos Exclu\u00eddos e Exclu\u00eddas em Feira: \u2018Esperan\u00e7a de dias melhores\u2019"}]},{"@type":"WebSite","@id":"https:\/\/portalmf.com.br\/#website","url":"https:\/\/portalmf.com.br\/","name":"Portal MF","description":"Voc\u00ea conectado com a informa\u00e7\u00e3o","potentialAction":[{"@type":"SearchAction","target":{"@type":"EntryPoint","urlTemplate":"https:\/\/portalmf.com.br\/?s={search_term_string}"},"query-input":"required name=search_term_string"}],"inLanguage":"pt-BR"},{"@type":"Person","@id":"https:\/\/portalmf.com.br\/#\/schema\/person\/9ec101baf56233e53520c26de5d6f6f0","name":"Reda\u00e7\u00e3o Portal MF","image":{"@type":"ImageObject","inLanguage":"pt-BR","@id":"https:\/\/portalmf.com.br\/#\/schema\/person\/image\/","url":"https:\/\/secure.gravatar.com\/avatar\/41b9aaeb2100835f7c64362330f74c7f?s=96&d=mm&r=g","contentUrl":"https:\/\/secure.gravatar.com\/avatar\/41b9aaeb2100835f7c64362330f74c7f?s=96&d=mm&r=g","caption":"Reda\u00e7\u00e3o Portal MF"},"description":"Sejam bem-vindos o portal de informa\u00e7\u00f5es de entretenimento de Feira de Santana, desde 2006 realiza coberturas dos principais eventos com entrevistas exclusivas com as principais personalidades mundiais. Fique conectado tamb\u00e9m nas redes sociais.","sameAs":["http:\/\/www.portalmf.com.br\/","https:\/\/www.facebook.com\/portalmfoficial","https:\/\/www.instagram.com\/portalmf\/","https:\/\/x.com\/https:\/\/x.com\/portalmfoficial","https:\/\/www.youtube.com\/@portalmfoficial"],"url":"https:\/\/portalmf.com.br\/index.php\/author\/junior\/"}]}},"_links":{"self":[{"href":"https:\/\/portalmf.com.br\/index.php\/wp-json\/wp\/v2\/posts\/29477"}],"collection":[{"href":"https:\/\/portalmf.com.br\/index.php\/wp-json\/wp\/v2\/posts"}],"about":[{"href":"https:\/\/portalmf.com.br\/index.php\/wp-json\/wp\/v2\/types\/post"}],"author":[{"embeddable":true,"href":"https:\/\/portalmf.com.br\/index.php\/wp-json\/wp\/v2\/users\/3"}],"replies":[{"embeddable":true,"href":"https:\/\/portalmf.com.br\/index.php\/wp-json\/wp\/v2\/comments?post=29477"}],"version-history":[{"count":2,"href":"https:\/\/portalmf.com.br\/index.php\/wp-json\/wp\/v2\/posts\/29477\/revisions"}],"predecessor-version":[{"id":29499,"href":"https:\/\/portalmf.com.br\/index.php\/wp-json\/wp\/v2\/posts\/29477\/revisions\/29499"}],"wp:featuredmedia":[{"embeddable":true,"href":"https:\/\/portalmf.com.br\/index.php\/wp-json\/wp\/v2\/media\/29478"}],"wp:attachment":[{"href":"https:\/\/portalmf.com.br\/index.php\/wp-json\/wp\/v2\/media?parent=29477"}],"wp:term":[{"taxonomy":"category","embeddable":true,"href":"https:\/\/portalmf.com.br\/index.php\/wp-json\/wp\/v2\/categories?post=29477"},{"taxonomy":"post_tag","embeddable":true,"href":"https:\/\/portalmf.com.br\/index.php\/wp-json\/wp\/v2\/tags?post=29477"}],"curies":[{"name":"wp","href":"https:\/\/api.w.org\/{rel}","templated":true}]}}