{"id":2946,"date":"2022-08-12T09:50:59","date_gmt":"2022-08-12T12:50:59","guid":{"rendered":"http:\/\/portalmf.com.br\/?p=2946"},"modified":"2022-08-12T09:55:30","modified_gmt":"2022-08-12T12:55:30","slug":"morre-em-salvador-o-forrozeiro-zelito-miranda","status":"publish","type":"post","link":"https:\/\/portalmf.com.br\/index.php\/2022\/08\/12\/morre-em-salvador-o-forrozeiro-zelito-miranda\/","title":{"rendered":"Morre em Salvador o forrozeiro Zelito Miranda"},"content":{"rendered":"\n<p>\u00c9 com muita tristeza que a fam\u00edlia informa o falecimento do cantor Zelito Miranda (66 anos), na madrugada desta sexta-feira (12), v\u00edtima de problemas no pulm\u00e3o.<\/p>\n\n\n\n<p>O sepultamento acontece na tarde desta sexta-feira (12), \u00e0s 16h30, no cemit\u00e9rio Bosque da Paz.<\/p>\n\n\n\n<p>Hist\u00f3rico<\/p>\n\n\n\n<p>Diferente, irreverente e aut\u00eantica, foi assim que come\u00e7ou e foi assim que seguiu a carreira do forrozeiro Zelito Miranda, o Cabeludo, como era conhecido e como gostava de chamar os amigos.<\/p>\n\n\n\n<p>Nascido no munic\u00edpio de Serrinha, a 175km de Salvador, foi um artista multifacetado. Embora sua intimidade com o tri\u00e2ngulo tenha come\u00e7ado ainda na inf\u00e2ncia, aos oito anos de idade, Zelito trilhou por v\u00e1rios caminhos, das artes pl\u00e1sticas, ao teatro, ao cinema at\u00e9 chegar a m\u00fasica e ao forr\u00f3.<\/p>\n\n\n<div class=\"wp-block-image\">\n<figure class=\"alignleft size-large is-resized\"><img fetchpriority=\"high\" decoding=\"async\" src=\"http:\/\/portalmf.com.br\/wp-content\/uploads\/2022\/08\/IMG_20220812_095241-835x1024.jpg\" alt=\"\" class=\"wp-image-2953\" width=\"368\" height=\"451\" srcset=\"https:\/\/portalmf.com.br\/wp-content\/uploads\/2022\/08\/IMG_20220812_095241-835x1024.jpg 835w, https:\/\/portalmf.com.br\/wp-content\/uploads\/2022\/08\/IMG_20220812_095241-245x300.jpg 245w, https:\/\/portalmf.com.br\/wp-content\/uploads\/2022\/08\/IMG_20220812_095241-768x942.jpg 768w, https:\/\/portalmf.com.br\/wp-content\/uploads\/2022\/08\/IMG_20220812_095241-585x718.jpg 585w, https:\/\/portalmf.com.br\/wp-content\/uploads\/2022\/08\/IMG_20220812_095241.jpg 1080w\" sizes=\"(max-width: 368px) 100vw, 368px\" \/><\/figure><\/div>\n\n\n<p>Come\u00e7ou na m\u00fasica na m\u00fasica \u201cum pouco depois\u201d, aos 27 anos. Antes, fez parte da cultura alternativa de sua cidade, foi ator por 10 anos, \u00e9 escritor e flertou com a MPB, o rock e tocou no Novos B\u00e1rbaros, grupo que fez sucesso nos trios el\u00e9tricos na efervescente d\u00e9cada de 80 na capital baiana.<\/p>\n\n\n\n<p>Gravou o primeiro disco com um repert\u00f3rio daquilo que ele chama de MPN (M\u00fasica Popular Nordestina) mas os pedidos de shows e grava\u00e7\u00f5es em forr\u00f3 foram, aos poucos, fazendo com que o artista assumisse a heran\u00e7a de Gonzag\u00e3o como sua carreira.<\/p>\n\n\n\n<p>Dessa influ\u00eancia do rock, da MPB e da experi\u00eancia em trio el\u00e9trico, ficou conhecido como o \u201cRei do Forr\u00f3 Temperado\u201d, um som que preserva a sonoridade do g\u00eanero, mas se permite a novos instrumentos, arranjos e melodias.<\/p>\n\n\n\n<p>Pioneiro nos ensaios do g\u00eanero nordestino nas casas noturnas da capital baiana, h\u00e1 26 anos, o \u201cRei do forr\u00f3 temperado\u201d se dedicou a arte de misturar elementos do mais autentico forr\u00f3 p\u00e9-de-serra a o que h\u00e1 de mais moderno e cosmopolita.<\/p>\n\n\n\n<p>Com um DVD e 12 Cd\u2019s gravados, Zelito Miranda foi o grande anfitri\u00e3o do projeto que levou de janeiro a junho, milhares de pessoas ao Parque da Cidade.<\/p>\n\n\n\n<p>O \u201cForr\u00f3 no Parque com Zelito Miranda e convidados\u201d, tinha 12 anos e ocorria uma vez por m\u00eas, nas manh\u00e3s de domingo, com a participa\u00e7\u00e3o de v\u00e1rios artistas da m\u00fasica brasileira. Seu \u00faltimo palco foi o Pelourinho.<\/p>\n\n\n\n<p>Zelito faleceu com 40 anos de carreira e mais de 200 m\u00fasicas no curr\u00edculo, defendia cultura e a tradi\u00e7\u00e3o do forr\u00f3.<\/p>\n\n\n\n<p>Ele deixa a esposa Telma, maior parceira de sua vida, e as filhas Clarice, que espera a sua primeira neta, e Luiza.<\/p>\n","protected":false},"excerpt":{"rendered":"<p>\u00c9 com muita tristeza que a fam\u00edlia informa o falecimento do cantor Zelito Miranda (66 anos), na madrugada desta sexta-feira (12), v\u00edtima de problemas no pulm\u00e3o. O sepultamento acontece na tarde desta sexta-feira (12), \u00e0s 16h30, no cemit\u00e9rio Bosque da Paz. Hist\u00f3rico Diferente, irreverente e aut\u00eantica, foi assim que come\u00e7ou e foi assim que seguiu [&hellip;]<\/p>\n","protected":false},"author":2,"featured_media":2947,"comment_status":"open","ping_status":"open","sticky":false,"template":"","format":"standard","meta":{"_monsterinsights_skip_tracking":false,"_monsterinsights_sitenote_active":false,"_monsterinsights_sitenote_note":"","_monsterinsights_sitenote_category":0,"footnotes":""},"categories":[47,36],"tags":[],"yoast_head":"<!-- This site is optimized with the Yoast SEO plugin v22.9 - https:\/\/yoast.com\/wordpress\/plugins\/seo\/ -->\n<title>Morre em Salvador o forrozeiro Zelito Miranda - Portal MF<\/title>\n<meta name=\"robots\" content=\"index, follow, max-snippet:-1, max-image-preview:large, max-video-preview:-1\" \/>\n<link rel=\"canonical\" href=\"https:\/\/portalmf.com.br\/index.php\/2022\/08\/12\/morre-em-salvador-o-forrozeiro-zelito-miranda\/\" \/>\n<meta property=\"og:locale\" content=\"pt_BR\" \/>\n<meta property=\"og:type\" content=\"article\" \/>\n<meta property=\"og:title\" content=\"Morre em Salvador o forrozeiro Zelito Miranda - Portal MF\" \/>\n<meta property=\"og:description\" content=\"\u00c9 com muita tristeza que a fam\u00edlia informa o falecimento do cantor Zelito Miranda (66 anos), na madrugada desta sexta-feira (12), v\u00edtima de problemas no pulm\u00e3o. O sepultamento acontece na tarde desta sexta-feira (12), \u00e0s 16h30, no cemit\u00e9rio Bosque da Paz. Hist\u00f3rico Diferente, irreverente e aut\u00eantica, foi assim que come\u00e7ou e foi assim que seguiu [&hellip;]\" \/>\n<meta property=\"og:url\" content=\"https:\/\/portalmf.com.br\/index.php\/2022\/08\/12\/morre-em-salvador-o-forrozeiro-zelito-miranda\/\" \/>\n<meta property=\"og:site_name\" content=\"Portal MF\" \/>\n<meta property=\"article:author\" content=\"reginaldojrfsa\" \/>\n<meta property=\"article:published_time\" content=\"2022-08-12T12:50:59+00:00\" \/>\n<meta property=\"article:modified_time\" content=\"2022-08-12T12:55:30+00:00\" \/>\n<meta property=\"og:image\" content=\"https:\/\/portalmf.com.br\/wp-content\/uploads\/2022\/08\/34982755_415798295554451_4630274628294541312_n.jpg\" \/>\n\t<meta property=\"og:image:width\" content=\"1080\" \/>\n\t<meta property=\"og:image:height\" content=\"810\" \/>\n\t<meta property=\"og:image:type\" content=\"image\/jpeg\" \/>\n<meta name=\"author\" content=\"Reginaldo J\u00fanior\" \/>\n<meta name=\"twitter:card\" content=\"summary_large_image\" \/>\n<meta name=\"twitter:creator\" content=\"@reginaldojrmf\" \/>\n<meta name=\"twitter:label1\" content=\"Escrito por\" \/>\n\t<meta name=\"twitter:data1\" content=\"Reginaldo J\u00fanior\" \/>\n\t<meta name=\"twitter:label2\" content=\"Est. tempo de leitura\" \/>\n\t<meta name=\"twitter:data2\" content=\"3 minutos\" \/>\n<script type=\"application\/ld+json\" class=\"yoast-schema-graph\">{\"@context\":\"https:\/\/schema.org\",\"@graph\":[{\"@type\":\"WebPage\",\"@id\":\"https:\/\/portalmf.com.br\/index.php\/2022\/08\/12\/morre-em-salvador-o-forrozeiro-zelito-miranda\/\",\"url\":\"https:\/\/portalmf.com.br\/index.php\/2022\/08\/12\/morre-em-salvador-o-forrozeiro-zelito-miranda\/\",\"name\":\"Morre em Salvador o forrozeiro Zelito Miranda - Portal MF\",\"isPartOf\":{\"@id\":\"https:\/\/portalmf.com.br\/#website\"},\"primaryImageOfPage\":{\"@id\":\"https:\/\/portalmf.com.br\/index.php\/2022\/08\/12\/morre-em-salvador-o-forrozeiro-zelito-miranda\/#primaryimage\"},\"image\":{\"@id\":\"https:\/\/portalmf.com.br\/index.php\/2022\/08\/12\/morre-em-salvador-o-forrozeiro-zelito-miranda\/#primaryimage\"},\"thumbnailUrl\":\"https:\/\/portalmf.com.br\/wp-content\/uploads\/2022\/08\/34982755_415798295554451_4630274628294541312_n.jpg\",\"datePublished\":\"2022-08-12T12:50:59+00:00\",\"dateModified\":\"2022-08-12T12:55:30+00:00\",\"author\":{\"@id\":\"https:\/\/portalmf.com.br\/#\/schema\/person\/11c82086fe8abc05a19147e964587285\"},\"breadcrumb\":{\"@id\":\"https:\/\/portalmf.com.br\/index.php\/2022\/08\/12\/morre-em-salvador-o-forrozeiro-zelito-miranda\/#breadcrumb\"},\"inLanguage\":\"pt-BR\",\"potentialAction\":[{\"@type\":\"ReadAction\",\"target\":[\"https:\/\/portalmf.com.br\/index.php\/2022\/08\/12\/morre-em-salvador-o-forrozeiro-zelito-miranda\/\"]}]},{\"@type\":\"ImageObject\",\"inLanguage\":\"pt-BR\",\"@id\":\"https:\/\/portalmf.com.br\/index.php\/2022\/08\/12\/morre-em-salvador-o-forrozeiro-zelito-miranda\/#primaryimage\",\"url\":\"https:\/\/portalmf.com.br\/wp-content\/uploads\/2022\/08\/34982755_415798295554451_4630274628294541312_n.jpg\",\"contentUrl\":\"https:\/\/portalmf.com.br\/wp-content\/uploads\/2022\/08\/34982755_415798295554451_4630274628294541312_n.jpg\",\"width\":1080,\"height\":810},{\"@type\":\"BreadcrumbList\",\"@id\":\"https:\/\/portalmf.com.br\/index.php\/2022\/08\/12\/morre-em-salvador-o-forrozeiro-zelito-miranda\/#breadcrumb\",\"itemListElement\":[{\"@type\":\"ListItem\",\"position\":1,\"name\":\"In\u00edcio\",\"item\":\"https:\/\/portalmf.com.br\/\"},{\"@type\":\"ListItem\",\"position\":2,\"name\":\"Morre em Salvador o forrozeiro Zelito Miranda\"}]},{\"@type\":\"WebSite\",\"@id\":\"https:\/\/portalmf.com.br\/#website\",\"url\":\"https:\/\/portalmf.com.br\/\",\"name\":\"Portal MF\",\"description\":\"Voc\u00ea conectado com a informa\u00e7\u00e3o\",\"potentialAction\":[{\"@type\":\"SearchAction\",\"target\":{\"@type\":\"EntryPoint\",\"urlTemplate\":\"https:\/\/portalmf.com.br\/?s={search_term_string}\"},\"query-input\":\"required name=search_term_string\"}],\"inLanguage\":\"pt-BR\"},{\"@type\":\"Person\",\"@id\":\"https:\/\/portalmf.com.br\/#\/schema\/person\/11c82086fe8abc05a19147e964587285\",\"name\":\"Reginaldo J\u00fanior\",\"image\":{\"@type\":\"ImageObject\",\"inLanguage\":\"pt-BR\",\"@id\":\"https:\/\/portalmf.com.br\/#\/schema\/person\/image\/\",\"url\":\"https:\/\/secure.gravatar.com\/avatar\/32a3c797cd0ac47cc53b8644c62776f9?s=96&d=mm&r=g\",\"contentUrl\":\"https:\/\/secure.gravatar.com\/avatar\/32a3c797cd0ac47cc53b8644c62776f9?s=96&d=mm&r=g\",\"caption\":\"Reginaldo J\u00fanior\"},\"description\":\"Jornalista e idealizador Portal MF\",\"sameAs\":[\"https:\/\/portalmf.com.br\/index.php\/author\/reginaldojr\/\",\"reginaldojrfsa\",\"reginaldojuniormf\",\"https:\/\/x.com\/reginaldojrmf\"],\"url\":\"https:\/\/portalmf.com.br\/index.php\/author\/reginaldojr\/\"}]}<\/script>\n<!-- \/ Yoast SEO plugin. -->","yoast_head_json":{"title":"Morre em Salvador o forrozeiro Zelito Miranda - Portal MF","robots":{"index":"index","follow":"follow","max-snippet":"max-snippet:-1","max-image-preview":"max-image-preview:large","max-video-preview":"max-video-preview:-1"},"canonical":"https:\/\/portalmf.com.br\/index.php\/2022\/08\/12\/morre-em-salvador-o-forrozeiro-zelito-miranda\/","og_locale":"pt_BR","og_type":"article","og_title":"Morre em Salvador o forrozeiro Zelito Miranda - Portal MF","og_description":"\u00c9 com muita tristeza que a fam\u00edlia informa o falecimento do cantor Zelito Miranda (66 anos), na madrugada desta sexta-feira (12), v\u00edtima de problemas no pulm\u00e3o. O sepultamento acontece na tarde desta sexta-feira (12), \u00e0s 16h30, no cemit\u00e9rio Bosque da Paz. Hist\u00f3rico Diferente, irreverente e aut\u00eantica, foi assim que come\u00e7ou e foi assim que seguiu [&hellip;]","og_url":"https:\/\/portalmf.com.br\/index.php\/2022\/08\/12\/morre-em-salvador-o-forrozeiro-zelito-miranda\/","og_site_name":"Portal MF","article_author":"reginaldojrfsa","article_published_time":"2022-08-12T12:50:59+00:00","article_modified_time":"2022-08-12T12:55:30+00:00","og_image":[{"width":1080,"height":810,"url":"https:\/\/portalmf.com.br\/wp-content\/uploads\/2022\/08\/34982755_415798295554451_4630274628294541312_n.jpg","type":"image\/jpeg"}],"author":"Reginaldo J\u00fanior","twitter_card":"summary_large_image","twitter_creator":"@reginaldojrmf","twitter_misc":{"Escrito por":"Reginaldo J\u00fanior","Est. tempo de leitura":"3 minutos"},"schema":{"@context":"https:\/\/schema.org","@graph":[{"@type":"WebPage","@id":"https:\/\/portalmf.com.br\/index.php\/2022\/08\/12\/morre-em-salvador-o-forrozeiro-zelito-miranda\/","url":"https:\/\/portalmf.com.br\/index.php\/2022\/08\/12\/morre-em-salvador-o-forrozeiro-zelito-miranda\/","name":"Morre em Salvador o forrozeiro Zelito Miranda - Portal MF","isPartOf":{"@id":"https:\/\/portalmf.com.br\/#website"},"primaryImageOfPage":{"@id":"https:\/\/portalmf.com.br\/index.php\/2022\/08\/12\/morre-em-salvador-o-forrozeiro-zelito-miranda\/#primaryimage"},"image":{"@id":"https:\/\/portalmf.com.br\/index.php\/2022\/08\/12\/morre-em-salvador-o-forrozeiro-zelito-miranda\/#primaryimage"},"thumbnailUrl":"https:\/\/portalmf.com.br\/wp-content\/uploads\/2022\/08\/34982755_415798295554451_4630274628294541312_n.jpg","datePublished":"2022-08-12T12:50:59+00:00","dateModified":"2022-08-12T12:55:30+00:00","author":{"@id":"https:\/\/portalmf.com.br\/#\/schema\/person\/11c82086fe8abc05a19147e964587285"},"breadcrumb":{"@id":"https:\/\/portalmf.com.br\/index.php\/2022\/08\/12\/morre-em-salvador-o-forrozeiro-zelito-miranda\/#breadcrumb"},"inLanguage":"pt-BR","potentialAction":[{"@type":"ReadAction","target":["https:\/\/portalmf.com.br\/index.php\/2022\/08\/12\/morre-em-salvador-o-forrozeiro-zelito-miranda\/"]}]},{"@type":"ImageObject","inLanguage":"pt-BR","@id":"https:\/\/portalmf.com.br\/index.php\/2022\/08\/12\/morre-em-salvador-o-forrozeiro-zelito-miranda\/#primaryimage","url":"https:\/\/portalmf.com.br\/wp-content\/uploads\/2022\/08\/34982755_415798295554451_4630274628294541312_n.jpg","contentUrl":"https:\/\/portalmf.com.br\/wp-content\/uploads\/2022\/08\/34982755_415798295554451_4630274628294541312_n.jpg","width":1080,"height":810},{"@type":"BreadcrumbList","@id":"https:\/\/portalmf.com.br\/index.php\/2022\/08\/12\/morre-em-salvador-o-forrozeiro-zelito-miranda\/#breadcrumb","itemListElement":[{"@type":"ListItem","position":1,"name":"In\u00edcio","item":"https:\/\/portalmf.com.br\/"},{"@type":"ListItem","position":2,"name":"Morre em Salvador o forrozeiro Zelito Miranda"}]},{"@type":"WebSite","@id":"https:\/\/portalmf.com.br\/#website","url":"https:\/\/portalmf.com.br\/","name":"Portal MF","description":"Voc\u00ea conectado com a informa\u00e7\u00e3o","potentialAction":[{"@type":"SearchAction","target":{"@type":"EntryPoint","urlTemplate":"https:\/\/portalmf.com.br\/?s={search_term_string}"},"query-input":"required name=search_term_string"}],"inLanguage":"pt-BR"},{"@type":"Person","@id":"https:\/\/portalmf.com.br\/#\/schema\/person\/11c82086fe8abc05a19147e964587285","name":"Reginaldo J\u00fanior","image":{"@type":"ImageObject","inLanguage":"pt-BR","@id":"https:\/\/portalmf.com.br\/#\/schema\/person\/image\/","url":"https:\/\/secure.gravatar.com\/avatar\/32a3c797cd0ac47cc53b8644c62776f9?s=96&d=mm&r=g","contentUrl":"https:\/\/secure.gravatar.com\/avatar\/32a3c797cd0ac47cc53b8644c62776f9?s=96&d=mm&r=g","caption":"Reginaldo J\u00fanior"},"description":"Jornalista e idealizador Portal MF","sameAs":["https:\/\/portalmf.com.br\/index.php\/author\/reginaldojr\/","reginaldojrfsa","reginaldojuniormf","https:\/\/x.com\/reginaldojrmf"],"url":"https:\/\/portalmf.com.br\/index.php\/author\/reginaldojr\/"}]}},"_links":{"self":[{"href":"https:\/\/portalmf.com.br\/index.php\/wp-json\/wp\/v2\/posts\/2946"}],"collection":[{"href":"https:\/\/portalmf.com.br\/index.php\/wp-json\/wp\/v2\/posts"}],"about":[{"href":"https:\/\/portalmf.com.br\/index.php\/wp-json\/wp\/v2\/types\/post"}],"author":[{"embeddable":true,"href":"https:\/\/portalmf.com.br\/index.php\/wp-json\/wp\/v2\/users\/2"}],"replies":[{"embeddable":true,"href":"https:\/\/portalmf.com.br\/index.php\/wp-json\/wp\/v2\/comments?post=2946"}],"version-history":[{"count":2,"href":"https:\/\/portalmf.com.br\/index.php\/wp-json\/wp\/v2\/posts\/2946\/revisions"}],"predecessor-version":[{"id":2954,"href":"https:\/\/portalmf.com.br\/index.php\/wp-json\/wp\/v2\/posts\/2946\/revisions\/2954"}],"wp:featuredmedia":[{"embeddable":true,"href":"https:\/\/portalmf.com.br\/index.php\/wp-json\/wp\/v2\/media\/2947"}],"wp:attachment":[{"href":"https:\/\/portalmf.com.br\/index.php\/wp-json\/wp\/v2\/media?parent=2946"}],"wp:term":[{"taxonomy":"category","embeddable":true,"href":"https:\/\/portalmf.com.br\/index.php\/wp-json\/wp\/v2\/categories?post=2946"},{"taxonomy":"post_tag","embeddable":true,"href":"https:\/\/portalmf.com.br\/index.php\/wp-json\/wp\/v2\/tags?post=2946"}],"curies":[{"name":"wp","href":"https:\/\/api.w.org\/{rel}","templated":true}]}}