{"id":29441,"date":"2024-09-04T18:14:50","date_gmt":"2024-09-04T21:14:50","guid":{"rendered":"https:\/\/portalmf.com.br\/?p=29441"},"modified":"2024-09-05T18:16:13","modified_gmt":"2024-09-05T21:16:13","slug":"jose-ronaldo-anuncia-a-criacao-da-clinica-salva-pet-durante-caminhada-no-bairro-conceicao-i","status":"publish","type":"post","link":"https:\/\/portalmf.com.br\/index.php\/2024\/09\/04\/jose-ronaldo-anuncia-a-criacao-da-clinica-salva-pet-durante-caminhada-no-bairro-conceicao-i\/","title":{"rendered":"Jos\u00e9 Ronaldo anuncia a cria\u00e7\u00e3o da cl\u00ednica \u2018Salva Pet\u2019 durante caminhada no bairro Concei\u00e7\u00e3o I"},"content":{"rendered":"\n<p>O candidato a prefeito de Feira de Santana, Jos\u00e9 Ronaldo (Uni\u00e3o Brasil), anunciou um importante compromisso para o seu pr\u00f3ximo mandato: a implanta\u00e7\u00e3o de uma cl\u00ednica veterin\u00e1ria p\u00fablica e gratuita no munic\u00edpio, a Salva Pet. O an\u00fancio foi feito durante uma caminhada no bairro Concei\u00e7\u00e3o I, ontem (3), com a presen\u00e7a de centenas de apoiadores e moradores locais.<\/p>\n\n\n\n<p>Jos\u00e9 Ronaldo destacou que a cria\u00e7\u00e3o da cl\u00ednica veterin\u00e1ria ser\u00e1 uma prioridade de sua administra\u00e7\u00e3o, visando atender \u00e0 crescente demanda da popula\u00e7\u00e3o por servi\u00e7os de sa\u00fade para seus animais de estima\u00e7\u00e3o. &#8220;Sabemos o quanto os pets s\u00e3o importantes para as fam\u00edlias feirenses. Muitos enfrentam dificuldades para garantir o cuidado necess\u00e1rio aos seus animais, especialmente em situa\u00e7\u00f5es de emerg\u00eancia. A Salva Pet ser\u00e1 um espa\u00e7o moderno e estruturado, oferecendo atendimento cl\u00ednico, cir\u00fargico, vacina\u00e7\u00e3o e castra\u00e7\u00e3o gratuitas&#8221;, afirmou o candidato.<\/p>\n\n\n\n<p>Acompanhado pelo candidato a vice-prefeito, Pablo Roberto (PSDB), Jos\u00e9 Ronaldo refor\u00e7ou a import\u00e2ncia de garantir qualidade de vida aos animais e enfatizou que o amor pelos pets \u00e9 um dos pilares dessa proposta. &#8220;Falamos muito sobre amor em nossas caminhadas. Quem tem um pet sabe o quanto eles s\u00e3o carregados de carinho e afeto. Vamos proporcionar um atendimento digno para eles&#8221;, disse Ronaldo.<\/p>\n\n\n\n<p>Al\u00e9m dos servi\u00e7os cl\u00ednicos, a Salva Pet tamb\u00e9m ser\u00e1 acompanhada de campanhas de conscientiza\u00e7\u00e3o sobre os cuidados com os animais. Segundo Pablo Roberto, ser\u00e1 desenvolvida uma ampla campanha educativa para sensibilizar a popula\u00e7\u00e3o sobre a import\u00e2ncia da causa animal. &#8220;Vamos promover eventos que incentivem o cuidado respons\u00e1vel com os pets e refor\u00e7ar a necessidade de bem-estar animal em nossa cidade&#8221;, declarou o vice-prefeito.<\/p>\n\n\n\n<p>O compromisso com a sa\u00fade e o bem-estar dos animais de estima\u00e7\u00e3o se une a outras promessas de campanha de Jos\u00e9 Ronaldo, que pretende fazer de Feira de Santana uma cidade refer\u00eancia no cuidado com os pets. A proposta tem ganhado a simpatia de muitos moradores, que veem na cria\u00e7\u00e3o da Salva Pet uma solu\u00e7\u00e3o para um problema enfrentado por diversas fam\u00edlias da cidade.<\/p>\n\n\n\n<p>Com informa\u00e7\u00f5es da Ascom\/Jos\u00e9 Ronaldo<\/p>\n","protected":false},"excerpt":{"rendered":"<p>O candidato a prefeito de Feira de Santana, Jos\u00e9 Ronaldo (Uni\u00e3o Brasil), anunciou um importante compromisso para o seu pr\u00f3ximo mandato: a implanta\u00e7\u00e3o de uma cl\u00ednica veterin\u00e1ria p\u00fablica e gratuita no munic\u00edpio, a Salva Pet. O an\u00fancio foi feito durante uma caminhada no bairro Concei\u00e7\u00e3o I, ontem (3), com a presen\u00e7a de centenas de apoiadores [&hellip;]<\/p>\n","protected":false},"author":3,"featured_media":29443,"comment_status":"open","ping_status":"open","sticky":false,"template":"","format":"standard","meta":{"_monsterinsights_skip_tracking":false,"_monsterinsights_sitenote_active":false,"_monsterinsights_sitenote_note":"","_monsterinsights_sitenote_category":0,"footnotes":""},"categories":[301,34],"tags":[],"yoast_head":"<!-- This site is optimized with the Yoast SEO plugin v22.9 - https:\/\/yoast.com\/wordpress\/plugins\/seo\/ -->\n<title>Jos\u00e9 Ronaldo anuncia a cria\u00e7\u00e3o da cl\u00ednica \u2018Salva Pet\u2019 durante caminhada no bairro Concei\u00e7\u00e3o I - Portal MF<\/title>\n<meta name=\"robots\" content=\"index, follow, max-snippet:-1, max-image-preview:large, max-video-preview:-1\" \/>\n<link rel=\"canonical\" href=\"https:\/\/portalmf.com.br\/index.php\/2024\/09\/04\/jose-ronaldo-anuncia-a-criacao-da-clinica-salva-pet-durante-caminhada-no-bairro-conceicao-i\/\" \/>\n<meta property=\"og:locale\" content=\"pt_BR\" \/>\n<meta property=\"og:type\" content=\"article\" \/>\n<meta property=\"og:title\" content=\"Jos\u00e9 Ronaldo anuncia a cria\u00e7\u00e3o da cl\u00ednica \u2018Salva Pet\u2019 durante caminhada no bairro Concei\u00e7\u00e3o I - Portal MF\" \/>\n<meta property=\"og:description\" content=\"O candidato a prefeito de Feira de Santana, Jos\u00e9 Ronaldo (Uni\u00e3o Brasil), anunciou um importante compromisso para o seu pr\u00f3ximo mandato: a implanta\u00e7\u00e3o de uma cl\u00ednica veterin\u00e1ria p\u00fablica e gratuita no munic\u00edpio, a Salva Pet. O an\u00fancio foi feito durante uma caminhada no bairro Concei\u00e7\u00e3o I, ontem (3), com a presen\u00e7a de centenas de apoiadores [&hellip;]\" \/>\n<meta property=\"og:url\" content=\"https:\/\/portalmf.com.br\/index.php\/2024\/09\/04\/jose-ronaldo-anuncia-a-criacao-da-clinica-salva-pet-durante-caminhada-no-bairro-conceicao-i\/\" \/>\n<meta property=\"og:site_name\" content=\"Portal MF\" \/>\n<meta property=\"article:author\" content=\"https:\/\/www.facebook.com\/portalmfoficial\" \/>\n<meta property=\"article:published_time\" content=\"2024-09-04T21:14:50+00:00\" \/>\n<meta property=\"article:modified_time\" content=\"2024-09-05T21:16:13+00:00\" \/>\n<meta property=\"og:image\" content=\"https:\/\/portalmf.com.br\/wp-content\/uploads\/2024\/09\/Jose-Ronaldo-anuncia-a-criacao-da-clinica-\u2018Salva-Pet-durante-caminhada-no-bairro-Conceicao-I.jpg\" \/>\n\t<meta property=\"og:image:width\" content=\"800\" \/>\n\t<meta property=\"og:image:height\" content=\"533\" \/>\n\t<meta property=\"og:image:type\" content=\"image\/jpeg\" \/>\n<meta name=\"author\" content=\"Reda\u00e7\u00e3o Portal MF\" \/>\n<meta name=\"twitter:card\" content=\"summary_large_image\" \/>\n<meta name=\"twitter:creator\" content=\"@https:\/\/x.com\/portalmfoficial\" \/>\n<meta name=\"twitter:label1\" content=\"Escrito por\" \/>\n\t<meta name=\"twitter:data1\" content=\"Reda\u00e7\u00e3o Portal MF\" \/>\n\t<meta name=\"twitter:label2\" content=\"Est. tempo de leitura\" \/>\n\t<meta name=\"twitter:data2\" content=\"3 minutos\" \/>\n<script type=\"application\/ld+json\" class=\"yoast-schema-graph\">{\"@context\":\"https:\/\/schema.org\",\"@graph\":[{\"@type\":\"WebPage\",\"@id\":\"https:\/\/portalmf.com.br\/index.php\/2024\/09\/04\/jose-ronaldo-anuncia-a-criacao-da-clinica-salva-pet-durante-caminhada-no-bairro-conceicao-i\/\",\"url\":\"https:\/\/portalmf.com.br\/index.php\/2024\/09\/04\/jose-ronaldo-anuncia-a-criacao-da-clinica-salva-pet-durante-caminhada-no-bairro-conceicao-i\/\",\"name\":\"Jos\u00e9 Ronaldo anuncia a cria\u00e7\u00e3o da cl\u00ednica \u2018Salva Pet\u2019 durante caminhada no bairro Concei\u00e7\u00e3o I - Portal MF\",\"isPartOf\":{\"@id\":\"https:\/\/portalmf.com.br\/#website\"},\"primaryImageOfPage\":{\"@id\":\"https:\/\/portalmf.com.br\/index.php\/2024\/09\/04\/jose-ronaldo-anuncia-a-criacao-da-clinica-salva-pet-durante-caminhada-no-bairro-conceicao-i\/#primaryimage\"},\"image\":{\"@id\":\"https:\/\/portalmf.com.br\/index.php\/2024\/09\/04\/jose-ronaldo-anuncia-a-criacao-da-clinica-salva-pet-durante-caminhada-no-bairro-conceicao-i\/#primaryimage\"},\"thumbnailUrl\":\"https:\/\/portalmf.com.br\/wp-content\/uploads\/2024\/09\/Jose-Ronaldo-anuncia-a-criacao-da-clinica-\u2018Salva-Pet-durante-caminhada-no-bairro-Conceicao-I.jpg\",\"datePublished\":\"2024-09-04T21:14:50+00:00\",\"dateModified\":\"2024-09-05T21:16:13+00:00\",\"author\":{\"@id\":\"https:\/\/portalmf.com.br\/#\/schema\/person\/9ec101baf56233e53520c26de5d6f6f0\"},\"breadcrumb\":{\"@id\":\"https:\/\/portalmf.com.br\/index.php\/2024\/09\/04\/jose-ronaldo-anuncia-a-criacao-da-clinica-salva-pet-durante-caminhada-no-bairro-conceicao-i\/#breadcrumb\"},\"inLanguage\":\"pt-BR\",\"potentialAction\":[{\"@type\":\"ReadAction\",\"target\":[\"https:\/\/portalmf.com.br\/index.php\/2024\/09\/04\/jose-ronaldo-anuncia-a-criacao-da-clinica-salva-pet-durante-caminhada-no-bairro-conceicao-i\/\"]}]},{\"@type\":\"ImageObject\",\"inLanguage\":\"pt-BR\",\"@id\":\"https:\/\/portalmf.com.br\/index.php\/2024\/09\/04\/jose-ronaldo-anuncia-a-criacao-da-clinica-salva-pet-durante-caminhada-no-bairro-conceicao-i\/#primaryimage\",\"url\":\"https:\/\/portalmf.com.br\/wp-content\/uploads\/2024\/09\/Jose-Ronaldo-anuncia-a-criacao-da-clinica-\u2018Salva-Pet-durante-caminhada-no-bairro-Conceicao-I.jpg\",\"contentUrl\":\"https:\/\/portalmf.com.br\/wp-content\/uploads\/2024\/09\/Jose-Ronaldo-anuncia-a-criacao-da-clinica-\u2018Salva-Pet-durante-caminhada-no-bairro-Conceicao-I.jpg\",\"width\":800,\"height\":533},{\"@type\":\"BreadcrumbList\",\"@id\":\"https:\/\/portalmf.com.br\/index.php\/2024\/09\/04\/jose-ronaldo-anuncia-a-criacao-da-clinica-salva-pet-durante-caminhada-no-bairro-conceicao-i\/#breadcrumb\",\"itemListElement\":[{\"@type\":\"ListItem\",\"position\":1,\"name\":\"In\u00edcio\",\"item\":\"https:\/\/portalmf.com.br\/\"},{\"@type\":\"ListItem\",\"position\":2,\"name\":\"Jos\u00e9 Ronaldo anuncia a cria\u00e7\u00e3o da cl\u00ednica \u2018Salva Pet\u2019 durante caminhada no bairro Concei\u00e7\u00e3o I\"}]},{\"@type\":\"WebSite\",\"@id\":\"https:\/\/portalmf.com.br\/#website\",\"url\":\"https:\/\/portalmf.com.br\/\",\"name\":\"Portal MF\",\"description\":\"Voc\u00ea conectado com a informa\u00e7\u00e3o\",\"potentialAction\":[{\"@type\":\"SearchAction\",\"target\":{\"@type\":\"EntryPoint\",\"urlTemplate\":\"https:\/\/portalmf.com.br\/?s={search_term_string}\"},\"query-input\":\"required name=search_term_string\"}],\"inLanguage\":\"pt-BR\"},{\"@type\":\"Person\",\"@id\":\"https:\/\/portalmf.com.br\/#\/schema\/person\/9ec101baf56233e53520c26de5d6f6f0\",\"name\":\"Reda\u00e7\u00e3o Portal MF\",\"image\":{\"@type\":\"ImageObject\",\"inLanguage\":\"pt-BR\",\"@id\":\"https:\/\/portalmf.com.br\/#\/schema\/person\/image\/\",\"url\":\"https:\/\/secure.gravatar.com\/avatar\/41b9aaeb2100835f7c64362330f74c7f?s=96&d=mm&r=g\",\"contentUrl\":\"https:\/\/secure.gravatar.com\/avatar\/41b9aaeb2100835f7c64362330f74c7f?s=96&d=mm&r=g\",\"caption\":\"Reda\u00e7\u00e3o Portal MF\"},\"description\":\"Sejam bem-vindos o portal de informa\u00e7\u00f5es de entretenimento de Feira de Santana, desde 2006 realiza coberturas dos principais eventos com entrevistas exclusivas com as principais personalidades mundiais. Fique conectado tamb\u00e9m nas redes sociais.\",\"sameAs\":[\"http:\/\/www.portalmf.com.br\/\",\"https:\/\/www.facebook.com\/portalmfoficial\",\"https:\/\/www.instagram.com\/portalmf\/\",\"https:\/\/x.com\/https:\/\/x.com\/portalmfoficial\",\"https:\/\/www.youtube.com\/@portalmfoficial\"],\"url\":\"https:\/\/portalmf.com.br\/index.php\/author\/junior\/\"}]}<\/script>\n<!-- \/ Yoast SEO plugin. -->","yoast_head_json":{"title":"Jos\u00e9 Ronaldo anuncia a cria\u00e7\u00e3o da cl\u00ednica \u2018Salva Pet\u2019 durante caminhada no bairro Concei\u00e7\u00e3o I - Portal MF","robots":{"index":"index","follow":"follow","max-snippet":"max-snippet:-1","max-image-preview":"max-image-preview:large","max-video-preview":"max-video-preview:-1"},"canonical":"https:\/\/portalmf.com.br\/index.php\/2024\/09\/04\/jose-ronaldo-anuncia-a-criacao-da-clinica-salva-pet-durante-caminhada-no-bairro-conceicao-i\/","og_locale":"pt_BR","og_type":"article","og_title":"Jos\u00e9 Ronaldo anuncia a cria\u00e7\u00e3o da cl\u00ednica \u2018Salva Pet\u2019 durante caminhada no bairro Concei\u00e7\u00e3o I - Portal MF","og_description":"O candidato a prefeito de Feira de Santana, Jos\u00e9 Ronaldo (Uni\u00e3o Brasil), anunciou um importante compromisso para o seu pr\u00f3ximo mandato: a implanta\u00e7\u00e3o de uma cl\u00ednica veterin\u00e1ria p\u00fablica e gratuita no munic\u00edpio, a Salva Pet. O an\u00fancio foi feito durante uma caminhada no bairro Concei\u00e7\u00e3o I, ontem (3), com a presen\u00e7a de centenas de apoiadores [&hellip;]","og_url":"https:\/\/portalmf.com.br\/index.php\/2024\/09\/04\/jose-ronaldo-anuncia-a-criacao-da-clinica-salva-pet-durante-caminhada-no-bairro-conceicao-i\/","og_site_name":"Portal MF","article_author":"https:\/\/www.facebook.com\/portalmfoficial","article_published_time":"2024-09-04T21:14:50+00:00","article_modified_time":"2024-09-05T21:16:13+00:00","og_image":[{"width":800,"height":533,"url":"https:\/\/portalmf.com.br\/wp-content\/uploads\/2024\/09\/Jose-Ronaldo-anuncia-a-criacao-da-clinica-\u2018Salva-Pet-durante-caminhada-no-bairro-Conceicao-I.jpg","type":"image\/jpeg"}],"author":"Reda\u00e7\u00e3o Portal MF","twitter_card":"summary_large_image","twitter_creator":"@https:\/\/x.com\/portalmfoficial","twitter_misc":{"Escrito por":"Reda\u00e7\u00e3o Portal MF","Est. tempo de leitura":"3 minutos"},"schema":{"@context":"https:\/\/schema.org","@graph":[{"@type":"WebPage","@id":"https:\/\/portalmf.com.br\/index.php\/2024\/09\/04\/jose-ronaldo-anuncia-a-criacao-da-clinica-salva-pet-durante-caminhada-no-bairro-conceicao-i\/","url":"https:\/\/portalmf.com.br\/index.php\/2024\/09\/04\/jose-ronaldo-anuncia-a-criacao-da-clinica-salva-pet-durante-caminhada-no-bairro-conceicao-i\/","name":"Jos\u00e9 Ronaldo anuncia a cria\u00e7\u00e3o da cl\u00ednica \u2018Salva Pet\u2019 durante caminhada no bairro Concei\u00e7\u00e3o I - Portal MF","isPartOf":{"@id":"https:\/\/portalmf.com.br\/#website"},"primaryImageOfPage":{"@id":"https:\/\/portalmf.com.br\/index.php\/2024\/09\/04\/jose-ronaldo-anuncia-a-criacao-da-clinica-salva-pet-durante-caminhada-no-bairro-conceicao-i\/#primaryimage"},"image":{"@id":"https:\/\/portalmf.com.br\/index.php\/2024\/09\/04\/jose-ronaldo-anuncia-a-criacao-da-clinica-salva-pet-durante-caminhada-no-bairro-conceicao-i\/#primaryimage"},"thumbnailUrl":"https:\/\/portalmf.com.br\/wp-content\/uploads\/2024\/09\/Jose-Ronaldo-anuncia-a-criacao-da-clinica-\u2018Salva-Pet-durante-caminhada-no-bairro-Conceicao-I.jpg","datePublished":"2024-09-04T21:14:50+00:00","dateModified":"2024-09-05T21:16:13+00:00","author":{"@id":"https:\/\/portalmf.com.br\/#\/schema\/person\/9ec101baf56233e53520c26de5d6f6f0"},"breadcrumb":{"@id":"https:\/\/portalmf.com.br\/index.php\/2024\/09\/04\/jose-ronaldo-anuncia-a-criacao-da-clinica-salva-pet-durante-caminhada-no-bairro-conceicao-i\/#breadcrumb"},"inLanguage":"pt-BR","potentialAction":[{"@type":"ReadAction","target":["https:\/\/portalmf.com.br\/index.php\/2024\/09\/04\/jose-ronaldo-anuncia-a-criacao-da-clinica-salva-pet-durante-caminhada-no-bairro-conceicao-i\/"]}]},{"@type":"ImageObject","inLanguage":"pt-BR","@id":"https:\/\/portalmf.com.br\/index.php\/2024\/09\/04\/jose-ronaldo-anuncia-a-criacao-da-clinica-salva-pet-durante-caminhada-no-bairro-conceicao-i\/#primaryimage","url":"https:\/\/portalmf.com.br\/wp-content\/uploads\/2024\/09\/Jose-Ronaldo-anuncia-a-criacao-da-clinica-\u2018Salva-Pet-durante-caminhada-no-bairro-Conceicao-I.jpg","contentUrl":"https:\/\/portalmf.com.br\/wp-content\/uploads\/2024\/09\/Jose-Ronaldo-anuncia-a-criacao-da-clinica-\u2018Salva-Pet-durante-caminhada-no-bairro-Conceicao-I.jpg","width":800,"height":533},{"@type":"BreadcrumbList","@id":"https:\/\/portalmf.com.br\/index.php\/2024\/09\/04\/jose-ronaldo-anuncia-a-criacao-da-clinica-salva-pet-durante-caminhada-no-bairro-conceicao-i\/#breadcrumb","itemListElement":[{"@type":"ListItem","position":1,"name":"In\u00edcio","item":"https:\/\/portalmf.com.br\/"},{"@type":"ListItem","position":2,"name":"Jos\u00e9 Ronaldo anuncia a cria\u00e7\u00e3o da cl\u00ednica \u2018Salva Pet\u2019 durante caminhada no bairro Concei\u00e7\u00e3o I"}]},{"@type":"WebSite","@id":"https:\/\/portalmf.com.br\/#website","url":"https:\/\/portalmf.com.br\/","name":"Portal MF","description":"Voc\u00ea conectado com a informa\u00e7\u00e3o","potentialAction":[{"@type":"SearchAction","target":{"@type":"EntryPoint","urlTemplate":"https:\/\/portalmf.com.br\/?s={search_term_string}"},"query-input":"required name=search_term_string"}],"inLanguage":"pt-BR"},{"@type":"Person","@id":"https:\/\/portalmf.com.br\/#\/schema\/person\/9ec101baf56233e53520c26de5d6f6f0","name":"Reda\u00e7\u00e3o Portal MF","image":{"@type":"ImageObject","inLanguage":"pt-BR","@id":"https:\/\/portalmf.com.br\/#\/schema\/person\/image\/","url":"https:\/\/secure.gravatar.com\/avatar\/41b9aaeb2100835f7c64362330f74c7f?s=96&d=mm&r=g","contentUrl":"https:\/\/secure.gravatar.com\/avatar\/41b9aaeb2100835f7c64362330f74c7f?s=96&d=mm&r=g","caption":"Reda\u00e7\u00e3o Portal MF"},"description":"Sejam bem-vindos o portal de informa\u00e7\u00f5es de entretenimento de Feira de Santana, desde 2006 realiza coberturas dos principais eventos com entrevistas exclusivas com as principais personalidades mundiais. Fique conectado tamb\u00e9m nas redes sociais.","sameAs":["http:\/\/www.portalmf.com.br\/","https:\/\/www.facebook.com\/portalmfoficial","https:\/\/www.instagram.com\/portalmf\/","https:\/\/x.com\/https:\/\/x.com\/portalmfoficial","https:\/\/www.youtube.com\/@portalmfoficial"],"url":"https:\/\/portalmf.com.br\/index.php\/author\/junior\/"}]}},"_links":{"self":[{"href":"https:\/\/portalmf.com.br\/index.php\/wp-json\/wp\/v2\/posts\/29441"}],"collection":[{"href":"https:\/\/portalmf.com.br\/index.php\/wp-json\/wp\/v2\/posts"}],"about":[{"href":"https:\/\/portalmf.com.br\/index.php\/wp-json\/wp\/v2\/types\/post"}],"author":[{"embeddable":true,"href":"https:\/\/portalmf.com.br\/index.php\/wp-json\/wp\/v2\/users\/3"}],"replies":[{"embeddable":true,"href":"https:\/\/portalmf.com.br\/index.php\/wp-json\/wp\/v2\/comments?post=29441"}],"version-history":[{"count":1,"href":"https:\/\/portalmf.com.br\/index.php\/wp-json\/wp\/v2\/posts\/29441\/revisions"}],"predecessor-version":[{"id":29444,"href":"https:\/\/portalmf.com.br\/index.php\/wp-json\/wp\/v2\/posts\/29441\/revisions\/29444"}],"wp:featuredmedia":[{"embeddable":true,"href":"https:\/\/portalmf.com.br\/index.php\/wp-json\/wp\/v2\/media\/29443"}],"wp:attachment":[{"href":"https:\/\/portalmf.com.br\/index.php\/wp-json\/wp\/v2\/media?parent=29441"}],"wp:term":[{"taxonomy":"category","embeddable":true,"href":"https:\/\/portalmf.com.br\/index.php\/wp-json\/wp\/v2\/categories?post=29441"},{"taxonomy":"post_tag","embeddable":true,"href":"https:\/\/portalmf.com.br\/index.php\/wp-json\/wp\/v2\/tags?post=29441"}],"curies":[{"name":"wp","href":"https:\/\/api.w.org\/{rel}","templated":true}]}}