{"id":29438,"date":"2024-09-05T18:12:35","date_gmt":"2024-09-05T21:12:35","guid":{"rendered":"https:\/\/portalmf.com.br\/?p=29438"},"modified":"2024-09-05T18:15:23","modified_gmt":"2024-09-05T21:15:23","slug":"em-caminhada-na-mangabeira-e-feira-v-ze-neto-reafirma-compromisso-de-construir-hospital-municipal-com-140-leitos-e-fortalecer-atencao-basica","status":"publish","type":"post","link":"https:\/\/portalmf.com.br\/index.php\/2024\/09\/05\/em-caminhada-na-mangabeira-e-feira-v-ze-neto-reafirma-compromisso-de-construir-hospital-municipal-com-140-leitos-e-fortalecer-atencao-basica\/","title":{"rendered":"Em caminhada na Mangabeira e Feira V, Z\u00e9 Neto reafirma compromisso de construir Hospital Municipal com 140 leitos e fortalecer aten\u00e7\u00e3o b\u00e1sica"},"content":{"rendered":"\n<p>O primeiro Hospital Municipal de Feira de Santana, que \u00e9 prioridade do pr\u00f3ximo prefeito Z\u00e9 Neto, caso seja eleito, contar\u00e1 com 140 leitos, exames e cirurgias. O compromisso foi assumido nesta quarta-feira (4) pelo prefeitur\u00e1vel da coliga\u00e7\u00e3o Pra Fazer o Futuro Acontecer, durante caminhada nos bairros Mangabeira e Feira V.<\/p>\n\n\n\n<p><em>\u201cDiferente do atual grupo pol\u00edtico que governa essa cidade e que s\u00f3 agora, \u00e0s v\u00e9speras da elei\u00e7\u00e3o come\u00e7ou a construir um Hospital Dia com apenas 10 leitos, o que n\u00e3o resolve o problema que eles mesmos criaram ao longo desses 24 anos que v\u00eam se perpetuando no poder, n\u00f3s vamos construir, em parceria com nosso governador Jer\u00f4nimo e nosso presidente Lula, o primeiro Hospital Municipal com 140 leitos, exames e cirurgias. Al\u00e9m disso, vamos melhorar a urg\u00eancia e emerg\u00eancia, com a moderniza\u00e7\u00e3o das UPAs municipais que j\u00e1 existem e mais duas 24 horas que vamos criar, fortalecendo a aten\u00e7\u00e3o b\u00e1sica. Porque uma das coisas que nosso time preza \u00e9 o compromisso com a verdade e a sa\u00fade da popula\u00e7\u00e3o\u201d<\/em>, garantiu.<\/p>\n\n\n\n<p>Ao lado do deputado estadual Robinson Almeida (PT), secret\u00e1rio de desenvolvimento econ\u00f4mico Angelo Almeida (PSB), do coordenador da campanha, Felipe Freitas, de lideran\u00e7as, centenas de militantes e apoiadores, Z\u00e9 Neto cumprimentou os moradores de porta em porta, que expressam a insatisfa\u00e7\u00e3o com a atual administra\u00e7\u00e3o municipal e o sentimento de mudan\u00e7a.<\/p>\n\n\n\n<p><em>\u201cEm pleno s\u00e9culo XXI, voc\u00ea vai no posto de sa\u00fade pra marcar um exame e leva tr\u00eas, quatros dias para conseguir e olhe l\u00e1. \u00c9 recorrente. Ningu\u00e9m aguenta mais isso\u201c<\/em>, reclamou o aposentado Edson Santa B\u00e1rbara, de 73 anos, que mora no Feira V h\u00e1 mais de quatro d\u00e9cadas.<\/p>\n\n\n\n<p>Nesta quinta-feira (5), o pr\u00f3ximo prefeito de Feira, Z\u00e9 Neto, visitar\u00e1 os moradores dos conjuntos Feira VII e Fraternidade, na zona sul da cidade.<\/p>\n\n\n\n<p>Com informa\u00e7\u00f5es da Ascom  \/ Z\u00e9 Neto<\/p>\n","protected":false},"excerpt":{"rendered":"<p>O primeiro Hospital Municipal de Feira de Santana, que \u00e9 prioridade do pr\u00f3ximo prefeito Z\u00e9 Neto, caso seja eleito, contar\u00e1 com 140 leitos, exames e cirurgias. O compromisso foi assumido nesta quarta-feira (4) pelo prefeitur\u00e1vel da coliga\u00e7\u00e3o Pra Fazer o Futuro Acontecer, durante caminhada nos bairros Mangabeira e Feira V. \u201cDiferente do atual grupo pol\u00edtico [&hellip;]<\/p>\n","protected":false},"author":3,"featured_media":29439,"comment_status":"open","ping_status":"open","sticky":false,"template":"","format":"standard","meta":{"_monsterinsights_skip_tracking":false,"_monsterinsights_sitenote_active":false,"_monsterinsights_sitenote_note":"","_monsterinsights_sitenote_category":0,"footnotes":""},"categories":[301,34],"tags":[],"yoast_head":"<!-- This site is optimized with the Yoast SEO plugin v22.9 - https:\/\/yoast.com\/wordpress\/plugins\/seo\/ -->\n<title>Em caminhada na Mangabeira e Feira V, Z\u00e9 Neto reafirma compromisso de construir Hospital Municipal com 140 leitos e fortalecer aten\u00e7\u00e3o b\u00e1sica - Portal MF<\/title>\n<meta name=\"robots\" content=\"index, follow, max-snippet:-1, max-image-preview:large, max-video-preview:-1\" \/>\n<link rel=\"canonical\" href=\"https:\/\/portalmf.com.br\/index.php\/2024\/09\/05\/em-caminhada-na-mangabeira-e-feira-v-ze-neto-reafirma-compromisso-de-construir-hospital-municipal-com-140-leitos-e-fortalecer-atencao-basica\/\" \/>\n<meta property=\"og:locale\" content=\"pt_BR\" \/>\n<meta property=\"og:type\" content=\"article\" \/>\n<meta property=\"og:title\" content=\"Em caminhada na Mangabeira e Feira V, Z\u00e9 Neto reafirma compromisso de construir Hospital Municipal com 140 leitos e fortalecer aten\u00e7\u00e3o b\u00e1sica - Portal MF\" \/>\n<meta property=\"og:description\" content=\"O primeiro Hospital Municipal de Feira de Santana, que \u00e9 prioridade do pr\u00f3ximo prefeito Z\u00e9 Neto, caso seja eleito, contar\u00e1 com 140 leitos, exames e cirurgias. O compromisso foi assumido nesta quarta-feira (4) pelo prefeitur\u00e1vel da coliga\u00e7\u00e3o Pra Fazer o Futuro Acontecer, durante caminhada nos bairros Mangabeira e Feira V. \u201cDiferente do atual grupo pol\u00edtico [&hellip;]\" \/>\n<meta property=\"og:url\" content=\"https:\/\/portalmf.com.br\/index.php\/2024\/09\/05\/em-caminhada-na-mangabeira-e-feira-v-ze-neto-reafirma-compromisso-de-construir-hospital-municipal-com-140-leitos-e-fortalecer-atencao-basica\/\" \/>\n<meta property=\"og:site_name\" content=\"Portal MF\" \/>\n<meta property=\"article:author\" content=\"https:\/\/www.facebook.com\/portalmfoficial\" \/>\n<meta property=\"article:published_time\" content=\"2024-09-05T21:12:35+00:00\" \/>\n<meta property=\"article:modified_time\" content=\"2024-09-05T21:15:23+00:00\" \/>\n<meta property=\"og:image\" content=\"https:\/\/portalmf.com.br\/wp-content\/uploads\/2024\/09\/Em-caminhada-na-Mangabeira-e-Feira-V-Ze-Neto-reafirma-compromisso-de-construir-Hospital-Municipal-com-140-leitos-e-fortalecer-atencao-basica.jpg\" \/>\n\t<meta property=\"og:image:width\" content=\"1280\" \/>\n\t<meta property=\"og:image:height\" content=\"853\" \/>\n\t<meta property=\"og:image:type\" content=\"image\/jpeg\" \/>\n<meta name=\"author\" content=\"Reda\u00e7\u00e3o Portal MF\" \/>\n<meta name=\"twitter:card\" content=\"summary_large_image\" \/>\n<meta name=\"twitter:creator\" content=\"@https:\/\/x.com\/portalmfoficial\" \/>\n<meta name=\"twitter:label1\" content=\"Escrito por\" \/>\n\t<meta name=\"twitter:data1\" content=\"Reda\u00e7\u00e3o Portal MF\" \/>\n\t<meta name=\"twitter:label2\" content=\"Est. tempo de leitura\" \/>\n\t<meta name=\"twitter:data2\" content=\"2 minutos\" \/>\n<script type=\"application\/ld+json\" class=\"yoast-schema-graph\">{\"@context\":\"https:\/\/schema.org\",\"@graph\":[{\"@type\":\"WebPage\",\"@id\":\"https:\/\/portalmf.com.br\/index.php\/2024\/09\/05\/em-caminhada-na-mangabeira-e-feira-v-ze-neto-reafirma-compromisso-de-construir-hospital-municipal-com-140-leitos-e-fortalecer-atencao-basica\/\",\"url\":\"https:\/\/portalmf.com.br\/index.php\/2024\/09\/05\/em-caminhada-na-mangabeira-e-feira-v-ze-neto-reafirma-compromisso-de-construir-hospital-municipal-com-140-leitos-e-fortalecer-atencao-basica\/\",\"name\":\"Em caminhada na Mangabeira e Feira V, Z\u00e9 Neto reafirma compromisso de construir Hospital Municipal com 140 leitos e fortalecer aten\u00e7\u00e3o b\u00e1sica - Portal MF\",\"isPartOf\":{\"@id\":\"https:\/\/portalmf.com.br\/#website\"},\"primaryImageOfPage\":{\"@id\":\"https:\/\/portalmf.com.br\/index.php\/2024\/09\/05\/em-caminhada-na-mangabeira-e-feira-v-ze-neto-reafirma-compromisso-de-construir-hospital-municipal-com-140-leitos-e-fortalecer-atencao-basica\/#primaryimage\"},\"image\":{\"@id\":\"https:\/\/portalmf.com.br\/index.php\/2024\/09\/05\/em-caminhada-na-mangabeira-e-feira-v-ze-neto-reafirma-compromisso-de-construir-hospital-municipal-com-140-leitos-e-fortalecer-atencao-basica\/#primaryimage\"},\"thumbnailUrl\":\"https:\/\/portalmf.com.br\/wp-content\/uploads\/2024\/09\/Em-caminhada-na-Mangabeira-e-Feira-V-Ze-Neto-reafirma-compromisso-de-construir-Hospital-Municipal-com-140-leitos-e-fortalecer-atencao-basica.jpg\",\"datePublished\":\"2024-09-05T21:12:35+00:00\",\"dateModified\":\"2024-09-05T21:15:23+00:00\",\"author\":{\"@id\":\"https:\/\/portalmf.com.br\/#\/schema\/person\/9ec101baf56233e53520c26de5d6f6f0\"},\"breadcrumb\":{\"@id\":\"https:\/\/portalmf.com.br\/index.php\/2024\/09\/05\/em-caminhada-na-mangabeira-e-feira-v-ze-neto-reafirma-compromisso-de-construir-hospital-municipal-com-140-leitos-e-fortalecer-atencao-basica\/#breadcrumb\"},\"inLanguage\":\"pt-BR\",\"potentialAction\":[{\"@type\":\"ReadAction\",\"target\":[\"https:\/\/portalmf.com.br\/index.php\/2024\/09\/05\/em-caminhada-na-mangabeira-e-feira-v-ze-neto-reafirma-compromisso-de-construir-hospital-municipal-com-140-leitos-e-fortalecer-atencao-basica\/\"]}]},{\"@type\":\"ImageObject\",\"inLanguage\":\"pt-BR\",\"@id\":\"https:\/\/portalmf.com.br\/index.php\/2024\/09\/05\/em-caminhada-na-mangabeira-e-feira-v-ze-neto-reafirma-compromisso-de-construir-hospital-municipal-com-140-leitos-e-fortalecer-atencao-basica\/#primaryimage\",\"url\":\"https:\/\/portalmf.com.br\/wp-content\/uploads\/2024\/09\/Em-caminhada-na-Mangabeira-e-Feira-V-Ze-Neto-reafirma-compromisso-de-construir-Hospital-Municipal-com-140-leitos-e-fortalecer-atencao-basica.jpg\",\"contentUrl\":\"https:\/\/portalmf.com.br\/wp-content\/uploads\/2024\/09\/Em-caminhada-na-Mangabeira-e-Feira-V-Ze-Neto-reafirma-compromisso-de-construir-Hospital-Municipal-com-140-leitos-e-fortalecer-atencao-basica.jpg\",\"width\":1280,\"height\":853},{\"@type\":\"BreadcrumbList\",\"@id\":\"https:\/\/portalmf.com.br\/index.php\/2024\/09\/05\/em-caminhada-na-mangabeira-e-feira-v-ze-neto-reafirma-compromisso-de-construir-hospital-municipal-com-140-leitos-e-fortalecer-atencao-basica\/#breadcrumb\",\"itemListElement\":[{\"@type\":\"ListItem\",\"position\":1,\"name\":\"In\u00edcio\",\"item\":\"https:\/\/portalmf.com.br\/\"},{\"@type\":\"ListItem\",\"position\":2,\"name\":\"Em caminhada na Mangabeira e Feira V, Z\u00e9 Neto reafirma compromisso de construir Hospital Municipal com 140 leitos e fortalecer aten\u00e7\u00e3o b\u00e1sica\"}]},{\"@type\":\"WebSite\",\"@id\":\"https:\/\/portalmf.com.br\/#website\",\"url\":\"https:\/\/portalmf.com.br\/\",\"name\":\"Portal MF\",\"description\":\"Voc\u00ea conectado com a informa\u00e7\u00e3o\",\"potentialAction\":[{\"@type\":\"SearchAction\",\"target\":{\"@type\":\"EntryPoint\",\"urlTemplate\":\"https:\/\/portalmf.com.br\/?s={search_term_string}\"},\"query-input\":\"required name=search_term_string\"}],\"inLanguage\":\"pt-BR\"},{\"@type\":\"Person\",\"@id\":\"https:\/\/portalmf.com.br\/#\/schema\/person\/9ec101baf56233e53520c26de5d6f6f0\",\"name\":\"Reda\u00e7\u00e3o Portal MF\",\"image\":{\"@type\":\"ImageObject\",\"inLanguage\":\"pt-BR\",\"@id\":\"https:\/\/portalmf.com.br\/#\/schema\/person\/image\/\",\"url\":\"https:\/\/secure.gravatar.com\/avatar\/41b9aaeb2100835f7c64362330f74c7f?s=96&d=mm&r=g\",\"contentUrl\":\"https:\/\/secure.gravatar.com\/avatar\/41b9aaeb2100835f7c64362330f74c7f?s=96&d=mm&r=g\",\"caption\":\"Reda\u00e7\u00e3o Portal MF\"},\"description\":\"Sejam bem-vindos o portal de informa\u00e7\u00f5es de entretenimento de Feira de Santana, desde 2006 realiza coberturas dos principais eventos com entrevistas exclusivas com as principais personalidades mundiais. Fique conectado tamb\u00e9m nas redes sociais.\",\"sameAs\":[\"http:\/\/www.portalmf.com.br\/\",\"https:\/\/www.facebook.com\/portalmfoficial\",\"https:\/\/www.instagram.com\/portalmf\/\",\"https:\/\/x.com\/https:\/\/x.com\/portalmfoficial\",\"https:\/\/www.youtube.com\/@portalmfoficial\"],\"url\":\"https:\/\/portalmf.com.br\/index.php\/author\/junior\/\"}]}<\/script>\n<!-- \/ Yoast SEO plugin. -->","yoast_head_json":{"title":"Em caminhada na Mangabeira e Feira V, Z\u00e9 Neto reafirma compromisso de construir Hospital Municipal com 140 leitos e fortalecer aten\u00e7\u00e3o b\u00e1sica - Portal MF","robots":{"index":"index","follow":"follow","max-snippet":"max-snippet:-1","max-image-preview":"max-image-preview:large","max-video-preview":"max-video-preview:-1"},"canonical":"https:\/\/portalmf.com.br\/index.php\/2024\/09\/05\/em-caminhada-na-mangabeira-e-feira-v-ze-neto-reafirma-compromisso-de-construir-hospital-municipal-com-140-leitos-e-fortalecer-atencao-basica\/","og_locale":"pt_BR","og_type":"article","og_title":"Em caminhada na Mangabeira e Feira V, Z\u00e9 Neto reafirma compromisso de construir Hospital Municipal com 140 leitos e fortalecer aten\u00e7\u00e3o b\u00e1sica - Portal MF","og_description":"O primeiro Hospital Municipal de Feira de Santana, que \u00e9 prioridade do pr\u00f3ximo prefeito Z\u00e9 Neto, caso seja eleito, contar\u00e1 com 140 leitos, exames e cirurgias. O compromisso foi assumido nesta quarta-feira (4) pelo prefeitur\u00e1vel da coliga\u00e7\u00e3o Pra Fazer o Futuro Acontecer, durante caminhada nos bairros Mangabeira e Feira V. \u201cDiferente do atual grupo pol\u00edtico [&hellip;]","og_url":"https:\/\/portalmf.com.br\/index.php\/2024\/09\/05\/em-caminhada-na-mangabeira-e-feira-v-ze-neto-reafirma-compromisso-de-construir-hospital-municipal-com-140-leitos-e-fortalecer-atencao-basica\/","og_site_name":"Portal MF","article_author":"https:\/\/www.facebook.com\/portalmfoficial","article_published_time":"2024-09-05T21:12:35+00:00","article_modified_time":"2024-09-05T21:15:23+00:00","og_image":[{"width":1280,"height":853,"url":"https:\/\/portalmf.com.br\/wp-content\/uploads\/2024\/09\/Em-caminhada-na-Mangabeira-e-Feira-V-Ze-Neto-reafirma-compromisso-de-construir-Hospital-Municipal-com-140-leitos-e-fortalecer-atencao-basica.jpg","type":"image\/jpeg"}],"author":"Reda\u00e7\u00e3o Portal MF","twitter_card":"summary_large_image","twitter_creator":"@https:\/\/x.com\/portalmfoficial","twitter_misc":{"Escrito por":"Reda\u00e7\u00e3o Portal MF","Est. tempo de leitura":"2 minutos"},"schema":{"@context":"https:\/\/schema.org","@graph":[{"@type":"WebPage","@id":"https:\/\/portalmf.com.br\/index.php\/2024\/09\/05\/em-caminhada-na-mangabeira-e-feira-v-ze-neto-reafirma-compromisso-de-construir-hospital-municipal-com-140-leitos-e-fortalecer-atencao-basica\/","url":"https:\/\/portalmf.com.br\/index.php\/2024\/09\/05\/em-caminhada-na-mangabeira-e-feira-v-ze-neto-reafirma-compromisso-de-construir-hospital-municipal-com-140-leitos-e-fortalecer-atencao-basica\/","name":"Em caminhada na Mangabeira e Feira V, Z\u00e9 Neto reafirma compromisso de construir Hospital Municipal com 140 leitos e fortalecer aten\u00e7\u00e3o b\u00e1sica - Portal MF","isPartOf":{"@id":"https:\/\/portalmf.com.br\/#website"},"primaryImageOfPage":{"@id":"https:\/\/portalmf.com.br\/index.php\/2024\/09\/05\/em-caminhada-na-mangabeira-e-feira-v-ze-neto-reafirma-compromisso-de-construir-hospital-municipal-com-140-leitos-e-fortalecer-atencao-basica\/#primaryimage"},"image":{"@id":"https:\/\/portalmf.com.br\/index.php\/2024\/09\/05\/em-caminhada-na-mangabeira-e-feira-v-ze-neto-reafirma-compromisso-de-construir-hospital-municipal-com-140-leitos-e-fortalecer-atencao-basica\/#primaryimage"},"thumbnailUrl":"https:\/\/portalmf.com.br\/wp-content\/uploads\/2024\/09\/Em-caminhada-na-Mangabeira-e-Feira-V-Ze-Neto-reafirma-compromisso-de-construir-Hospital-Municipal-com-140-leitos-e-fortalecer-atencao-basica.jpg","datePublished":"2024-09-05T21:12:35+00:00","dateModified":"2024-09-05T21:15:23+00:00","author":{"@id":"https:\/\/portalmf.com.br\/#\/schema\/person\/9ec101baf56233e53520c26de5d6f6f0"},"breadcrumb":{"@id":"https:\/\/portalmf.com.br\/index.php\/2024\/09\/05\/em-caminhada-na-mangabeira-e-feira-v-ze-neto-reafirma-compromisso-de-construir-hospital-municipal-com-140-leitos-e-fortalecer-atencao-basica\/#breadcrumb"},"inLanguage":"pt-BR","potentialAction":[{"@type":"ReadAction","target":["https:\/\/portalmf.com.br\/index.php\/2024\/09\/05\/em-caminhada-na-mangabeira-e-feira-v-ze-neto-reafirma-compromisso-de-construir-hospital-municipal-com-140-leitos-e-fortalecer-atencao-basica\/"]}]},{"@type":"ImageObject","inLanguage":"pt-BR","@id":"https:\/\/portalmf.com.br\/index.php\/2024\/09\/05\/em-caminhada-na-mangabeira-e-feira-v-ze-neto-reafirma-compromisso-de-construir-hospital-municipal-com-140-leitos-e-fortalecer-atencao-basica\/#primaryimage","url":"https:\/\/portalmf.com.br\/wp-content\/uploads\/2024\/09\/Em-caminhada-na-Mangabeira-e-Feira-V-Ze-Neto-reafirma-compromisso-de-construir-Hospital-Municipal-com-140-leitos-e-fortalecer-atencao-basica.jpg","contentUrl":"https:\/\/portalmf.com.br\/wp-content\/uploads\/2024\/09\/Em-caminhada-na-Mangabeira-e-Feira-V-Ze-Neto-reafirma-compromisso-de-construir-Hospital-Municipal-com-140-leitos-e-fortalecer-atencao-basica.jpg","width":1280,"height":853},{"@type":"BreadcrumbList","@id":"https:\/\/portalmf.com.br\/index.php\/2024\/09\/05\/em-caminhada-na-mangabeira-e-feira-v-ze-neto-reafirma-compromisso-de-construir-hospital-municipal-com-140-leitos-e-fortalecer-atencao-basica\/#breadcrumb","itemListElement":[{"@type":"ListItem","position":1,"name":"In\u00edcio","item":"https:\/\/portalmf.com.br\/"},{"@type":"ListItem","position":2,"name":"Em caminhada na Mangabeira e Feira V, Z\u00e9 Neto reafirma compromisso de construir Hospital Municipal com 140 leitos e fortalecer aten\u00e7\u00e3o b\u00e1sica"}]},{"@type":"WebSite","@id":"https:\/\/portalmf.com.br\/#website","url":"https:\/\/portalmf.com.br\/","name":"Portal MF","description":"Voc\u00ea conectado com a informa\u00e7\u00e3o","potentialAction":[{"@type":"SearchAction","target":{"@type":"EntryPoint","urlTemplate":"https:\/\/portalmf.com.br\/?s={search_term_string}"},"query-input":"required name=search_term_string"}],"inLanguage":"pt-BR"},{"@type":"Person","@id":"https:\/\/portalmf.com.br\/#\/schema\/person\/9ec101baf56233e53520c26de5d6f6f0","name":"Reda\u00e7\u00e3o Portal MF","image":{"@type":"ImageObject","inLanguage":"pt-BR","@id":"https:\/\/portalmf.com.br\/#\/schema\/person\/image\/","url":"https:\/\/secure.gravatar.com\/avatar\/41b9aaeb2100835f7c64362330f74c7f?s=96&d=mm&r=g","contentUrl":"https:\/\/secure.gravatar.com\/avatar\/41b9aaeb2100835f7c64362330f74c7f?s=96&d=mm&r=g","caption":"Reda\u00e7\u00e3o Portal MF"},"description":"Sejam bem-vindos o portal de informa\u00e7\u00f5es de entretenimento de Feira de Santana, desde 2006 realiza coberturas dos principais eventos com entrevistas exclusivas com as principais personalidades mundiais. Fique conectado tamb\u00e9m nas redes sociais.","sameAs":["http:\/\/www.portalmf.com.br\/","https:\/\/www.facebook.com\/portalmfoficial","https:\/\/www.instagram.com\/portalmf\/","https:\/\/x.com\/https:\/\/x.com\/portalmfoficial","https:\/\/www.youtube.com\/@portalmfoficial"],"url":"https:\/\/portalmf.com.br\/index.php\/author\/junior\/"}]}},"_links":{"self":[{"href":"https:\/\/portalmf.com.br\/index.php\/wp-json\/wp\/v2\/posts\/29438"}],"collection":[{"href":"https:\/\/portalmf.com.br\/index.php\/wp-json\/wp\/v2\/posts"}],"about":[{"href":"https:\/\/portalmf.com.br\/index.php\/wp-json\/wp\/v2\/types\/post"}],"author":[{"embeddable":true,"href":"https:\/\/portalmf.com.br\/index.php\/wp-json\/wp\/v2\/users\/3"}],"replies":[{"embeddable":true,"href":"https:\/\/portalmf.com.br\/index.php\/wp-json\/wp\/v2\/comments?post=29438"}],"version-history":[{"count":2,"href":"https:\/\/portalmf.com.br\/index.php\/wp-json\/wp\/v2\/posts\/29438\/revisions"}],"predecessor-version":[{"id":29445,"href":"https:\/\/portalmf.com.br\/index.php\/wp-json\/wp\/v2\/posts\/29438\/revisions\/29445"}],"wp:featuredmedia":[{"embeddable":true,"href":"https:\/\/portalmf.com.br\/index.php\/wp-json\/wp\/v2\/media\/29439"}],"wp:attachment":[{"href":"https:\/\/portalmf.com.br\/index.php\/wp-json\/wp\/v2\/media?parent=29438"}],"wp:term":[{"taxonomy":"category","embeddable":true,"href":"https:\/\/portalmf.com.br\/index.php\/wp-json\/wp\/v2\/categories?post=29438"},{"taxonomy":"post_tag","embeddable":true,"href":"https:\/\/portalmf.com.br\/index.php\/wp-json\/wp\/v2\/tags?post=29438"}],"curies":[{"name":"wp","href":"https:\/\/api.w.org\/{rel}","templated":true}]}}