{"id":29435,"date":"2024-09-05T18:10:46","date_gmt":"2024-09-05T21:10:46","guid":{"rendered":"https:\/\/portalmf.com.br\/?p=29435"},"modified":"2024-09-05T18:16:00","modified_gmt":"2024-09-05T21:16:00","slug":"em-visita-a-marechal-deodoro-carlos-medeiros-diz-que-vai-organizar-feiras-livres","status":"publish","type":"post","link":"https:\/\/portalmf.com.br\/index.php\/2024\/09\/05\/em-visita-a-marechal-deodoro-carlos-medeiros-diz-que-vai-organizar-feiras-livres\/","title":{"rendered":"Em visita a Marechal Deodoro, Carlos Medeiros diz que vai organizar feiras livres"},"content":{"rendered":"\n<p>Organizar as feiras livres, qualificar os trabalhadores, al\u00e9m de desenvolver as feiras nos bairros, s\u00e3o alguns dos projetos do candidato \u00e0 prefeitura de Feira de Santana Carlos Medeiros (Novo). Ele esteve na manh\u00e3 de ter\u00e7a-feira (3) na Rua Marechal Deodoro, acompanhado pelo seu vice Franklin Franco, onde conversou com feirantes que trabalham no local.<\/p>\n\n\n\n<p><em>\u201cA gente precisa urbanizar as feiras, desenvolver as feiras nos bairros que ainda n\u00e3o tem. Muitos bairros como o Avi\u00e1rio, por exemplo, poderiam ter uma feira e n\u00e3o tem. Onde j\u00e1 existem feiras livres, n\u00e3o adianta s\u00f3 reformar. \u00c9 preciso treinar as pessoas, desenvolver o sentimento de dono daquilo que \u00e9 p\u00fablico para que elas deem continuidade ao trabalho. Acho que \u00e9 papel da prefeitura qualificar e organizar para que as pessoas possam caminhar depois por conta pr\u00f3pria. Nosso governo vai ter o papel de encontrar lugar para todos que queiram trabalhar nas nossas feiras\u201d,<\/em> destacou.<\/p>\n\n\n\n<p>Carlos lembrou que Feira de Santana \u00e9 uma cidade que nasceu de uma feira e destacou que os trabalhadores precisam ser valorizados. Ele reiterou seu compromisso com as pessoas que trabalham no centro da cidade.<\/p>\n\n\n\n<p><em>\u201cA ideia da gente \u00e9 ordenar o trabalho no centro da cidade, de maneira que cada um seja respons\u00e1vel por manter a organiza\u00e7\u00e3o, que eles criem uma associa\u00e7\u00e3o, com regras criadas pela prefeitura, e eles ser\u00e3o respons\u00e1veis por manter o trabalho organizado. Isso vai gerar confiabilidade, seguran\u00e7a para que eles possam fazer o trabalho da melhor maneira poss\u00edvel. Precisamos valorizar quem trabalha e quem emprega. A gente precisa valorizar cada vez mais o cidad\u00e3o que \u00e9 ambulante, que trabalha nas feiras, que acorda cedo para garantir o p\u00e3o de cada dia\u201d, <\/em>afirmou.<\/p>\n\n\n\n<p>Com informa\u00e7\u00f5es da Ascom \/ Novo<\/p>\n","protected":false},"excerpt":{"rendered":"<p>Organizar as feiras livres, qualificar os trabalhadores, al\u00e9m de desenvolver as feiras nos bairros, s\u00e3o alguns dos projetos do candidato \u00e0 prefeitura de Feira de Santana Carlos Medeiros (Novo). Ele esteve na manh\u00e3 de ter\u00e7a-feira (3) na Rua Marechal Deodoro, acompanhado pelo seu vice Franklin Franco, onde conversou com feirantes que trabalham no local. \u201cA [&hellip;]<\/p>\n","protected":false},"author":3,"featured_media":29436,"comment_status":"open","ping_status":"open","sticky":false,"template":"","format":"standard","meta":{"_monsterinsights_skip_tracking":false,"_monsterinsights_sitenote_active":false,"_monsterinsights_sitenote_note":"","_monsterinsights_sitenote_category":0,"footnotes":""},"categories":[301],"tags":[],"yoast_head":"<!-- This site is optimized with the Yoast SEO plugin v22.9 - https:\/\/yoast.com\/wordpress\/plugins\/seo\/ -->\n<title>Em visita a Marechal Deodoro, Carlos Medeiros diz que vai organizar feiras livres - Portal MF<\/title>\n<meta name=\"robots\" content=\"index, follow, max-snippet:-1, max-image-preview:large, max-video-preview:-1\" \/>\n<link rel=\"canonical\" href=\"https:\/\/portalmf.com.br\/index.php\/2024\/09\/05\/em-visita-a-marechal-deodoro-carlos-medeiros-diz-que-vai-organizar-feiras-livres\/\" \/>\n<meta property=\"og:locale\" content=\"pt_BR\" \/>\n<meta property=\"og:type\" content=\"article\" \/>\n<meta property=\"og:title\" content=\"Em visita a Marechal Deodoro, Carlos Medeiros diz que vai organizar feiras livres - Portal MF\" \/>\n<meta property=\"og:description\" content=\"Organizar as feiras livres, qualificar os trabalhadores, al\u00e9m de desenvolver as feiras nos bairros, s\u00e3o alguns dos projetos do candidato \u00e0 prefeitura de Feira de Santana Carlos Medeiros (Novo). Ele esteve na manh\u00e3 de ter\u00e7a-feira (3) na Rua Marechal Deodoro, acompanhado pelo seu vice Franklin Franco, onde conversou com feirantes que trabalham no local. \u201cA [&hellip;]\" \/>\n<meta property=\"og:url\" content=\"https:\/\/portalmf.com.br\/index.php\/2024\/09\/05\/em-visita-a-marechal-deodoro-carlos-medeiros-diz-que-vai-organizar-feiras-livres\/\" \/>\n<meta property=\"og:site_name\" content=\"Portal MF\" \/>\n<meta property=\"article:author\" content=\"https:\/\/www.facebook.com\/portalmfoficial\" \/>\n<meta property=\"article:published_time\" content=\"2024-09-05T21:10:46+00:00\" \/>\n<meta property=\"article:modified_time\" content=\"2024-09-05T21:16:00+00:00\" \/>\n<meta property=\"og:image\" content=\"https:\/\/portalmf.com.br\/wp-content\/uploads\/2024\/09\/Carlos-Medeiros-diz-que-vai-organizar-feiras-livres.jpg\" \/>\n\t<meta property=\"og:image:width\" content=\"1600\" \/>\n\t<meta property=\"og:image:height\" content=\"1294\" \/>\n\t<meta property=\"og:image:type\" content=\"image\/jpeg\" \/>\n<meta name=\"author\" content=\"Reda\u00e7\u00e3o Portal MF\" \/>\n<meta name=\"twitter:card\" content=\"summary_large_image\" \/>\n<meta name=\"twitter:creator\" content=\"@https:\/\/x.com\/portalmfoficial\" \/>\n<meta name=\"twitter:label1\" content=\"Escrito por\" \/>\n\t<meta name=\"twitter:data1\" content=\"Reda\u00e7\u00e3o Portal MF\" \/>\n\t<meta name=\"twitter:label2\" content=\"Est. tempo de leitura\" \/>\n\t<meta name=\"twitter:data2\" content=\"2 minutos\" \/>\n<script type=\"application\/ld+json\" class=\"yoast-schema-graph\">{\"@context\":\"https:\/\/schema.org\",\"@graph\":[{\"@type\":\"WebPage\",\"@id\":\"https:\/\/portalmf.com.br\/index.php\/2024\/09\/05\/em-visita-a-marechal-deodoro-carlos-medeiros-diz-que-vai-organizar-feiras-livres\/\",\"url\":\"https:\/\/portalmf.com.br\/index.php\/2024\/09\/05\/em-visita-a-marechal-deodoro-carlos-medeiros-diz-que-vai-organizar-feiras-livres\/\",\"name\":\"Em visita a Marechal Deodoro, Carlos Medeiros diz que vai organizar feiras livres - Portal MF\",\"isPartOf\":{\"@id\":\"https:\/\/portalmf.com.br\/#website\"},\"primaryImageOfPage\":{\"@id\":\"https:\/\/portalmf.com.br\/index.php\/2024\/09\/05\/em-visita-a-marechal-deodoro-carlos-medeiros-diz-que-vai-organizar-feiras-livres\/#primaryimage\"},\"image\":{\"@id\":\"https:\/\/portalmf.com.br\/index.php\/2024\/09\/05\/em-visita-a-marechal-deodoro-carlos-medeiros-diz-que-vai-organizar-feiras-livres\/#primaryimage\"},\"thumbnailUrl\":\"https:\/\/portalmf.com.br\/wp-content\/uploads\/2024\/09\/Carlos-Medeiros-diz-que-vai-organizar-feiras-livres.jpg\",\"datePublished\":\"2024-09-05T21:10:46+00:00\",\"dateModified\":\"2024-09-05T21:16:00+00:00\",\"author\":{\"@id\":\"https:\/\/portalmf.com.br\/#\/schema\/person\/9ec101baf56233e53520c26de5d6f6f0\"},\"breadcrumb\":{\"@id\":\"https:\/\/portalmf.com.br\/index.php\/2024\/09\/05\/em-visita-a-marechal-deodoro-carlos-medeiros-diz-que-vai-organizar-feiras-livres\/#breadcrumb\"},\"inLanguage\":\"pt-BR\",\"potentialAction\":[{\"@type\":\"ReadAction\",\"target\":[\"https:\/\/portalmf.com.br\/index.php\/2024\/09\/05\/em-visita-a-marechal-deodoro-carlos-medeiros-diz-que-vai-organizar-feiras-livres\/\"]}]},{\"@type\":\"ImageObject\",\"inLanguage\":\"pt-BR\",\"@id\":\"https:\/\/portalmf.com.br\/index.php\/2024\/09\/05\/em-visita-a-marechal-deodoro-carlos-medeiros-diz-que-vai-organizar-feiras-livres\/#primaryimage\",\"url\":\"https:\/\/portalmf.com.br\/wp-content\/uploads\/2024\/09\/Carlos-Medeiros-diz-que-vai-organizar-feiras-livres.jpg\",\"contentUrl\":\"https:\/\/portalmf.com.br\/wp-content\/uploads\/2024\/09\/Carlos-Medeiros-diz-que-vai-organizar-feiras-livres.jpg\",\"width\":1600,\"height\":1294},{\"@type\":\"BreadcrumbList\",\"@id\":\"https:\/\/portalmf.com.br\/index.php\/2024\/09\/05\/em-visita-a-marechal-deodoro-carlos-medeiros-diz-que-vai-organizar-feiras-livres\/#breadcrumb\",\"itemListElement\":[{\"@type\":\"ListItem\",\"position\":1,\"name\":\"In\u00edcio\",\"item\":\"https:\/\/portalmf.com.br\/\"},{\"@type\":\"ListItem\",\"position\":2,\"name\":\"Em visita a Marechal Deodoro, Carlos Medeiros diz que vai organizar feiras livres\"}]},{\"@type\":\"WebSite\",\"@id\":\"https:\/\/portalmf.com.br\/#website\",\"url\":\"https:\/\/portalmf.com.br\/\",\"name\":\"Portal MF\",\"description\":\"Voc\u00ea conectado com a informa\u00e7\u00e3o\",\"potentialAction\":[{\"@type\":\"SearchAction\",\"target\":{\"@type\":\"EntryPoint\",\"urlTemplate\":\"https:\/\/portalmf.com.br\/?s={search_term_string}\"},\"query-input\":\"required name=search_term_string\"}],\"inLanguage\":\"pt-BR\"},{\"@type\":\"Person\",\"@id\":\"https:\/\/portalmf.com.br\/#\/schema\/person\/9ec101baf56233e53520c26de5d6f6f0\",\"name\":\"Reda\u00e7\u00e3o Portal MF\",\"image\":{\"@type\":\"ImageObject\",\"inLanguage\":\"pt-BR\",\"@id\":\"https:\/\/portalmf.com.br\/#\/schema\/person\/image\/\",\"url\":\"https:\/\/secure.gravatar.com\/avatar\/41b9aaeb2100835f7c64362330f74c7f?s=96&d=mm&r=g\",\"contentUrl\":\"https:\/\/secure.gravatar.com\/avatar\/41b9aaeb2100835f7c64362330f74c7f?s=96&d=mm&r=g\",\"caption\":\"Reda\u00e7\u00e3o Portal MF\"},\"description\":\"Sejam bem-vindos o portal de informa\u00e7\u00f5es de entretenimento de Feira de Santana, desde 2006 realiza coberturas dos principais eventos com entrevistas exclusivas com as principais personalidades mundiais. Fique conectado tamb\u00e9m nas redes sociais.\",\"sameAs\":[\"http:\/\/www.portalmf.com.br\/\",\"https:\/\/www.facebook.com\/portalmfoficial\",\"https:\/\/www.instagram.com\/portalmf\/\",\"https:\/\/x.com\/https:\/\/x.com\/portalmfoficial\",\"https:\/\/www.youtube.com\/@portalmfoficial\"],\"url\":\"https:\/\/portalmf.com.br\/index.php\/author\/junior\/\"}]}<\/script>\n<!-- \/ Yoast SEO plugin. -->","yoast_head_json":{"title":"Em visita a Marechal Deodoro, Carlos Medeiros diz que vai organizar feiras livres - Portal MF","robots":{"index":"index","follow":"follow","max-snippet":"max-snippet:-1","max-image-preview":"max-image-preview:large","max-video-preview":"max-video-preview:-1"},"canonical":"https:\/\/portalmf.com.br\/index.php\/2024\/09\/05\/em-visita-a-marechal-deodoro-carlos-medeiros-diz-que-vai-organizar-feiras-livres\/","og_locale":"pt_BR","og_type":"article","og_title":"Em visita a Marechal Deodoro, Carlos Medeiros diz que vai organizar feiras livres - Portal MF","og_description":"Organizar as feiras livres, qualificar os trabalhadores, al\u00e9m de desenvolver as feiras nos bairros, s\u00e3o alguns dos projetos do candidato \u00e0 prefeitura de Feira de Santana Carlos Medeiros (Novo). Ele esteve na manh\u00e3 de ter\u00e7a-feira (3) na Rua Marechal Deodoro, acompanhado pelo seu vice Franklin Franco, onde conversou com feirantes que trabalham no local. \u201cA [&hellip;]","og_url":"https:\/\/portalmf.com.br\/index.php\/2024\/09\/05\/em-visita-a-marechal-deodoro-carlos-medeiros-diz-que-vai-organizar-feiras-livres\/","og_site_name":"Portal MF","article_author":"https:\/\/www.facebook.com\/portalmfoficial","article_published_time":"2024-09-05T21:10:46+00:00","article_modified_time":"2024-09-05T21:16:00+00:00","og_image":[{"width":1600,"height":1294,"url":"https:\/\/portalmf.com.br\/wp-content\/uploads\/2024\/09\/Carlos-Medeiros-diz-que-vai-organizar-feiras-livres.jpg","type":"image\/jpeg"}],"author":"Reda\u00e7\u00e3o Portal MF","twitter_card":"summary_large_image","twitter_creator":"@https:\/\/x.com\/portalmfoficial","twitter_misc":{"Escrito por":"Reda\u00e7\u00e3o Portal MF","Est. tempo de leitura":"2 minutos"},"schema":{"@context":"https:\/\/schema.org","@graph":[{"@type":"WebPage","@id":"https:\/\/portalmf.com.br\/index.php\/2024\/09\/05\/em-visita-a-marechal-deodoro-carlos-medeiros-diz-que-vai-organizar-feiras-livres\/","url":"https:\/\/portalmf.com.br\/index.php\/2024\/09\/05\/em-visita-a-marechal-deodoro-carlos-medeiros-diz-que-vai-organizar-feiras-livres\/","name":"Em visita a Marechal Deodoro, Carlos Medeiros diz que vai organizar feiras livres - Portal MF","isPartOf":{"@id":"https:\/\/portalmf.com.br\/#website"},"primaryImageOfPage":{"@id":"https:\/\/portalmf.com.br\/index.php\/2024\/09\/05\/em-visita-a-marechal-deodoro-carlos-medeiros-diz-que-vai-organizar-feiras-livres\/#primaryimage"},"image":{"@id":"https:\/\/portalmf.com.br\/index.php\/2024\/09\/05\/em-visita-a-marechal-deodoro-carlos-medeiros-diz-que-vai-organizar-feiras-livres\/#primaryimage"},"thumbnailUrl":"https:\/\/portalmf.com.br\/wp-content\/uploads\/2024\/09\/Carlos-Medeiros-diz-que-vai-organizar-feiras-livres.jpg","datePublished":"2024-09-05T21:10:46+00:00","dateModified":"2024-09-05T21:16:00+00:00","author":{"@id":"https:\/\/portalmf.com.br\/#\/schema\/person\/9ec101baf56233e53520c26de5d6f6f0"},"breadcrumb":{"@id":"https:\/\/portalmf.com.br\/index.php\/2024\/09\/05\/em-visita-a-marechal-deodoro-carlos-medeiros-diz-que-vai-organizar-feiras-livres\/#breadcrumb"},"inLanguage":"pt-BR","potentialAction":[{"@type":"ReadAction","target":["https:\/\/portalmf.com.br\/index.php\/2024\/09\/05\/em-visita-a-marechal-deodoro-carlos-medeiros-diz-que-vai-organizar-feiras-livres\/"]}]},{"@type":"ImageObject","inLanguage":"pt-BR","@id":"https:\/\/portalmf.com.br\/index.php\/2024\/09\/05\/em-visita-a-marechal-deodoro-carlos-medeiros-diz-que-vai-organizar-feiras-livres\/#primaryimage","url":"https:\/\/portalmf.com.br\/wp-content\/uploads\/2024\/09\/Carlos-Medeiros-diz-que-vai-organizar-feiras-livres.jpg","contentUrl":"https:\/\/portalmf.com.br\/wp-content\/uploads\/2024\/09\/Carlos-Medeiros-diz-que-vai-organizar-feiras-livres.jpg","width":1600,"height":1294},{"@type":"BreadcrumbList","@id":"https:\/\/portalmf.com.br\/index.php\/2024\/09\/05\/em-visita-a-marechal-deodoro-carlos-medeiros-diz-que-vai-organizar-feiras-livres\/#breadcrumb","itemListElement":[{"@type":"ListItem","position":1,"name":"In\u00edcio","item":"https:\/\/portalmf.com.br\/"},{"@type":"ListItem","position":2,"name":"Em visita a Marechal Deodoro, Carlos Medeiros diz que vai organizar feiras livres"}]},{"@type":"WebSite","@id":"https:\/\/portalmf.com.br\/#website","url":"https:\/\/portalmf.com.br\/","name":"Portal MF","description":"Voc\u00ea conectado com a informa\u00e7\u00e3o","potentialAction":[{"@type":"SearchAction","target":{"@type":"EntryPoint","urlTemplate":"https:\/\/portalmf.com.br\/?s={search_term_string}"},"query-input":"required name=search_term_string"}],"inLanguage":"pt-BR"},{"@type":"Person","@id":"https:\/\/portalmf.com.br\/#\/schema\/person\/9ec101baf56233e53520c26de5d6f6f0","name":"Reda\u00e7\u00e3o Portal MF","image":{"@type":"ImageObject","inLanguage":"pt-BR","@id":"https:\/\/portalmf.com.br\/#\/schema\/person\/image\/","url":"https:\/\/secure.gravatar.com\/avatar\/41b9aaeb2100835f7c64362330f74c7f?s=96&d=mm&r=g","contentUrl":"https:\/\/secure.gravatar.com\/avatar\/41b9aaeb2100835f7c64362330f74c7f?s=96&d=mm&r=g","caption":"Reda\u00e7\u00e3o Portal MF"},"description":"Sejam bem-vindos o portal de informa\u00e7\u00f5es de entretenimento de Feira de Santana, desde 2006 realiza coberturas dos principais eventos com entrevistas exclusivas com as principais personalidades mundiais. Fique conectado tamb\u00e9m nas redes sociais.","sameAs":["http:\/\/www.portalmf.com.br\/","https:\/\/www.facebook.com\/portalmfoficial","https:\/\/www.instagram.com\/portalmf\/","https:\/\/x.com\/https:\/\/x.com\/portalmfoficial","https:\/\/www.youtube.com\/@portalmfoficial"],"url":"https:\/\/portalmf.com.br\/index.php\/author\/junior\/"}]}},"_links":{"self":[{"href":"https:\/\/portalmf.com.br\/index.php\/wp-json\/wp\/v2\/posts\/29435"}],"collection":[{"href":"https:\/\/portalmf.com.br\/index.php\/wp-json\/wp\/v2\/posts"}],"about":[{"href":"https:\/\/portalmf.com.br\/index.php\/wp-json\/wp\/v2\/types\/post"}],"author":[{"embeddable":true,"href":"https:\/\/portalmf.com.br\/index.php\/wp-json\/wp\/v2\/users\/3"}],"replies":[{"embeddable":true,"href":"https:\/\/portalmf.com.br\/index.php\/wp-json\/wp\/v2\/comments?post=29435"}],"version-history":[{"count":2,"href":"https:\/\/portalmf.com.br\/index.php\/wp-json\/wp\/v2\/posts\/29435\/revisions"}],"predecessor-version":[{"id":29446,"href":"https:\/\/portalmf.com.br\/index.php\/wp-json\/wp\/v2\/posts\/29435\/revisions\/29446"}],"wp:featuredmedia":[{"embeddable":true,"href":"https:\/\/portalmf.com.br\/index.php\/wp-json\/wp\/v2\/media\/29436"}],"wp:attachment":[{"href":"https:\/\/portalmf.com.br\/index.php\/wp-json\/wp\/v2\/media?parent=29435"}],"wp:term":[{"taxonomy":"category","embeddable":true,"href":"https:\/\/portalmf.com.br\/index.php\/wp-json\/wp\/v2\/categories?post=29435"},{"taxonomy":"post_tag","embeddable":true,"href":"https:\/\/portalmf.com.br\/index.php\/wp-json\/wp\/v2\/tags?post=29435"}],"curies":[{"name":"wp","href":"https:\/\/api.w.org\/{rel}","templated":true}]}}