{"id":29432,"date":"2024-09-05T18:08:54","date_gmt":"2024-09-05T21:08:54","guid":{"rendered":"https:\/\/portalmf.com.br\/?p=29432"},"modified":"2024-09-05T18:16:41","modified_gmt":"2024-09-05T21:16:41","slug":"deputado-robinson-comentar-decisao-da-justica-das-eleicoes-de-feira-de-santana","status":"publish","type":"post","link":"https:\/\/portalmf.com.br\/index.php\/2024\/09\/05\/deputado-robinson-comentar-decisao-da-justica-das-eleicoes-de-feira-de-santana\/","title":{"rendered":"Deputado Robinson comentar decis\u00e3o da Justi\u00e7a das elei\u00e7\u00f5es de Feira de Santana"},"content":{"rendered":"\n<p>O deputado estadual Robinson Almeida (PT) disse que a nova derrota na justi\u00e7a eleitoral do candidato a prefeito de Feira de Santana, Z\u00e9 Ronaldo (UB), j\u00e1 era esperada, pois, &#8220;Z\u00e9 Ronaldo \u00e9 Colbert&#8221; e n\u00e3o tem como &#8220;tapar o sol com a peneira&#8221;, referindo -se que a alian\u00e7a entre os dois pol\u00edticos \u00e9 p\u00fablica na segunda maior cidade da Bahia.<\/p>\n\n\n\n<p>Ontem (4), a justi\u00e7a eleitoral rejeitou a a\u00e7\u00e3o impetrada contra a propaganda de r\u00e1dio e televis\u00e3o, do candidato a prefeito Z\u00e9 Neto (PT), por mostrar que Z\u00e9 Ronaldo tem, na gest\u00e3o Colbert, secret\u00e1rios municipais com quem tem rela\u00e7\u00e3o pol\u00edtica e que participaram do seu governo, entre 2016 e 2018.<\/p>\n\n\n\n<p><em>&#8220;Z\u00e9 Ronaldo querer esconder da opini\u00e3o p\u00fablica seu vinculo com o desastre que \u00e9 a administra\u00e7\u00e3o Colbert Martins \u00e9 algo surreal, escandaloso. Ele age com oportunismo, porque sabe o desgaste p\u00fablico que o prefeito, que, por sinal, coordena sua campanha, sofre na cidade. Z\u00e9 Ronaldo e Colbert s\u00e3o a tampa e a panela, respons\u00e1veis pelo descaso e abandono em Feira&#8221;,<\/em> afirmou Robinson.<\/p>\n\n\n\n<p>O parlamentar aponta que o pr\u00f3prio prefeito Colbert Martins, em entrevista recente, confirmou a participa\u00e7\u00e3o e influ\u00eancia de Z\u00e9 Ronaldo em seu governo.<\/p>\n\n\n\n<p>&#8220;Ele mant\u00e9m na gest\u00e3o secret\u00e1rios que indicou pra Colbert, cargos de segundo e terceiro escal\u00e3o, o pr\u00f3prio prefeito j\u00e1 declarou, em entrevista \u00e0 imprensa, que o seu governo est\u00e1 entupido de Z\u00e9 Ronaldo, que ele participa. N\u00e3o tem como Z\u00e9 Ronaldo esconder o que est\u00e1 expl\u00edcito. Ele \u00e9 Colbert, faz parte do desastre administrativo que abandobou a segunda maior cidade da Bahia. Juntos, s\u00e3o farinha estragada do mesmo saco&#8221;, enfatizou Robinson Almeida.<\/p>\n\n\n\n<p>Essa \u00e9 a terceira derrota de Z\u00e9 Ronaldo na justi\u00e7a, num interv\u00e1-lo de 72 horas. A primeira foi quando a justi\u00e7a recusou a suspens\u00e3o de qualquer propaganda institucional do governo da Bahia, em Feira de Santana. O candidato do Uni\u00e3o Brasil alegava um suposto favorecimento ao candidato Z\u00e9 Neto (PT), argumento considerado inexistente pelo juiz Roque Ruy Barbosa de Ara\u00falo. A segunda foi quando tentou censurar as cr\u00edticas ao BRT em Feira de Santana, implantado pelo grupo pol\u00edtico que governa a cidade h\u00e1 24 anos mas que n\u00e3o se enquadra nos requisitos t\u00e9cnicos do modal.<\/p>\n\n\n\n<p>Com informa\u00e7\u00f5es da Ascom do Deputado<\/p>\n","protected":false},"excerpt":{"rendered":"<p>O deputado estadual Robinson Almeida (PT) disse que a nova derrota na justi\u00e7a eleitoral do candidato a prefeito de Feira de Santana, Z\u00e9 Ronaldo (UB), j\u00e1 era esperada, pois, &#8220;Z\u00e9 Ronaldo \u00e9 Colbert&#8221; e n\u00e3o tem como &#8220;tapar o sol com a peneira&#8221;, referindo -se que a alian\u00e7a entre os dois pol\u00edticos \u00e9 p\u00fablica na [&hellip;]<\/p>\n","protected":false},"author":3,"featured_media":29433,"comment_status":"open","ping_status":"open","sticky":false,"template":"","format":"standard","meta":{"_monsterinsights_skip_tracking":false,"_monsterinsights_sitenote_active":false,"_monsterinsights_sitenote_note":"","_monsterinsights_sitenote_category":0,"footnotes":""},"categories":[301,34],"tags":[],"yoast_head":"<!-- This site is optimized with the Yoast SEO plugin v22.9 - https:\/\/yoast.com\/wordpress\/plugins\/seo\/ -->\n<title>Deputado Robinson comentar decis\u00e3o da Justi\u00e7a das elei\u00e7\u00f5es de Feira de Santana - Portal MF<\/title>\n<meta name=\"robots\" content=\"index, follow, max-snippet:-1, max-image-preview:large, max-video-preview:-1\" \/>\n<link rel=\"canonical\" href=\"https:\/\/portalmf.com.br\/index.php\/2024\/09\/05\/deputado-robinson-comentar-decisao-da-justica-das-eleicoes-de-feira-de-santana\/\" \/>\n<meta property=\"og:locale\" content=\"pt_BR\" \/>\n<meta property=\"og:type\" content=\"article\" \/>\n<meta property=\"og:title\" content=\"Deputado Robinson comentar decis\u00e3o da Justi\u00e7a das elei\u00e7\u00f5es de Feira de Santana - Portal MF\" \/>\n<meta property=\"og:description\" content=\"O deputado estadual Robinson Almeida (PT) disse que a nova derrota na justi\u00e7a eleitoral do candidato a prefeito de Feira de Santana, Z\u00e9 Ronaldo (UB), j\u00e1 era esperada, pois, &#8220;Z\u00e9 Ronaldo \u00e9 Colbert&#8221; e n\u00e3o tem como &#8220;tapar o sol com a peneira&#8221;, referindo -se que a alian\u00e7a entre os dois pol\u00edticos \u00e9 p\u00fablica na [&hellip;]\" \/>\n<meta property=\"og:url\" content=\"https:\/\/portalmf.com.br\/index.php\/2024\/09\/05\/deputado-robinson-comentar-decisao-da-justica-das-eleicoes-de-feira-de-santana\/\" \/>\n<meta property=\"og:site_name\" content=\"Portal MF\" \/>\n<meta property=\"article:author\" content=\"https:\/\/www.facebook.com\/portalmfoficial\" \/>\n<meta property=\"article:published_time\" content=\"2024-09-05T21:08:54+00:00\" \/>\n<meta property=\"article:modified_time\" content=\"2024-09-05T21:16:41+00:00\" \/>\n<meta property=\"og:image\" content=\"https:\/\/portalmf.com.br\/wp-content\/uploads\/2024\/09\/robinson-almeida-rebate-paulo-azi-o-instituto-dessa-pesquisa-e-o-mesmo-que-cravou-que-acm-neto-ganharia-a-eleicao-pra-governador-em-primeiro-turno1550548735.jpeg\" \/>\n\t<meta property=\"og:image:width\" content=\"636\" \/>\n\t<meta property=\"og:image:height\" content=\"482\" \/>\n\t<meta property=\"og:image:type\" content=\"image\/jpeg\" \/>\n<meta name=\"author\" content=\"Reda\u00e7\u00e3o Portal MF\" \/>\n<meta name=\"twitter:card\" content=\"summary_large_image\" \/>\n<meta name=\"twitter:creator\" content=\"@https:\/\/x.com\/portalmfoficial\" \/>\n<meta name=\"twitter:label1\" content=\"Escrito por\" \/>\n\t<meta name=\"twitter:data1\" content=\"Reda\u00e7\u00e3o Portal MF\" \/>\n\t<meta name=\"twitter:label2\" content=\"Est. tempo de leitura\" \/>\n\t<meta name=\"twitter:data2\" content=\"3 minutos\" \/>\n<script type=\"application\/ld+json\" class=\"yoast-schema-graph\">{\"@context\":\"https:\/\/schema.org\",\"@graph\":[{\"@type\":\"WebPage\",\"@id\":\"https:\/\/portalmf.com.br\/index.php\/2024\/09\/05\/deputado-robinson-comentar-decisao-da-justica-das-eleicoes-de-feira-de-santana\/\",\"url\":\"https:\/\/portalmf.com.br\/index.php\/2024\/09\/05\/deputado-robinson-comentar-decisao-da-justica-das-eleicoes-de-feira-de-santana\/\",\"name\":\"Deputado Robinson comentar decis\u00e3o da Justi\u00e7a das elei\u00e7\u00f5es de Feira de Santana - Portal MF\",\"isPartOf\":{\"@id\":\"https:\/\/portalmf.com.br\/#website\"},\"primaryImageOfPage\":{\"@id\":\"https:\/\/portalmf.com.br\/index.php\/2024\/09\/05\/deputado-robinson-comentar-decisao-da-justica-das-eleicoes-de-feira-de-santana\/#primaryimage\"},\"image\":{\"@id\":\"https:\/\/portalmf.com.br\/index.php\/2024\/09\/05\/deputado-robinson-comentar-decisao-da-justica-das-eleicoes-de-feira-de-santana\/#primaryimage\"},\"thumbnailUrl\":\"https:\/\/portalmf.com.br\/wp-content\/uploads\/2024\/09\/robinson-almeida-rebate-paulo-azi-o-instituto-dessa-pesquisa-e-o-mesmo-que-cravou-que-acm-neto-ganharia-a-eleicao-pra-governador-em-primeiro-turno1550548735.jpeg\",\"datePublished\":\"2024-09-05T21:08:54+00:00\",\"dateModified\":\"2024-09-05T21:16:41+00:00\",\"author\":{\"@id\":\"https:\/\/portalmf.com.br\/#\/schema\/person\/9ec101baf56233e53520c26de5d6f6f0\"},\"breadcrumb\":{\"@id\":\"https:\/\/portalmf.com.br\/index.php\/2024\/09\/05\/deputado-robinson-comentar-decisao-da-justica-das-eleicoes-de-feira-de-santana\/#breadcrumb\"},\"inLanguage\":\"pt-BR\",\"potentialAction\":[{\"@type\":\"ReadAction\",\"target\":[\"https:\/\/portalmf.com.br\/index.php\/2024\/09\/05\/deputado-robinson-comentar-decisao-da-justica-das-eleicoes-de-feira-de-santana\/\"]}]},{\"@type\":\"ImageObject\",\"inLanguage\":\"pt-BR\",\"@id\":\"https:\/\/portalmf.com.br\/index.php\/2024\/09\/05\/deputado-robinson-comentar-decisao-da-justica-das-eleicoes-de-feira-de-santana\/#primaryimage\",\"url\":\"https:\/\/portalmf.com.br\/wp-content\/uploads\/2024\/09\/robinson-almeida-rebate-paulo-azi-o-instituto-dessa-pesquisa-e-o-mesmo-que-cravou-que-acm-neto-ganharia-a-eleicao-pra-governador-em-primeiro-turno1550548735.jpeg\",\"contentUrl\":\"https:\/\/portalmf.com.br\/wp-content\/uploads\/2024\/09\/robinson-almeida-rebate-paulo-azi-o-instituto-dessa-pesquisa-e-o-mesmo-que-cravou-que-acm-neto-ganharia-a-eleicao-pra-governador-em-primeiro-turno1550548735.jpeg\",\"width\":636,\"height\":482},{\"@type\":\"BreadcrumbList\",\"@id\":\"https:\/\/portalmf.com.br\/index.php\/2024\/09\/05\/deputado-robinson-comentar-decisao-da-justica-das-eleicoes-de-feira-de-santana\/#breadcrumb\",\"itemListElement\":[{\"@type\":\"ListItem\",\"position\":1,\"name\":\"In\u00edcio\",\"item\":\"https:\/\/portalmf.com.br\/\"},{\"@type\":\"ListItem\",\"position\":2,\"name\":\"Deputado Robinson comentar decis\u00e3o da Justi\u00e7a das elei\u00e7\u00f5es de Feira de Santana\"}]},{\"@type\":\"WebSite\",\"@id\":\"https:\/\/portalmf.com.br\/#website\",\"url\":\"https:\/\/portalmf.com.br\/\",\"name\":\"Portal MF\",\"description\":\"Voc\u00ea conectado com a informa\u00e7\u00e3o\",\"potentialAction\":[{\"@type\":\"SearchAction\",\"target\":{\"@type\":\"EntryPoint\",\"urlTemplate\":\"https:\/\/portalmf.com.br\/?s={search_term_string}\"},\"query-input\":\"required name=search_term_string\"}],\"inLanguage\":\"pt-BR\"},{\"@type\":\"Person\",\"@id\":\"https:\/\/portalmf.com.br\/#\/schema\/person\/9ec101baf56233e53520c26de5d6f6f0\",\"name\":\"Reda\u00e7\u00e3o Portal MF\",\"image\":{\"@type\":\"ImageObject\",\"inLanguage\":\"pt-BR\",\"@id\":\"https:\/\/portalmf.com.br\/#\/schema\/person\/image\/\",\"url\":\"https:\/\/secure.gravatar.com\/avatar\/41b9aaeb2100835f7c64362330f74c7f?s=96&d=mm&r=g\",\"contentUrl\":\"https:\/\/secure.gravatar.com\/avatar\/41b9aaeb2100835f7c64362330f74c7f?s=96&d=mm&r=g\",\"caption\":\"Reda\u00e7\u00e3o Portal MF\"},\"description\":\"Sejam bem-vindos o portal de informa\u00e7\u00f5es de entretenimento de Feira de Santana, desde 2006 realiza coberturas dos principais eventos com entrevistas exclusivas com as principais personalidades mundiais. Fique conectado tamb\u00e9m nas redes sociais.\",\"sameAs\":[\"http:\/\/www.portalmf.com.br\/\",\"https:\/\/www.facebook.com\/portalmfoficial\",\"https:\/\/www.instagram.com\/portalmf\/\",\"https:\/\/x.com\/https:\/\/x.com\/portalmfoficial\",\"https:\/\/www.youtube.com\/@portalmfoficial\"],\"url\":\"https:\/\/portalmf.com.br\/index.php\/author\/junior\/\"}]}<\/script>\n<!-- \/ Yoast SEO plugin. -->","yoast_head_json":{"title":"Deputado Robinson comentar decis\u00e3o da Justi\u00e7a das elei\u00e7\u00f5es de Feira de Santana - Portal MF","robots":{"index":"index","follow":"follow","max-snippet":"max-snippet:-1","max-image-preview":"max-image-preview:large","max-video-preview":"max-video-preview:-1"},"canonical":"https:\/\/portalmf.com.br\/index.php\/2024\/09\/05\/deputado-robinson-comentar-decisao-da-justica-das-eleicoes-de-feira-de-santana\/","og_locale":"pt_BR","og_type":"article","og_title":"Deputado Robinson comentar decis\u00e3o da Justi\u00e7a das elei\u00e7\u00f5es de Feira de Santana - Portal MF","og_description":"O deputado estadual Robinson Almeida (PT) disse que a nova derrota na justi\u00e7a eleitoral do candidato a prefeito de Feira de Santana, Z\u00e9 Ronaldo (UB), j\u00e1 era esperada, pois, &#8220;Z\u00e9 Ronaldo \u00e9 Colbert&#8221; e n\u00e3o tem como &#8220;tapar o sol com a peneira&#8221;, referindo -se que a alian\u00e7a entre os dois pol\u00edticos \u00e9 p\u00fablica na [&hellip;]","og_url":"https:\/\/portalmf.com.br\/index.php\/2024\/09\/05\/deputado-robinson-comentar-decisao-da-justica-das-eleicoes-de-feira-de-santana\/","og_site_name":"Portal MF","article_author":"https:\/\/www.facebook.com\/portalmfoficial","article_published_time":"2024-09-05T21:08:54+00:00","article_modified_time":"2024-09-05T21:16:41+00:00","og_image":[{"width":636,"height":482,"url":"https:\/\/portalmf.com.br\/wp-content\/uploads\/2024\/09\/robinson-almeida-rebate-paulo-azi-o-instituto-dessa-pesquisa-e-o-mesmo-que-cravou-que-acm-neto-ganharia-a-eleicao-pra-governador-em-primeiro-turno1550548735.jpeg","type":"image\/jpeg"}],"author":"Reda\u00e7\u00e3o Portal MF","twitter_card":"summary_large_image","twitter_creator":"@https:\/\/x.com\/portalmfoficial","twitter_misc":{"Escrito por":"Reda\u00e7\u00e3o Portal MF","Est. tempo de leitura":"3 minutos"},"schema":{"@context":"https:\/\/schema.org","@graph":[{"@type":"WebPage","@id":"https:\/\/portalmf.com.br\/index.php\/2024\/09\/05\/deputado-robinson-comentar-decisao-da-justica-das-eleicoes-de-feira-de-santana\/","url":"https:\/\/portalmf.com.br\/index.php\/2024\/09\/05\/deputado-robinson-comentar-decisao-da-justica-das-eleicoes-de-feira-de-santana\/","name":"Deputado Robinson comentar decis\u00e3o da Justi\u00e7a das elei\u00e7\u00f5es de Feira de Santana - Portal MF","isPartOf":{"@id":"https:\/\/portalmf.com.br\/#website"},"primaryImageOfPage":{"@id":"https:\/\/portalmf.com.br\/index.php\/2024\/09\/05\/deputado-robinson-comentar-decisao-da-justica-das-eleicoes-de-feira-de-santana\/#primaryimage"},"image":{"@id":"https:\/\/portalmf.com.br\/index.php\/2024\/09\/05\/deputado-robinson-comentar-decisao-da-justica-das-eleicoes-de-feira-de-santana\/#primaryimage"},"thumbnailUrl":"https:\/\/portalmf.com.br\/wp-content\/uploads\/2024\/09\/robinson-almeida-rebate-paulo-azi-o-instituto-dessa-pesquisa-e-o-mesmo-que-cravou-que-acm-neto-ganharia-a-eleicao-pra-governador-em-primeiro-turno1550548735.jpeg","datePublished":"2024-09-05T21:08:54+00:00","dateModified":"2024-09-05T21:16:41+00:00","author":{"@id":"https:\/\/portalmf.com.br\/#\/schema\/person\/9ec101baf56233e53520c26de5d6f6f0"},"breadcrumb":{"@id":"https:\/\/portalmf.com.br\/index.php\/2024\/09\/05\/deputado-robinson-comentar-decisao-da-justica-das-eleicoes-de-feira-de-santana\/#breadcrumb"},"inLanguage":"pt-BR","potentialAction":[{"@type":"ReadAction","target":["https:\/\/portalmf.com.br\/index.php\/2024\/09\/05\/deputado-robinson-comentar-decisao-da-justica-das-eleicoes-de-feira-de-santana\/"]}]},{"@type":"ImageObject","inLanguage":"pt-BR","@id":"https:\/\/portalmf.com.br\/index.php\/2024\/09\/05\/deputado-robinson-comentar-decisao-da-justica-das-eleicoes-de-feira-de-santana\/#primaryimage","url":"https:\/\/portalmf.com.br\/wp-content\/uploads\/2024\/09\/robinson-almeida-rebate-paulo-azi-o-instituto-dessa-pesquisa-e-o-mesmo-que-cravou-que-acm-neto-ganharia-a-eleicao-pra-governador-em-primeiro-turno1550548735.jpeg","contentUrl":"https:\/\/portalmf.com.br\/wp-content\/uploads\/2024\/09\/robinson-almeida-rebate-paulo-azi-o-instituto-dessa-pesquisa-e-o-mesmo-que-cravou-que-acm-neto-ganharia-a-eleicao-pra-governador-em-primeiro-turno1550548735.jpeg","width":636,"height":482},{"@type":"BreadcrumbList","@id":"https:\/\/portalmf.com.br\/index.php\/2024\/09\/05\/deputado-robinson-comentar-decisao-da-justica-das-eleicoes-de-feira-de-santana\/#breadcrumb","itemListElement":[{"@type":"ListItem","position":1,"name":"In\u00edcio","item":"https:\/\/portalmf.com.br\/"},{"@type":"ListItem","position":2,"name":"Deputado Robinson comentar decis\u00e3o da Justi\u00e7a das elei\u00e7\u00f5es de Feira de Santana"}]},{"@type":"WebSite","@id":"https:\/\/portalmf.com.br\/#website","url":"https:\/\/portalmf.com.br\/","name":"Portal MF","description":"Voc\u00ea conectado com a informa\u00e7\u00e3o","potentialAction":[{"@type":"SearchAction","target":{"@type":"EntryPoint","urlTemplate":"https:\/\/portalmf.com.br\/?s={search_term_string}"},"query-input":"required name=search_term_string"}],"inLanguage":"pt-BR"},{"@type":"Person","@id":"https:\/\/portalmf.com.br\/#\/schema\/person\/9ec101baf56233e53520c26de5d6f6f0","name":"Reda\u00e7\u00e3o Portal MF","image":{"@type":"ImageObject","inLanguage":"pt-BR","@id":"https:\/\/portalmf.com.br\/#\/schema\/person\/image\/","url":"https:\/\/secure.gravatar.com\/avatar\/41b9aaeb2100835f7c64362330f74c7f?s=96&d=mm&r=g","contentUrl":"https:\/\/secure.gravatar.com\/avatar\/41b9aaeb2100835f7c64362330f74c7f?s=96&d=mm&r=g","caption":"Reda\u00e7\u00e3o Portal MF"},"description":"Sejam bem-vindos o portal de informa\u00e7\u00f5es de entretenimento de Feira de Santana, desde 2006 realiza coberturas dos principais eventos com entrevistas exclusivas com as principais personalidades mundiais. Fique conectado tamb\u00e9m nas redes sociais.","sameAs":["http:\/\/www.portalmf.com.br\/","https:\/\/www.facebook.com\/portalmfoficial","https:\/\/www.instagram.com\/portalmf\/","https:\/\/x.com\/https:\/\/x.com\/portalmfoficial","https:\/\/www.youtube.com\/@portalmfoficial"],"url":"https:\/\/portalmf.com.br\/index.php\/author\/junior\/"}]}},"_links":{"self":[{"href":"https:\/\/portalmf.com.br\/index.php\/wp-json\/wp\/v2\/posts\/29432"}],"collection":[{"href":"https:\/\/portalmf.com.br\/index.php\/wp-json\/wp\/v2\/posts"}],"about":[{"href":"https:\/\/portalmf.com.br\/index.php\/wp-json\/wp\/v2\/types\/post"}],"author":[{"embeddable":true,"href":"https:\/\/portalmf.com.br\/index.php\/wp-json\/wp\/v2\/users\/3"}],"replies":[{"embeddable":true,"href":"https:\/\/portalmf.com.br\/index.php\/wp-json\/wp\/v2\/comments?post=29432"}],"version-history":[{"count":2,"href":"https:\/\/portalmf.com.br\/index.php\/wp-json\/wp\/v2\/posts\/29432\/revisions"}],"predecessor-version":[{"id":29447,"href":"https:\/\/portalmf.com.br\/index.php\/wp-json\/wp\/v2\/posts\/29432\/revisions\/29447"}],"wp:featuredmedia":[{"embeddable":true,"href":"https:\/\/portalmf.com.br\/index.php\/wp-json\/wp\/v2\/media\/29433"}],"wp:attachment":[{"href":"https:\/\/portalmf.com.br\/index.php\/wp-json\/wp\/v2\/media?parent=29432"}],"wp:term":[{"taxonomy":"category","embeddable":true,"href":"https:\/\/portalmf.com.br\/index.php\/wp-json\/wp\/v2\/categories?post=29432"},{"taxonomy":"post_tag","embeddable":true,"href":"https:\/\/portalmf.com.br\/index.php\/wp-json\/wp\/v2\/tags?post=29432"}],"curies":[{"name":"wp","href":"https:\/\/api.w.org\/{rel}","templated":true}]}}