{"id":29403,"date":"2024-09-03T19:26:05","date_gmt":"2024-09-03T22:26:05","guid":{"rendered":"https:\/\/portalmf.com.br\/?p=29403"},"modified":"2024-09-03T19:26:06","modified_gmt":"2024-09-03T22:26:06","slug":"ze-neto-diz-que-vai-colocar-postos-de-saude-para-funcionar-de-verdade","status":"publish","type":"post","link":"https:\/\/portalmf.com.br\/index.php\/2024\/09\/03\/ze-neto-diz-que-vai-colocar-postos-de-saude-para-funcionar-de-verdade\/","title":{"rendered":"Z\u00e9 Neto diz que vai colocar postos de sa\u00fade para funcionar de verdade"},"content":{"rendered":"\n<p>Em encontro com moradores do Residencial Nova Concei\u00e7\u00e3o, no bairro Concei\u00e7\u00e3o I, nesta ter\u00e7a-feira (3), o candidato a prefeito da coliga\u00e7\u00e3o Pra Fazer o Futuro Acontecer, Z\u00e9 Neto, assumiu o compromisso de fazer uma reformula\u00e7\u00e3o na gest\u00e3o da sa\u00fade municipal em Feira de Santana, ampliando o atendimento na aten\u00e7\u00e3o b\u00e1sica em parceria com o Governo do Estado.<\/p>\n\n\n\n<p>Ao criticar a falta de investimentos nessa \u00e1rea, que \u00e9 um dever do munic\u00edpio, Z\u00e9 Neto lembrou que tal omiss\u00e3o afeta diretamente a m\u00e9dia e alta complexidade, como a Unidade de Pronto Atendimento (UPA) Estadual, Hospital Cl\u00e9riston Andrade, Hospital da Crian\u00e7a (HEC) e a Policl\u00ednica Regional.<\/p>\n\n\n\n<p><em>\u201cH\u00e1 duas semanas, a UPA do Cl\u00e9riston, que \u00e9 a maior da cidade, registrou uma sobrecarga de quase 200% no atendimento, ap\u00f3s a suspens\u00e3o dos servi\u00e7os na Policl\u00ednica do Tomba. Este cen\u00e1rio revela a grave crise que estamos enfrentando, ao longo das \u00faltimas administra\u00e7\u00f5es municipais, na sa\u00fade b\u00e1sica de Feira. E aqui no Nova Concei\u00e7\u00e3o, que abriga cerca de 440 fam\u00edlias divididas em 22 blocos e que foi o primeiro conjunto habitacional entregue pelo presidente Lula em Feira, a situa\u00e7\u00e3o n\u00e3o \u00e9 diferente. Vamos mudar essa realidade fazendo uma reformula\u00e7\u00e3o na sa\u00fade, em parceria com o governador Jer\u00f4nimo Rodrigues e o presidente Lula, colocando os postos para funcionar de verdade com consultas, exames e rem\u00e9dios na sede e nos distritos, possibilitando um atendimento mais humanizado \u00e0s fam\u00edlias. Porque cuidar de gente \u00e9 a nossa miss\u00e3o\u201c<\/em>, pontuou.<\/p>\n\n\n\n<p>A aposentada T\u00e2nia L\u00facia Pereira de Souza, de 63 anos, que mora no Residencial Nova Concei\u00e7\u00e3o h\u00e1 9 anos, revelou que \u201ca situa\u00e7\u00e3o \u00e9 t\u00e3o prec\u00e1ria que chega ao ponto de colocar o nome na lista de espera do posto de sa\u00fade sem saber quando ser\u00e1 atendida\u201d. E completou: \u201cInfelizmente, ou voc\u00ea tem dinheiro ou morre\u201d.<\/p>\n\n\n\n<p>Para al\u00e9m da sa\u00fade, Z\u00e9 Neto dialogou com moradores do residencial sobre investimentos em infraestrutura, seguran\u00e7a, mobilidade urbana, educa\u00e7\u00e3o e esporte no local. Pedro Martin Miranda, de 59 anos, foi um deles. <\/p>\n\n\n\n<p><em>\u201cA ilumina\u00e7\u00e3o e limpeza p\u00fablica aqui quase que nem existem. O transporte coletivo aqui do bairro s\u00f3 tem um e quando chega umas 6h30, diz que n\u00e3o tem passageiros suficientes e retiram. As vezes, temos que ir para a Ayrton Senna [avenida] pegar um coletivo\u201d<\/em>, criticou.<\/p>\n\n\n\n<p>Fotos: Paulo Amaral<\/p>\n","protected":false},"excerpt":{"rendered":"<p>Em encontro com moradores do Residencial Nova Concei\u00e7\u00e3o, no bairro Concei\u00e7\u00e3o I, nesta ter\u00e7a-feira (3), o candidato a prefeito da coliga\u00e7\u00e3o Pra Fazer o Futuro Acontecer, Z\u00e9 Neto, assumiu o compromisso de fazer uma reformula\u00e7\u00e3o na gest\u00e3o da sa\u00fade municipal em Feira de Santana, ampliando o atendimento na aten\u00e7\u00e3o b\u00e1sica em parceria com o Governo [&hellip;]<\/p>\n","protected":false},"author":3,"featured_media":29404,"comment_status":"open","ping_status":"open","sticky":false,"template":"","format":"standard","meta":{"_monsterinsights_skip_tracking":false,"_monsterinsights_sitenote_active":false,"_monsterinsights_sitenote_note":"","_monsterinsights_sitenote_category":0,"footnotes":""},"categories":[301,34],"tags":[],"yoast_head":"<!-- This site is optimized with the Yoast SEO plugin v22.9 - https:\/\/yoast.com\/wordpress\/plugins\/seo\/ -->\n<title>Z\u00e9 Neto diz que vai colocar postos de sa\u00fade para funcionar de verdade - Portal MF<\/title>\n<meta name=\"robots\" content=\"index, follow, max-snippet:-1, max-image-preview:large, max-video-preview:-1\" \/>\n<link rel=\"canonical\" href=\"https:\/\/portalmf.com.br\/index.php\/2024\/09\/03\/ze-neto-diz-que-vai-colocar-postos-de-saude-para-funcionar-de-verdade\/\" \/>\n<meta property=\"og:locale\" content=\"pt_BR\" \/>\n<meta property=\"og:type\" content=\"article\" \/>\n<meta property=\"og:title\" content=\"Z\u00e9 Neto diz que vai colocar postos de sa\u00fade para funcionar de verdade - Portal MF\" \/>\n<meta property=\"og:description\" content=\"Em encontro com moradores do Residencial Nova Concei\u00e7\u00e3o, no bairro Concei\u00e7\u00e3o I, nesta ter\u00e7a-feira (3), o candidato a prefeito da coliga\u00e7\u00e3o Pra Fazer o Futuro Acontecer, Z\u00e9 Neto, assumiu o compromisso de fazer uma reformula\u00e7\u00e3o na gest\u00e3o da sa\u00fade municipal em Feira de Santana, ampliando o atendimento na aten\u00e7\u00e3o b\u00e1sica em parceria com o Governo [&hellip;]\" \/>\n<meta property=\"og:url\" content=\"https:\/\/portalmf.com.br\/index.php\/2024\/09\/03\/ze-neto-diz-que-vai-colocar-postos-de-saude-para-funcionar-de-verdade\/\" \/>\n<meta property=\"og:site_name\" content=\"Portal MF\" \/>\n<meta property=\"article:author\" content=\"https:\/\/www.facebook.com\/portalmfoficial\" \/>\n<meta property=\"article:published_time\" content=\"2024-09-03T22:26:05+00:00\" \/>\n<meta property=\"article:modified_time\" content=\"2024-09-03T22:26:06+00:00\" \/>\n<meta property=\"og:image\" content=\"https:\/\/portalmf.com.br\/wp-content\/uploads\/2024\/09\/Ze-Neto-diz-que-vai-colocar-postos-de-saude.jpg\" \/>\n\t<meta property=\"og:image:width\" content=\"800\" \/>\n\t<meta property=\"og:image:height\" content=\"533\" \/>\n\t<meta property=\"og:image:type\" content=\"image\/jpeg\" \/>\n<meta name=\"author\" content=\"Reda\u00e7\u00e3o Portal MF\" \/>\n<meta name=\"twitter:card\" content=\"summary_large_image\" \/>\n<meta name=\"twitter:creator\" content=\"@https:\/\/x.com\/portalmfoficial\" \/>\n<meta name=\"twitter:label1\" content=\"Escrito por\" \/>\n\t<meta name=\"twitter:data1\" content=\"Reda\u00e7\u00e3o Portal MF\" \/>\n\t<meta name=\"twitter:label2\" content=\"Est. tempo de leitura\" \/>\n\t<meta name=\"twitter:data2\" content=\"3 minutos\" \/>\n<script type=\"application\/ld+json\" class=\"yoast-schema-graph\">{\"@context\":\"https:\/\/schema.org\",\"@graph\":[{\"@type\":\"WebPage\",\"@id\":\"https:\/\/portalmf.com.br\/index.php\/2024\/09\/03\/ze-neto-diz-que-vai-colocar-postos-de-saude-para-funcionar-de-verdade\/\",\"url\":\"https:\/\/portalmf.com.br\/index.php\/2024\/09\/03\/ze-neto-diz-que-vai-colocar-postos-de-saude-para-funcionar-de-verdade\/\",\"name\":\"Z\u00e9 Neto diz que vai colocar postos de sa\u00fade para funcionar de verdade - Portal MF\",\"isPartOf\":{\"@id\":\"https:\/\/portalmf.com.br\/#website\"},\"primaryImageOfPage\":{\"@id\":\"https:\/\/portalmf.com.br\/index.php\/2024\/09\/03\/ze-neto-diz-que-vai-colocar-postos-de-saude-para-funcionar-de-verdade\/#primaryimage\"},\"image\":{\"@id\":\"https:\/\/portalmf.com.br\/index.php\/2024\/09\/03\/ze-neto-diz-que-vai-colocar-postos-de-saude-para-funcionar-de-verdade\/#primaryimage\"},\"thumbnailUrl\":\"https:\/\/portalmf.com.br\/wp-content\/uploads\/2024\/09\/Ze-Neto-diz-que-vai-colocar-postos-de-saude.jpg\",\"datePublished\":\"2024-09-03T22:26:05+00:00\",\"dateModified\":\"2024-09-03T22:26:06+00:00\",\"author\":{\"@id\":\"https:\/\/portalmf.com.br\/#\/schema\/person\/9ec101baf56233e53520c26de5d6f6f0\"},\"breadcrumb\":{\"@id\":\"https:\/\/portalmf.com.br\/index.php\/2024\/09\/03\/ze-neto-diz-que-vai-colocar-postos-de-saude-para-funcionar-de-verdade\/#breadcrumb\"},\"inLanguage\":\"pt-BR\",\"potentialAction\":[{\"@type\":\"ReadAction\",\"target\":[\"https:\/\/portalmf.com.br\/index.php\/2024\/09\/03\/ze-neto-diz-que-vai-colocar-postos-de-saude-para-funcionar-de-verdade\/\"]}]},{\"@type\":\"ImageObject\",\"inLanguage\":\"pt-BR\",\"@id\":\"https:\/\/portalmf.com.br\/index.php\/2024\/09\/03\/ze-neto-diz-que-vai-colocar-postos-de-saude-para-funcionar-de-verdade\/#primaryimage\",\"url\":\"https:\/\/portalmf.com.br\/wp-content\/uploads\/2024\/09\/Ze-Neto-diz-que-vai-colocar-postos-de-saude.jpg\",\"contentUrl\":\"https:\/\/portalmf.com.br\/wp-content\/uploads\/2024\/09\/Ze-Neto-diz-que-vai-colocar-postos-de-saude.jpg\",\"width\":800,\"height\":533},{\"@type\":\"BreadcrumbList\",\"@id\":\"https:\/\/portalmf.com.br\/index.php\/2024\/09\/03\/ze-neto-diz-que-vai-colocar-postos-de-saude-para-funcionar-de-verdade\/#breadcrumb\",\"itemListElement\":[{\"@type\":\"ListItem\",\"position\":1,\"name\":\"In\u00edcio\",\"item\":\"https:\/\/portalmf.com.br\/\"},{\"@type\":\"ListItem\",\"position\":2,\"name\":\"Z\u00e9 Neto diz que vai colocar postos de sa\u00fade para funcionar de verdade\"}]},{\"@type\":\"WebSite\",\"@id\":\"https:\/\/portalmf.com.br\/#website\",\"url\":\"https:\/\/portalmf.com.br\/\",\"name\":\"Portal MF\",\"description\":\"Voc\u00ea conectado com a informa\u00e7\u00e3o\",\"potentialAction\":[{\"@type\":\"SearchAction\",\"target\":{\"@type\":\"EntryPoint\",\"urlTemplate\":\"https:\/\/portalmf.com.br\/?s={search_term_string}\"},\"query-input\":\"required name=search_term_string\"}],\"inLanguage\":\"pt-BR\"},{\"@type\":\"Person\",\"@id\":\"https:\/\/portalmf.com.br\/#\/schema\/person\/9ec101baf56233e53520c26de5d6f6f0\",\"name\":\"Reda\u00e7\u00e3o Portal MF\",\"image\":{\"@type\":\"ImageObject\",\"inLanguage\":\"pt-BR\",\"@id\":\"https:\/\/portalmf.com.br\/#\/schema\/person\/image\/\",\"url\":\"https:\/\/secure.gravatar.com\/avatar\/41b9aaeb2100835f7c64362330f74c7f?s=96&d=mm&r=g\",\"contentUrl\":\"https:\/\/secure.gravatar.com\/avatar\/41b9aaeb2100835f7c64362330f74c7f?s=96&d=mm&r=g\",\"caption\":\"Reda\u00e7\u00e3o Portal MF\"},\"description\":\"Sejam bem-vindos o portal de informa\u00e7\u00f5es de entretenimento de Feira de Santana, desde 2006 realiza coberturas dos principais eventos com entrevistas exclusivas com as principais personalidades mundiais. Fique conectado tamb\u00e9m nas redes sociais.\",\"sameAs\":[\"http:\/\/www.portalmf.com.br\/\",\"https:\/\/www.facebook.com\/portalmfoficial\",\"https:\/\/www.instagram.com\/portalmf\/\",\"https:\/\/x.com\/https:\/\/x.com\/portalmfoficial\",\"https:\/\/www.youtube.com\/@portalmfoficial\"],\"url\":\"https:\/\/portalmf.com.br\/index.php\/author\/junior\/\"}]}<\/script>\n<!-- \/ Yoast SEO plugin. -->","yoast_head_json":{"title":"Z\u00e9 Neto diz que vai colocar postos de sa\u00fade para funcionar de verdade - Portal MF","robots":{"index":"index","follow":"follow","max-snippet":"max-snippet:-1","max-image-preview":"max-image-preview:large","max-video-preview":"max-video-preview:-1"},"canonical":"https:\/\/portalmf.com.br\/index.php\/2024\/09\/03\/ze-neto-diz-que-vai-colocar-postos-de-saude-para-funcionar-de-verdade\/","og_locale":"pt_BR","og_type":"article","og_title":"Z\u00e9 Neto diz que vai colocar postos de sa\u00fade para funcionar de verdade - Portal MF","og_description":"Em encontro com moradores do Residencial Nova Concei\u00e7\u00e3o, no bairro Concei\u00e7\u00e3o I, nesta ter\u00e7a-feira (3), o candidato a prefeito da coliga\u00e7\u00e3o Pra Fazer o Futuro Acontecer, Z\u00e9 Neto, assumiu o compromisso de fazer uma reformula\u00e7\u00e3o na gest\u00e3o da sa\u00fade municipal em Feira de Santana, ampliando o atendimento na aten\u00e7\u00e3o b\u00e1sica em parceria com o Governo [&hellip;]","og_url":"https:\/\/portalmf.com.br\/index.php\/2024\/09\/03\/ze-neto-diz-que-vai-colocar-postos-de-saude-para-funcionar-de-verdade\/","og_site_name":"Portal MF","article_author":"https:\/\/www.facebook.com\/portalmfoficial","article_published_time":"2024-09-03T22:26:05+00:00","article_modified_time":"2024-09-03T22:26:06+00:00","og_image":[{"width":800,"height":533,"url":"https:\/\/portalmf.com.br\/wp-content\/uploads\/2024\/09\/Ze-Neto-diz-que-vai-colocar-postos-de-saude.jpg","type":"image\/jpeg"}],"author":"Reda\u00e7\u00e3o Portal MF","twitter_card":"summary_large_image","twitter_creator":"@https:\/\/x.com\/portalmfoficial","twitter_misc":{"Escrito por":"Reda\u00e7\u00e3o Portal MF","Est. tempo de leitura":"3 minutos"},"schema":{"@context":"https:\/\/schema.org","@graph":[{"@type":"WebPage","@id":"https:\/\/portalmf.com.br\/index.php\/2024\/09\/03\/ze-neto-diz-que-vai-colocar-postos-de-saude-para-funcionar-de-verdade\/","url":"https:\/\/portalmf.com.br\/index.php\/2024\/09\/03\/ze-neto-diz-que-vai-colocar-postos-de-saude-para-funcionar-de-verdade\/","name":"Z\u00e9 Neto diz que vai colocar postos de sa\u00fade para funcionar de verdade - Portal MF","isPartOf":{"@id":"https:\/\/portalmf.com.br\/#website"},"primaryImageOfPage":{"@id":"https:\/\/portalmf.com.br\/index.php\/2024\/09\/03\/ze-neto-diz-que-vai-colocar-postos-de-saude-para-funcionar-de-verdade\/#primaryimage"},"image":{"@id":"https:\/\/portalmf.com.br\/index.php\/2024\/09\/03\/ze-neto-diz-que-vai-colocar-postos-de-saude-para-funcionar-de-verdade\/#primaryimage"},"thumbnailUrl":"https:\/\/portalmf.com.br\/wp-content\/uploads\/2024\/09\/Ze-Neto-diz-que-vai-colocar-postos-de-saude.jpg","datePublished":"2024-09-03T22:26:05+00:00","dateModified":"2024-09-03T22:26:06+00:00","author":{"@id":"https:\/\/portalmf.com.br\/#\/schema\/person\/9ec101baf56233e53520c26de5d6f6f0"},"breadcrumb":{"@id":"https:\/\/portalmf.com.br\/index.php\/2024\/09\/03\/ze-neto-diz-que-vai-colocar-postos-de-saude-para-funcionar-de-verdade\/#breadcrumb"},"inLanguage":"pt-BR","potentialAction":[{"@type":"ReadAction","target":["https:\/\/portalmf.com.br\/index.php\/2024\/09\/03\/ze-neto-diz-que-vai-colocar-postos-de-saude-para-funcionar-de-verdade\/"]}]},{"@type":"ImageObject","inLanguage":"pt-BR","@id":"https:\/\/portalmf.com.br\/index.php\/2024\/09\/03\/ze-neto-diz-que-vai-colocar-postos-de-saude-para-funcionar-de-verdade\/#primaryimage","url":"https:\/\/portalmf.com.br\/wp-content\/uploads\/2024\/09\/Ze-Neto-diz-que-vai-colocar-postos-de-saude.jpg","contentUrl":"https:\/\/portalmf.com.br\/wp-content\/uploads\/2024\/09\/Ze-Neto-diz-que-vai-colocar-postos-de-saude.jpg","width":800,"height":533},{"@type":"BreadcrumbList","@id":"https:\/\/portalmf.com.br\/index.php\/2024\/09\/03\/ze-neto-diz-que-vai-colocar-postos-de-saude-para-funcionar-de-verdade\/#breadcrumb","itemListElement":[{"@type":"ListItem","position":1,"name":"In\u00edcio","item":"https:\/\/portalmf.com.br\/"},{"@type":"ListItem","position":2,"name":"Z\u00e9 Neto diz que vai colocar postos de sa\u00fade para funcionar de verdade"}]},{"@type":"WebSite","@id":"https:\/\/portalmf.com.br\/#website","url":"https:\/\/portalmf.com.br\/","name":"Portal MF","description":"Voc\u00ea conectado com a informa\u00e7\u00e3o","potentialAction":[{"@type":"SearchAction","target":{"@type":"EntryPoint","urlTemplate":"https:\/\/portalmf.com.br\/?s={search_term_string}"},"query-input":"required name=search_term_string"}],"inLanguage":"pt-BR"},{"@type":"Person","@id":"https:\/\/portalmf.com.br\/#\/schema\/person\/9ec101baf56233e53520c26de5d6f6f0","name":"Reda\u00e7\u00e3o Portal MF","image":{"@type":"ImageObject","inLanguage":"pt-BR","@id":"https:\/\/portalmf.com.br\/#\/schema\/person\/image\/","url":"https:\/\/secure.gravatar.com\/avatar\/41b9aaeb2100835f7c64362330f74c7f?s=96&d=mm&r=g","contentUrl":"https:\/\/secure.gravatar.com\/avatar\/41b9aaeb2100835f7c64362330f74c7f?s=96&d=mm&r=g","caption":"Reda\u00e7\u00e3o Portal MF"},"description":"Sejam bem-vindos o portal de informa\u00e7\u00f5es de entretenimento de Feira de Santana, desde 2006 realiza coberturas dos principais eventos com entrevistas exclusivas com as principais personalidades mundiais. Fique conectado tamb\u00e9m nas redes sociais.","sameAs":["http:\/\/www.portalmf.com.br\/","https:\/\/www.facebook.com\/portalmfoficial","https:\/\/www.instagram.com\/portalmf\/","https:\/\/x.com\/https:\/\/x.com\/portalmfoficial","https:\/\/www.youtube.com\/@portalmfoficial"],"url":"https:\/\/portalmf.com.br\/index.php\/author\/junior\/"}]}},"_links":{"self":[{"href":"https:\/\/portalmf.com.br\/index.php\/wp-json\/wp\/v2\/posts\/29403"}],"collection":[{"href":"https:\/\/portalmf.com.br\/index.php\/wp-json\/wp\/v2\/posts"}],"about":[{"href":"https:\/\/portalmf.com.br\/index.php\/wp-json\/wp\/v2\/types\/post"}],"author":[{"embeddable":true,"href":"https:\/\/portalmf.com.br\/index.php\/wp-json\/wp\/v2\/users\/3"}],"replies":[{"embeddable":true,"href":"https:\/\/portalmf.com.br\/index.php\/wp-json\/wp\/v2\/comments?post=29403"}],"version-history":[{"count":1,"href":"https:\/\/portalmf.com.br\/index.php\/wp-json\/wp\/v2\/posts\/29403\/revisions"}],"predecessor-version":[{"id":29405,"href":"https:\/\/portalmf.com.br\/index.php\/wp-json\/wp\/v2\/posts\/29403\/revisions\/29405"}],"wp:featuredmedia":[{"embeddable":true,"href":"https:\/\/portalmf.com.br\/index.php\/wp-json\/wp\/v2\/media\/29404"}],"wp:attachment":[{"href":"https:\/\/portalmf.com.br\/index.php\/wp-json\/wp\/v2\/media?parent=29403"}],"wp:term":[{"taxonomy":"category","embeddable":true,"href":"https:\/\/portalmf.com.br\/index.php\/wp-json\/wp\/v2\/categories?post=29403"},{"taxonomy":"post_tag","embeddable":true,"href":"https:\/\/portalmf.com.br\/index.php\/wp-json\/wp\/v2\/tags?post=29403"}],"curies":[{"name":"wp","href":"https:\/\/api.w.org\/{rel}","templated":true}]}}