{"id":29388,"date":"2024-09-03T18:22:21","date_gmt":"2024-09-03T21:22:21","guid":{"rendered":"https:\/\/portalmf.com.br\/?p=29388"},"modified":"2024-09-03T18:22:22","modified_gmt":"2024-09-03T21:22:22","slug":"centro-de-abastecimento-de-feira-de-santana-sera-revitalizado-e-integrado-ao-shopping-popular-garante-jose-ronaldo","status":"publish","type":"post","link":"https:\/\/portalmf.com.br\/index.php\/2024\/09\/03\/centro-de-abastecimento-de-feira-de-santana-sera-revitalizado-e-integrado-ao-shopping-popular-garante-jose-ronaldo\/","title":{"rendered":"\u201dCentro de Abastecimento de Feira de Santana ser\u00e1 revitalizado e integrado ao Shopping Popular\u201d, garante Jos\u00e9 Ronaldo"},"content":{"rendered":"\n<p>O Centro de Abastecimento de Feira de Santana ser\u00e1 revitalizado e integrado ao Shopping Popular com o objetivo de criar um moderno complexo comercial na cidade. O compromisso foi feito pelo candidato a prefeito Jos\u00e9 Ronaldo (Uni\u00e3o Brasil), durante uma caminhada na Expans\u00e3o do Feira IX, na noite desta segunda-feira (2). O projeto, que deve ser iniciado no come\u00e7o de sua gest\u00e3o caso seja eleito, visa transformar a \u00e1rea em um centro comercial de refer\u00eancia, equiparando-se ao Feiraguai.<\/p>\n\n\n\n<p>Jos\u00e9 Ronaldo destacou que o Shopping Popular foi concebido para se tornar um centro comercial de grande import\u00e2ncia e pretende promover a\u00e7\u00f5es espec\u00edficas para revitalizar o empreendimento. \u201cVamos ouvir os comerciantes e adotar as medidas necess\u00e1rias\u201d, afirmou. O candidato ressaltou a import\u00e2ncia do projeto, que foi iniciado durante sua administra\u00e7\u00e3o anterior e que ainda necessita de evolu\u00e7\u00e3o para solucionar problemas existentes.<\/p>\n\n\n\n<p>Atualmente, o Shopping Popular conta com cerca de 900 trabalhadores, com potencial para crescer para at\u00e9 1600. Jos\u00e9 Ronaldo revelou planos para recontatar antigos comerciantes que haviam se retirado do local. \u201cVamos fazer de tudo para atrair os camel\u00f4s que estavam l\u00e1 anteriormente e garantir que eles sejam ouvidos\u201d, prometeu.<\/p>\n\n\n\n<p>O Centro de Abastecimento tamb\u00e9m receber\u00e1 uma reforma significativa para melhorar sua estrutura e atrair novamente os frequentadores. \u201cQueremos que o Centro de Abastecimento e o Shopping Popular formem uma dupla perfeita, com urbaniza\u00e7\u00e3o moderna, ilumina\u00e7\u00e3o eficiente e toda a infraestrutura necess\u00e1ria\u201d, concluiu Jos\u00e9 Ronaldo.<\/p>\n\n\n\n<p>Foto: Ascom\/Jos\u00e9 Ronaldo<\/p>\n","protected":false},"excerpt":{"rendered":"<p>O Centro de Abastecimento de Feira de Santana ser\u00e1 revitalizado e integrado ao Shopping Popular com o objetivo de criar um moderno complexo comercial na cidade. O compromisso foi feito pelo candidato a prefeito Jos\u00e9 Ronaldo (Uni\u00e3o Brasil), durante uma caminhada na Expans\u00e3o do Feira IX, na noite desta segunda-feira (2). O projeto, que deve [&hellip;]<\/p>\n","protected":false},"author":3,"featured_media":29391,"comment_status":"open","ping_status":"open","sticky":false,"template":"","format":"standard","meta":{"_monsterinsights_skip_tracking":false,"_monsterinsights_sitenote_active":false,"_monsterinsights_sitenote_note":"","_monsterinsights_sitenote_category":0,"footnotes":""},"categories":[301,34],"tags":[],"yoast_head":"<!-- This site is optimized with the Yoast SEO plugin v22.9 - https:\/\/yoast.com\/wordpress\/plugins\/seo\/ -->\n<title>\u201dCentro de Abastecimento de Feira de Santana ser\u00e1 revitalizado e integrado ao Shopping Popular\u201d, garante Jos\u00e9 Ronaldo - Portal MF<\/title>\n<meta name=\"robots\" content=\"index, follow, max-snippet:-1, max-image-preview:large, max-video-preview:-1\" \/>\n<link rel=\"canonical\" href=\"https:\/\/portalmf.com.br\/index.php\/2024\/09\/03\/centro-de-abastecimento-de-feira-de-santana-sera-revitalizado-e-integrado-ao-shopping-popular-garante-jose-ronaldo\/\" \/>\n<meta property=\"og:locale\" content=\"pt_BR\" \/>\n<meta property=\"og:type\" content=\"article\" \/>\n<meta property=\"og:title\" content=\"\u201dCentro de Abastecimento de Feira de Santana ser\u00e1 revitalizado e integrado ao Shopping Popular\u201d, garante Jos\u00e9 Ronaldo - Portal MF\" \/>\n<meta property=\"og:description\" content=\"O Centro de Abastecimento de Feira de Santana ser\u00e1 revitalizado e integrado ao Shopping Popular com o objetivo de criar um moderno complexo comercial na cidade. O compromisso foi feito pelo candidato a prefeito Jos\u00e9 Ronaldo (Uni\u00e3o Brasil), durante uma caminhada na Expans\u00e3o do Feira IX, na noite desta segunda-feira (2). O projeto, que deve [&hellip;]\" \/>\n<meta property=\"og:url\" content=\"https:\/\/portalmf.com.br\/index.php\/2024\/09\/03\/centro-de-abastecimento-de-feira-de-santana-sera-revitalizado-e-integrado-ao-shopping-popular-garante-jose-ronaldo\/\" \/>\n<meta property=\"og:site_name\" content=\"Portal MF\" \/>\n<meta property=\"article:author\" content=\"https:\/\/www.facebook.com\/portalmfoficial\" \/>\n<meta property=\"article:published_time\" content=\"2024-09-03T21:22:21+00:00\" \/>\n<meta property=\"article:modified_time\" content=\"2024-09-03T21:22:22+00:00\" \/>\n<meta property=\"og:image\" content=\"https:\/\/portalmf.com.br\/wp-content\/uploads\/2024\/09\/Centro-de-Abastecimento-de-Feira-de-Santana-sera-revitalizado-e-integrado-ao-Shopping-Popular-garante-Jose-Ronaldo.jpg\" \/>\n\t<meta property=\"og:image:width\" content=\"800\" \/>\n\t<meta property=\"og:image:height\" content=\"533\" \/>\n\t<meta property=\"og:image:type\" content=\"image\/jpeg\" \/>\n<meta name=\"author\" content=\"Reda\u00e7\u00e3o Portal MF\" \/>\n<meta name=\"twitter:card\" content=\"summary_large_image\" \/>\n<meta name=\"twitter:creator\" content=\"@https:\/\/x.com\/portalmfoficial\" \/>\n<meta name=\"twitter:label1\" content=\"Escrito por\" \/>\n\t<meta name=\"twitter:data1\" content=\"Reda\u00e7\u00e3o Portal MF\" \/>\n\t<meta name=\"twitter:label2\" content=\"Est. tempo de leitura\" \/>\n\t<meta name=\"twitter:data2\" content=\"2 minutos\" \/>\n<script type=\"application\/ld+json\" class=\"yoast-schema-graph\">{\"@context\":\"https:\/\/schema.org\",\"@graph\":[{\"@type\":\"WebPage\",\"@id\":\"https:\/\/portalmf.com.br\/index.php\/2024\/09\/03\/centro-de-abastecimento-de-feira-de-santana-sera-revitalizado-e-integrado-ao-shopping-popular-garante-jose-ronaldo\/\",\"url\":\"https:\/\/portalmf.com.br\/index.php\/2024\/09\/03\/centro-de-abastecimento-de-feira-de-santana-sera-revitalizado-e-integrado-ao-shopping-popular-garante-jose-ronaldo\/\",\"name\":\"\u201dCentro de Abastecimento de Feira de Santana ser\u00e1 revitalizado e integrado ao Shopping Popular\u201d, garante Jos\u00e9 Ronaldo - Portal MF\",\"isPartOf\":{\"@id\":\"https:\/\/portalmf.com.br\/#website\"},\"primaryImageOfPage\":{\"@id\":\"https:\/\/portalmf.com.br\/index.php\/2024\/09\/03\/centro-de-abastecimento-de-feira-de-santana-sera-revitalizado-e-integrado-ao-shopping-popular-garante-jose-ronaldo\/#primaryimage\"},\"image\":{\"@id\":\"https:\/\/portalmf.com.br\/index.php\/2024\/09\/03\/centro-de-abastecimento-de-feira-de-santana-sera-revitalizado-e-integrado-ao-shopping-popular-garante-jose-ronaldo\/#primaryimage\"},\"thumbnailUrl\":\"https:\/\/portalmf.com.br\/wp-content\/uploads\/2024\/09\/Centro-de-Abastecimento-de-Feira-de-Santana-sera-revitalizado-e-integrado-ao-Shopping-Popular-garante-Jose-Ronaldo.jpg\",\"datePublished\":\"2024-09-03T21:22:21+00:00\",\"dateModified\":\"2024-09-03T21:22:22+00:00\",\"author\":{\"@id\":\"https:\/\/portalmf.com.br\/#\/schema\/person\/9ec101baf56233e53520c26de5d6f6f0\"},\"breadcrumb\":{\"@id\":\"https:\/\/portalmf.com.br\/index.php\/2024\/09\/03\/centro-de-abastecimento-de-feira-de-santana-sera-revitalizado-e-integrado-ao-shopping-popular-garante-jose-ronaldo\/#breadcrumb\"},\"inLanguage\":\"pt-BR\",\"potentialAction\":[{\"@type\":\"ReadAction\",\"target\":[\"https:\/\/portalmf.com.br\/index.php\/2024\/09\/03\/centro-de-abastecimento-de-feira-de-santana-sera-revitalizado-e-integrado-ao-shopping-popular-garante-jose-ronaldo\/\"]}]},{\"@type\":\"ImageObject\",\"inLanguage\":\"pt-BR\",\"@id\":\"https:\/\/portalmf.com.br\/index.php\/2024\/09\/03\/centro-de-abastecimento-de-feira-de-santana-sera-revitalizado-e-integrado-ao-shopping-popular-garante-jose-ronaldo\/#primaryimage\",\"url\":\"https:\/\/portalmf.com.br\/wp-content\/uploads\/2024\/09\/Centro-de-Abastecimento-de-Feira-de-Santana-sera-revitalizado-e-integrado-ao-Shopping-Popular-garante-Jose-Ronaldo.jpg\",\"contentUrl\":\"https:\/\/portalmf.com.br\/wp-content\/uploads\/2024\/09\/Centro-de-Abastecimento-de-Feira-de-Santana-sera-revitalizado-e-integrado-ao-Shopping-Popular-garante-Jose-Ronaldo.jpg\",\"width\":800,\"height\":533},{\"@type\":\"BreadcrumbList\",\"@id\":\"https:\/\/portalmf.com.br\/index.php\/2024\/09\/03\/centro-de-abastecimento-de-feira-de-santana-sera-revitalizado-e-integrado-ao-shopping-popular-garante-jose-ronaldo\/#breadcrumb\",\"itemListElement\":[{\"@type\":\"ListItem\",\"position\":1,\"name\":\"In\u00edcio\",\"item\":\"https:\/\/portalmf.com.br\/\"},{\"@type\":\"ListItem\",\"position\":2,\"name\":\"\u201dCentro de Abastecimento de Feira de Santana ser\u00e1 revitalizado e integrado ao Shopping Popular\u201d, garante Jos\u00e9 Ronaldo\"}]},{\"@type\":\"WebSite\",\"@id\":\"https:\/\/portalmf.com.br\/#website\",\"url\":\"https:\/\/portalmf.com.br\/\",\"name\":\"Portal MF\",\"description\":\"Voc\u00ea conectado com a informa\u00e7\u00e3o\",\"potentialAction\":[{\"@type\":\"SearchAction\",\"target\":{\"@type\":\"EntryPoint\",\"urlTemplate\":\"https:\/\/portalmf.com.br\/?s={search_term_string}\"},\"query-input\":\"required name=search_term_string\"}],\"inLanguage\":\"pt-BR\"},{\"@type\":\"Person\",\"@id\":\"https:\/\/portalmf.com.br\/#\/schema\/person\/9ec101baf56233e53520c26de5d6f6f0\",\"name\":\"Reda\u00e7\u00e3o Portal MF\",\"image\":{\"@type\":\"ImageObject\",\"inLanguage\":\"pt-BR\",\"@id\":\"https:\/\/portalmf.com.br\/#\/schema\/person\/image\/\",\"url\":\"https:\/\/secure.gravatar.com\/avatar\/41b9aaeb2100835f7c64362330f74c7f?s=96&d=mm&r=g\",\"contentUrl\":\"https:\/\/secure.gravatar.com\/avatar\/41b9aaeb2100835f7c64362330f74c7f?s=96&d=mm&r=g\",\"caption\":\"Reda\u00e7\u00e3o Portal MF\"},\"description\":\"Sejam bem-vindos o portal de informa\u00e7\u00f5es de entretenimento de Feira de Santana, desde 2006 realiza coberturas dos principais eventos com entrevistas exclusivas com as principais personalidades mundiais. Fique conectado tamb\u00e9m nas redes sociais.\",\"sameAs\":[\"http:\/\/www.portalmf.com.br\/\",\"https:\/\/www.facebook.com\/portalmfoficial\",\"https:\/\/www.instagram.com\/portalmf\/\",\"https:\/\/x.com\/https:\/\/x.com\/portalmfoficial\",\"https:\/\/www.youtube.com\/@portalmfoficial\"],\"url\":\"https:\/\/portalmf.com.br\/index.php\/author\/junior\/\"}]}<\/script>\n<!-- \/ Yoast SEO plugin. -->","yoast_head_json":{"title":"\u201dCentro de Abastecimento de Feira de Santana ser\u00e1 revitalizado e integrado ao Shopping Popular\u201d, garante Jos\u00e9 Ronaldo - Portal MF","robots":{"index":"index","follow":"follow","max-snippet":"max-snippet:-1","max-image-preview":"max-image-preview:large","max-video-preview":"max-video-preview:-1"},"canonical":"https:\/\/portalmf.com.br\/index.php\/2024\/09\/03\/centro-de-abastecimento-de-feira-de-santana-sera-revitalizado-e-integrado-ao-shopping-popular-garante-jose-ronaldo\/","og_locale":"pt_BR","og_type":"article","og_title":"\u201dCentro de Abastecimento de Feira de Santana ser\u00e1 revitalizado e integrado ao Shopping Popular\u201d, garante Jos\u00e9 Ronaldo - Portal MF","og_description":"O Centro de Abastecimento de Feira de Santana ser\u00e1 revitalizado e integrado ao Shopping Popular com o objetivo de criar um moderno complexo comercial na cidade. O compromisso foi feito pelo candidato a prefeito Jos\u00e9 Ronaldo (Uni\u00e3o Brasil), durante uma caminhada na Expans\u00e3o do Feira IX, na noite desta segunda-feira (2). O projeto, que deve [&hellip;]","og_url":"https:\/\/portalmf.com.br\/index.php\/2024\/09\/03\/centro-de-abastecimento-de-feira-de-santana-sera-revitalizado-e-integrado-ao-shopping-popular-garante-jose-ronaldo\/","og_site_name":"Portal MF","article_author":"https:\/\/www.facebook.com\/portalmfoficial","article_published_time":"2024-09-03T21:22:21+00:00","article_modified_time":"2024-09-03T21:22:22+00:00","og_image":[{"width":800,"height":533,"url":"https:\/\/portalmf.com.br\/wp-content\/uploads\/2024\/09\/Centro-de-Abastecimento-de-Feira-de-Santana-sera-revitalizado-e-integrado-ao-Shopping-Popular-garante-Jose-Ronaldo.jpg","type":"image\/jpeg"}],"author":"Reda\u00e7\u00e3o Portal MF","twitter_card":"summary_large_image","twitter_creator":"@https:\/\/x.com\/portalmfoficial","twitter_misc":{"Escrito por":"Reda\u00e7\u00e3o Portal MF","Est. tempo de leitura":"2 minutos"},"schema":{"@context":"https:\/\/schema.org","@graph":[{"@type":"WebPage","@id":"https:\/\/portalmf.com.br\/index.php\/2024\/09\/03\/centro-de-abastecimento-de-feira-de-santana-sera-revitalizado-e-integrado-ao-shopping-popular-garante-jose-ronaldo\/","url":"https:\/\/portalmf.com.br\/index.php\/2024\/09\/03\/centro-de-abastecimento-de-feira-de-santana-sera-revitalizado-e-integrado-ao-shopping-popular-garante-jose-ronaldo\/","name":"\u201dCentro de Abastecimento de Feira de Santana ser\u00e1 revitalizado e integrado ao Shopping Popular\u201d, garante Jos\u00e9 Ronaldo - Portal MF","isPartOf":{"@id":"https:\/\/portalmf.com.br\/#website"},"primaryImageOfPage":{"@id":"https:\/\/portalmf.com.br\/index.php\/2024\/09\/03\/centro-de-abastecimento-de-feira-de-santana-sera-revitalizado-e-integrado-ao-shopping-popular-garante-jose-ronaldo\/#primaryimage"},"image":{"@id":"https:\/\/portalmf.com.br\/index.php\/2024\/09\/03\/centro-de-abastecimento-de-feira-de-santana-sera-revitalizado-e-integrado-ao-shopping-popular-garante-jose-ronaldo\/#primaryimage"},"thumbnailUrl":"https:\/\/portalmf.com.br\/wp-content\/uploads\/2024\/09\/Centro-de-Abastecimento-de-Feira-de-Santana-sera-revitalizado-e-integrado-ao-Shopping-Popular-garante-Jose-Ronaldo.jpg","datePublished":"2024-09-03T21:22:21+00:00","dateModified":"2024-09-03T21:22:22+00:00","author":{"@id":"https:\/\/portalmf.com.br\/#\/schema\/person\/9ec101baf56233e53520c26de5d6f6f0"},"breadcrumb":{"@id":"https:\/\/portalmf.com.br\/index.php\/2024\/09\/03\/centro-de-abastecimento-de-feira-de-santana-sera-revitalizado-e-integrado-ao-shopping-popular-garante-jose-ronaldo\/#breadcrumb"},"inLanguage":"pt-BR","potentialAction":[{"@type":"ReadAction","target":["https:\/\/portalmf.com.br\/index.php\/2024\/09\/03\/centro-de-abastecimento-de-feira-de-santana-sera-revitalizado-e-integrado-ao-shopping-popular-garante-jose-ronaldo\/"]}]},{"@type":"ImageObject","inLanguage":"pt-BR","@id":"https:\/\/portalmf.com.br\/index.php\/2024\/09\/03\/centro-de-abastecimento-de-feira-de-santana-sera-revitalizado-e-integrado-ao-shopping-popular-garante-jose-ronaldo\/#primaryimage","url":"https:\/\/portalmf.com.br\/wp-content\/uploads\/2024\/09\/Centro-de-Abastecimento-de-Feira-de-Santana-sera-revitalizado-e-integrado-ao-Shopping-Popular-garante-Jose-Ronaldo.jpg","contentUrl":"https:\/\/portalmf.com.br\/wp-content\/uploads\/2024\/09\/Centro-de-Abastecimento-de-Feira-de-Santana-sera-revitalizado-e-integrado-ao-Shopping-Popular-garante-Jose-Ronaldo.jpg","width":800,"height":533},{"@type":"BreadcrumbList","@id":"https:\/\/portalmf.com.br\/index.php\/2024\/09\/03\/centro-de-abastecimento-de-feira-de-santana-sera-revitalizado-e-integrado-ao-shopping-popular-garante-jose-ronaldo\/#breadcrumb","itemListElement":[{"@type":"ListItem","position":1,"name":"In\u00edcio","item":"https:\/\/portalmf.com.br\/"},{"@type":"ListItem","position":2,"name":"\u201dCentro de Abastecimento de Feira de Santana ser\u00e1 revitalizado e integrado ao Shopping Popular\u201d, garante Jos\u00e9 Ronaldo"}]},{"@type":"WebSite","@id":"https:\/\/portalmf.com.br\/#website","url":"https:\/\/portalmf.com.br\/","name":"Portal MF","description":"Voc\u00ea conectado com a informa\u00e7\u00e3o","potentialAction":[{"@type":"SearchAction","target":{"@type":"EntryPoint","urlTemplate":"https:\/\/portalmf.com.br\/?s={search_term_string}"},"query-input":"required name=search_term_string"}],"inLanguage":"pt-BR"},{"@type":"Person","@id":"https:\/\/portalmf.com.br\/#\/schema\/person\/9ec101baf56233e53520c26de5d6f6f0","name":"Reda\u00e7\u00e3o Portal MF","image":{"@type":"ImageObject","inLanguage":"pt-BR","@id":"https:\/\/portalmf.com.br\/#\/schema\/person\/image\/","url":"https:\/\/secure.gravatar.com\/avatar\/41b9aaeb2100835f7c64362330f74c7f?s=96&d=mm&r=g","contentUrl":"https:\/\/secure.gravatar.com\/avatar\/41b9aaeb2100835f7c64362330f74c7f?s=96&d=mm&r=g","caption":"Reda\u00e7\u00e3o Portal MF"},"description":"Sejam bem-vindos o portal de informa\u00e7\u00f5es de entretenimento de Feira de Santana, desde 2006 realiza coberturas dos principais eventos com entrevistas exclusivas com as principais personalidades mundiais. Fique conectado tamb\u00e9m nas redes sociais.","sameAs":["http:\/\/www.portalmf.com.br\/","https:\/\/www.facebook.com\/portalmfoficial","https:\/\/www.instagram.com\/portalmf\/","https:\/\/x.com\/https:\/\/x.com\/portalmfoficial","https:\/\/www.youtube.com\/@portalmfoficial"],"url":"https:\/\/portalmf.com.br\/index.php\/author\/junior\/"}]}},"_links":{"self":[{"href":"https:\/\/portalmf.com.br\/index.php\/wp-json\/wp\/v2\/posts\/29388"}],"collection":[{"href":"https:\/\/portalmf.com.br\/index.php\/wp-json\/wp\/v2\/posts"}],"about":[{"href":"https:\/\/portalmf.com.br\/index.php\/wp-json\/wp\/v2\/types\/post"}],"author":[{"embeddable":true,"href":"https:\/\/portalmf.com.br\/index.php\/wp-json\/wp\/v2\/users\/3"}],"replies":[{"embeddable":true,"href":"https:\/\/portalmf.com.br\/index.php\/wp-json\/wp\/v2\/comments?post=29388"}],"version-history":[{"count":1,"href":"https:\/\/portalmf.com.br\/index.php\/wp-json\/wp\/v2\/posts\/29388\/revisions"}],"predecessor-version":[{"id":29392,"href":"https:\/\/portalmf.com.br\/index.php\/wp-json\/wp\/v2\/posts\/29388\/revisions\/29392"}],"wp:featuredmedia":[{"embeddable":true,"href":"https:\/\/portalmf.com.br\/index.php\/wp-json\/wp\/v2\/media\/29391"}],"wp:attachment":[{"href":"https:\/\/portalmf.com.br\/index.php\/wp-json\/wp\/v2\/media?parent=29388"}],"wp:term":[{"taxonomy":"category","embeddable":true,"href":"https:\/\/portalmf.com.br\/index.php\/wp-json\/wp\/v2\/categories?post=29388"},{"taxonomy":"post_tag","embeddable":true,"href":"https:\/\/portalmf.com.br\/index.php\/wp-json\/wp\/v2\/tags?post=29388"}],"curies":[{"name":"wp","href":"https:\/\/api.w.org\/{rel}","templated":true}]}}