{"id":29380,"date":"2024-09-03T14:22:19","date_gmt":"2024-09-03T17:22:19","guid":{"rendered":"https:\/\/portalmf.com.br\/?p=29380"},"modified":"2024-09-03T16:47:09","modified_gmt":"2024-09-03T19:47:09","slug":"pablo-roberto-denuncia-coligacao-de-ze-neto-a-policia-federal","status":"publish","type":"post","link":"https:\/\/portalmf.com.br\/index.php\/2024\/09\/03\/pablo-roberto-denuncia-coligacao-de-ze-neto-a-policia-federal\/","title":{"rendered":"Pablo Roberto denuncia coliga\u00e7\u00e3o de Z\u00e9 Neto \u00e0 Pol\u00edcia Federal"},"content":{"rendered":"\n<p>Ontem (2), o deputado estadual Pablo Roberto (PSDB), candidato a vice-prefeito na chapa de Jos\u00e9 Ronaldo (Uni\u00e3o Brasil), esteve na sede da Pol\u00edcia Federal em Feira de Santana, situada no bairro Esta\u00e7\u00e3o Nova, para formalizar uma den\u00fancia contra pessoas e grupos que militam no campo pol\u00edtico oposto.<\/p>\n\n\n\n<p>Circula nas redes sociais uma imagem adulterada de Pablo Roberto, na qual ele \u00e9 retratado usando um turbante e intitulado &#8220;Pai Pablo&#8221;. Essa montagem \u00e9 uma tentativa de distorcer a imagem p\u00fablica de Pablo.<\/p>\n\n\n\n<p>Durante a reuni\u00e3o, o deputado apresentou evid\u00eancias e detalhes das falsas acusa\u00e7\u00f5es que t\u00eam sido veiculadas, refor\u00e7ando seu compromisso com a verdade e a transpar\u00eancia. &#8220;\u00c9 inaceit\u00e1vel que a pol\u00edtica se baseie em mentiras e cal\u00fanias. Estou aqui para defender meu nome e assegurar que a justi\u00e7a seja feita&#8221;, afirmou Pablo Roberto.<\/p>\n\n\n\n<p>O deputado enfatizou a import\u00e2ncia de combater a desinforma\u00e7\u00e3o e reiterou seu apoio \u00e0s investiga\u00e7\u00f5es da Pol\u00edcia Federal sobre o assunto. A audi\u00eancia representa um passo importante para esclarecer os fatos e proteger sua imagem diante da sociedade.<\/p>\n\n\n\n<p>Essa den\u00fancia ganha ainda mais relev\u00e2ncia quando considerada \u00e0 luz do C\u00f3digo Penal Brasileiro e da Lei n\u00ba 14.532, que equipara os crimes de inj\u00faria racial e racismo. Segundo a legisla\u00e7\u00e3o, o uso de viol\u00eancia ou impedimento de quaisquer manifesta\u00e7\u00f5es, incluindo pr\u00e1ticas religiosas, pode resultar em penas de pris\u00e3o de 2 a 5 anos. A pena \u00e9 aumentada pela metade se o crime for cometido por duas ou mais pessoas, al\u00e9m de multa.<\/p>\n\n\n\n<p>Administradores de grupos de WhatsApp tamb\u00e9m precisam estar atentos \u00e0s regras estabelecidas pela Lei 12.737\/2012, que prev\u00ea puni\u00e7\u00f5es para crimes cometidos e publicados nesses grupos. Nesse contexto, a dissemina\u00e7\u00e3o de fake news, especialmente durante o per\u00edodo eleitoral, pode configurar uma grave infra\u00e7\u00e3o legal, sujeitando os envolvidos a san\u00e7\u00f5es severas.<\/p>\n\n\n\n<p>Com informa\u00e7\u00f5es da Ascom \/ Jos\u00e9 Ronaldo<\/p>\n","protected":false},"excerpt":{"rendered":"<p>Ontem (2), o deputado estadual Pablo Roberto (PSDB), candidato a vice-prefeito na chapa de Jos\u00e9 Ronaldo (Uni\u00e3o Brasil), esteve na sede da Pol\u00edcia Federal em Feira de Santana, situada no bairro Esta\u00e7\u00e3o Nova, para formalizar uma den\u00fancia contra pessoas e grupos que militam no campo pol\u00edtico oposto. Circula nas redes sociais uma imagem adulterada de [&hellip;]<\/p>\n","protected":false},"author":3,"featured_media":10239,"comment_status":"open","ping_status":"open","sticky":false,"template":"","format":"standard","meta":{"_monsterinsights_skip_tracking":false,"_monsterinsights_sitenote_active":false,"_monsterinsights_sitenote_note":"","_monsterinsights_sitenote_category":0,"footnotes":""},"categories":[301,34],"tags":[],"yoast_head":"<!-- This site is optimized with the Yoast SEO plugin v22.9 - https:\/\/yoast.com\/wordpress\/plugins\/seo\/ -->\n<title>Pablo Roberto denuncia coliga\u00e7\u00e3o de Z\u00e9 Neto \u00e0 Pol\u00edcia Federal - Portal MF<\/title>\n<meta name=\"robots\" content=\"index, follow, max-snippet:-1, max-image-preview:large, max-video-preview:-1\" \/>\n<link rel=\"canonical\" href=\"https:\/\/portalmf.com.br\/index.php\/2024\/09\/03\/pablo-roberto-denuncia-coligacao-de-ze-neto-a-policia-federal\/\" \/>\n<meta property=\"og:locale\" content=\"pt_BR\" \/>\n<meta property=\"og:type\" content=\"article\" \/>\n<meta property=\"og:title\" content=\"Pablo Roberto denuncia coliga\u00e7\u00e3o de Z\u00e9 Neto \u00e0 Pol\u00edcia Federal - Portal MF\" \/>\n<meta property=\"og:description\" content=\"Ontem (2), o deputado estadual Pablo Roberto (PSDB), candidato a vice-prefeito na chapa de Jos\u00e9 Ronaldo (Uni\u00e3o Brasil), esteve na sede da Pol\u00edcia Federal em Feira de Santana, situada no bairro Esta\u00e7\u00e3o Nova, para formalizar uma den\u00fancia contra pessoas e grupos que militam no campo pol\u00edtico oposto. Circula nas redes sociais uma imagem adulterada de [&hellip;]\" \/>\n<meta property=\"og:url\" content=\"https:\/\/portalmf.com.br\/index.php\/2024\/09\/03\/pablo-roberto-denuncia-coligacao-de-ze-neto-a-policia-federal\/\" \/>\n<meta property=\"og:site_name\" content=\"Portal MF\" \/>\n<meta property=\"article:author\" content=\"https:\/\/www.facebook.com\/portalmfoficial\" \/>\n<meta property=\"article:published_time\" content=\"2024-09-03T17:22:19+00:00\" \/>\n<meta property=\"article:modified_time\" content=\"2024-09-03T19:47:09+00:00\" \/>\n<meta property=\"og:image\" content=\"https:\/\/portalmf.com.br\/wp-content\/uploads\/2023\/03\/O-deputado-estadual-Pablo-Roberto.jpg\" \/>\n\t<meta property=\"og:image:width\" content=\"762\" \/>\n\t<meta property=\"og:image:height\" content=\"576\" \/>\n\t<meta property=\"og:image:type\" content=\"image\/jpeg\" \/>\n<meta name=\"author\" content=\"Reda\u00e7\u00e3o Portal MF\" \/>\n<meta name=\"twitter:card\" content=\"summary_large_image\" \/>\n<meta name=\"twitter:creator\" content=\"@https:\/\/x.com\/portalmfoficial\" \/>\n<meta name=\"twitter:label1\" content=\"Escrito por\" \/>\n\t<meta name=\"twitter:data1\" content=\"Reda\u00e7\u00e3o Portal MF\" \/>\n\t<meta name=\"twitter:label2\" content=\"Est. tempo de leitura\" \/>\n\t<meta name=\"twitter:data2\" content=\"2 minutos\" \/>\n<script type=\"application\/ld+json\" class=\"yoast-schema-graph\">{\"@context\":\"https:\/\/schema.org\",\"@graph\":[{\"@type\":\"WebPage\",\"@id\":\"https:\/\/portalmf.com.br\/index.php\/2024\/09\/03\/pablo-roberto-denuncia-coligacao-de-ze-neto-a-policia-federal\/\",\"url\":\"https:\/\/portalmf.com.br\/index.php\/2024\/09\/03\/pablo-roberto-denuncia-coligacao-de-ze-neto-a-policia-federal\/\",\"name\":\"Pablo Roberto denuncia coliga\u00e7\u00e3o de Z\u00e9 Neto \u00e0 Pol\u00edcia Federal - Portal MF\",\"isPartOf\":{\"@id\":\"https:\/\/portalmf.com.br\/#website\"},\"primaryImageOfPage\":{\"@id\":\"https:\/\/portalmf.com.br\/index.php\/2024\/09\/03\/pablo-roberto-denuncia-coligacao-de-ze-neto-a-policia-federal\/#primaryimage\"},\"image\":{\"@id\":\"https:\/\/portalmf.com.br\/index.php\/2024\/09\/03\/pablo-roberto-denuncia-coligacao-de-ze-neto-a-policia-federal\/#primaryimage\"},\"thumbnailUrl\":\"https:\/\/portalmf.com.br\/wp-content\/uploads\/2023\/03\/O-deputado-estadual-Pablo-Roberto.jpg\",\"datePublished\":\"2024-09-03T17:22:19+00:00\",\"dateModified\":\"2024-09-03T19:47:09+00:00\",\"author\":{\"@id\":\"https:\/\/portalmf.com.br\/#\/schema\/person\/9ec101baf56233e53520c26de5d6f6f0\"},\"breadcrumb\":{\"@id\":\"https:\/\/portalmf.com.br\/index.php\/2024\/09\/03\/pablo-roberto-denuncia-coligacao-de-ze-neto-a-policia-federal\/#breadcrumb\"},\"inLanguage\":\"pt-BR\",\"potentialAction\":[{\"@type\":\"ReadAction\",\"target\":[\"https:\/\/portalmf.com.br\/index.php\/2024\/09\/03\/pablo-roberto-denuncia-coligacao-de-ze-neto-a-policia-federal\/\"]}]},{\"@type\":\"ImageObject\",\"inLanguage\":\"pt-BR\",\"@id\":\"https:\/\/portalmf.com.br\/index.php\/2024\/09\/03\/pablo-roberto-denuncia-coligacao-de-ze-neto-a-policia-federal\/#primaryimage\",\"url\":\"https:\/\/portalmf.com.br\/wp-content\/uploads\/2023\/03\/O-deputado-estadual-Pablo-Roberto.jpg\",\"contentUrl\":\"https:\/\/portalmf.com.br\/wp-content\/uploads\/2023\/03\/O-deputado-estadual-Pablo-Roberto.jpg\",\"width\":762,\"height\":576},{\"@type\":\"BreadcrumbList\",\"@id\":\"https:\/\/portalmf.com.br\/index.php\/2024\/09\/03\/pablo-roberto-denuncia-coligacao-de-ze-neto-a-policia-federal\/#breadcrumb\",\"itemListElement\":[{\"@type\":\"ListItem\",\"position\":1,\"name\":\"In\u00edcio\",\"item\":\"https:\/\/portalmf.com.br\/\"},{\"@type\":\"ListItem\",\"position\":2,\"name\":\"Pablo Roberto denuncia coliga\u00e7\u00e3o de Z\u00e9 Neto \u00e0 Pol\u00edcia Federal\"}]},{\"@type\":\"WebSite\",\"@id\":\"https:\/\/portalmf.com.br\/#website\",\"url\":\"https:\/\/portalmf.com.br\/\",\"name\":\"Portal MF\",\"description\":\"Voc\u00ea conectado com a informa\u00e7\u00e3o\",\"potentialAction\":[{\"@type\":\"SearchAction\",\"target\":{\"@type\":\"EntryPoint\",\"urlTemplate\":\"https:\/\/portalmf.com.br\/?s={search_term_string}\"},\"query-input\":\"required name=search_term_string\"}],\"inLanguage\":\"pt-BR\"},{\"@type\":\"Person\",\"@id\":\"https:\/\/portalmf.com.br\/#\/schema\/person\/9ec101baf56233e53520c26de5d6f6f0\",\"name\":\"Reda\u00e7\u00e3o Portal MF\",\"image\":{\"@type\":\"ImageObject\",\"inLanguage\":\"pt-BR\",\"@id\":\"https:\/\/portalmf.com.br\/#\/schema\/person\/image\/\",\"url\":\"https:\/\/secure.gravatar.com\/avatar\/41b9aaeb2100835f7c64362330f74c7f?s=96&d=mm&r=g\",\"contentUrl\":\"https:\/\/secure.gravatar.com\/avatar\/41b9aaeb2100835f7c64362330f74c7f?s=96&d=mm&r=g\",\"caption\":\"Reda\u00e7\u00e3o Portal MF\"},\"description\":\"Sejam bem-vindos o portal de informa\u00e7\u00f5es de entretenimento de Feira de Santana, desde 2006 realiza coberturas dos principais eventos com entrevistas exclusivas com as principais personalidades mundiais. Fique conectado tamb\u00e9m nas redes sociais.\",\"sameAs\":[\"http:\/\/www.portalmf.com.br\/\",\"https:\/\/www.facebook.com\/portalmfoficial\",\"https:\/\/www.instagram.com\/portalmf\/\",\"https:\/\/x.com\/https:\/\/x.com\/portalmfoficial\",\"https:\/\/www.youtube.com\/@portalmfoficial\"],\"url\":\"https:\/\/portalmf.com.br\/index.php\/author\/junior\/\"}]}<\/script>\n<!-- \/ Yoast SEO plugin. -->","yoast_head_json":{"title":"Pablo Roberto denuncia coliga\u00e7\u00e3o de Z\u00e9 Neto \u00e0 Pol\u00edcia Federal - Portal MF","robots":{"index":"index","follow":"follow","max-snippet":"max-snippet:-1","max-image-preview":"max-image-preview:large","max-video-preview":"max-video-preview:-1"},"canonical":"https:\/\/portalmf.com.br\/index.php\/2024\/09\/03\/pablo-roberto-denuncia-coligacao-de-ze-neto-a-policia-federal\/","og_locale":"pt_BR","og_type":"article","og_title":"Pablo Roberto denuncia coliga\u00e7\u00e3o de Z\u00e9 Neto \u00e0 Pol\u00edcia Federal - Portal MF","og_description":"Ontem (2), o deputado estadual Pablo Roberto (PSDB), candidato a vice-prefeito na chapa de Jos\u00e9 Ronaldo (Uni\u00e3o Brasil), esteve na sede da Pol\u00edcia Federal em Feira de Santana, situada no bairro Esta\u00e7\u00e3o Nova, para formalizar uma den\u00fancia contra pessoas e grupos que militam no campo pol\u00edtico oposto. Circula nas redes sociais uma imagem adulterada de [&hellip;]","og_url":"https:\/\/portalmf.com.br\/index.php\/2024\/09\/03\/pablo-roberto-denuncia-coligacao-de-ze-neto-a-policia-federal\/","og_site_name":"Portal MF","article_author":"https:\/\/www.facebook.com\/portalmfoficial","article_published_time":"2024-09-03T17:22:19+00:00","article_modified_time":"2024-09-03T19:47:09+00:00","og_image":[{"width":762,"height":576,"url":"https:\/\/portalmf.com.br\/wp-content\/uploads\/2023\/03\/O-deputado-estadual-Pablo-Roberto.jpg","type":"image\/jpeg"}],"author":"Reda\u00e7\u00e3o Portal MF","twitter_card":"summary_large_image","twitter_creator":"@https:\/\/x.com\/portalmfoficial","twitter_misc":{"Escrito por":"Reda\u00e7\u00e3o Portal MF","Est. tempo de leitura":"2 minutos"},"schema":{"@context":"https:\/\/schema.org","@graph":[{"@type":"WebPage","@id":"https:\/\/portalmf.com.br\/index.php\/2024\/09\/03\/pablo-roberto-denuncia-coligacao-de-ze-neto-a-policia-federal\/","url":"https:\/\/portalmf.com.br\/index.php\/2024\/09\/03\/pablo-roberto-denuncia-coligacao-de-ze-neto-a-policia-federal\/","name":"Pablo Roberto denuncia coliga\u00e7\u00e3o de Z\u00e9 Neto \u00e0 Pol\u00edcia Federal - Portal MF","isPartOf":{"@id":"https:\/\/portalmf.com.br\/#website"},"primaryImageOfPage":{"@id":"https:\/\/portalmf.com.br\/index.php\/2024\/09\/03\/pablo-roberto-denuncia-coligacao-de-ze-neto-a-policia-federal\/#primaryimage"},"image":{"@id":"https:\/\/portalmf.com.br\/index.php\/2024\/09\/03\/pablo-roberto-denuncia-coligacao-de-ze-neto-a-policia-federal\/#primaryimage"},"thumbnailUrl":"https:\/\/portalmf.com.br\/wp-content\/uploads\/2023\/03\/O-deputado-estadual-Pablo-Roberto.jpg","datePublished":"2024-09-03T17:22:19+00:00","dateModified":"2024-09-03T19:47:09+00:00","author":{"@id":"https:\/\/portalmf.com.br\/#\/schema\/person\/9ec101baf56233e53520c26de5d6f6f0"},"breadcrumb":{"@id":"https:\/\/portalmf.com.br\/index.php\/2024\/09\/03\/pablo-roberto-denuncia-coligacao-de-ze-neto-a-policia-federal\/#breadcrumb"},"inLanguage":"pt-BR","potentialAction":[{"@type":"ReadAction","target":["https:\/\/portalmf.com.br\/index.php\/2024\/09\/03\/pablo-roberto-denuncia-coligacao-de-ze-neto-a-policia-federal\/"]}]},{"@type":"ImageObject","inLanguage":"pt-BR","@id":"https:\/\/portalmf.com.br\/index.php\/2024\/09\/03\/pablo-roberto-denuncia-coligacao-de-ze-neto-a-policia-federal\/#primaryimage","url":"https:\/\/portalmf.com.br\/wp-content\/uploads\/2023\/03\/O-deputado-estadual-Pablo-Roberto.jpg","contentUrl":"https:\/\/portalmf.com.br\/wp-content\/uploads\/2023\/03\/O-deputado-estadual-Pablo-Roberto.jpg","width":762,"height":576},{"@type":"BreadcrumbList","@id":"https:\/\/portalmf.com.br\/index.php\/2024\/09\/03\/pablo-roberto-denuncia-coligacao-de-ze-neto-a-policia-federal\/#breadcrumb","itemListElement":[{"@type":"ListItem","position":1,"name":"In\u00edcio","item":"https:\/\/portalmf.com.br\/"},{"@type":"ListItem","position":2,"name":"Pablo Roberto denuncia coliga\u00e7\u00e3o de Z\u00e9 Neto \u00e0 Pol\u00edcia Federal"}]},{"@type":"WebSite","@id":"https:\/\/portalmf.com.br\/#website","url":"https:\/\/portalmf.com.br\/","name":"Portal MF","description":"Voc\u00ea conectado com a informa\u00e7\u00e3o","potentialAction":[{"@type":"SearchAction","target":{"@type":"EntryPoint","urlTemplate":"https:\/\/portalmf.com.br\/?s={search_term_string}"},"query-input":"required name=search_term_string"}],"inLanguage":"pt-BR"},{"@type":"Person","@id":"https:\/\/portalmf.com.br\/#\/schema\/person\/9ec101baf56233e53520c26de5d6f6f0","name":"Reda\u00e7\u00e3o Portal MF","image":{"@type":"ImageObject","inLanguage":"pt-BR","@id":"https:\/\/portalmf.com.br\/#\/schema\/person\/image\/","url":"https:\/\/secure.gravatar.com\/avatar\/41b9aaeb2100835f7c64362330f74c7f?s=96&d=mm&r=g","contentUrl":"https:\/\/secure.gravatar.com\/avatar\/41b9aaeb2100835f7c64362330f74c7f?s=96&d=mm&r=g","caption":"Reda\u00e7\u00e3o Portal MF"},"description":"Sejam bem-vindos o portal de informa\u00e7\u00f5es de entretenimento de Feira de Santana, desde 2006 realiza coberturas dos principais eventos com entrevistas exclusivas com as principais personalidades mundiais. Fique conectado tamb\u00e9m nas redes sociais.","sameAs":["http:\/\/www.portalmf.com.br\/","https:\/\/www.facebook.com\/portalmfoficial","https:\/\/www.instagram.com\/portalmf\/","https:\/\/x.com\/https:\/\/x.com\/portalmfoficial","https:\/\/www.youtube.com\/@portalmfoficial"],"url":"https:\/\/portalmf.com.br\/index.php\/author\/junior\/"}]}},"_links":{"self":[{"href":"https:\/\/portalmf.com.br\/index.php\/wp-json\/wp\/v2\/posts\/29380"}],"collection":[{"href":"https:\/\/portalmf.com.br\/index.php\/wp-json\/wp\/v2\/posts"}],"about":[{"href":"https:\/\/portalmf.com.br\/index.php\/wp-json\/wp\/v2\/types\/post"}],"author":[{"embeddable":true,"href":"https:\/\/portalmf.com.br\/index.php\/wp-json\/wp\/v2\/users\/3"}],"replies":[{"embeddable":true,"href":"https:\/\/portalmf.com.br\/index.php\/wp-json\/wp\/v2\/comments?post=29380"}],"version-history":[{"count":2,"href":"https:\/\/portalmf.com.br\/index.php\/wp-json\/wp\/v2\/posts\/29380\/revisions"}],"predecessor-version":[{"id":29384,"href":"https:\/\/portalmf.com.br\/index.php\/wp-json\/wp\/v2\/posts\/29380\/revisions\/29384"}],"wp:featuredmedia":[{"embeddable":true,"href":"https:\/\/portalmf.com.br\/index.php\/wp-json\/wp\/v2\/media\/10239"}],"wp:attachment":[{"href":"https:\/\/portalmf.com.br\/index.php\/wp-json\/wp\/v2\/media?parent=29380"}],"wp:term":[{"taxonomy":"category","embeddable":true,"href":"https:\/\/portalmf.com.br\/index.php\/wp-json\/wp\/v2\/categories?post=29380"},{"taxonomy":"post_tag","embeddable":true,"href":"https:\/\/portalmf.com.br\/index.php\/wp-json\/wp\/v2\/tags?post=29380"}],"curies":[{"name":"wp","href":"https:\/\/api.w.org\/{rel}","templated":true}]}}