{"id":29371,"date":"2024-09-02T21:16:22","date_gmt":"2024-09-03T00:16:22","guid":{"rendered":"https:\/\/portalmf.com.br\/?p=29371"},"modified":"2024-09-02T21:16:24","modified_gmt":"2024-09-03T00:16:24","slug":"feira-de-santana-tem-o-direito-de-saber-que-ze-ronaldo-esta-no-centro-da-tragedia-administrativa-do-governo-colbert-afirma-felipe-freitas","status":"publish","type":"post","link":"https:\/\/portalmf.com.br\/index.php\/2024\/09\/02\/feira-de-santana-tem-o-direito-de-saber-que-ze-ronaldo-esta-no-centro-da-tragedia-administrativa-do-governo-colbert-afirma-felipe-freitas\/","title":{"rendered":"\u201dFeira de Santana tem o direito de saber que Z\u00e9 Ronaldo est\u00e1 no centro da trag\u00e9dia administrativa do governo Colbert\u201d, afirma Felipe Freitas"},"content":{"rendered":"\n<p>O coordenador da campanha de Z\u00e9 Neto \u00e0 Prefeitura de Feira de Santana e ex-secret\u00e1rio de Justi\u00e7a e Direitos Humanos do Governo do Estado, Felipe Freitas, criticou nesta segunda-feira (02), a tentativa de Z\u00e9 Ronaldo (Uni\u00e3o Brasil) em desvincular sua imagem \u00e0 do atual prefeito, Colbert Martins, por meio do ingresso de uma a\u00e7\u00e3o na justi\u00e7a para impedir associa\u00e7\u00f5es com o atual gestor do munic\u00edpio. Felipe lembrou que foi o pr\u00f3prio Z\u00e9 Ronaldo quem endossou e apoiou a candidatura de Colbert, e que os dois fazem parte do mesmo grupo pol\u00edtico que administra Feira de Santana h\u00e1 mais de 20 anos.<\/p>\n\n\n\n<p>\u201cLament\u00e1vel que o ex-prefeito tente impedir na justi\u00e7a que o povo de Feira lembre que ele \u00e9 aliado, padrinho pol\u00edtico e integrante do governo de Colbert\u201d, disse Felipe, ao destacar: \u201cN\u00e3o h\u00e1 qualquer ofensa \u00e0 honra de Z\u00e9 Ronaldo dizer que ele \u00e9 parte do governo e l\u00edder do grupo pol\u00edtico de Colbert. Isso \u00e9 parte do debate pol\u00edtico da cidade e tem de ser feito de maneira ampla e democr\u00e1tica\u201d.<\/p>\n\n\n\n<p>O coordenador da campanha de Z\u00e9 Neto acrescentou que os feirenses precisam saber quem s\u00e3o os principais respons\u00e1veis pelos grandes problemas enfrentados pelo munic\u00edpio e que penalizam, principalmente, a popula\u00e7\u00e3o mais pobre. <\/p>\n\n\n\n<p>\u201cFeira de Santana tem o direito de saber que Z\u00e9 Ronaldo est\u00e1 no centro da trag\u00e9dia administrativa do governo Colbert e v\u00e1rios v\u00eddeos e declara\u00e7\u00f5es do pr\u00f3prio prefeito comprovam isso\u201d. Felipe disse ainda que, ao ingressar na justi\u00e7a para impedir a associa\u00e7\u00e3o do seu nome ao de Colbert, Z\u00e9 Ronaldo demonstra seu constrangimento com os resultados da administra\u00e7\u00e3o do seu grupo pol\u00edtico e se revela \u201cum verdadeiro traidor\u201d. <\/p>\n\n\n\n<p>\u201cAo processar nosso grupo por associar ele a Colbert, da mesma maneira que ele traiu Feira, Jos\u00e9 Ronaldo est\u00e1 traindo o seu parceiro, com quem divide a Prefeitura.\u201d conclui Felipe Freitas.<\/p>\n","protected":false},"excerpt":{"rendered":"<p>O coordenador da campanha de Z\u00e9 Neto \u00e0 Prefeitura de Feira de Santana e ex-secret\u00e1rio de Justi\u00e7a e Direitos Humanos do Governo do Estado, Felipe Freitas, criticou nesta segunda-feira (02), a tentativa de Z\u00e9 Ronaldo (Uni\u00e3o Brasil) em desvincular sua imagem \u00e0 do atual prefeito, Colbert Martins, por meio do ingresso de uma a\u00e7\u00e3o na [&hellip;]<\/p>\n","protected":false},"author":3,"featured_media":29047,"comment_status":"open","ping_status":"open","sticky":false,"template":"","format":"standard","meta":{"_monsterinsights_skip_tracking":false,"_monsterinsights_sitenote_active":false,"_monsterinsights_sitenote_note":"","_monsterinsights_sitenote_category":0,"footnotes":""},"categories":[301,34],"tags":[],"yoast_head":"<!-- This site is optimized with the Yoast SEO plugin v22.9 - https:\/\/yoast.com\/wordpress\/plugins\/seo\/ -->\n<title>\u201dFeira de Santana tem o direito de saber que Z\u00e9 Ronaldo est\u00e1 no centro da trag\u00e9dia administrativa do governo Colbert\u201d, afirma Felipe Freitas - Portal MF<\/title>\n<meta name=\"robots\" content=\"index, follow, max-snippet:-1, max-image-preview:large, max-video-preview:-1\" \/>\n<link rel=\"canonical\" href=\"https:\/\/portalmf.com.br\/index.php\/2024\/09\/02\/feira-de-santana-tem-o-direito-de-saber-que-ze-ronaldo-esta-no-centro-da-tragedia-administrativa-do-governo-colbert-afirma-felipe-freitas\/\" \/>\n<meta property=\"og:locale\" content=\"pt_BR\" \/>\n<meta property=\"og:type\" content=\"article\" \/>\n<meta property=\"og:title\" content=\"\u201dFeira de Santana tem o direito de saber que Z\u00e9 Ronaldo est\u00e1 no centro da trag\u00e9dia administrativa do governo Colbert\u201d, afirma Felipe Freitas - Portal MF\" \/>\n<meta property=\"og:description\" content=\"O coordenador da campanha de Z\u00e9 Neto \u00e0 Prefeitura de Feira de Santana e ex-secret\u00e1rio de Justi\u00e7a e Direitos Humanos do Governo do Estado, Felipe Freitas, criticou nesta segunda-feira (02), a tentativa de Z\u00e9 Ronaldo (Uni\u00e3o Brasil) em desvincular sua imagem \u00e0 do atual prefeito, Colbert Martins, por meio do ingresso de uma a\u00e7\u00e3o na [&hellip;]\" \/>\n<meta property=\"og:url\" content=\"https:\/\/portalmf.com.br\/index.php\/2024\/09\/02\/feira-de-santana-tem-o-direito-de-saber-que-ze-ronaldo-esta-no-centro-da-tragedia-administrativa-do-governo-colbert-afirma-felipe-freitas\/\" \/>\n<meta property=\"og:site_name\" content=\"Portal MF\" \/>\n<meta property=\"article:author\" content=\"https:\/\/www.facebook.com\/portalmfoficial\" \/>\n<meta property=\"article:published_time\" content=\"2024-09-03T00:16:22+00:00\" \/>\n<meta property=\"article:modified_time\" content=\"2024-09-03T00:16:24+00:00\" \/>\n<meta property=\"og:image\" content=\"https:\/\/portalmf.com.br\/wp-content\/uploads\/2024\/08\/coordenador-da-campanha-de-Ze-Neto-Felipe-Freitas.jpg\" \/>\n\t<meta property=\"og:image:width\" content=\"1280\" \/>\n\t<meta property=\"og:image:height\" content=\"960\" \/>\n\t<meta property=\"og:image:type\" content=\"image\/jpeg\" \/>\n<meta name=\"author\" content=\"Reda\u00e7\u00e3o Portal MF\" \/>\n<meta name=\"twitter:card\" content=\"summary_large_image\" \/>\n<meta name=\"twitter:creator\" content=\"@https:\/\/x.com\/portalmfoficial\" \/>\n<meta name=\"twitter:label1\" content=\"Escrito por\" \/>\n\t<meta name=\"twitter:data1\" content=\"Reda\u00e7\u00e3o Portal MF\" \/>\n\t<meta name=\"twitter:label2\" content=\"Est. tempo de leitura\" \/>\n\t<meta name=\"twitter:data2\" content=\"2 minutos\" \/>\n<script type=\"application\/ld+json\" class=\"yoast-schema-graph\">{\"@context\":\"https:\/\/schema.org\",\"@graph\":[{\"@type\":\"WebPage\",\"@id\":\"https:\/\/portalmf.com.br\/index.php\/2024\/09\/02\/feira-de-santana-tem-o-direito-de-saber-que-ze-ronaldo-esta-no-centro-da-tragedia-administrativa-do-governo-colbert-afirma-felipe-freitas\/\",\"url\":\"https:\/\/portalmf.com.br\/index.php\/2024\/09\/02\/feira-de-santana-tem-o-direito-de-saber-que-ze-ronaldo-esta-no-centro-da-tragedia-administrativa-do-governo-colbert-afirma-felipe-freitas\/\",\"name\":\"\u201dFeira de Santana tem o direito de saber que Z\u00e9 Ronaldo est\u00e1 no centro da trag\u00e9dia administrativa do governo Colbert\u201d, afirma Felipe Freitas - Portal MF\",\"isPartOf\":{\"@id\":\"https:\/\/portalmf.com.br\/#website\"},\"primaryImageOfPage\":{\"@id\":\"https:\/\/portalmf.com.br\/index.php\/2024\/09\/02\/feira-de-santana-tem-o-direito-de-saber-que-ze-ronaldo-esta-no-centro-da-tragedia-administrativa-do-governo-colbert-afirma-felipe-freitas\/#primaryimage\"},\"image\":{\"@id\":\"https:\/\/portalmf.com.br\/index.php\/2024\/09\/02\/feira-de-santana-tem-o-direito-de-saber-que-ze-ronaldo-esta-no-centro-da-tragedia-administrativa-do-governo-colbert-afirma-felipe-freitas\/#primaryimage\"},\"thumbnailUrl\":\"https:\/\/portalmf.com.br\/wp-content\/uploads\/2024\/08\/coordenador-da-campanha-de-Ze-Neto-Felipe-Freitas.jpg\",\"datePublished\":\"2024-09-03T00:16:22+00:00\",\"dateModified\":\"2024-09-03T00:16:24+00:00\",\"author\":{\"@id\":\"https:\/\/portalmf.com.br\/#\/schema\/person\/9ec101baf56233e53520c26de5d6f6f0\"},\"breadcrumb\":{\"@id\":\"https:\/\/portalmf.com.br\/index.php\/2024\/09\/02\/feira-de-santana-tem-o-direito-de-saber-que-ze-ronaldo-esta-no-centro-da-tragedia-administrativa-do-governo-colbert-afirma-felipe-freitas\/#breadcrumb\"},\"inLanguage\":\"pt-BR\",\"potentialAction\":[{\"@type\":\"ReadAction\",\"target\":[\"https:\/\/portalmf.com.br\/index.php\/2024\/09\/02\/feira-de-santana-tem-o-direito-de-saber-que-ze-ronaldo-esta-no-centro-da-tragedia-administrativa-do-governo-colbert-afirma-felipe-freitas\/\"]}]},{\"@type\":\"ImageObject\",\"inLanguage\":\"pt-BR\",\"@id\":\"https:\/\/portalmf.com.br\/index.php\/2024\/09\/02\/feira-de-santana-tem-o-direito-de-saber-que-ze-ronaldo-esta-no-centro-da-tragedia-administrativa-do-governo-colbert-afirma-felipe-freitas\/#primaryimage\",\"url\":\"https:\/\/portalmf.com.br\/wp-content\/uploads\/2024\/08\/coordenador-da-campanha-de-Ze-Neto-Felipe-Freitas.jpg\",\"contentUrl\":\"https:\/\/portalmf.com.br\/wp-content\/uploads\/2024\/08\/coordenador-da-campanha-de-Ze-Neto-Felipe-Freitas.jpg\",\"width\":1280,\"height\":960},{\"@type\":\"BreadcrumbList\",\"@id\":\"https:\/\/portalmf.com.br\/index.php\/2024\/09\/02\/feira-de-santana-tem-o-direito-de-saber-que-ze-ronaldo-esta-no-centro-da-tragedia-administrativa-do-governo-colbert-afirma-felipe-freitas\/#breadcrumb\",\"itemListElement\":[{\"@type\":\"ListItem\",\"position\":1,\"name\":\"In\u00edcio\",\"item\":\"https:\/\/portalmf.com.br\/\"},{\"@type\":\"ListItem\",\"position\":2,\"name\":\"\u201dFeira de Santana tem o direito de saber que Z\u00e9 Ronaldo est\u00e1 no centro da trag\u00e9dia administrativa do governo Colbert\u201d, afirma Felipe Freitas\"}]},{\"@type\":\"WebSite\",\"@id\":\"https:\/\/portalmf.com.br\/#website\",\"url\":\"https:\/\/portalmf.com.br\/\",\"name\":\"Portal MF\",\"description\":\"Voc\u00ea conectado com a informa\u00e7\u00e3o\",\"potentialAction\":[{\"@type\":\"SearchAction\",\"target\":{\"@type\":\"EntryPoint\",\"urlTemplate\":\"https:\/\/portalmf.com.br\/?s={search_term_string}\"},\"query-input\":\"required name=search_term_string\"}],\"inLanguage\":\"pt-BR\"},{\"@type\":\"Person\",\"@id\":\"https:\/\/portalmf.com.br\/#\/schema\/person\/9ec101baf56233e53520c26de5d6f6f0\",\"name\":\"Reda\u00e7\u00e3o Portal MF\",\"image\":{\"@type\":\"ImageObject\",\"inLanguage\":\"pt-BR\",\"@id\":\"https:\/\/portalmf.com.br\/#\/schema\/person\/image\/\",\"url\":\"https:\/\/secure.gravatar.com\/avatar\/41b9aaeb2100835f7c64362330f74c7f?s=96&d=mm&r=g\",\"contentUrl\":\"https:\/\/secure.gravatar.com\/avatar\/41b9aaeb2100835f7c64362330f74c7f?s=96&d=mm&r=g\",\"caption\":\"Reda\u00e7\u00e3o Portal MF\"},\"description\":\"Sejam bem-vindos o portal de informa\u00e7\u00f5es de entretenimento de Feira de Santana, desde 2006 realiza coberturas dos principais eventos com entrevistas exclusivas com as principais personalidades mundiais. Fique conectado tamb\u00e9m nas redes sociais.\",\"sameAs\":[\"http:\/\/www.portalmf.com.br\/\",\"https:\/\/www.facebook.com\/portalmfoficial\",\"https:\/\/www.instagram.com\/portalmf\/\",\"https:\/\/x.com\/https:\/\/x.com\/portalmfoficial\",\"https:\/\/www.youtube.com\/@portalmfoficial\"],\"url\":\"https:\/\/portalmf.com.br\/index.php\/author\/junior\/\"}]}<\/script>\n<!-- \/ Yoast SEO plugin. -->","yoast_head_json":{"title":"\u201dFeira de Santana tem o direito de saber que Z\u00e9 Ronaldo est\u00e1 no centro da trag\u00e9dia administrativa do governo Colbert\u201d, afirma Felipe Freitas - Portal MF","robots":{"index":"index","follow":"follow","max-snippet":"max-snippet:-1","max-image-preview":"max-image-preview:large","max-video-preview":"max-video-preview:-1"},"canonical":"https:\/\/portalmf.com.br\/index.php\/2024\/09\/02\/feira-de-santana-tem-o-direito-de-saber-que-ze-ronaldo-esta-no-centro-da-tragedia-administrativa-do-governo-colbert-afirma-felipe-freitas\/","og_locale":"pt_BR","og_type":"article","og_title":"\u201dFeira de Santana tem o direito de saber que Z\u00e9 Ronaldo est\u00e1 no centro da trag\u00e9dia administrativa do governo Colbert\u201d, afirma Felipe Freitas - Portal MF","og_description":"O coordenador da campanha de Z\u00e9 Neto \u00e0 Prefeitura de Feira de Santana e ex-secret\u00e1rio de Justi\u00e7a e Direitos Humanos do Governo do Estado, Felipe Freitas, criticou nesta segunda-feira (02), a tentativa de Z\u00e9 Ronaldo (Uni\u00e3o Brasil) em desvincular sua imagem \u00e0 do atual prefeito, Colbert Martins, por meio do ingresso de uma a\u00e7\u00e3o na [&hellip;]","og_url":"https:\/\/portalmf.com.br\/index.php\/2024\/09\/02\/feira-de-santana-tem-o-direito-de-saber-que-ze-ronaldo-esta-no-centro-da-tragedia-administrativa-do-governo-colbert-afirma-felipe-freitas\/","og_site_name":"Portal MF","article_author":"https:\/\/www.facebook.com\/portalmfoficial","article_published_time":"2024-09-03T00:16:22+00:00","article_modified_time":"2024-09-03T00:16:24+00:00","og_image":[{"width":1280,"height":960,"url":"https:\/\/portalmf.com.br\/wp-content\/uploads\/2024\/08\/coordenador-da-campanha-de-Ze-Neto-Felipe-Freitas.jpg","type":"image\/jpeg"}],"author":"Reda\u00e7\u00e3o Portal MF","twitter_card":"summary_large_image","twitter_creator":"@https:\/\/x.com\/portalmfoficial","twitter_misc":{"Escrito por":"Reda\u00e7\u00e3o Portal MF","Est. tempo de leitura":"2 minutos"},"schema":{"@context":"https:\/\/schema.org","@graph":[{"@type":"WebPage","@id":"https:\/\/portalmf.com.br\/index.php\/2024\/09\/02\/feira-de-santana-tem-o-direito-de-saber-que-ze-ronaldo-esta-no-centro-da-tragedia-administrativa-do-governo-colbert-afirma-felipe-freitas\/","url":"https:\/\/portalmf.com.br\/index.php\/2024\/09\/02\/feira-de-santana-tem-o-direito-de-saber-que-ze-ronaldo-esta-no-centro-da-tragedia-administrativa-do-governo-colbert-afirma-felipe-freitas\/","name":"\u201dFeira de Santana tem o direito de saber que Z\u00e9 Ronaldo est\u00e1 no centro da trag\u00e9dia administrativa do governo Colbert\u201d, afirma Felipe Freitas - Portal MF","isPartOf":{"@id":"https:\/\/portalmf.com.br\/#website"},"primaryImageOfPage":{"@id":"https:\/\/portalmf.com.br\/index.php\/2024\/09\/02\/feira-de-santana-tem-o-direito-de-saber-que-ze-ronaldo-esta-no-centro-da-tragedia-administrativa-do-governo-colbert-afirma-felipe-freitas\/#primaryimage"},"image":{"@id":"https:\/\/portalmf.com.br\/index.php\/2024\/09\/02\/feira-de-santana-tem-o-direito-de-saber-que-ze-ronaldo-esta-no-centro-da-tragedia-administrativa-do-governo-colbert-afirma-felipe-freitas\/#primaryimage"},"thumbnailUrl":"https:\/\/portalmf.com.br\/wp-content\/uploads\/2024\/08\/coordenador-da-campanha-de-Ze-Neto-Felipe-Freitas.jpg","datePublished":"2024-09-03T00:16:22+00:00","dateModified":"2024-09-03T00:16:24+00:00","author":{"@id":"https:\/\/portalmf.com.br\/#\/schema\/person\/9ec101baf56233e53520c26de5d6f6f0"},"breadcrumb":{"@id":"https:\/\/portalmf.com.br\/index.php\/2024\/09\/02\/feira-de-santana-tem-o-direito-de-saber-que-ze-ronaldo-esta-no-centro-da-tragedia-administrativa-do-governo-colbert-afirma-felipe-freitas\/#breadcrumb"},"inLanguage":"pt-BR","potentialAction":[{"@type":"ReadAction","target":["https:\/\/portalmf.com.br\/index.php\/2024\/09\/02\/feira-de-santana-tem-o-direito-de-saber-que-ze-ronaldo-esta-no-centro-da-tragedia-administrativa-do-governo-colbert-afirma-felipe-freitas\/"]}]},{"@type":"ImageObject","inLanguage":"pt-BR","@id":"https:\/\/portalmf.com.br\/index.php\/2024\/09\/02\/feira-de-santana-tem-o-direito-de-saber-que-ze-ronaldo-esta-no-centro-da-tragedia-administrativa-do-governo-colbert-afirma-felipe-freitas\/#primaryimage","url":"https:\/\/portalmf.com.br\/wp-content\/uploads\/2024\/08\/coordenador-da-campanha-de-Ze-Neto-Felipe-Freitas.jpg","contentUrl":"https:\/\/portalmf.com.br\/wp-content\/uploads\/2024\/08\/coordenador-da-campanha-de-Ze-Neto-Felipe-Freitas.jpg","width":1280,"height":960},{"@type":"BreadcrumbList","@id":"https:\/\/portalmf.com.br\/index.php\/2024\/09\/02\/feira-de-santana-tem-o-direito-de-saber-que-ze-ronaldo-esta-no-centro-da-tragedia-administrativa-do-governo-colbert-afirma-felipe-freitas\/#breadcrumb","itemListElement":[{"@type":"ListItem","position":1,"name":"In\u00edcio","item":"https:\/\/portalmf.com.br\/"},{"@type":"ListItem","position":2,"name":"\u201dFeira de Santana tem o direito de saber que Z\u00e9 Ronaldo est\u00e1 no centro da trag\u00e9dia administrativa do governo Colbert\u201d, afirma Felipe Freitas"}]},{"@type":"WebSite","@id":"https:\/\/portalmf.com.br\/#website","url":"https:\/\/portalmf.com.br\/","name":"Portal MF","description":"Voc\u00ea conectado com a informa\u00e7\u00e3o","potentialAction":[{"@type":"SearchAction","target":{"@type":"EntryPoint","urlTemplate":"https:\/\/portalmf.com.br\/?s={search_term_string}"},"query-input":"required name=search_term_string"}],"inLanguage":"pt-BR"},{"@type":"Person","@id":"https:\/\/portalmf.com.br\/#\/schema\/person\/9ec101baf56233e53520c26de5d6f6f0","name":"Reda\u00e7\u00e3o Portal MF","image":{"@type":"ImageObject","inLanguage":"pt-BR","@id":"https:\/\/portalmf.com.br\/#\/schema\/person\/image\/","url":"https:\/\/secure.gravatar.com\/avatar\/41b9aaeb2100835f7c64362330f74c7f?s=96&d=mm&r=g","contentUrl":"https:\/\/secure.gravatar.com\/avatar\/41b9aaeb2100835f7c64362330f74c7f?s=96&d=mm&r=g","caption":"Reda\u00e7\u00e3o Portal MF"},"description":"Sejam bem-vindos o portal de informa\u00e7\u00f5es de entretenimento de Feira de Santana, desde 2006 realiza coberturas dos principais eventos com entrevistas exclusivas com as principais personalidades mundiais. Fique conectado tamb\u00e9m nas redes sociais.","sameAs":["http:\/\/www.portalmf.com.br\/","https:\/\/www.facebook.com\/portalmfoficial","https:\/\/www.instagram.com\/portalmf\/","https:\/\/x.com\/https:\/\/x.com\/portalmfoficial","https:\/\/www.youtube.com\/@portalmfoficial"],"url":"https:\/\/portalmf.com.br\/index.php\/author\/junior\/"}]}},"_links":{"self":[{"href":"https:\/\/portalmf.com.br\/index.php\/wp-json\/wp\/v2\/posts\/29371"}],"collection":[{"href":"https:\/\/portalmf.com.br\/index.php\/wp-json\/wp\/v2\/posts"}],"about":[{"href":"https:\/\/portalmf.com.br\/index.php\/wp-json\/wp\/v2\/types\/post"}],"author":[{"embeddable":true,"href":"https:\/\/portalmf.com.br\/index.php\/wp-json\/wp\/v2\/users\/3"}],"replies":[{"embeddable":true,"href":"https:\/\/portalmf.com.br\/index.php\/wp-json\/wp\/v2\/comments?post=29371"}],"version-history":[{"count":1,"href":"https:\/\/portalmf.com.br\/index.php\/wp-json\/wp\/v2\/posts\/29371\/revisions"}],"predecessor-version":[{"id":29372,"href":"https:\/\/portalmf.com.br\/index.php\/wp-json\/wp\/v2\/posts\/29371\/revisions\/29372"}],"wp:featuredmedia":[{"embeddable":true,"href":"https:\/\/portalmf.com.br\/index.php\/wp-json\/wp\/v2\/media\/29047"}],"wp:attachment":[{"href":"https:\/\/portalmf.com.br\/index.php\/wp-json\/wp\/v2\/media?parent=29371"}],"wp:term":[{"taxonomy":"category","embeddable":true,"href":"https:\/\/portalmf.com.br\/index.php\/wp-json\/wp\/v2\/categories?post=29371"},{"taxonomy":"post_tag","embeddable":true,"href":"https:\/\/portalmf.com.br\/index.php\/wp-json\/wp\/v2\/tags?post=29371"}],"curies":[{"name":"wp","href":"https:\/\/api.w.org\/{rel}","templated":true}]}}