{"id":29357,"date":"2024-09-02T19:48:32","date_gmt":"2024-09-02T22:48:32","guid":{"rendered":"https:\/\/portalmf.com.br\/?p=29357"},"modified":"2024-09-02T19:48:33","modified_gmt":"2024-09-02T22:48:33","slug":"maternidade-regional-de-camacari-da-boas-vindas-ao-bebe-de-numero-oito-mil","status":"publish","type":"post","link":"https:\/\/portalmf.com.br\/index.php\/2024\/09\/02\/maternidade-regional-de-camacari-da-boas-vindas-ao-bebe-de-numero-oito-mil\/","title":{"rendered":"Maternidade Regional de Cama\u00e7ari d\u00e1 boas-vindas ao beb\u00ea de n\u00famero oito mil"},"content":{"rendered":"\n<p>Ap\u00f3s um parto humanizado, repleto de carinho e cuidado, a Maternidade Regional de Cama\u00e7ari (MRC), unidade da Secretaria da Sa\u00fade da Bahia (Sesab) gerida pela Funda\u00e7\u00e3o Estatal Sa\u00fade da Fam\u00edlia (FESF-SUS), deu as boas-vindas, no \u00faltimo s\u00e1bado (30), a Mait\u00ea Melga\u00e7o, a beb\u00ea de n\u00famero oito mil nascida na unidade.<\/p>\n\n\n\n<p>Filha da operadora de caixa Emanuelle Oliveira, de 35 anos, a pequena veio ao mundo com 48 cent\u00edmetros, 3.180 kg, e atrav\u00e9s de um parto normal realizado na banqueta vertical &#8211; equipamento que permite que a mulher permane\u00e7a sentada com os p\u00e9s no ch\u00e3o, fazendo com que os m\u00fasculos do assoalho p\u00e9lvico fiquem mais relaxados, facilitando o nascimento do beb\u00ea.<\/p>\n\n\n\n<p>Coordenadora de enfermagem da MRC, Itana Sena explica que atrav\u00e9s da banqueta, a gestante consegue melhor estabilidade. &#8220;\u00c9 um banco simples, mas suficiente para garantir esse conforto \u00e0 mulher. No nascimento, em condi\u00e7\u00f5es saud\u00e1veis, \u00e9 poss\u00edvel que a parturiente abrace o seu filho ainda ligado ao cord\u00e3o umbilical, favorecendo o v\u00ednculo entre m\u00e3e e beb\u00ea&#8221;, afirma.<\/p>\n\n\n\n<p>A equipe multidisciplinar que atendeu mam\u00e3e e o beb\u00ea contou com as enfermeiras obstetras Valqu\u00edria Augusta e Maiara de Fran\u00e7a, a neonatologista Ana Carolina Bahia Perrone, al\u00e9m da t\u00e9cnica de Enfermagem Jeane Bahia dos Santos.<\/p>\n\n\n\n<p>Diretora da Maternidade de Cama\u00e7ari, Gis\u00e9lia Pinheiro ressalta que, durante todo o processo, a gestante p\u00f4de contar com a presen\u00e7a de sua m\u00e3e, garantindo mais tranquilidade e confian\u00e7a.<\/p>\n\n\n\n<p><em>&#8220;A chegada de Mait\u00ea foi ainda mais especial pela simbologia do beb\u00ea oito mil. No parto, m\u00e3e e beb\u00ea puderam contar com acompanhante presente na sala de parto, clampeamento oportuno do cord\u00e3o umbilical, contato pele a pele imediato e amamenta\u00e7\u00e3o na primeira hora de vida. Ficamos muito felizes com mais essa marca para a Maternidade Regional de Cama\u00e7ari&#8221;<\/em>, comemora a diretora.<\/p>\n\n\n\n<h2 class=\"wp-block-heading\">Humaniza\u00e7\u00e3o no cuidado<\/h2>\n\n\n\n<p>A Maternidade Regional de Cama\u00e7ari atende tanto por regula\u00e7\u00e3o, via Secretaria da Sa\u00fade do Estado da Bahia (Sesab), quanto por demanda espont\u00e2nea, realizando todos os procedimentos de forma gratuita pelo Sistema \u00danico de Sa\u00fade (SUS) e sendo refer\u00eancia para parto de risco habitual e alto risco de gestantes residentes em Cama\u00e7ari, Conde, Dias D&#8217;\u00e1vila, Mata de S\u00e3o Jo\u00e3o, Pojuca e Sim\u00f5es Filho.<\/p>\n\n\n\n<p>A unidade conta com 105 leitos, sendo 56 de obstetr\u00edcia; 08 de gesta\u00e7\u00e3o de alto risco; 04 de cirurgia ginecol\u00f3gica; 04 de cirurgia pl\u00e1stica; 08 de neonatologia cl\u00ednica; 10 de UTI neonatal; 10 UCI convencional; e 05 de UCI Canguru.<\/p>\n\n\n\n<p>Ascom\/FESF-SUS<\/p>\n","protected":false},"excerpt":{"rendered":"<p>Ap\u00f3s um parto humanizado, repleto de carinho e cuidado, a Maternidade Regional de Cama\u00e7ari (MRC), unidade da Secretaria da Sa\u00fade da Bahia (Sesab) gerida pela Funda\u00e7\u00e3o Estatal Sa\u00fade da Fam\u00edlia (FESF-SUS), deu as boas-vindas, no \u00faltimo s\u00e1bado (30), a Mait\u00ea Melga\u00e7o, a beb\u00ea de n\u00famero oito mil nascida na unidade. Filha da operadora de caixa [&hellip;]<\/p>\n","protected":false},"author":3,"featured_media":29358,"comment_status":"open","ping_status":"open","sticky":false,"template":"","format":"standard","meta":{"_monsterinsights_skip_tracking":false,"_monsterinsights_sitenote_active":false,"_monsterinsights_sitenote_note":"","_monsterinsights_sitenote_category":0,"footnotes":""},"categories":[301,34],"tags":[],"yoast_head":"<!-- This site is optimized with the Yoast SEO plugin v22.9 - https:\/\/yoast.com\/wordpress\/plugins\/seo\/ -->\n<title>Maternidade Regional de Cama\u00e7ari d\u00e1 boas-vindas ao beb\u00ea de n\u00famero oito mil - Portal MF<\/title>\n<meta name=\"robots\" content=\"index, follow, max-snippet:-1, max-image-preview:large, max-video-preview:-1\" \/>\n<link rel=\"canonical\" href=\"https:\/\/portalmf.com.br\/index.php\/2024\/09\/02\/maternidade-regional-de-camacari-da-boas-vindas-ao-bebe-de-numero-oito-mil\/\" \/>\n<meta property=\"og:locale\" content=\"pt_BR\" \/>\n<meta property=\"og:type\" content=\"article\" \/>\n<meta property=\"og:title\" content=\"Maternidade Regional de Cama\u00e7ari d\u00e1 boas-vindas ao beb\u00ea de n\u00famero oito mil - Portal MF\" \/>\n<meta property=\"og:description\" content=\"Ap\u00f3s um parto humanizado, repleto de carinho e cuidado, a Maternidade Regional de Cama\u00e7ari (MRC), unidade da Secretaria da Sa\u00fade da Bahia (Sesab) gerida pela Funda\u00e7\u00e3o Estatal Sa\u00fade da Fam\u00edlia (FESF-SUS), deu as boas-vindas, no \u00faltimo s\u00e1bado (30), a Mait\u00ea Melga\u00e7o, a beb\u00ea de n\u00famero oito mil nascida na unidade. Filha da operadora de caixa [&hellip;]\" \/>\n<meta property=\"og:url\" content=\"https:\/\/portalmf.com.br\/index.php\/2024\/09\/02\/maternidade-regional-de-camacari-da-boas-vindas-ao-bebe-de-numero-oito-mil\/\" \/>\n<meta property=\"og:site_name\" content=\"Portal MF\" \/>\n<meta property=\"article:author\" content=\"https:\/\/www.facebook.com\/portalmfoficial\" \/>\n<meta property=\"article:published_time\" content=\"2024-09-02T22:48:32+00:00\" \/>\n<meta property=\"article:modified_time\" content=\"2024-09-02T22:48:33+00:00\" \/>\n<meta property=\"og:image\" content=\"https:\/\/portalmf.com.br\/wp-content\/uploads\/2024\/09\/Maternidade-Regional-de-Camacari-da-boas-vindas-ao-bebe-de-numero-oito-mil.jpg\" \/>\n\t<meta property=\"og:image:width\" content=\"1280\" \/>\n\t<meta property=\"og:image:height\" content=\"960\" \/>\n\t<meta property=\"og:image:type\" content=\"image\/jpeg\" \/>\n<meta name=\"author\" content=\"Reda\u00e7\u00e3o Portal MF\" \/>\n<meta name=\"twitter:card\" content=\"summary_large_image\" \/>\n<meta name=\"twitter:creator\" content=\"@https:\/\/x.com\/portalmfoficial\" \/>\n<meta name=\"twitter:label1\" content=\"Escrito por\" \/>\n\t<meta name=\"twitter:data1\" content=\"Reda\u00e7\u00e3o Portal MF\" \/>\n\t<meta name=\"twitter:label2\" content=\"Est. tempo de leitura\" \/>\n\t<meta name=\"twitter:data2\" content=\"3 minutos\" \/>\n<script type=\"application\/ld+json\" class=\"yoast-schema-graph\">{\"@context\":\"https:\/\/schema.org\",\"@graph\":[{\"@type\":\"WebPage\",\"@id\":\"https:\/\/portalmf.com.br\/index.php\/2024\/09\/02\/maternidade-regional-de-camacari-da-boas-vindas-ao-bebe-de-numero-oito-mil\/\",\"url\":\"https:\/\/portalmf.com.br\/index.php\/2024\/09\/02\/maternidade-regional-de-camacari-da-boas-vindas-ao-bebe-de-numero-oito-mil\/\",\"name\":\"Maternidade Regional de Cama\u00e7ari d\u00e1 boas-vindas ao beb\u00ea de n\u00famero oito mil - Portal MF\",\"isPartOf\":{\"@id\":\"https:\/\/portalmf.com.br\/#website\"},\"primaryImageOfPage\":{\"@id\":\"https:\/\/portalmf.com.br\/index.php\/2024\/09\/02\/maternidade-regional-de-camacari-da-boas-vindas-ao-bebe-de-numero-oito-mil\/#primaryimage\"},\"image\":{\"@id\":\"https:\/\/portalmf.com.br\/index.php\/2024\/09\/02\/maternidade-regional-de-camacari-da-boas-vindas-ao-bebe-de-numero-oito-mil\/#primaryimage\"},\"thumbnailUrl\":\"https:\/\/portalmf.com.br\/wp-content\/uploads\/2024\/09\/Maternidade-Regional-de-Camacari-da-boas-vindas-ao-bebe-de-numero-oito-mil.jpg\",\"datePublished\":\"2024-09-02T22:48:32+00:00\",\"dateModified\":\"2024-09-02T22:48:33+00:00\",\"author\":{\"@id\":\"https:\/\/portalmf.com.br\/#\/schema\/person\/9ec101baf56233e53520c26de5d6f6f0\"},\"breadcrumb\":{\"@id\":\"https:\/\/portalmf.com.br\/index.php\/2024\/09\/02\/maternidade-regional-de-camacari-da-boas-vindas-ao-bebe-de-numero-oito-mil\/#breadcrumb\"},\"inLanguage\":\"pt-BR\",\"potentialAction\":[{\"@type\":\"ReadAction\",\"target\":[\"https:\/\/portalmf.com.br\/index.php\/2024\/09\/02\/maternidade-regional-de-camacari-da-boas-vindas-ao-bebe-de-numero-oito-mil\/\"]}]},{\"@type\":\"ImageObject\",\"inLanguage\":\"pt-BR\",\"@id\":\"https:\/\/portalmf.com.br\/index.php\/2024\/09\/02\/maternidade-regional-de-camacari-da-boas-vindas-ao-bebe-de-numero-oito-mil\/#primaryimage\",\"url\":\"https:\/\/portalmf.com.br\/wp-content\/uploads\/2024\/09\/Maternidade-Regional-de-Camacari-da-boas-vindas-ao-bebe-de-numero-oito-mil.jpg\",\"contentUrl\":\"https:\/\/portalmf.com.br\/wp-content\/uploads\/2024\/09\/Maternidade-Regional-de-Camacari-da-boas-vindas-ao-bebe-de-numero-oito-mil.jpg\",\"width\":1280,\"height\":960},{\"@type\":\"BreadcrumbList\",\"@id\":\"https:\/\/portalmf.com.br\/index.php\/2024\/09\/02\/maternidade-regional-de-camacari-da-boas-vindas-ao-bebe-de-numero-oito-mil\/#breadcrumb\",\"itemListElement\":[{\"@type\":\"ListItem\",\"position\":1,\"name\":\"In\u00edcio\",\"item\":\"https:\/\/portalmf.com.br\/\"},{\"@type\":\"ListItem\",\"position\":2,\"name\":\"Maternidade Regional de Cama\u00e7ari d\u00e1 boas-vindas ao beb\u00ea de n\u00famero oito mil\"}]},{\"@type\":\"WebSite\",\"@id\":\"https:\/\/portalmf.com.br\/#website\",\"url\":\"https:\/\/portalmf.com.br\/\",\"name\":\"Portal MF\",\"description\":\"Voc\u00ea conectado com a informa\u00e7\u00e3o\",\"potentialAction\":[{\"@type\":\"SearchAction\",\"target\":{\"@type\":\"EntryPoint\",\"urlTemplate\":\"https:\/\/portalmf.com.br\/?s={search_term_string}\"},\"query-input\":\"required name=search_term_string\"}],\"inLanguage\":\"pt-BR\"},{\"@type\":\"Person\",\"@id\":\"https:\/\/portalmf.com.br\/#\/schema\/person\/9ec101baf56233e53520c26de5d6f6f0\",\"name\":\"Reda\u00e7\u00e3o Portal MF\",\"image\":{\"@type\":\"ImageObject\",\"inLanguage\":\"pt-BR\",\"@id\":\"https:\/\/portalmf.com.br\/#\/schema\/person\/image\/\",\"url\":\"https:\/\/secure.gravatar.com\/avatar\/41b9aaeb2100835f7c64362330f74c7f?s=96&d=mm&r=g\",\"contentUrl\":\"https:\/\/secure.gravatar.com\/avatar\/41b9aaeb2100835f7c64362330f74c7f?s=96&d=mm&r=g\",\"caption\":\"Reda\u00e7\u00e3o Portal MF\"},\"description\":\"Sejam bem-vindos o portal de informa\u00e7\u00f5es de entretenimento de Feira de Santana, desde 2006 realiza coberturas dos principais eventos com entrevistas exclusivas com as principais personalidades mundiais. Fique conectado tamb\u00e9m nas redes sociais.\",\"sameAs\":[\"http:\/\/www.portalmf.com.br\/\",\"https:\/\/www.facebook.com\/portalmfoficial\",\"https:\/\/www.instagram.com\/portalmf\/\",\"https:\/\/x.com\/https:\/\/x.com\/portalmfoficial\",\"https:\/\/www.youtube.com\/@portalmfoficial\"],\"url\":\"https:\/\/portalmf.com.br\/index.php\/author\/junior\/\"}]}<\/script>\n<!-- \/ Yoast SEO plugin. -->","yoast_head_json":{"title":"Maternidade Regional de Cama\u00e7ari d\u00e1 boas-vindas ao beb\u00ea de n\u00famero oito mil - Portal MF","robots":{"index":"index","follow":"follow","max-snippet":"max-snippet:-1","max-image-preview":"max-image-preview:large","max-video-preview":"max-video-preview:-1"},"canonical":"https:\/\/portalmf.com.br\/index.php\/2024\/09\/02\/maternidade-regional-de-camacari-da-boas-vindas-ao-bebe-de-numero-oito-mil\/","og_locale":"pt_BR","og_type":"article","og_title":"Maternidade Regional de Cama\u00e7ari d\u00e1 boas-vindas ao beb\u00ea de n\u00famero oito mil - Portal MF","og_description":"Ap\u00f3s um parto humanizado, repleto de carinho e cuidado, a Maternidade Regional de Cama\u00e7ari (MRC), unidade da Secretaria da Sa\u00fade da Bahia (Sesab) gerida pela Funda\u00e7\u00e3o Estatal Sa\u00fade da Fam\u00edlia (FESF-SUS), deu as boas-vindas, no \u00faltimo s\u00e1bado (30), a Mait\u00ea Melga\u00e7o, a beb\u00ea de n\u00famero oito mil nascida na unidade. Filha da operadora de caixa [&hellip;]","og_url":"https:\/\/portalmf.com.br\/index.php\/2024\/09\/02\/maternidade-regional-de-camacari-da-boas-vindas-ao-bebe-de-numero-oito-mil\/","og_site_name":"Portal MF","article_author":"https:\/\/www.facebook.com\/portalmfoficial","article_published_time":"2024-09-02T22:48:32+00:00","article_modified_time":"2024-09-02T22:48:33+00:00","og_image":[{"width":1280,"height":960,"url":"https:\/\/portalmf.com.br\/wp-content\/uploads\/2024\/09\/Maternidade-Regional-de-Camacari-da-boas-vindas-ao-bebe-de-numero-oito-mil.jpg","type":"image\/jpeg"}],"author":"Reda\u00e7\u00e3o Portal MF","twitter_card":"summary_large_image","twitter_creator":"@https:\/\/x.com\/portalmfoficial","twitter_misc":{"Escrito por":"Reda\u00e7\u00e3o Portal MF","Est. tempo de leitura":"3 minutos"},"schema":{"@context":"https:\/\/schema.org","@graph":[{"@type":"WebPage","@id":"https:\/\/portalmf.com.br\/index.php\/2024\/09\/02\/maternidade-regional-de-camacari-da-boas-vindas-ao-bebe-de-numero-oito-mil\/","url":"https:\/\/portalmf.com.br\/index.php\/2024\/09\/02\/maternidade-regional-de-camacari-da-boas-vindas-ao-bebe-de-numero-oito-mil\/","name":"Maternidade Regional de Cama\u00e7ari d\u00e1 boas-vindas ao beb\u00ea de n\u00famero oito mil - Portal MF","isPartOf":{"@id":"https:\/\/portalmf.com.br\/#website"},"primaryImageOfPage":{"@id":"https:\/\/portalmf.com.br\/index.php\/2024\/09\/02\/maternidade-regional-de-camacari-da-boas-vindas-ao-bebe-de-numero-oito-mil\/#primaryimage"},"image":{"@id":"https:\/\/portalmf.com.br\/index.php\/2024\/09\/02\/maternidade-regional-de-camacari-da-boas-vindas-ao-bebe-de-numero-oito-mil\/#primaryimage"},"thumbnailUrl":"https:\/\/portalmf.com.br\/wp-content\/uploads\/2024\/09\/Maternidade-Regional-de-Camacari-da-boas-vindas-ao-bebe-de-numero-oito-mil.jpg","datePublished":"2024-09-02T22:48:32+00:00","dateModified":"2024-09-02T22:48:33+00:00","author":{"@id":"https:\/\/portalmf.com.br\/#\/schema\/person\/9ec101baf56233e53520c26de5d6f6f0"},"breadcrumb":{"@id":"https:\/\/portalmf.com.br\/index.php\/2024\/09\/02\/maternidade-regional-de-camacari-da-boas-vindas-ao-bebe-de-numero-oito-mil\/#breadcrumb"},"inLanguage":"pt-BR","potentialAction":[{"@type":"ReadAction","target":["https:\/\/portalmf.com.br\/index.php\/2024\/09\/02\/maternidade-regional-de-camacari-da-boas-vindas-ao-bebe-de-numero-oito-mil\/"]}]},{"@type":"ImageObject","inLanguage":"pt-BR","@id":"https:\/\/portalmf.com.br\/index.php\/2024\/09\/02\/maternidade-regional-de-camacari-da-boas-vindas-ao-bebe-de-numero-oito-mil\/#primaryimage","url":"https:\/\/portalmf.com.br\/wp-content\/uploads\/2024\/09\/Maternidade-Regional-de-Camacari-da-boas-vindas-ao-bebe-de-numero-oito-mil.jpg","contentUrl":"https:\/\/portalmf.com.br\/wp-content\/uploads\/2024\/09\/Maternidade-Regional-de-Camacari-da-boas-vindas-ao-bebe-de-numero-oito-mil.jpg","width":1280,"height":960},{"@type":"BreadcrumbList","@id":"https:\/\/portalmf.com.br\/index.php\/2024\/09\/02\/maternidade-regional-de-camacari-da-boas-vindas-ao-bebe-de-numero-oito-mil\/#breadcrumb","itemListElement":[{"@type":"ListItem","position":1,"name":"In\u00edcio","item":"https:\/\/portalmf.com.br\/"},{"@type":"ListItem","position":2,"name":"Maternidade Regional de Cama\u00e7ari d\u00e1 boas-vindas ao beb\u00ea de n\u00famero oito mil"}]},{"@type":"WebSite","@id":"https:\/\/portalmf.com.br\/#website","url":"https:\/\/portalmf.com.br\/","name":"Portal MF","description":"Voc\u00ea conectado com a informa\u00e7\u00e3o","potentialAction":[{"@type":"SearchAction","target":{"@type":"EntryPoint","urlTemplate":"https:\/\/portalmf.com.br\/?s={search_term_string}"},"query-input":"required name=search_term_string"}],"inLanguage":"pt-BR"},{"@type":"Person","@id":"https:\/\/portalmf.com.br\/#\/schema\/person\/9ec101baf56233e53520c26de5d6f6f0","name":"Reda\u00e7\u00e3o Portal MF","image":{"@type":"ImageObject","inLanguage":"pt-BR","@id":"https:\/\/portalmf.com.br\/#\/schema\/person\/image\/","url":"https:\/\/secure.gravatar.com\/avatar\/41b9aaeb2100835f7c64362330f74c7f?s=96&d=mm&r=g","contentUrl":"https:\/\/secure.gravatar.com\/avatar\/41b9aaeb2100835f7c64362330f74c7f?s=96&d=mm&r=g","caption":"Reda\u00e7\u00e3o Portal MF"},"description":"Sejam bem-vindos o portal de informa\u00e7\u00f5es de entretenimento de Feira de Santana, desde 2006 realiza coberturas dos principais eventos com entrevistas exclusivas com as principais personalidades mundiais. Fique conectado tamb\u00e9m nas redes sociais.","sameAs":["http:\/\/www.portalmf.com.br\/","https:\/\/www.facebook.com\/portalmfoficial","https:\/\/www.instagram.com\/portalmf\/","https:\/\/x.com\/https:\/\/x.com\/portalmfoficial","https:\/\/www.youtube.com\/@portalmfoficial"],"url":"https:\/\/portalmf.com.br\/index.php\/author\/junior\/"}]}},"_links":{"self":[{"href":"https:\/\/portalmf.com.br\/index.php\/wp-json\/wp\/v2\/posts\/29357"}],"collection":[{"href":"https:\/\/portalmf.com.br\/index.php\/wp-json\/wp\/v2\/posts"}],"about":[{"href":"https:\/\/portalmf.com.br\/index.php\/wp-json\/wp\/v2\/types\/post"}],"author":[{"embeddable":true,"href":"https:\/\/portalmf.com.br\/index.php\/wp-json\/wp\/v2\/users\/3"}],"replies":[{"embeddable":true,"href":"https:\/\/portalmf.com.br\/index.php\/wp-json\/wp\/v2\/comments?post=29357"}],"version-history":[{"count":1,"href":"https:\/\/portalmf.com.br\/index.php\/wp-json\/wp\/v2\/posts\/29357\/revisions"}],"predecessor-version":[{"id":29359,"href":"https:\/\/portalmf.com.br\/index.php\/wp-json\/wp\/v2\/posts\/29357\/revisions\/29359"}],"wp:featuredmedia":[{"embeddable":true,"href":"https:\/\/portalmf.com.br\/index.php\/wp-json\/wp\/v2\/media\/29358"}],"wp:attachment":[{"href":"https:\/\/portalmf.com.br\/index.php\/wp-json\/wp\/v2\/media?parent=29357"}],"wp:term":[{"taxonomy":"category","embeddable":true,"href":"https:\/\/portalmf.com.br\/index.php\/wp-json\/wp\/v2\/categories?post=29357"},{"taxonomy":"post_tag","embeddable":true,"href":"https:\/\/portalmf.com.br\/index.php\/wp-json\/wp\/v2\/tags?post=29357"}],"curies":[{"name":"wp","href":"https:\/\/api.w.org\/{rel}","templated":true}]}}