{"id":29307,"date":"2024-08-30T16:49:01","date_gmt":"2024-08-30T19:49:01","guid":{"rendered":"https:\/\/portalmf.com.br\/?p=29307"},"modified":"2024-08-31T16:50:12","modified_gmt":"2024-08-31T19:50:12","slug":"horario-eleitoral-gratuito-comeca-no-radio-e-na-tv","status":"publish","type":"post","link":"https:\/\/portalmf.com.br\/index.php\/2024\/08\/30\/horario-eleitoral-gratuito-comeca-no-radio-e-na-tv\/","title":{"rendered":"Hor\u00e1rio eleitoral gratuito come\u00e7a no r\u00e1dio e na TV"},"content":{"rendered":"\n<p>Come\u00e7a nesta sexta-feira (30) e se estende at\u00e9 3 de outubro o hor\u00e1rio eleitoral gratuito nas emissoras de r\u00e1dio e de televis\u00e3o relativo ao 1\u00ba turno das Elei\u00e7\u00f5es Municipais de 2024. Candidatas e candidatos aos cargos de prefeito e vereador devem utilizar esse espa\u00e7o de propaganda para informar \u00e0 eleitora e ao eleitor as ideias e propostas para as suas cidades.&nbsp;<\/p>\n\n\n\n<p>A\u202fResolu\u00e7\u00e3o do&nbsp;<a href=\"https:\/\/www.tse.jus.br\/legislacao\/compilada\/res\/2019\/resolucao-no-23-610-de-18-de-dezembro-de-2019\">Tribunal Superior Eleitoral (TSE) n\u00ba 23.610\/2019<\/a>&nbsp;define as regras de veicula\u00e7\u00e3o nas emissoras de r\u00e1dio, inclusive nas comunit\u00e1rias, e de televis\u00e3o que operam em VHF e UHF, bem como nos canais de TV por assinatura sob a responsabilidade do Senado Federal, da C\u00e2mara dos Deputados, das assembleias legislativas, da C\u00e2mara Legislativa do Distrito Federal ou das c\u00e2maras municipais.&nbsp;<\/p>\n\n\n\n<p>De acordo com a&nbsp;<a href=\"https:\/\/www.tse.jus.br\/legislacao\/codigo-eleitoral\/lei-das-eleicoes\/lei-das-eleicoes-lei-nb0-9.504-de-30-de-setembro-de-1997\">Lei das Elei\u00e7\u00f5es<\/a>, o hor\u00e1rio eleitoral gratuito \u00e9 assim denominado por n\u00e3o trazer \u00f4nus aos partidos pol\u00edticos, \u00e0s coliga\u00e7\u00f5es, \u00e0s candidatas e aos candidatos.&nbsp;<\/p>\n\n\n\n<h3 class=\"wp-block-heading\" id=\"titulo-0\">Veicula\u00e7\u00e3o&nbsp;<\/h3>\n\n\n\n<p>Segundo a resolu\u00e7\u00e3o do TSE, nos 35 dias anteriores \u00e0 antev\u00e9spera do 1\u00ba turno, as emissoras de r\u00e1dio e TV devem veicular a propaganda eleitoral gratuita, em rede, observado o hor\u00e1rio de&nbsp;Bras\u00edlia. Nas elei\u00e7\u00f5es para o cargo de prefeito, a transmiss\u00e3o se dar\u00e1 de segunda a s\u00e1bado, nos seguintes hor\u00e1rios:&nbsp;<\/p>\n\n\n\n<ul>\n<li>R\u00e1dio \u2013&nbsp;das 7h \u00e0s 7h10&nbsp;e das 12h \u00e0s 12h10&nbsp;<\/li>\n\n\n\n<li>TV \u2013&nbsp;das 13h \u00e0s 13h10 e das 20h30 \u00e0s 20h40&nbsp;<\/li>\n<\/ul>\n\n\n\n<p>Al\u00e9m disso, no mesmo per\u00edodo reservado \u00e0 propaganda em rede, as emissoras&nbsp;reservar\u00e3o, de segunda-feira a domingo, 70 minutos di\u00e1rios para a propaganda eleitoral gratuita em inser\u00e7\u00f5es de 30 e 60 segundos, a crit\u00e9rio do respectivo partido, da federa\u00e7\u00e3o ou da coliga\u00e7\u00e3o, distribu\u00eddas ao longo da programa\u00e7\u00e3o transmitida entre 5h e 0h.&nbsp;<\/p>\n\n\n\n<p>A veicula\u00e7\u00e3o das inser\u00e7\u00f5es dever\u00e1 observar&nbsp;crit\u00e9rios de proporcionalidade. Nas elei\u00e7\u00f5es municipais, a distribui\u00e7\u00e3o levar\u00e1 em conta os seguintes blocos de&nbsp;audi\u00eancia:&nbsp;<\/p>\n\n\n\n<ul>\n<li>Entre 5h&nbsp;e 11h&nbsp;<\/li>\n\n\n\n<li>Entre 11h e&nbsp;18h&nbsp;<\/li>\n\n\n\n<li>Entre 18h e 0h&nbsp;<\/li>\n<\/ul>\n\n\n\n<p>Para o cargo de prefeito, o&nbsp;tempo ser\u00e1 dividido na propor\u00e7\u00e3o de 60% e, para o cargo de vereador, de 40%, sendo que a distribui\u00e7\u00e3o das inser\u00e7\u00f5es na grade de programa\u00e7\u00e3o dever\u00e1 ser feita de modo uniforme e com espa\u00e7amento equilibrado.&nbsp;&nbsp;<\/p>\n\n\n\n<p>E aten\u00e7\u00e3o: n\u00e3o ser\u00e1 permitida a veicula\u00e7\u00e3o de grava\u00e7\u00f5es id\u00eanticas no mesmo intervalo de programa\u00e7\u00e3o, exceto se o n\u00famero de inser\u00e7\u00f5es de que dispuser o partido ou a federa\u00e7\u00e3o\u202fexceder os intervalos dispon\u00edveis ou se o material apresentado impossibilitar a divulga\u00e7\u00e3o.&nbsp;&nbsp;<\/p>\n","protected":false},"excerpt":{"rendered":"<p>Come\u00e7a nesta sexta-feira (30) e se estende at\u00e9 3 de outubro o hor\u00e1rio eleitoral gratuito nas emissoras de r\u00e1dio e de televis\u00e3o relativo ao 1\u00ba turno das Elei\u00e7\u00f5es Municipais de 2024. Candidatas e candidatos aos cargos de prefeito e vereador devem utilizar esse espa\u00e7o de propaganda para informar \u00e0 eleitora e ao eleitor as ideias [&hellip;]<\/p>\n","protected":false},"author":3,"featured_media":3044,"comment_status":"open","ping_status":"open","sticky":false,"template":"","format":"standard","meta":{"_monsterinsights_skip_tracking":false,"_monsterinsights_sitenote_active":false,"_monsterinsights_sitenote_note":"","_monsterinsights_sitenote_category":0,"footnotes":""},"categories":[301,34],"tags":[],"yoast_head":"<!-- This site is optimized with the Yoast SEO plugin v22.9 - https:\/\/yoast.com\/wordpress\/plugins\/seo\/ -->\n<title>Hor\u00e1rio eleitoral gratuito come\u00e7a no r\u00e1dio e na TV - Portal MF<\/title>\n<meta name=\"robots\" content=\"index, follow, max-snippet:-1, max-image-preview:large, max-video-preview:-1\" \/>\n<link rel=\"canonical\" href=\"https:\/\/portalmf.com.br\/index.php\/2024\/08\/30\/horario-eleitoral-gratuito-comeca-no-radio-e-na-tv\/\" \/>\n<meta property=\"og:locale\" content=\"pt_BR\" \/>\n<meta property=\"og:type\" content=\"article\" \/>\n<meta property=\"og:title\" content=\"Hor\u00e1rio eleitoral gratuito come\u00e7a no r\u00e1dio e na TV - Portal MF\" \/>\n<meta property=\"og:description\" content=\"Come\u00e7a nesta sexta-feira (30) e se estende at\u00e9 3 de outubro o hor\u00e1rio eleitoral gratuito nas emissoras de r\u00e1dio e de televis\u00e3o relativo ao 1\u00ba turno das Elei\u00e7\u00f5es Municipais de 2024. Candidatas e candidatos aos cargos de prefeito e vereador devem utilizar esse espa\u00e7o de propaganda para informar \u00e0 eleitora e ao eleitor as ideias [&hellip;]\" \/>\n<meta property=\"og:url\" content=\"https:\/\/portalmf.com.br\/index.php\/2024\/08\/30\/horario-eleitoral-gratuito-comeca-no-radio-e-na-tv\/\" \/>\n<meta property=\"og:site_name\" content=\"Portal MF\" \/>\n<meta property=\"article:author\" content=\"https:\/\/www.facebook.com\/portalmfoficial\" \/>\n<meta property=\"article:published_time\" content=\"2024-08-30T19:49:01+00:00\" \/>\n<meta property=\"article:modified_time\" content=\"2024-08-31T19:50:12+00:00\" \/>\n<meta property=\"og:image\" content=\"https:\/\/portalmf.com.br\/wp-content\/uploads\/2022\/08\/51744870269_7f6b655a3d_o.jpg\" \/>\n\t<meta property=\"og:image:width\" content=\"1170\" \/>\n\t<meta property=\"og:image:height\" content=\"700\" \/>\n\t<meta property=\"og:image:type\" content=\"image\/jpeg\" \/>\n<meta name=\"author\" content=\"Reda\u00e7\u00e3o Portal MF\" \/>\n<meta name=\"twitter:card\" content=\"summary_large_image\" \/>\n<meta name=\"twitter:creator\" content=\"@https:\/\/x.com\/portalmfoficial\" \/>\n<meta name=\"twitter:label1\" content=\"Escrito por\" \/>\n\t<meta name=\"twitter:data1\" content=\"Reda\u00e7\u00e3o Portal MF\" \/>\n\t<meta name=\"twitter:label2\" content=\"Est. tempo de leitura\" \/>\n\t<meta name=\"twitter:data2\" content=\"3 minutos\" \/>\n<script type=\"application\/ld+json\" class=\"yoast-schema-graph\">{\"@context\":\"https:\/\/schema.org\",\"@graph\":[{\"@type\":\"WebPage\",\"@id\":\"https:\/\/portalmf.com.br\/index.php\/2024\/08\/30\/horario-eleitoral-gratuito-comeca-no-radio-e-na-tv\/\",\"url\":\"https:\/\/portalmf.com.br\/index.php\/2024\/08\/30\/horario-eleitoral-gratuito-comeca-no-radio-e-na-tv\/\",\"name\":\"Hor\u00e1rio eleitoral gratuito come\u00e7a no r\u00e1dio e na TV - Portal MF\",\"isPartOf\":{\"@id\":\"https:\/\/portalmf.com.br\/#website\"},\"primaryImageOfPage\":{\"@id\":\"https:\/\/portalmf.com.br\/index.php\/2024\/08\/30\/horario-eleitoral-gratuito-comeca-no-radio-e-na-tv\/#primaryimage\"},\"image\":{\"@id\":\"https:\/\/portalmf.com.br\/index.php\/2024\/08\/30\/horario-eleitoral-gratuito-comeca-no-radio-e-na-tv\/#primaryimage\"},\"thumbnailUrl\":\"https:\/\/portalmf.com.br\/wp-content\/uploads\/2022\/08\/51744870269_7f6b655a3d_o.jpg\",\"datePublished\":\"2024-08-30T19:49:01+00:00\",\"dateModified\":\"2024-08-31T19:50:12+00:00\",\"author\":{\"@id\":\"https:\/\/portalmf.com.br\/#\/schema\/person\/9ec101baf56233e53520c26de5d6f6f0\"},\"breadcrumb\":{\"@id\":\"https:\/\/portalmf.com.br\/index.php\/2024\/08\/30\/horario-eleitoral-gratuito-comeca-no-radio-e-na-tv\/#breadcrumb\"},\"inLanguage\":\"pt-BR\",\"potentialAction\":[{\"@type\":\"ReadAction\",\"target\":[\"https:\/\/portalmf.com.br\/index.php\/2024\/08\/30\/horario-eleitoral-gratuito-comeca-no-radio-e-na-tv\/\"]}]},{\"@type\":\"ImageObject\",\"inLanguage\":\"pt-BR\",\"@id\":\"https:\/\/portalmf.com.br\/index.php\/2024\/08\/30\/horario-eleitoral-gratuito-comeca-no-radio-e-na-tv\/#primaryimage\",\"url\":\"https:\/\/portalmf.com.br\/wp-content\/uploads\/2022\/08\/51744870269_7f6b655a3d_o.jpg\",\"contentUrl\":\"https:\/\/portalmf.com.br\/wp-content\/uploads\/2022\/08\/51744870269_7f6b655a3d_o.jpg\",\"width\":1170,\"height\":700},{\"@type\":\"BreadcrumbList\",\"@id\":\"https:\/\/portalmf.com.br\/index.php\/2024\/08\/30\/horario-eleitoral-gratuito-comeca-no-radio-e-na-tv\/#breadcrumb\",\"itemListElement\":[{\"@type\":\"ListItem\",\"position\":1,\"name\":\"In\u00edcio\",\"item\":\"https:\/\/portalmf.com.br\/\"},{\"@type\":\"ListItem\",\"position\":2,\"name\":\"Hor\u00e1rio eleitoral gratuito come\u00e7a no r\u00e1dio e na TV\"}]},{\"@type\":\"WebSite\",\"@id\":\"https:\/\/portalmf.com.br\/#website\",\"url\":\"https:\/\/portalmf.com.br\/\",\"name\":\"Portal MF\",\"description\":\"Voc\u00ea conectado com a informa\u00e7\u00e3o\",\"potentialAction\":[{\"@type\":\"SearchAction\",\"target\":{\"@type\":\"EntryPoint\",\"urlTemplate\":\"https:\/\/portalmf.com.br\/?s={search_term_string}\"},\"query-input\":\"required name=search_term_string\"}],\"inLanguage\":\"pt-BR\"},{\"@type\":\"Person\",\"@id\":\"https:\/\/portalmf.com.br\/#\/schema\/person\/9ec101baf56233e53520c26de5d6f6f0\",\"name\":\"Reda\u00e7\u00e3o Portal MF\",\"image\":{\"@type\":\"ImageObject\",\"inLanguage\":\"pt-BR\",\"@id\":\"https:\/\/portalmf.com.br\/#\/schema\/person\/image\/\",\"url\":\"https:\/\/secure.gravatar.com\/avatar\/41b9aaeb2100835f7c64362330f74c7f?s=96&d=mm&r=g\",\"contentUrl\":\"https:\/\/secure.gravatar.com\/avatar\/41b9aaeb2100835f7c64362330f74c7f?s=96&d=mm&r=g\",\"caption\":\"Reda\u00e7\u00e3o Portal MF\"},\"description\":\"Sejam bem-vindos o portal de informa\u00e7\u00f5es de entretenimento de Feira de Santana, desde 2006 realiza coberturas dos principais eventos com entrevistas exclusivas com as principais personalidades mundiais. Fique conectado tamb\u00e9m nas redes sociais.\",\"sameAs\":[\"http:\/\/www.portalmf.com.br\/\",\"https:\/\/www.facebook.com\/portalmfoficial\",\"https:\/\/www.instagram.com\/portalmf\/\",\"https:\/\/x.com\/https:\/\/x.com\/portalmfoficial\",\"https:\/\/www.youtube.com\/@portalmfoficial\"],\"url\":\"https:\/\/portalmf.com.br\/index.php\/author\/junior\/\"}]}<\/script>\n<!-- \/ Yoast SEO plugin. -->","yoast_head_json":{"title":"Hor\u00e1rio eleitoral gratuito come\u00e7a no r\u00e1dio e na TV - Portal MF","robots":{"index":"index","follow":"follow","max-snippet":"max-snippet:-1","max-image-preview":"max-image-preview:large","max-video-preview":"max-video-preview:-1"},"canonical":"https:\/\/portalmf.com.br\/index.php\/2024\/08\/30\/horario-eleitoral-gratuito-comeca-no-radio-e-na-tv\/","og_locale":"pt_BR","og_type":"article","og_title":"Hor\u00e1rio eleitoral gratuito come\u00e7a no r\u00e1dio e na TV - Portal MF","og_description":"Come\u00e7a nesta sexta-feira (30) e se estende at\u00e9 3 de outubro o hor\u00e1rio eleitoral gratuito nas emissoras de r\u00e1dio e de televis\u00e3o relativo ao 1\u00ba turno das Elei\u00e7\u00f5es Municipais de 2024. Candidatas e candidatos aos cargos de prefeito e vereador devem utilizar esse espa\u00e7o de propaganda para informar \u00e0 eleitora e ao eleitor as ideias [&hellip;]","og_url":"https:\/\/portalmf.com.br\/index.php\/2024\/08\/30\/horario-eleitoral-gratuito-comeca-no-radio-e-na-tv\/","og_site_name":"Portal MF","article_author":"https:\/\/www.facebook.com\/portalmfoficial","article_published_time":"2024-08-30T19:49:01+00:00","article_modified_time":"2024-08-31T19:50:12+00:00","og_image":[{"width":1170,"height":700,"url":"https:\/\/portalmf.com.br\/wp-content\/uploads\/2022\/08\/51744870269_7f6b655a3d_o.jpg","type":"image\/jpeg"}],"author":"Reda\u00e7\u00e3o Portal MF","twitter_card":"summary_large_image","twitter_creator":"@https:\/\/x.com\/portalmfoficial","twitter_misc":{"Escrito por":"Reda\u00e7\u00e3o Portal MF","Est. tempo de leitura":"3 minutos"},"schema":{"@context":"https:\/\/schema.org","@graph":[{"@type":"WebPage","@id":"https:\/\/portalmf.com.br\/index.php\/2024\/08\/30\/horario-eleitoral-gratuito-comeca-no-radio-e-na-tv\/","url":"https:\/\/portalmf.com.br\/index.php\/2024\/08\/30\/horario-eleitoral-gratuito-comeca-no-radio-e-na-tv\/","name":"Hor\u00e1rio eleitoral gratuito come\u00e7a no r\u00e1dio e na TV - Portal MF","isPartOf":{"@id":"https:\/\/portalmf.com.br\/#website"},"primaryImageOfPage":{"@id":"https:\/\/portalmf.com.br\/index.php\/2024\/08\/30\/horario-eleitoral-gratuito-comeca-no-radio-e-na-tv\/#primaryimage"},"image":{"@id":"https:\/\/portalmf.com.br\/index.php\/2024\/08\/30\/horario-eleitoral-gratuito-comeca-no-radio-e-na-tv\/#primaryimage"},"thumbnailUrl":"https:\/\/portalmf.com.br\/wp-content\/uploads\/2022\/08\/51744870269_7f6b655a3d_o.jpg","datePublished":"2024-08-30T19:49:01+00:00","dateModified":"2024-08-31T19:50:12+00:00","author":{"@id":"https:\/\/portalmf.com.br\/#\/schema\/person\/9ec101baf56233e53520c26de5d6f6f0"},"breadcrumb":{"@id":"https:\/\/portalmf.com.br\/index.php\/2024\/08\/30\/horario-eleitoral-gratuito-comeca-no-radio-e-na-tv\/#breadcrumb"},"inLanguage":"pt-BR","potentialAction":[{"@type":"ReadAction","target":["https:\/\/portalmf.com.br\/index.php\/2024\/08\/30\/horario-eleitoral-gratuito-comeca-no-radio-e-na-tv\/"]}]},{"@type":"ImageObject","inLanguage":"pt-BR","@id":"https:\/\/portalmf.com.br\/index.php\/2024\/08\/30\/horario-eleitoral-gratuito-comeca-no-radio-e-na-tv\/#primaryimage","url":"https:\/\/portalmf.com.br\/wp-content\/uploads\/2022\/08\/51744870269_7f6b655a3d_o.jpg","contentUrl":"https:\/\/portalmf.com.br\/wp-content\/uploads\/2022\/08\/51744870269_7f6b655a3d_o.jpg","width":1170,"height":700},{"@type":"BreadcrumbList","@id":"https:\/\/portalmf.com.br\/index.php\/2024\/08\/30\/horario-eleitoral-gratuito-comeca-no-radio-e-na-tv\/#breadcrumb","itemListElement":[{"@type":"ListItem","position":1,"name":"In\u00edcio","item":"https:\/\/portalmf.com.br\/"},{"@type":"ListItem","position":2,"name":"Hor\u00e1rio eleitoral gratuito come\u00e7a no r\u00e1dio e na TV"}]},{"@type":"WebSite","@id":"https:\/\/portalmf.com.br\/#website","url":"https:\/\/portalmf.com.br\/","name":"Portal MF","description":"Voc\u00ea conectado com a informa\u00e7\u00e3o","potentialAction":[{"@type":"SearchAction","target":{"@type":"EntryPoint","urlTemplate":"https:\/\/portalmf.com.br\/?s={search_term_string}"},"query-input":"required name=search_term_string"}],"inLanguage":"pt-BR"},{"@type":"Person","@id":"https:\/\/portalmf.com.br\/#\/schema\/person\/9ec101baf56233e53520c26de5d6f6f0","name":"Reda\u00e7\u00e3o Portal MF","image":{"@type":"ImageObject","inLanguage":"pt-BR","@id":"https:\/\/portalmf.com.br\/#\/schema\/person\/image\/","url":"https:\/\/secure.gravatar.com\/avatar\/41b9aaeb2100835f7c64362330f74c7f?s=96&d=mm&r=g","contentUrl":"https:\/\/secure.gravatar.com\/avatar\/41b9aaeb2100835f7c64362330f74c7f?s=96&d=mm&r=g","caption":"Reda\u00e7\u00e3o Portal MF"},"description":"Sejam bem-vindos o portal de informa\u00e7\u00f5es de entretenimento de Feira de Santana, desde 2006 realiza coberturas dos principais eventos com entrevistas exclusivas com as principais personalidades mundiais. Fique conectado tamb\u00e9m nas redes sociais.","sameAs":["http:\/\/www.portalmf.com.br\/","https:\/\/www.facebook.com\/portalmfoficial","https:\/\/www.instagram.com\/portalmf\/","https:\/\/x.com\/https:\/\/x.com\/portalmfoficial","https:\/\/www.youtube.com\/@portalmfoficial"],"url":"https:\/\/portalmf.com.br\/index.php\/author\/junior\/"}]}},"_links":{"self":[{"href":"https:\/\/portalmf.com.br\/index.php\/wp-json\/wp\/v2\/posts\/29307"}],"collection":[{"href":"https:\/\/portalmf.com.br\/index.php\/wp-json\/wp\/v2\/posts"}],"about":[{"href":"https:\/\/portalmf.com.br\/index.php\/wp-json\/wp\/v2\/types\/post"}],"author":[{"embeddable":true,"href":"https:\/\/portalmf.com.br\/index.php\/wp-json\/wp\/v2\/users\/3"}],"replies":[{"embeddable":true,"href":"https:\/\/portalmf.com.br\/index.php\/wp-json\/wp\/v2\/comments?post=29307"}],"version-history":[{"count":1,"href":"https:\/\/portalmf.com.br\/index.php\/wp-json\/wp\/v2\/posts\/29307\/revisions"}],"predecessor-version":[{"id":29308,"href":"https:\/\/portalmf.com.br\/index.php\/wp-json\/wp\/v2\/posts\/29307\/revisions\/29308"}],"wp:featuredmedia":[{"embeddable":true,"href":"https:\/\/portalmf.com.br\/index.php\/wp-json\/wp\/v2\/media\/3044"}],"wp:attachment":[{"href":"https:\/\/portalmf.com.br\/index.php\/wp-json\/wp\/v2\/media?parent=29307"}],"wp:term":[{"taxonomy":"category","embeddable":true,"href":"https:\/\/portalmf.com.br\/index.php\/wp-json\/wp\/v2\/categories?post=29307"},{"taxonomy":"post_tag","embeddable":true,"href":"https:\/\/portalmf.com.br\/index.php\/wp-json\/wp\/v2\/tags?post=29307"}],"curies":[{"name":"wp","href":"https:\/\/api.w.org\/{rel}","templated":true}]}}