{"id":2929,"date":"2022-08-11T19:58:33","date_gmt":"2022-08-11T22:58:33","guid":{"rendered":"http:\/\/portalmf.com.br\/?p=2929"},"modified":"2022-08-11T20:02:37","modified_gmt":"2022-08-11T23:02:37","slug":"uso-de-mascara-volta-a-ser-obrigatorio-em-ambientes-fechados-em-feira-de-santana","status":"publish","type":"post","link":"https:\/\/portalmf.com.br\/index.php\/2022\/08\/11\/uso-de-mascara-volta-a-ser-obrigatorio-em-ambientes-fechados-em-feira-de-santana\/","title":{"rendered":"Uso de m\u00e1scara volta a ser obrigat\u00f3rio em ambientes fechados em Feira de Santana"},"content":{"rendered":"\n<p>O uso de m\u00e1scara voltou a ser obrigat\u00f3rio em ambientes fechados e no transporte p\u00fablico em Feira de Santana. O decreto ser\u00e1 publicado em edi\u00e7\u00e3o do Di\u00e1rio Oficial Eletr\u00f4nico nesta sexta-feira, 12.<\/p>\n\n\n\n<p>A medida pretende reduzir os riscos de transmiss\u00e3o da var\u00edola dos macacos (Monkeypox). Ainda conforme a publica\u00e7\u00e3o, \u00e9 recomendada a higieniza\u00e7\u00e3o dos ambientes, disponibilidade de \u00e1lcool gel e distanciamento social.<\/p>\n\n\n\n<p>A transmiss\u00e3o da var\u00edola dos macacos ocorre por meio de contato direto com a pessoa contaminada &#8211; espirros, tosse, flu\u00eddos durante o ato sexual e suor. A contamina\u00e7\u00e3o tamb\u00e9m se d\u00e1 atrav\u00e9s das fezes, al\u00e9m de talheres e pratos compartilhados.<\/p>\n\n\n\n<p>Erup\u00e7\u00f5es na pele (que tamb\u00e9m podem aparecer na regi\u00e3o genital e anal), incha\u00e7o nos g\u00e2nglios, dor de cabe\u00e7a, febre intensa e dores no corpo s\u00e3o alguns dos sintomas. No munic\u00edpio, o primeiro caso foi registrado em um jovem de 29 anos na \u00faltima quarta-feira, 10.<\/p>\n\n\n\n<p>CCom informa\u00e7\u00f5es da Secom<\/p>\n","protected":false},"excerpt":{"rendered":"<p>O uso de m\u00e1scara voltou a ser obrigat\u00f3rio em ambientes fechados e no transporte p\u00fablico em Feira de Santana. O decreto ser\u00e1 publicado em edi\u00e7\u00e3o do Di\u00e1rio Oficial Eletr\u00f4nico nesta sexta-feira, 12. A medida pretende reduzir os riscos de transmiss\u00e3o da var\u00edola dos macacos (Monkeypox). Ainda conforme a publica\u00e7\u00e3o, \u00e9 recomendada a higieniza\u00e7\u00e3o dos ambientes, [&hellip;]<\/p>\n","protected":false},"author":2,"featured_media":2931,"comment_status":"open","ping_status":"open","sticky":false,"template":"","format":"standard","meta":{"_monsterinsights_skip_tracking":false,"_monsterinsights_sitenote_active":false,"_monsterinsights_sitenote_note":"","_monsterinsights_sitenote_category":0,"footnotes":""},"categories":[47,34],"tags":[],"yoast_head":"<!-- This site is optimized with the Yoast SEO plugin v22.9 - https:\/\/yoast.com\/wordpress\/plugins\/seo\/ -->\n<title>Uso de m\u00e1scara volta a ser obrigat\u00f3rio em ambientes fechados em Feira de Santana - Portal MF<\/title>\n<meta name=\"robots\" content=\"index, follow, max-snippet:-1, max-image-preview:large, max-video-preview:-1\" \/>\n<link rel=\"canonical\" href=\"https:\/\/portalmf.com.br\/index.php\/2022\/08\/11\/uso-de-mascara-volta-a-ser-obrigatorio-em-ambientes-fechados-em-feira-de-santana\/\" \/>\n<meta property=\"og:locale\" content=\"pt_BR\" \/>\n<meta property=\"og:type\" content=\"article\" \/>\n<meta property=\"og:title\" content=\"Uso de m\u00e1scara volta a ser obrigat\u00f3rio em ambientes fechados em Feira de Santana - Portal MF\" \/>\n<meta property=\"og:description\" content=\"O uso de m\u00e1scara voltou a ser obrigat\u00f3rio em ambientes fechados e no transporte p\u00fablico em Feira de Santana. O decreto ser\u00e1 publicado em edi\u00e7\u00e3o do Di\u00e1rio Oficial Eletr\u00f4nico nesta sexta-feira, 12. A medida pretende reduzir os riscos de transmiss\u00e3o da var\u00edola dos macacos (Monkeypox). Ainda conforme a publica\u00e7\u00e3o, \u00e9 recomendada a higieniza\u00e7\u00e3o dos ambientes, [&hellip;]\" \/>\n<meta property=\"og:url\" content=\"https:\/\/portalmf.com.br\/index.php\/2022\/08\/11\/uso-de-mascara-volta-a-ser-obrigatorio-em-ambientes-fechados-em-feira-de-santana\/\" \/>\n<meta property=\"og:site_name\" content=\"Portal MF\" \/>\n<meta property=\"article:author\" content=\"reginaldojrfsa\" \/>\n<meta property=\"article:published_time\" content=\"2022-08-11T22:58:33+00:00\" \/>\n<meta property=\"article:modified_time\" content=\"2022-08-11T23:02:37+00:00\" \/>\n<meta property=\"og:image\" content=\"https:\/\/portalmf.com.br\/wp-content\/uploads\/2022\/08\/Uso-de-Mascara-no-Combate-ao-Covid-GALERIA-foto-Jorge-Magalhaes-21.jpeg\" \/>\n\t<meta property=\"og:image:width\" content=\"1299\" \/>\n\t<meta property=\"og:image:height\" content=\"748\" \/>\n\t<meta property=\"og:image:type\" content=\"image\/jpeg\" \/>\n<meta name=\"author\" content=\"Reginaldo J\u00fanior\" \/>\n<meta name=\"twitter:card\" content=\"summary_large_image\" \/>\n<meta name=\"twitter:creator\" content=\"@reginaldojrmf\" \/>\n<meta name=\"twitter:label1\" content=\"Escrito por\" \/>\n\t<meta name=\"twitter:data1\" content=\"Reginaldo J\u00fanior\" \/>\n\t<meta name=\"twitter:label2\" content=\"Est. tempo de leitura\" \/>\n\t<meta name=\"twitter:data2\" content=\"1 minuto\" \/>\n<script type=\"application\/ld+json\" class=\"yoast-schema-graph\">{\"@context\":\"https:\/\/schema.org\",\"@graph\":[{\"@type\":\"WebPage\",\"@id\":\"https:\/\/portalmf.com.br\/index.php\/2022\/08\/11\/uso-de-mascara-volta-a-ser-obrigatorio-em-ambientes-fechados-em-feira-de-santana\/\",\"url\":\"https:\/\/portalmf.com.br\/index.php\/2022\/08\/11\/uso-de-mascara-volta-a-ser-obrigatorio-em-ambientes-fechados-em-feira-de-santana\/\",\"name\":\"Uso de m\u00e1scara volta a ser obrigat\u00f3rio em ambientes fechados em Feira de Santana - Portal MF\",\"isPartOf\":{\"@id\":\"https:\/\/portalmf.com.br\/#website\"},\"primaryImageOfPage\":{\"@id\":\"https:\/\/portalmf.com.br\/index.php\/2022\/08\/11\/uso-de-mascara-volta-a-ser-obrigatorio-em-ambientes-fechados-em-feira-de-santana\/#primaryimage\"},\"image\":{\"@id\":\"https:\/\/portalmf.com.br\/index.php\/2022\/08\/11\/uso-de-mascara-volta-a-ser-obrigatorio-em-ambientes-fechados-em-feira-de-santana\/#primaryimage\"},\"thumbnailUrl\":\"https:\/\/portalmf.com.br\/wp-content\/uploads\/2022\/08\/Uso-de-Mascara-no-Combate-ao-Covid-GALERIA-foto-Jorge-Magalhaes-21.jpeg\",\"datePublished\":\"2022-08-11T22:58:33+00:00\",\"dateModified\":\"2022-08-11T23:02:37+00:00\",\"author\":{\"@id\":\"https:\/\/portalmf.com.br\/#\/schema\/person\/11c82086fe8abc05a19147e964587285\"},\"breadcrumb\":{\"@id\":\"https:\/\/portalmf.com.br\/index.php\/2022\/08\/11\/uso-de-mascara-volta-a-ser-obrigatorio-em-ambientes-fechados-em-feira-de-santana\/#breadcrumb\"},\"inLanguage\":\"pt-BR\",\"potentialAction\":[{\"@type\":\"ReadAction\",\"target\":[\"https:\/\/portalmf.com.br\/index.php\/2022\/08\/11\/uso-de-mascara-volta-a-ser-obrigatorio-em-ambientes-fechados-em-feira-de-santana\/\"]}]},{\"@type\":\"ImageObject\",\"inLanguage\":\"pt-BR\",\"@id\":\"https:\/\/portalmf.com.br\/index.php\/2022\/08\/11\/uso-de-mascara-volta-a-ser-obrigatorio-em-ambientes-fechados-em-feira-de-santana\/#primaryimage\",\"url\":\"https:\/\/portalmf.com.br\/wp-content\/uploads\/2022\/08\/Uso-de-Mascara-no-Combate-ao-Covid-GALERIA-foto-Jorge-Magalhaes-21.jpeg\",\"contentUrl\":\"https:\/\/portalmf.com.br\/wp-content\/uploads\/2022\/08\/Uso-de-Mascara-no-Combate-ao-Covid-GALERIA-foto-Jorge-Magalhaes-21.jpeg\",\"width\":1299,\"height\":748,\"caption\":\"Foto: Jorge Magalh\u00e3es\"},{\"@type\":\"BreadcrumbList\",\"@id\":\"https:\/\/portalmf.com.br\/index.php\/2022\/08\/11\/uso-de-mascara-volta-a-ser-obrigatorio-em-ambientes-fechados-em-feira-de-santana\/#breadcrumb\",\"itemListElement\":[{\"@type\":\"ListItem\",\"position\":1,\"name\":\"In\u00edcio\",\"item\":\"https:\/\/portalmf.com.br\/\"},{\"@type\":\"ListItem\",\"position\":2,\"name\":\"Uso de m\u00e1scara volta a ser obrigat\u00f3rio em ambientes fechados em Feira de Santana\"}]},{\"@type\":\"WebSite\",\"@id\":\"https:\/\/portalmf.com.br\/#website\",\"url\":\"https:\/\/portalmf.com.br\/\",\"name\":\"Portal MF\",\"description\":\"Voc\u00ea conectado com a informa\u00e7\u00e3o\",\"potentialAction\":[{\"@type\":\"SearchAction\",\"target\":{\"@type\":\"EntryPoint\",\"urlTemplate\":\"https:\/\/portalmf.com.br\/?s={search_term_string}\"},\"query-input\":\"required name=search_term_string\"}],\"inLanguage\":\"pt-BR\"},{\"@type\":\"Person\",\"@id\":\"https:\/\/portalmf.com.br\/#\/schema\/person\/11c82086fe8abc05a19147e964587285\",\"name\":\"Reginaldo J\u00fanior\",\"image\":{\"@type\":\"ImageObject\",\"inLanguage\":\"pt-BR\",\"@id\":\"https:\/\/portalmf.com.br\/#\/schema\/person\/image\/\",\"url\":\"https:\/\/secure.gravatar.com\/avatar\/32a3c797cd0ac47cc53b8644c62776f9?s=96&d=mm&r=g\",\"contentUrl\":\"https:\/\/secure.gravatar.com\/avatar\/32a3c797cd0ac47cc53b8644c62776f9?s=96&d=mm&r=g\",\"caption\":\"Reginaldo J\u00fanior\"},\"description\":\"Jornalista e idealizador Portal MF\",\"sameAs\":[\"https:\/\/portalmf.com.br\/index.php\/author\/reginaldojr\/\",\"reginaldojrfsa\",\"reginaldojuniormf\",\"https:\/\/x.com\/reginaldojrmf\"],\"url\":\"https:\/\/portalmf.com.br\/index.php\/author\/reginaldojr\/\"}]}<\/script>\n<!-- \/ Yoast SEO plugin. -->","yoast_head_json":{"title":"Uso de m\u00e1scara volta a ser obrigat\u00f3rio em ambientes fechados em Feira de Santana - Portal MF","robots":{"index":"index","follow":"follow","max-snippet":"max-snippet:-1","max-image-preview":"max-image-preview:large","max-video-preview":"max-video-preview:-1"},"canonical":"https:\/\/portalmf.com.br\/index.php\/2022\/08\/11\/uso-de-mascara-volta-a-ser-obrigatorio-em-ambientes-fechados-em-feira-de-santana\/","og_locale":"pt_BR","og_type":"article","og_title":"Uso de m\u00e1scara volta a ser obrigat\u00f3rio em ambientes fechados em Feira de Santana - Portal MF","og_description":"O uso de m\u00e1scara voltou a ser obrigat\u00f3rio em ambientes fechados e no transporte p\u00fablico em Feira de Santana. O decreto ser\u00e1 publicado em edi\u00e7\u00e3o do Di\u00e1rio Oficial Eletr\u00f4nico nesta sexta-feira, 12. A medida pretende reduzir os riscos de transmiss\u00e3o da var\u00edola dos macacos (Monkeypox). Ainda conforme a publica\u00e7\u00e3o, \u00e9 recomendada a higieniza\u00e7\u00e3o dos ambientes, [&hellip;]","og_url":"https:\/\/portalmf.com.br\/index.php\/2022\/08\/11\/uso-de-mascara-volta-a-ser-obrigatorio-em-ambientes-fechados-em-feira-de-santana\/","og_site_name":"Portal MF","article_author":"reginaldojrfsa","article_published_time":"2022-08-11T22:58:33+00:00","article_modified_time":"2022-08-11T23:02:37+00:00","og_image":[{"width":1299,"height":748,"url":"https:\/\/portalmf.com.br\/wp-content\/uploads\/2022\/08\/Uso-de-Mascara-no-Combate-ao-Covid-GALERIA-foto-Jorge-Magalhaes-21.jpeg","type":"image\/jpeg"}],"author":"Reginaldo J\u00fanior","twitter_card":"summary_large_image","twitter_creator":"@reginaldojrmf","twitter_misc":{"Escrito por":"Reginaldo J\u00fanior","Est. tempo de leitura":"1 minuto"},"schema":{"@context":"https:\/\/schema.org","@graph":[{"@type":"WebPage","@id":"https:\/\/portalmf.com.br\/index.php\/2022\/08\/11\/uso-de-mascara-volta-a-ser-obrigatorio-em-ambientes-fechados-em-feira-de-santana\/","url":"https:\/\/portalmf.com.br\/index.php\/2022\/08\/11\/uso-de-mascara-volta-a-ser-obrigatorio-em-ambientes-fechados-em-feira-de-santana\/","name":"Uso de m\u00e1scara volta a ser obrigat\u00f3rio em ambientes fechados em Feira de Santana - Portal MF","isPartOf":{"@id":"https:\/\/portalmf.com.br\/#website"},"primaryImageOfPage":{"@id":"https:\/\/portalmf.com.br\/index.php\/2022\/08\/11\/uso-de-mascara-volta-a-ser-obrigatorio-em-ambientes-fechados-em-feira-de-santana\/#primaryimage"},"image":{"@id":"https:\/\/portalmf.com.br\/index.php\/2022\/08\/11\/uso-de-mascara-volta-a-ser-obrigatorio-em-ambientes-fechados-em-feira-de-santana\/#primaryimage"},"thumbnailUrl":"https:\/\/portalmf.com.br\/wp-content\/uploads\/2022\/08\/Uso-de-Mascara-no-Combate-ao-Covid-GALERIA-foto-Jorge-Magalhaes-21.jpeg","datePublished":"2022-08-11T22:58:33+00:00","dateModified":"2022-08-11T23:02:37+00:00","author":{"@id":"https:\/\/portalmf.com.br\/#\/schema\/person\/11c82086fe8abc05a19147e964587285"},"breadcrumb":{"@id":"https:\/\/portalmf.com.br\/index.php\/2022\/08\/11\/uso-de-mascara-volta-a-ser-obrigatorio-em-ambientes-fechados-em-feira-de-santana\/#breadcrumb"},"inLanguage":"pt-BR","potentialAction":[{"@type":"ReadAction","target":["https:\/\/portalmf.com.br\/index.php\/2022\/08\/11\/uso-de-mascara-volta-a-ser-obrigatorio-em-ambientes-fechados-em-feira-de-santana\/"]}]},{"@type":"ImageObject","inLanguage":"pt-BR","@id":"https:\/\/portalmf.com.br\/index.php\/2022\/08\/11\/uso-de-mascara-volta-a-ser-obrigatorio-em-ambientes-fechados-em-feira-de-santana\/#primaryimage","url":"https:\/\/portalmf.com.br\/wp-content\/uploads\/2022\/08\/Uso-de-Mascara-no-Combate-ao-Covid-GALERIA-foto-Jorge-Magalhaes-21.jpeg","contentUrl":"https:\/\/portalmf.com.br\/wp-content\/uploads\/2022\/08\/Uso-de-Mascara-no-Combate-ao-Covid-GALERIA-foto-Jorge-Magalhaes-21.jpeg","width":1299,"height":748,"caption":"Foto: Jorge Magalh\u00e3es"},{"@type":"BreadcrumbList","@id":"https:\/\/portalmf.com.br\/index.php\/2022\/08\/11\/uso-de-mascara-volta-a-ser-obrigatorio-em-ambientes-fechados-em-feira-de-santana\/#breadcrumb","itemListElement":[{"@type":"ListItem","position":1,"name":"In\u00edcio","item":"https:\/\/portalmf.com.br\/"},{"@type":"ListItem","position":2,"name":"Uso de m\u00e1scara volta a ser obrigat\u00f3rio em ambientes fechados em Feira de Santana"}]},{"@type":"WebSite","@id":"https:\/\/portalmf.com.br\/#website","url":"https:\/\/portalmf.com.br\/","name":"Portal MF","description":"Voc\u00ea conectado com a informa\u00e7\u00e3o","potentialAction":[{"@type":"SearchAction","target":{"@type":"EntryPoint","urlTemplate":"https:\/\/portalmf.com.br\/?s={search_term_string}"},"query-input":"required name=search_term_string"}],"inLanguage":"pt-BR"},{"@type":"Person","@id":"https:\/\/portalmf.com.br\/#\/schema\/person\/11c82086fe8abc05a19147e964587285","name":"Reginaldo J\u00fanior","image":{"@type":"ImageObject","inLanguage":"pt-BR","@id":"https:\/\/portalmf.com.br\/#\/schema\/person\/image\/","url":"https:\/\/secure.gravatar.com\/avatar\/32a3c797cd0ac47cc53b8644c62776f9?s=96&d=mm&r=g","contentUrl":"https:\/\/secure.gravatar.com\/avatar\/32a3c797cd0ac47cc53b8644c62776f9?s=96&d=mm&r=g","caption":"Reginaldo J\u00fanior"},"description":"Jornalista e idealizador Portal MF","sameAs":["https:\/\/portalmf.com.br\/index.php\/author\/reginaldojr\/","reginaldojrfsa","reginaldojuniormf","https:\/\/x.com\/reginaldojrmf"],"url":"https:\/\/portalmf.com.br\/index.php\/author\/reginaldojr\/"}]}},"_links":{"self":[{"href":"https:\/\/portalmf.com.br\/index.php\/wp-json\/wp\/v2\/posts\/2929"}],"collection":[{"href":"https:\/\/portalmf.com.br\/index.php\/wp-json\/wp\/v2\/posts"}],"about":[{"href":"https:\/\/portalmf.com.br\/index.php\/wp-json\/wp\/v2\/types\/post"}],"author":[{"embeddable":true,"href":"https:\/\/portalmf.com.br\/index.php\/wp-json\/wp\/v2\/users\/2"}],"replies":[{"embeddable":true,"href":"https:\/\/portalmf.com.br\/index.php\/wp-json\/wp\/v2\/comments?post=2929"}],"version-history":[{"count":2,"href":"https:\/\/portalmf.com.br\/index.php\/wp-json\/wp\/v2\/posts\/2929\/revisions"}],"predecessor-version":[{"id":2936,"href":"https:\/\/portalmf.com.br\/index.php\/wp-json\/wp\/v2\/posts\/2929\/revisions\/2936"}],"wp:featuredmedia":[{"embeddable":true,"href":"https:\/\/portalmf.com.br\/index.php\/wp-json\/wp\/v2\/media\/2931"}],"wp:attachment":[{"href":"https:\/\/portalmf.com.br\/index.php\/wp-json\/wp\/v2\/media?parent=2929"}],"wp:term":[{"taxonomy":"category","embeddable":true,"href":"https:\/\/portalmf.com.br\/index.php\/wp-json\/wp\/v2\/categories?post=2929"},{"taxonomy":"post_tag","embeddable":true,"href":"https:\/\/portalmf.com.br\/index.php\/wp-json\/wp\/v2\/tags?post=2929"}],"curies":[{"name":"wp","href":"https:\/\/api.w.org\/{rel}","templated":true}]}}