{"id":29259,"date":"2024-08-30T15:23:58","date_gmt":"2024-08-30T18:23:58","guid":{"rendered":"https:\/\/portalmf.com.br\/?p=29259"},"modified":"2024-08-30T15:23:59","modified_gmt":"2024-08-30T18:23:59","slug":"jose-ronaldo-caminha-na-chacara-sao-cosme-e-anuncia-hospital-municipal-e-mais-saude-nos-distritos","status":"publish","type":"post","link":"https:\/\/portalmf.com.br\/index.php\/2024\/08\/30\/jose-ronaldo-caminha-na-chacara-sao-cosme-e-anuncia-hospital-municipal-e-mais-saude-nos-distritos\/","title":{"rendered":"Jos\u00e9 Ronaldo caminha na Ch\u00e1cara S\u00e3o Cosme e anuncia hospital municipal e mais sa\u00fade nos distritos"},"content":{"rendered":"\n<p>O candidato a prefeito Jos\u00e9 Ronaldo (Uni\u00e3o Brasil) garante que, sendo eleito, far\u00e1 altos investimentos na sa\u00fade p\u00fablica em Feira de Santana com a constru\u00e7\u00e3o de um amplo e moderno hospital municipal geral e tamb\u00e9m implantar\u00e1 mais unidades de sa\u00fade especializadas nos distritos. O compromisso foi assumido ontem (29), durante caminhada no bairro Ch\u00e1cara S\u00e3o Cosme.<\/p>\n\n\n\n<p>Jos\u00e9 Ronaldo caminhou pelo bairro acompanhado do candidato a vice-prefeito Pablo Roberto e de candidatos a vereadores. Ao iniciar a visita \u00e0 comunidade, a chuva deu uma tr\u00e9gua, possibilitando que os moradores abrissem as portas de suas casas para receber o candidato a prefeito.<\/p>\n\n\n\n<p>Ao assumir o compromisso de investimentos na sa\u00fade p\u00fablica, Jos\u00e9 Ronaldo avalia que o problema nesta \u00e1rea no munic\u00edpio se combate com muito trabalho, investimento e dedica\u00e7\u00e3o. Ele observou que a popula\u00e7\u00e3o feirense sofre porque o Hospital Cl\u00e9riston Andrade, que \u00e9 do estado, n\u00e3o atende \u00e0 demanda da popula\u00e7\u00e3o de Feira e regi\u00e3o. \u201cO resultado \u00e9 a demora na fila da regula\u00e7\u00e3o do estado para os pacientes serem encaminhados para internamento\u201d, disse.<\/p>\n\n\n\n<p>Ao destacar que o hospital municipal j\u00e1 est\u00e1 em obras na Avenida Jo\u00e3o Durval, Jos\u00e9 Ronaldo informa que dar\u00e1 continuidade com a amplia\u00e7\u00e3o, resultando em um hospital geral bem maior, com capacidade para cirurgias. <em>\u201cO munic\u00edpio ter\u00e1 o seu hospital com muito mais leitos para atender o povo feirense. Estou aqui para assumir este compromisso\u201d, <\/em>afirmou, ao lembrar que ele assumiu o munic\u00edpio com apenas 18 unidades de sa\u00fade e deixou mais de 160 unidades de sa\u00fade em sua gest\u00e3o.<\/p>\n\n\n\n<p>Foto: Ascom\/Jos\u00e9 Ronaldo<\/p>\n","protected":false},"excerpt":{"rendered":"<p>O candidato a prefeito Jos\u00e9 Ronaldo (Uni\u00e3o Brasil) garante que, sendo eleito, far\u00e1 altos investimentos na sa\u00fade p\u00fablica em Feira de Santana com a constru\u00e7\u00e3o de um amplo e moderno hospital municipal geral e tamb\u00e9m implantar\u00e1 mais unidades de sa\u00fade especializadas nos distritos. O compromisso foi assumido ontem (29), durante caminhada no bairro Ch\u00e1cara S\u00e3o [&hellip;]<\/p>\n","protected":false},"author":3,"featured_media":29260,"comment_status":"open","ping_status":"open","sticky":false,"template":"","format":"standard","meta":{"_monsterinsights_skip_tracking":false,"_monsterinsights_sitenote_active":false,"_monsterinsights_sitenote_note":"","_monsterinsights_sitenote_category":0,"footnotes":""},"categories":[301,34],"tags":[],"yoast_head":"<!-- This site is optimized with the Yoast SEO plugin v22.9 - https:\/\/yoast.com\/wordpress\/plugins\/seo\/ -->\n<title>Jos\u00e9 Ronaldo caminha na Ch\u00e1cara S\u00e3o Cosme e anuncia hospital municipal e mais sa\u00fade nos distritos - Portal MF<\/title>\n<meta name=\"robots\" content=\"index, follow, max-snippet:-1, max-image-preview:large, max-video-preview:-1\" \/>\n<link rel=\"canonical\" href=\"https:\/\/portalmf.com.br\/index.php\/2024\/08\/30\/jose-ronaldo-caminha-na-chacara-sao-cosme-e-anuncia-hospital-municipal-e-mais-saude-nos-distritos\/\" \/>\n<meta property=\"og:locale\" content=\"pt_BR\" \/>\n<meta property=\"og:type\" content=\"article\" \/>\n<meta property=\"og:title\" content=\"Jos\u00e9 Ronaldo caminha na Ch\u00e1cara S\u00e3o Cosme e anuncia hospital municipal e mais sa\u00fade nos distritos - Portal MF\" \/>\n<meta property=\"og:description\" content=\"O candidato a prefeito Jos\u00e9 Ronaldo (Uni\u00e3o Brasil) garante que, sendo eleito, far\u00e1 altos investimentos na sa\u00fade p\u00fablica em Feira de Santana com a constru\u00e7\u00e3o de um amplo e moderno hospital municipal geral e tamb\u00e9m implantar\u00e1 mais unidades de sa\u00fade especializadas nos distritos. O compromisso foi assumido ontem (29), durante caminhada no bairro Ch\u00e1cara S\u00e3o [&hellip;]\" \/>\n<meta property=\"og:url\" content=\"https:\/\/portalmf.com.br\/index.php\/2024\/08\/30\/jose-ronaldo-caminha-na-chacara-sao-cosme-e-anuncia-hospital-municipal-e-mais-saude-nos-distritos\/\" \/>\n<meta property=\"og:site_name\" content=\"Portal MF\" \/>\n<meta property=\"article:author\" content=\"https:\/\/www.facebook.com\/portalmfoficial\" \/>\n<meta property=\"article:published_time\" content=\"2024-08-30T18:23:58+00:00\" \/>\n<meta property=\"article:modified_time\" content=\"2024-08-30T18:23:59+00:00\" \/>\n<meta property=\"og:image\" content=\"https:\/\/portalmf.com.br\/wp-content\/uploads\/2024\/08\/Jose-Ronaldo-caminha-na-Chacara-Sao-Cosme-e-anuncia-hospital-municipal-e-mais-saude-nos-distritos.jpeg\" \/>\n\t<meta property=\"og:image:width\" content=\"1260\" \/>\n\t<meta property=\"og:image:height\" content=\"866\" \/>\n\t<meta property=\"og:image:type\" content=\"image\/jpeg\" \/>\n<meta name=\"author\" content=\"Reda\u00e7\u00e3o Portal MF\" \/>\n<meta name=\"twitter:card\" content=\"summary_large_image\" \/>\n<meta name=\"twitter:creator\" content=\"@https:\/\/x.com\/portalmfoficial\" \/>\n<meta name=\"twitter:label1\" content=\"Escrito por\" \/>\n\t<meta name=\"twitter:data1\" content=\"Reda\u00e7\u00e3o Portal MF\" \/>\n\t<meta name=\"twitter:label2\" content=\"Est. tempo de leitura\" \/>\n\t<meta name=\"twitter:data2\" content=\"2 minutos\" \/>\n<script type=\"application\/ld+json\" class=\"yoast-schema-graph\">{\"@context\":\"https:\/\/schema.org\",\"@graph\":[{\"@type\":\"WebPage\",\"@id\":\"https:\/\/portalmf.com.br\/index.php\/2024\/08\/30\/jose-ronaldo-caminha-na-chacara-sao-cosme-e-anuncia-hospital-municipal-e-mais-saude-nos-distritos\/\",\"url\":\"https:\/\/portalmf.com.br\/index.php\/2024\/08\/30\/jose-ronaldo-caminha-na-chacara-sao-cosme-e-anuncia-hospital-municipal-e-mais-saude-nos-distritos\/\",\"name\":\"Jos\u00e9 Ronaldo caminha na Ch\u00e1cara S\u00e3o Cosme e anuncia hospital municipal e mais sa\u00fade nos distritos - Portal MF\",\"isPartOf\":{\"@id\":\"https:\/\/portalmf.com.br\/#website\"},\"primaryImageOfPage\":{\"@id\":\"https:\/\/portalmf.com.br\/index.php\/2024\/08\/30\/jose-ronaldo-caminha-na-chacara-sao-cosme-e-anuncia-hospital-municipal-e-mais-saude-nos-distritos\/#primaryimage\"},\"image\":{\"@id\":\"https:\/\/portalmf.com.br\/index.php\/2024\/08\/30\/jose-ronaldo-caminha-na-chacara-sao-cosme-e-anuncia-hospital-municipal-e-mais-saude-nos-distritos\/#primaryimage\"},\"thumbnailUrl\":\"https:\/\/portalmf.com.br\/wp-content\/uploads\/2024\/08\/Jose-Ronaldo-caminha-na-Chacara-Sao-Cosme-e-anuncia-hospital-municipal-e-mais-saude-nos-distritos.jpeg\",\"datePublished\":\"2024-08-30T18:23:58+00:00\",\"dateModified\":\"2024-08-30T18:23:59+00:00\",\"author\":{\"@id\":\"https:\/\/portalmf.com.br\/#\/schema\/person\/9ec101baf56233e53520c26de5d6f6f0\"},\"breadcrumb\":{\"@id\":\"https:\/\/portalmf.com.br\/index.php\/2024\/08\/30\/jose-ronaldo-caminha-na-chacara-sao-cosme-e-anuncia-hospital-municipal-e-mais-saude-nos-distritos\/#breadcrumb\"},\"inLanguage\":\"pt-BR\",\"potentialAction\":[{\"@type\":\"ReadAction\",\"target\":[\"https:\/\/portalmf.com.br\/index.php\/2024\/08\/30\/jose-ronaldo-caminha-na-chacara-sao-cosme-e-anuncia-hospital-municipal-e-mais-saude-nos-distritos\/\"]}]},{\"@type\":\"ImageObject\",\"inLanguage\":\"pt-BR\",\"@id\":\"https:\/\/portalmf.com.br\/index.php\/2024\/08\/30\/jose-ronaldo-caminha-na-chacara-sao-cosme-e-anuncia-hospital-municipal-e-mais-saude-nos-distritos\/#primaryimage\",\"url\":\"https:\/\/portalmf.com.br\/wp-content\/uploads\/2024\/08\/Jose-Ronaldo-caminha-na-Chacara-Sao-Cosme-e-anuncia-hospital-municipal-e-mais-saude-nos-distritos.jpeg\",\"contentUrl\":\"https:\/\/portalmf.com.br\/wp-content\/uploads\/2024\/08\/Jose-Ronaldo-caminha-na-Chacara-Sao-Cosme-e-anuncia-hospital-municipal-e-mais-saude-nos-distritos.jpeg\",\"width\":1260,\"height\":866},{\"@type\":\"BreadcrumbList\",\"@id\":\"https:\/\/portalmf.com.br\/index.php\/2024\/08\/30\/jose-ronaldo-caminha-na-chacara-sao-cosme-e-anuncia-hospital-municipal-e-mais-saude-nos-distritos\/#breadcrumb\",\"itemListElement\":[{\"@type\":\"ListItem\",\"position\":1,\"name\":\"In\u00edcio\",\"item\":\"https:\/\/portalmf.com.br\/\"},{\"@type\":\"ListItem\",\"position\":2,\"name\":\"Jos\u00e9 Ronaldo caminha na Ch\u00e1cara S\u00e3o Cosme e anuncia hospital municipal e mais sa\u00fade nos distritos\"}]},{\"@type\":\"WebSite\",\"@id\":\"https:\/\/portalmf.com.br\/#website\",\"url\":\"https:\/\/portalmf.com.br\/\",\"name\":\"Portal MF\",\"description\":\"Voc\u00ea conectado com a informa\u00e7\u00e3o\",\"potentialAction\":[{\"@type\":\"SearchAction\",\"target\":{\"@type\":\"EntryPoint\",\"urlTemplate\":\"https:\/\/portalmf.com.br\/?s={search_term_string}\"},\"query-input\":\"required name=search_term_string\"}],\"inLanguage\":\"pt-BR\"},{\"@type\":\"Person\",\"@id\":\"https:\/\/portalmf.com.br\/#\/schema\/person\/9ec101baf56233e53520c26de5d6f6f0\",\"name\":\"Reda\u00e7\u00e3o Portal MF\",\"image\":{\"@type\":\"ImageObject\",\"inLanguage\":\"pt-BR\",\"@id\":\"https:\/\/portalmf.com.br\/#\/schema\/person\/image\/\",\"url\":\"https:\/\/secure.gravatar.com\/avatar\/41b9aaeb2100835f7c64362330f74c7f?s=96&d=mm&r=g\",\"contentUrl\":\"https:\/\/secure.gravatar.com\/avatar\/41b9aaeb2100835f7c64362330f74c7f?s=96&d=mm&r=g\",\"caption\":\"Reda\u00e7\u00e3o Portal MF\"},\"description\":\"Sejam bem-vindos o portal de informa\u00e7\u00f5es de entretenimento de Feira de Santana, desde 2006 realiza coberturas dos principais eventos com entrevistas exclusivas com as principais personalidades mundiais. Fique conectado tamb\u00e9m nas redes sociais.\",\"sameAs\":[\"http:\/\/www.portalmf.com.br\/\",\"https:\/\/www.facebook.com\/portalmfoficial\",\"https:\/\/www.instagram.com\/portalmf\/\",\"https:\/\/x.com\/https:\/\/x.com\/portalmfoficial\",\"https:\/\/www.youtube.com\/@portalmfoficial\"],\"url\":\"https:\/\/portalmf.com.br\/index.php\/author\/junior\/\"}]}<\/script>\n<!-- \/ Yoast SEO plugin. -->","yoast_head_json":{"title":"Jos\u00e9 Ronaldo caminha na Ch\u00e1cara S\u00e3o Cosme e anuncia hospital municipal e mais sa\u00fade nos distritos - Portal MF","robots":{"index":"index","follow":"follow","max-snippet":"max-snippet:-1","max-image-preview":"max-image-preview:large","max-video-preview":"max-video-preview:-1"},"canonical":"https:\/\/portalmf.com.br\/index.php\/2024\/08\/30\/jose-ronaldo-caminha-na-chacara-sao-cosme-e-anuncia-hospital-municipal-e-mais-saude-nos-distritos\/","og_locale":"pt_BR","og_type":"article","og_title":"Jos\u00e9 Ronaldo caminha na Ch\u00e1cara S\u00e3o Cosme e anuncia hospital municipal e mais sa\u00fade nos distritos - Portal MF","og_description":"O candidato a prefeito Jos\u00e9 Ronaldo (Uni\u00e3o Brasil) garante que, sendo eleito, far\u00e1 altos investimentos na sa\u00fade p\u00fablica em Feira de Santana com a constru\u00e7\u00e3o de um amplo e moderno hospital municipal geral e tamb\u00e9m implantar\u00e1 mais unidades de sa\u00fade especializadas nos distritos. O compromisso foi assumido ontem (29), durante caminhada no bairro Ch\u00e1cara S\u00e3o [&hellip;]","og_url":"https:\/\/portalmf.com.br\/index.php\/2024\/08\/30\/jose-ronaldo-caminha-na-chacara-sao-cosme-e-anuncia-hospital-municipal-e-mais-saude-nos-distritos\/","og_site_name":"Portal MF","article_author":"https:\/\/www.facebook.com\/portalmfoficial","article_published_time":"2024-08-30T18:23:58+00:00","article_modified_time":"2024-08-30T18:23:59+00:00","og_image":[{"width":1260,"height":866,"url":"https:\/\/portalmf.com.br\/wp-content\/uploads\/2024\/08\/Jose-Ronaldo-caminha-na-Chacara-Sao-Cosme-e-anuncia-hospital-municipal-e-mais-saude-nos-distritos.jpeg","type":"image\/jpeg"}],"author":"Reda\u00e7\u00e3o Portal MF","twitter_card":"summary_large_image","twitter_creator":"@https:\/\/x.com\/portalmfoficial","twitter_misc":{"Escrito por":"Reda\u00e7\u00e3o Portal MF","Est. tempo de leitura":"2 minutos"},"schema":{"@context":"https:\/\/schema.org","@graph":[{"@type":"WebPage","@id":"https:\/\/portalmf.com.br\/index.php\/2024\/08\/30\/jose-ronaldo-caminha-na-chacara-sao-cosme-e-anuncia-hospital-municipal-e-mais-saude-nos-distritos\/","url":"https:\/\/portalmf.com.br\/index.php\/2024\/08\/30\/jose-ronaldo-caminha-na-chacara-sao-cosme-e-anuncia-hospital-municipal-e-mais-saude-nos-distritos\/","name":"Jos\u00e9 Ronaldo caminha na Ch\u00e1cara S\u00e3o Cosme e anuncia hospital municipal e mais sa\u00fade nos distritos - Portal MF","isPartOf":{"@id":"https:\/\/portalmf.com.br\/#website"},"primaryImageOfPage":{"@id":"https:\/\/portalmf.com.br\/index.php\/2024\/08\/30\/jose-ronaldo-caminha-na-chacara-sao-cosme-e-anuncia-hospital-municipal-e-mais-saude-nos-distritos\/#primaryimage"},"image":{"@id":"https:\/\/portalmf.com.br\/index.php\/2024\/08\/30\/jose-ronaldo-caminha-na-chacara-sao-cosme-e-anuncia-hospital-municipal-e-mais-saude-nos-distritos\/#primaryimage"},"thumbnailUrl":"https:\/\/portalmf.com.br\/wp-content\/uploads\/2024\/08\/Jose-Ronaldo-caminha-na-Chacara-Sao-Cosme-e-anuncia-hospital-municipal-e-mais-saude-nos-distritos.jpeg","datePublished":"2024-08-30T18:23:58+00:00","dateModified":"2024-08-30T18:23:59+00:00","author":{"@id":"https:\/\/portalmf.com.br\/#\/schema\/person\/9ec101baf56233e53520c26de5d6f6f0"},"breadcrumb":{"@id":"https:\/\/portalmf.com.br\/index.php\/2024\/08\/30\/jose-ronaldo-caminha-na-chacara-sao-cosme-e-anuncia-hospital-municipal-e-mais-saude-nos-distritos\/#breadcrumb"},"inLanguage":"pt-BR","potentialAction":[{"@type":"ReadAction","target":["https:\/\/portalmf.com.br\/index.php\/2024\/08\/30\/jose-ronaldo-caminha-na-chacara-sao-cosme-e-anuncia-hospital-municipal-e-mais-saude-nos-distritos\/"]}]},{"@type":"ImageObject","inLanguage":"pt-BR","@id":"https:\/\/portalmf.com.br\/index.php\/2024\/08\/30\/jose-ronaldo-caminha-na-chacara-sao-cosme-e-anuncia-hospital-municipal-e-mais-saude-nos-distritos\/#primaryimage","url":"https:\/\/portalmf.com.br\/wp-content\/uploads\/2024\/08\/Jose-Ronaldo-caminha-na-Chacara-Sao-Cosme-e-anuncia-hospital-municipal-e-mais-saude-nos-distritos.jpeg","contentUrl":"https:\/\/portalmf.com.br\/wp-content\/uploads\/2024\/08\/Jose-Ronaldo-caminha-na-Chacara-Sao-Cosme-e-anuncia-hospital-municipal-e-mais-saude-nos-distritos.jpeg","width":1260,"height":866},{"@type":"BreadcrumbList","@id":"https:\/\/portalmf.com.br\/index.php\/2024\/08\/30\/jose-ronaldo-caminha-na-chacara-sao-cosme-e-anuncia-hospital-municipal-e-mais-saude-nos-distritos\/#breadcrumb","itemListElement":[{"@type":"ListItem","position":1,"name":"In\u00edcio","item":"https:\/\/portalmf.com.br\/"},{"@type":"ListItem","position":2,"name":"Jos\u00e9 Ronaldo caminha na Ch\u00e1cara S\u00e3o Cosme e anuncia hospital municipal e mais sa\u00fade nos distritos"}]},{"@type":"WebSite","@id":"https:\/\/portalmf.com.br\/#website","url":"https:\/\/portalmf.com.br\/","name":"Portal MF","description":"Voc\u00ea conectado com a informa\u00e7\u00e3o","potentialAction":[{"@type":"SearchAction","target":{"@type":"EntryPoint","urlTemplate":"https:\/\/portalmf.com.br\/?s={search_term_string}"},"query-input":"required name=search_term_string"}],"inLanguage":"pt-BR"},{"@type":"Person","@id":"https:\/\/portalmf.com.br\/#\/schema\/person\/9ec101baf56233e53520c26de5d6f6f0","name":"Reda\u00e7\u00e3o Portal MF","image":{"@type":"ImageObject","inLanguage":"pt-BR","@id":"https:\/\/portalmf.com.br\/#\/schema\/person\/image\/","url":"https:\/\/secure.gravatar.com\/avatar\/41b9aaeb2100835f7c64362330f74c7f?s=96&d=mm&r=g","contentUrl":"https:\/\/secure.gravatar.com\/avatar\/41b9aaeb2100835f7c64362330f74c7f?s=96&d=mm&r=g","caption":"Reda\u00e7\u00e3o Portal MF"},"description":"Sejam bem-vindos o portal de informa\u00e7\u00f5es de entretenimento de Feira de Santana, desde 2006 realiza coberturas dos principais eventos com entrevistas exclusivas com as principais personalidades mundiais. Fique conectado tamb\u00e9m nas redes sociais.","sameAs":["http:\/\/www.portalmf.com.br\/","https:\/\/www.facebook.com\/portalmfoficial","https:\/\/www.instagram.com\/portalmf\/","https:\/\/x.com\/https:\/\/x.com\/portalmfoficial","https:\/\/www.youtube.com\/@portalmfoficial"],"url":"https:\/\/portalmf.com.br\/index.php\/author\/junior\/"}]}},"_links":{"self":[{"href":"https:\/\/portalmf.com.br\/index.php\/wp-json\/wp\/v2\/posts\/29259"}],"collection":[{"href":"https:\/\/portalmf.com.br\/index.php\/wp-json\/wp\/v2\/posts"}],"about":[{"href":"https:\/\/portalmf.com.br\/index.php\/wp-json\/wp\/v2\/types\/post"}],"author":[{"embeddable":true,"href":"https:\/\/portalmf.com.br\/index.php\/wp-json\/wp\/v2\/users\/3"}],"replies":[{"embeddable":true,"href":"https:\/\/portalmf.com.br\/index.php\/wp-json\/wp\/v2\/comments?post=29259"}],"version-history":[{"count":1,"href":"https:\/\/portalmf.com.br\/index.php\/wp-json\/wp\/v2\/posts\/29259\/revisions"}],"predecessor-version":[{"id":29261,"href":"https:\/\/portalmf.com.br\/index.php\/wp-json\/wp\/v2\/posts\/29259\/revisions\/29261"}],"wp:featuredmedia":[{"embeddable":true,"href":"https:\/\/portalmf.com.br\/index.php\/wp-json\/wp\/v2\/media\/29260"}],"wp:attachment":[{"href":"https:\/\/portalmf.com.br\/index.php\/wp-json\/wp\/v2\/media?parent=29259"}],"wp:term":[{"taxonomy":"category","embeddable":true,"href":"https:\/\/portalmf.com.br\/index.php\/wp-json\/wp\/v2\/categories?post=29259"},{"taxonomy":"post_tag","embeddable":true,"href":"https:\/\/portalmf.com.br\/index.php\/wp-json\/wp\/v2\/tags?post=29259"}],"curies":[{"name":"wp","href":"https:\/\/api.w.org\/{rel}","templated":true}]}}