{"id":29256,"date":"2024-08-28T14:34:36","date_gmt":"2024-08-28T17:34:36","guid":{"rendered":"https:\/\/portalmf.com.br\/?p=29256"},"modified":"2024-08-30T14:35:56","modified_gmt":"2024-08-30T17:35:56","slug":"com-investimento-do-governo-do-estado-santo-estevao-da-inicio-a-programa-de-reducao-de-filas-de-cirurgias-eletivas","status":"publish","type":"post","link":"https:\/\/portalmf.com.br\/index.php\/2024\/08\/28\/com-investimento-do-governo-do-estado-santo-estevao-da-inicio-a-programa-de-reducao-de-filas-de-cirurgias-eletivas\/","title":{"rendered":"Com investimento do Governo do Estado, Santo Est\u00eav\u00e3o d\u00e1 in\u00edcio a programa de redu\u00e7\u00e3o de filas de cirurgias eletivas"},"content":{"rendered":"\n<p>Com um aporte de mais de R$ 1,4 milh\u00e3o do Governo do Estado, foi implementado, nesta quarta-feira (28), o programa de redu\u00e7\u00e3o de filas de cirurgias eletivas no Hospital Municipal Dr. Jo\u00e3o Borges de Cerqueira, localizado em Santo Est\u00eav\u00e3o. Neste primeiro dia, est\u00e3o programados 15 procedimentos cir\u00fargicos.<\/p>\n\n\n\n<p>O programa, que tem car\u00e1ter cont\u00ednuo, se estender\u00e1 ao longo do ano, com a oferta de cirurgias de diversas especialidades, a exemplo de histerectomia total, colecistectomia, colecistectomia videolaparoscopica, laqueadura tub\u00e1ria, postectomia, vasectomia, tratamento cirurgico de hidrocele, hernioplastia inguinal e crural (Unilateral), hernioplastia umbilical e miomectomia.<\/p>\n\n\n\n<p><em>\u201cO que n\u00f3s estamos fazendo aqui hoje \u00e9 um credenciamento de um programa da gest\u00e3o estadual, atrav\u00e9s do qual a gente vai poder realizar diversas cirurgias eletivas. N\u00f3s n\u00e3o estamos falando aqui de mutir\u00e3o pontual, estamos falando \u00e9 de uma a\u00e7\u00e3o estruturada e estruturante do Governo do Estado em parceria com o Governo Federal, para que a gente possa reduzir cada vez mais a fila de espera dos pacientes\u201d,<\/em> explicou a secret\u00e1ria da Sa\u00fade do Estado, Roberta Santana, durante visita \u00e0 unidade.<\/p>\n\n\n\n<p>Compromisso do Governo do Estado, a iniciativa tem contribu\u00eddo para os n\u00fameros positivos da Bahia, que hoje ocupa posi\u00e7\u00e3o de destaque nacional como estado que registrou o maior quantidade de cirurgias realizadas por meio do Programa Nacional de Redu\u00e7\u00e3o das Filas de Cirurgias Eletivas, Exames Complementares e Consultas Especializadas (PNRF), do Minist\u00e9rio da Sa\u00fade.<\/p>\n\n\n\n<p><em>\u201cEste \u00e9 um programa estruturado de redu\u00e7\u00e3o de filas que n\u00f3s j\u00e1 somamos, s\u00f3 este ano, cerca de 120 mil cirurgias realizadas em todo Estado. Se contabilizarmos os procedimentos feitos desde 2023, quando o governador Jer\u00f4nimo Rodrigues assumiu, o n\u00famero vai para 345.288\u201d<\/em>, detalhou a secret\u00e1ria.<\/p>\n","protected":false},"excerpt":{"rendered":"<p>Com um aporte de mais de R$ 1,4 milh\u00e3o do Governo do Estado, foi implementado, nesta quarta-feira (28), o programa de redu\u00e7\u00e3o de filas de cirurgias eletivas no Hospital Municipal Dr. Jo\u00e3o Borges de Cerqueira, localizado em Santo Est\u00eav\u00e3o. Neste primeiro dia, est\u00e3o programados 15 procedimentos cir\u00fargicos. O programa, que tem car\u00e1ter cont\u00ednuo, se estender\u00e1 [&hellip;]<\/p>\n","protected":false},"author":3,"featured_media":29257,"comment_status":"open","ping_status":"open","sticky":false,"template":"","format":"standard","meta":{"_monsterinsights_skip_tracking":false,"_monsterinsights_sitenote_active":false,"_monsterinsights_sitenote_note":"","_monsterinsights_sitenote_category":0,"footnotes":""},"categories":[301,34],"tags":[],"yoast_head":"<!-- This site is optimized with the Yoast SEO plugin v22.9 - https:\/\/yoast.com\/wordpress\/plugins\/seo\/ -->\n<title>Com investimento do Governo do Estado, Santo Est\u00eav\u00e3o d\u00e1 in\u00edcio a programa de redu\u00e7\u00e3o de filas de cirurgias eletivas - Portal MF<\/title>\n<meta name=\"robots\" content=\"index, follow, max-snippet:-1, max-image-preview:large, max-video-preview:-1\" \/>\n<link rel=\"canonical\" href=\"https:\/\/portalmf.com.br\/index.php\/2024\/08\/28\/com-investimento-do-governo-do-estado-santo-estevao-da-inicio-a-programa-de-reducao-de-filas-de-cirurgias-eletivas\/\" \/>\n<meta property=\"og:locale\" content=\"pt_BR\" \/>\n<meta property=\"og:type\" content=\"article\" \/>\n<meta property=\"og:title\" content=\"Com investimento do Governo do Estado, Santo Est\u00eav\u00e3o d\u00e1 in\u00edcio a programa de redu\u00e7\u00e3o de filas de cirurgias eletivas - Portal MF\" \/>\n<meta property=\"og:description\" content=\"Com um aporte de mais de R$ 1,4 milh\u00e3o do Governo do Estado, foi implementado, nesta quarta-feira (28), o programa de redu\u00e7\u00e3o de filas de cirurgias eletivas no Hospital Municipal Dr. Jo\u00e3o Borges de Cerqueira, localizado em Santo Est\u00eav\u00e3o. Neste primeiro dia, est\u00e3o programados 15 procedimentos cir\u00fargicos. O programa, que tem car\u00e1ter cont\u00ednuo, se estender\u00e1 [&hellip;]\" \/>\n<meta property=\"og:url\" content=\"https:\/\/portalmf.com.br\/index.php\/2024\/08\/28\/com-investimento-do-governo-do-estado-santo-estevao-da-inicio-a-programa-de-reducao-de-filas-de-cirurgias-eletivas\/\" \/>\n<meta property=\"og:site_name\" content=\"Portal MF\" \/>\n<meta property=\"article:author\" content=\"https:\/\/www.facebook.com\/portalmfoficial\" \/>\n<meta property=\"article:published_time\" content=\"2024-08-28T17:34:36+00:00\" \/>\n<meta property=\"article:modified_time\" content=\"2024-08-30T17:35:56+00:00\" \/>\n<meta property=\"og:image\" content=\"https:\/\/portalmf.com.br\/wp-content\/uploads\/2024\/08\/Com-investimento-do-Governo-do-Estado-Santo-Estevao-da-inicio-a-programa-de-reducao-de-filas-de-cirurgias-eletivas.jpeg\" \/>\n\t<meta property=\"og:image:width\" content=\"360\" \/>\n\t<meta property=\"og:image:height\" content=\"240\" \/>\n\t<meta property=\"og:image:type\" content=\"image\/jpeg\" \/>\n<meta name=\"author\" content=\"Reda\u00e7\u00e3o Portal MF\" \/>\n<meta name=\"twitter:card\" content=\"summary_large_image\" \/>\n<meta name=\"twitter:creator\" content=\"@https:\/\/x.com\/portalmfoficial\" \/>\n<meta name=\"twitter:label1\" content=\"Escrito por\" \/>\n\t<meta name=\"twitter:data1\" content=\"Reda\u00e7\u00e3o Portal MF\" \/>\n\t<meta name=\"twitter:label2\" content=\"Est. tempo de leitura\" \/>\n\t<meta name=\"twitter:data2\" content=\"2 minutos\" \/>\n<script type=\"application\/ld+json\" class=\"yoast-schema-graph\">{\"@context\":\"https:\/\/schema.org\",\"@graph\":[{\"@type\":\"WebPage\",\"@id\":\"https:\/\/portalmf.com.br\/index.php\/2024\/08\/28\/com-investimento-do-governo-do-estado-santo-estevao-da-inicio-a-programa-de-reducao-de-filas-de-cirurgias-eletivas\/\",\"url\":\"https:\/\/portalmf.com.br\/index.php\/2024\/08\/28\/com-investimento-do-governo-do-estado-santo-estevao-da-inicio-a-programa-de-reducao-de-filas-de-cirurgias-eletivas\/\",\"name\":\"Com investimento do Governo do Estado, Santo Est\u00eav\u00e3o d\u00e1 in\u00edcio a programa de redu\u00e7\u00e3o de filas de cirurgias eletivas - Portal MF\",\"isPartOf\":{\"@id\":\"https:\/\/portalmf.com.br\/#website\"},\"primaryImageOfPage\":{\"@id\":\"https:\/\/portalmf.com.br\/index.php\/2024\/08\/28\/com-investimento-do-governo-do-estado-santo-estevao-da-inicio-a-programa-de-reducao-de-filas-de-cirurgias-eletivas\/#primaryimage\"},\"image\":{\"@id\":\"https:\/\/portalmf.com.br\/index.php\/2024\/08\/28\/com-investimento-do-governo-do-estado-santo-estevao-da-inicio-a-programa-de-reducao-de-filas-de-cirurgias-eletivas\/#primaryimage\"},\"thumbnailUrl\":\"https:\/\/portalmf.com.br\/wp-content\/uploads\/2024\/08\/Com-investimento-do-Governo-do-Estado-Santo-Estevao-da-inicio-a-programa-de-reducao-de-filas-de-cirurgias-eletivas.jpeg\",\"datePublished\":\"2024-08-28T17:34:36+00:00\",\"dateModified\":\"2024-08-30T17:35:56+00:00\",\"author\":{\"@id\":\"https:\/\/portalmf.com.br\/#\/schema\/person\/9ec101baf56233e53520c26de5d6f6f0\"},\"breadcrumb\":{\"@id\":\"https:\/\/portalmf.com.br\/index.php\/2024\/08\/28\/com-investimento-do-governo-do-estado-santo-estevao-da-inicio-a-programa-de-reducao-de-filas-de-cirurgias-eletivas\/#breadcrumb\"},\"inLanguage\":\"pt-BR\",\"potentialAction\":[{\"@type\":\"ReadAction\",\"target\":[\"https:\/\/portalmf.com.br\/index.php\/2024\/08\/28\/com-investimento-do-governo-do-estado-santo-estevao-da-inicio-a-programa-de-reducao-de-filas-de-cirurgias-eletivas\/\"]}]},{\"@type\":\"ImageObject\",\"inLanguage\":\"pt-BR\",\"@id\":\"https:\/\/portalmf.com.br\/index.php\/2024\/08\/28\/com-investimento-do-governo-do-estado-santo-estevao-da-inicio-a-programa-de-reducao-de-filas-de-cirurgias-eletivas\/#primaryimage\",\"url\":\"https:\/\/portalmf.com.br\/wp-content\/uploads\/2024\/08\/Com-investimento-do-Governo-do-Estado-Santo-Estevao-da-inicio-a-programa-de-reducao-de-filas-de-cirurgias-eletivas.jpeg\",\"contentUrl\":\"https:\/\/portalmf.com.br\/wp-content\/uploads\/2024\/08\/Com-investimento-do-Governo-do-Estado-Santo-Estevao-da-inicio-a-programa-de-reducao-de-filas-de-cirurgias-eletivas.jpeg\",\"width\":360,\"height\":240},{\"@type\":\"BreadcrumbList\",\"@id\":\"https:\/\/portalmf.com.br\/index.php\/2024\/08\/28\/com-investimento-do-governo-do-estado-santo-estevao-da-inicio-a-programa-de-reducao-de-filas-de-cirurgias-eletivas\/#breadcrumb\",\"itemListElement\":[{\"@type\":\"ListItem\",\"position\":1,\"name\":\"In\u00edcio\",\"item\":\"https:\/\/portalmf.com.br\/\"},{\"@type\":\"ListItem\",\"position\":2,\"name\":\"Com investimento do Governo do Estado, Santo Est\u00eav\u00e3o d\u00e1 in\u00edcio a programa de redu\u00e7\u00e3o de filas de cirurgias eletivas\"}]},{\"@type\":\"WebSite\",\"@id\":\"https:\/\/portalmf.com.br\/#website\",\"url\":\"https:\/\/portalmf.com.br\/\",\"name\":\"Portal MF\",\"description\":\"Voc\u00ea conectado com a informa\u00e7\u00e3o\",\"potentialAction\":[{\"@type\":\"SearchAction\",\"target\":{\"@type\":\"EntryPoint\",\"urlTemplate\":\"https:\/\/portalmf.com.br\/?s={search_term_string}\"},\"query-input\":\"required name=search_term_string\"}],\"inLanguage\":\"pt-BR\"},{\"@type\":\"Person\",\"@id\":\"https:\/\/portalmf.com.br\/#\/schema\/person\/9ec101baf56233e53520c26de5d6f6f0\",\"name\":\"Reda\u00e7\u00e3o Portal MF\",\"image\":{\"@type\":\"ImageObject\",\"inLanguage\":\"pt-BR\",\"@id\":\"https:\/\/portalmf.com.br\/#\/schema\/person\/image\/\",\"url\":\"https:\/\/secure.gravatar.com\/avatar\/41b9aaeb2100835f7c64362330f74c7f?s=96&d=mm&r=g\",\"contentUrl\":\"https:\/\/secure.gravatar.com\/avatar\/41b9aaeb2100835f7c64362330f74c7f?s=96&d=mm&r=g\",\"caption\":\"Reda\u00e7\u00e3o Portal MF\"},\"description\":\"Sejam bem-vindos o portal de informa\u00e7\u00f5es de entretenimento de Feira de Santana, desde 2006 realiza coberturas dos principais eventos com entrevistas exclusivas com as principais personalidades mundiais. Fique conectado tamb\u00e9m nas redes sociais.\",\"sameAs\":[\"http:\/\/www.portalmf.com.br\/\",\"https:\/\/www.facebook.com\/portalmfoficial\",\"https:\/\/www.instagram.com\/portalmf\/\",\"https:\/\/x.com\/https:\/\/x.com\/portalmfoficial\",\"https:\/\/www.youtube.com\/@portalmfoficial\"],\"url\":\"https:\/\/portalmf.com.br\/index.php\/author\/junior\/\"}]}<\/script>\n<!-- \/ Yoast SEO plugin. -->","yoast_head_json":{"title":"Com investimento do Governo do Estado, Santo Est\u00eav\u00e3o d\u00e1 in\u00edcio a programa de redu\u00e7\u00e3o de filas de cirurgias eletivas - Portal MF","robots":{"index":"index","follow":"follow","max-snippet":"max-snippet:-1","max-image-preview":"max-image-preview:large","max-video-preview":"max-video-preview:-1"},"canonical":"https:\/\/portalmf.com.br\/index.php\/2024\/08\/28\/com-investimento-do-governo-do-estado-santo-estevao-da-inicio-a-programa-de-reducao-de-filas-de-cirurgias-eletivas\/","og_locale":"pt_BR","og_type":"article","og_title":"Com investimento do Governo do Estado, Santo Est\u00eav\u00e3o d\u00e1 in\u00edcio a programa de redu\u00e7\u00e3o de filas de cirurgias eletivas - Portal MF","og_description":"Com um aporte de mais de R$ 1,4 milh\u00e3o do Governo do Estado, foi implementado, nesta quarta-feira (28), o programa de redu\u00e7\u00e3o de filas de cirurgias eletivas no Hospital Municipal Dr. Jo\u00e3o Borges de Cerqueira, localizado em Santo Est\u00eav\u00e3o. Neste primeiro dia, est\u00e3o programados 15 procedimentos cir\u00fargicos. O programa, que tem car\u00e1ter cont\u00ednuo, se estender\u00e1 [&hellip;]","og_url":"https:\/\/portalmf.com.br\/index.php\/2024\/08\/28\/com-investimento-do-governo-do-estado-santo-estevao-da-inicio-a-programa-de-reducao-de-filas-de-cirurgias-eletivas\/","og_site_name":"Portal MF","article_author":"https:\/\/www.facebook.com\/portalmfoficial","article_published_time":"2024-08-28T17:34:36+00:00","article_modified_time":"2024-08-30T17:35:56+00:00","og_image":[{"width":360,"height":240,"url":"https:\/\/portalmf.com.br\/wp-content\/uploads\/2024\/08\/Com-investimento-do-Governo-do-Estado-Santo-Estevao-da-inicio-a-programa-de-reducao-de-filas-de-cirurgias-eletivas.jpeg","type":"image\/jpeg"}],"author":"Reda\u00e7\u00e3o Portal MF","twitter_card":"summary_large_image","twitter_creator":"@https:\/\/x.com\/portalmfoficial","twitter_misc":{"Escrito por":"Reda\u00e7\u00e3o Portal MF","Est. tempo de leitura":"2 minutos"},"schema":{"@context":"https:\/\/schema.org","@graph":[{"@type":"WebPage","@id":"https:\/\/portalmf.com.br\/index.php\/2024\/08\/28\/com-investimento-do-governo-do-estado-santo-estevao-da-inicio-a-programa-de-reducao-de-filas-de-cirurgias-eletivas\/","url":"https:\/\/portalmf.com.br\/index.php\/2024\/08\/28\/com-investimento-do-governo-do-estado-santo-estevao-da-inicio-a-programa-de-reducao-de-filas-de-cirurgias-eletivas\/","name":"Com investimento do Governo do Estado, Santo Est\u00eav\u00e3o d\u00e1 in\u00edcio a programa de redu\u00e7\u00e3o de filas de cirurgias eletivas - Portal MF","isPartOf":{"@id":"https:\/\/portalmf.com.br\/#website"},"primaryImageOfPage":{"@id":"https:\/\/portalmf.com.br\/index.php\/2024\/08\/28\/com-investimento-do-governo-do-estado-santo-estevao-da-inicio-a-programa-de-reducao-de-filas-de-cirurgias-eletivas\/#primaryimage"},"image":{"@id":"https:\/\/portalmf.com.br\/index.php\/2024\/08\/28\/com-investimento-do-governo-do-estado-santo-estevao-da-inicio-a-programa-de-reducao-de-filas-de-cirurgias-eletivas\/#primaryimage"},"thumbnailUrl":"https:\/\/portalmf.com.br\/wp-content\/uploads\/2024\/08\/Com-investimento-do-Governo-do-Estado-Santo-Estevao-da-inicio-a-programa-de-reducao-de-filas-de-cirurgias-eletivas.jpeg","datePublished":"2024-08-28T17:34:36+00:00","dateModified":"2024-08-30T17:35:56+00:00","author":{"@id":"https:\/\/portalmf.com.br\/#\/schema\/person\/9ec101baf56233e53520c26de5d6f6f0"},"breadcrumb":{"@id":"https:\/\/portalmf.com.br\/index.php\/2024\/08\/28\/com-investimento-do-governo-do-estado-santo-estevao-da-inicio-a-programa-de-reducao-de-filas-de-cirurgias-eletivas\/#breadcrumb"},"inLanguage":"pt-BR","potentialAction":[{"@type":"ReadAction","target":["https:\/\/portalmf.com.br\/index.php\/2024\/08\/28\/com-investimento-do-governo-do-estado-santo-estevao-da-inicio-a-programa-de-reducao-de-filas-de-cirurgias-eletivas\/"]}]},{"@type":"ImageObject","inLanguage":"pt-BR","@id":"https:\/\/portalmf.com.br\/index.php\/2024\/08\/28\/com-investimento-do-governo-do-estado-santo-estevao-da-inicio-a-programa-de-reducao-de-filas-de-cirurgias-eletivas\/#primaryimage","url":"https:\/\/portalmf.com.br\/wp-content\/uploads\/2024\/08\/Com-investimento-do-Governo-do-Estado-Santo-Estevao-da-inicio-a-programa-de-reducao-de-filas-de-cirurgias-eletivas.jpeg","contentUrl":"https:\/\/portalmf.com.br\/wp-content\/uploads\/2024\/08\/Com-investimento-do-Governo-do-Estado-Santo-Estevao-da-inicio-a-programa-de-reducao-de-filas-de-cirurgias-eletivas.jpeg","width":360,"height":240},{"@type":"BreadcrumbList","@id":"https:\/\/portalmf.com.br\/index.php\/2024\/08\/28\/com-investimento-do-governo-do-estado-santo-estevao-da-inicio-a-programa-de-reducao-de-filas-de-cirurgias-eletivas\/#breadcrumb","itemListElement":[{"@type":"ListItem","position":1,"name":"In\u00edcio","item":"https:\/\/portalmf.com.br\/"},{"@type":"ListItem","position":2,"name":"Com investimento do Governo do Estado, Santo Est\u00eav\u00e3o d\u00e1 in\u00edcio a programa de redu\u00e7\u00e3o de filas de cirurgias eletivas"}]},{"@type":"WebSite","@id":"https:\/\/portalmf.com.br\/#website","url":"https:\/\/portalmf.com.br\/","name":"Portal MF","description":"Voc\u00ea conectado com a informa\u00e7\u00e3o","potentialAction":[{"@type":"SearchAction","target":{"@type":"EntryPoint","urlTemplate":"https:\/\/portalmf.com.br\/?s={search_term_string}"},"query-input":"required name=search_term_string"}],"inLanguage":"pt-BR"},{"@type":"Person","@id":"https:\/\/portalmf.com.br\/#\/schema\/person\/9ec101baf56233e53520c26de5d6f6f0","name":"Reda\u00e7\u00e3o Portal MF","image":{"@type":"ImageObject","inLanguage":"pt-BR","@id":"https:\/\/portalmf.com.br\/#\/schema\/person\/image\/","url":"https:\/\/secure.gravatar.com\/avatar\/41b9aaeb2100835f7c64362330f74c7f?s=96&d=mm&r=g","contentUrl":"https:\/\/secure.gravatar.com\/avatar\/41b9aaeb2100835f7c64362330f74c7f?s=96&d=mm&r=g","caption":"Reda\u00e7\u00e3o Portal MF"},"description":"Sejam bem-vindos o portal de informa\u00e7\u00f5es de entretenimento de Feira de Santana, desde 2006 realiza coberturas dos principais eventos com entrevistas exclusivas com as principais personalidades mundiais. Fique conectado tamb\u00e9m nas redes sociais.","sameAs":["http:\/\/www.portalmf.com.br\/","https:\/\/www.facebook.com\/portalmfoficial","https:\/\/www.instagram.com\/portalmf\/","https:\/\/x.com\/https:\/\/x.com\/portalmfoficial","https:\/\/www.youtube.com\/@portalmfoficial"],"url":"https:\/\/portalmf.com.br\/index.php\/author\/junior\/"}]}},"_links":{"self":[{"href":"https:\/\/portalmf.com.br\/index.php\/wp-json\/wp\/v2\/posts\/29256"}],"collection":[{"href":"https:\/\/portalmf.com.br\/index.php\/wp-json\/wp\/v2\/posts"}],"about":[{"href":"https:\/\/portalmf.com.br\/index.php\/wp-json\/wp\/v2\/types\/post"}],"author":[{"embeddable":true,"href":"https:\/\/portalmf.com.br\/index.php\/wp-json\/wp\/v2\/users\/3"}],"replies":[{"embeddable":true,"href":"https:\/\/portalmf.com.br\/index.php\/wp-json\/wp\/v2\/comments?post=29256"}],"version-history":[{"count":1,"href":"https:\/\/portalmf.com.br\/index.php\/wp-json\/wp\/v2\/posts\/29256\/revisions"}],"predecessor-version":[{"id":29258,"href":"https:\/\/portalmf.com.br\/index.php\/wp-json\/wp\/v2\/posts\/29256\/revisions\/29258"}],"wp:featuredmedia":[{"embeddable":true,"href":"https:\/\/portalmf.com.br\/index.php\/wp-json\/wp\/v2\/media\/29257"}],"wp:attachment":[{"href":"https:\/\/portalmf.com.br\/index.php\/wp-json\/wp\/v2\/media?parent=29256"}],"wp:term":[{"taxonomy":"category","embeddable":true,"href":"https:\/\/portalmf.com.br\/index.php\/wp-json\/wp\/v2\/categories?post=29256"},{"taxonomy":"post_tag","embeddable":true,"href":"https:\/\/portalmf.com.br\/index.php\/wp-json\/wp\/v2\/tags?post=29256"}],"curies":[{"name":"wp","href":"https:\/\/api.w.org\/{rel}","templated":true}]}}