{"id":29253,"date":"2024-08-28T14:32:43","date_gmt":"2024-08-28T17:32:43","guid":{"rendered":"https:\/\/portalmf.com.br\/?p=29253"},"modified":"2024-08-30T14:34:22","modified_gmt":"2024-08-30T17:34:22","slug":"ze-neto-e-sandro-narizeu-vao-liderar-integracao-e-novo-futuro-para-feira-de-santana-afirma-governador-jeronimo","status":"publish","type":"post","link":"https:\/\/portalmf.com.br\/index.php\/2024\/08\/28\/ze-neto-e-sandro-narizeu-vao-liderar-integracao-e-novo-futuro-para-feira-de-santana-afirma-governador-jeronimo\/","title":{"rendered":"Z\u00e9 Neto e Sandro Narizeu v\u00e3o liderar integra\u00e7\u00e3o e novo futuro para Feira de Santana, afirma governador Jer\u00f4nimo"},"content":{"rendered":"\n<p>O governador Jer\u00f4nimo Rodrigues (PT) destacou a import\u00e2ncia da elei\u00e7\u00e3o de Z\u00e9 Neto (PT) e Sandro Narizeu \u00e0 prefeitura de Feira de Santana para romper com o isolamento regional da cidade e fortalecer as parcerias que visam melhorar os servi\u00e7os p\u00fablicos e a qualidade de vida dos feirenses. Em encontro com candidatos a prefeito de 17 cidades do Portal do Sert\u00e3o, na noite desta ter\u00e7a-feira (27), o chefe do executivo citou como exemplo a n\u00e3o integra\u00e7\u00e3o e colabora\u00e7\u00e3o da prefeitura de Feira com o Cons\u00f3rcio do Portal do Sert\u00e3o para planejar pol\u00edticas p\u00fablicas de interesse comum dos munic\u00edpios da regi\u00e3o. Jer\u00f4nimo citou ainda que prova disso \u00e9 a divida da gest\u00e3o Colbert Martins (MDB), estimada em R$ 850 mil, com a Policl\u00ednica Regional de Sa\u00fade, sobrecarregando outras cidades que integram o cons\u00f3rcio. Ele mencionou os cons\u00f3rcios como um exemplo de sucesso em \u00e1reas como sa\u00fade, infraestrutura e res\u00edduos s\u00f3lidos, enfatizando que essas parcerias permitem que os munic\u00edpios ofere\u00e7am servi\u00e7os mais eficientes e acess\u00edveis \u00e0 popula\u00e7\u00e3o, mas que Feira de Santana, por op\u00e7\u00e3o da atual gest\u00e3o, n\u00e3o coopera com o desenvolvimento do territ\u00f3rio.<\/p>\n\n\n\n<p><em>&#8220;Tem cons\u00f3rcio de sa\u00fade, tem cons\u00f3rcio de infraestrutura, cons\u00f3rcios para os res\u00edduos s\u00f3lidos mas na medida em que o prefeito n\u00e3o colabora com essa unidade, dificulta a formula\u00e7\u00e3o de pol\u00edticas p\u00fablicas que melhorem a vida da popula\u00e7\u00e3o&#8221;,<\/em> afirmou Jer\u00f4nimo.<\/p>\n\n\n\n<p>O governador argumentou que Feira de Santana n\u00e3o pode continuar isolada e que a elei\u00e7\u00e3o de Z\u00e9 Neto e Sandro Narizeu \u00e9 crucial para fortalecer a unidade entre a cidade e os munic\u00edpios vizinhos, bem como para pensar o futuro do territ\u00f3rio.<\/p>\n\n\n\n<p><em>&#8220;Ent\u00e3o n\u00e3o tem como a gente ter no munic\u00edpio de Feira de Santana, o seu isolamento. \u00c9 fundamental que Feira Santana tenha um prefeito e um vice-prefeito que possa fortalecer a unidade com os munic\u00edpios do seu entorno. \u00c9 pensar o futuro e fazer ele acontecer&#8221;<\/em>, avaliou o l\u00edder pol\u00edtico do Estado.<\/p>\n\n\n\n<p>Jer\u00f4nimo afirmou que essa colabora\u00e7\u00e3o permitir\u00e1 uma melhor coordena\u00e7\u00e3o das a\u00e7\u00f5es e atender\u00e1 com mais efici\u00eancia \u00e0s necessidades da popula\u00e7\u00e3o, especialmente com os apoios do seu governo e do presidente Lula.<\/p>\n\n\n\n<p><em>&#8220;Para que Feira de Santana possa se integrar de maneira eficaz com seus vizinhos e beneficiar-se das parcerias regionais, com nosso governo e do presidente Lula, \u00e9 fundamental que a cidade tenha um prefeito e um vice-prefeito comprometidos com essa vis\u00e3o de unidade. Z\u00e9 Neto e Sandro Narizeu s\u00e3o os candidatos ideais para liderar essa transforma\u00e7\u00e3o e construir esse novo futuro&#8221;,<\/em> concluiu o governador.<\/p>\n","protected":false},"excerpt":{"rendered":"<p>O governador Jer\u00f4nimo Rodrigues (PT) destacou a import\u00e2ncia da elei\u00e7\u00e3o de Z\u00e9 Neto (PT) e Sandro Narizeu \u00e0 prefeitura de Feira de Santana para romper com o isolamento regional da cidade e fortalecer as parcerias que visam melhorar os servi\u00e7os p\u00fablicos e a qualidade de vida dos feirenses. Em encontro com candidatos a prefeito de [&hellip;]<\/p>\n","protected":false},"author":3,"featured_media":29254,"comment_status":"open","ping_status":"open","sticky":false,"template":"","format":"standard","meta":{"_monsterinsights_skip_tracking":false,"_monsterinsights_sitenote_active":false,"_monsterinsights_sitenote_note":"","_monsterinsights_sitenote_category":0,"footnotes":""},"categories":[301,34],"tags":[],"yoast_head":"<!-- This site is optimized with the Yoast SEO plugin v22.9 - https:\/\/yoast.com\/wordpress\/plugins\/seo\/ -->\n<title>Z\u00e9 Neto e Sandro Narizeu v\u00e3o liderar integra\u00e7\u00e3o e novo futuro para Feira de Santana, afirma governador Jer\u00f4nimo - Portal MF<\/title>\n<meta name=\"robots\" content=\"index, follow, max-snippet:-1, max-image-preview:large, max-video-preview:-1\" \/>\n<link rel=\"canonical\" href=\"https:\/\/portalmf.com.br\/index.php\/2024\/08\/28\/ze-neto-e-sandro-narizeu-vao-liderar-integracao-e-novo-futuro-para-feira-de-santana-afirma-governador-jeronimo\/\" \/>\n<meta property=\"og:locale\" content=\"pt_BR\" \/>\n<meta property=\"og:type\" content=\"article\" \/>\n<meta property=\"og:title\" content=\"Z\u00e9 Neto e Sandro Narizeu v\u00e3o liderar integra\u00e7\u00e3o e novo futuro para Feira de Santana, afirma governador Jer\u00f4nimo - Portal MF\" \/>\n<meta property=\"og:description\" content=\"O governador Jer\u00f4nimo Rodrigues (PT) destacou a import\u00e2ncia da elei\u00e7\u00e3o de Z\u00e9 Neto (PT) e Sandro Narizeu \u00e0 prefeitura de Feira de Santana para romper com o isolamento regional da cidade e fortalecer as parcerias que visam melhorar os servi\u00e7os p\u00fablicos e a qualidade de vida dos feirenses. Em encontro com candidatos a prefeito de [&hellip;]\" \/>\n<meta property=\"og:url\" content=\"https:\/\/portalmf.com.br\/index.php\/2024\/08\/28\/ze-neto-e-sandro-narizeu-vao-liderar-integracao-e-novo-futuro-para-feira-de-santana-afirma-governador-jeronimo\/\" \/>\n<meta property=\"og:site_name\" content=\"Portal MF\" \/>\n<meta property=\"article:author\" content=\"https:\/\/www.facebook.com\/portalmfoficial\" \/>\n<meta property=\"article:published_time\" content=\"2024-08-28T17:32:43+00:00\" \/>\n<meta property=\"article:modified_time\" content=\"2024-08-30T17:34:22+00:00\" \/>\n<meta property=\"og:image\" content=\"https:\/\/portalmf.com.br\/wp-content\/uploads\/2024\/08\/WhatsApp-Image-2024-08-28-at-09.14.01.jpeg\" \/>\n\t<meta property=\"og:image:width\" content=\"1280\" \/>\n\t<meta property=\"og:image:height\" content=\"854\" \/>\n\t<meta property=\"og:image:type\" content=\"image\/jpeg\" \/>\n<meta name=\"author\" content=\"Reda\u00e7\u00e3o Portal MF\" \/>\n<meta name=\"twitter:card\" content=\"summary_large_image\" \/>\n<meta name=\"twitter:creator\" content=\"@https:\/\/x.com\/portalmfoficial\" \/>\n<meta name=\"twitter:label1\" content=\"Escrito por\" \/>\n\t<meta name=\"twitter:data1\" content=\"Reda\u00e7\u00e3o Portal MF\" \/>\n\t<meta name=\"twitter:label2\" content=\"Est. tempo de leitura\" \/>\n\t<meta name=\"twitter:data2\" content=\"3 minutos\" \/>\n<script type=\"application\/ld+json\" class=\"yoast-schema-graph\">{\"@context\":\"https:\/\/schema.org\",\"@graph\":[{\"@type\":\"WebPage\",\"@id\":\"https:\/\/portalmf.com.br\/index.php\/2024\/08\/28\/ze-neto-e-sandro-narizeu-vao-liderar-integracao-e-novo-futuro-para-feira-de-santana-afirma-governador-jeronimo\/\",\"url\":\"https:\/\/portalmf.com.br\/index.php\/2024\/08\/28\/ze-neto-e-sandro-narizeu-vao-liderar-integracao-e-novo-futuro-para-feira-de-santana-afirma-governador-jeronimo\/\",\"name\":\"Z\u00e9 Neto e Sandro Narizeu v\u00e3o liderar integra\u00e7\u00e3o e novo futuro para Feira de Santana, afirma governador Jer\u00f4nimo - Portal MF\",\"isPartOf\":{\"@id\":\"https:\/\/portalmf.com.br\/#website\"},\"primaryImageOfPage\":{\"@id\":\"https:\/\/portalmf.com.br\/index.php\/2024\/08\/28\/ze-neto-e-sandro-narizeu-vao-liderar-integracao-e-novo-futuro-para-feira-de-santana-afirma-governador-jeronimo\/#primaryimage\"},\"image\":{\"@id\":\"https:\/\/portalmf.com.br\/index.php\/2024\/08\/28\/ze-neto-e-sandro-narizeu-vao-liderar-integracao-e-novo-futuro-para-feira-de-santana-afirma-governador-jeronimo\/#primaryimage\"},\"thumbnailUrl\":\"https:\/\/portalmf.com.br\/wp-content\/uploads\/2024\/08\/WhatsApp-Image-2024-08-28-at-09.14.01.jpeg\",\"datePublished\":\"2024-08-28T17:32:43+00:00\",\"dateModified\":\"2024-08-30T17:34:22+00:00\",\"author\":{\"@id\":\"https:\/\/portalmf.com.br\/#\/schema\/person\/9ec101baf56233e53520c26de5d6f6f0\"},\"breadcrumb\":{\"@id\":\"https:\/\/portalmf.com.br\/index.php\/2024\/08\/28\/ze-neto-e-sandro-narizeu-vao-liderar-integracao-e-novo-futuro-para-feira-de-santana-afirma-governador-jeronimo\/#breadcrumb\"},\"inLanguage\":\"pt-BR\",\"potentialAction\":[{\"@type\":\"ReadAction\",\"target\":[\"https:\/\/portalmf.com.br\/index.php\/2024\/08\/28\/ze-neto-e-sandro-narizeu-vao-liderar-integracao-e-novo-futuro-para-feira-de-santana-afirma-governador-jeronimo\/\"]}]},{\"@type\":\"ImageObject\",\"inLanguage\":\"pt-BR\",\"@id\":\"https:\/\/portalmf.com.br\/index.php\/2024\/08\/28\/ze-neto-e-sandro-narizeu-vao-liderar-integracao-e-novo-futuro-para-feira-de-santana-afirma-governador-jeronimo\/#primaryimage\",\"url\":\"https:\/\/portalmf.com.br\/wp-content\/uploads\/2024\/08\/WhatsApp-Image-2024-08-28-at-09.14.01.jpeg\",\"contentUrl\":\"https:\/\/portalmf.com.br\/wp-content\/uploads\/2024\/08\/WhatsApp-Image-2024-08-28-at-09.14.01.jpeg\",\"width\":1280,\"height\":854},{\"@type\":\"BreadcrumbList\",\"@id\":\"https:\/\/portalmf.com.br\/index.php\/2024\/08\/28\/ze-neto-e-sandro-narizeu-vao-liderar-integracao-e-novo-futuro-para-feira-de-santana-afirma-governador-jeronimo\/#breadcrumb\",\"itemListElement\":[{\"@type\":\"ListItem\",\"position\":1,\"name\":\"In\u00edcio\",\"item\":\"https:\/\/portalmf.com.br\/\"},{\"@type\":\"ListItem\",\"position\":2,\"name\":\"Z\u00e9 Neto e Sandro Narizeu v\u00e3o liderar integra\u00e7\u00e3o e novo futuro para Feira de Santana, afirma governador Jer\u00f4nimo\"}]},{\"@type\":\"WebSite\",\"@id\":\"https:\/\/portalmf.com.br\/#website\",\"url\":\"https:\/\/portalmf.com.br\/\",\"name\":\"Portal MF\",\"description\":\"Voc\u00ea conectado com a informa\u00e7\u00e3o\",\"potentialAction\":[{\"@type\":\"SearchAction\",\"target\":{\"@type\":\"EntryPoint\",\"urlTemplate\":\"https:\/\/portalmf.com.br\/?s={search_term_string}\"},\"query-input\":\"required name=search_term_string\"}],\"inLanguage\":\"pt-BR\"},{\"@type\":\"Person\",\"@id\":\"https:\/\/portalmf.com.br\/#\/schema\/person\/9ec101baf56233e53520c26de5d6f6f0\",\"name\":\"Reda\u00e7\u00e3o Portal MF\",\"image\":{\"@type\":\"ImageObject\",\"inLanguage\":\"pt-BR\",\"@id\":\"https:\/\/portalmf.com.br\/#\/schema\/person\/image\/\",\"url\":\"https:\/\/secure.gravatar.com\/avatar\/41b9aaeb2100835f7c64362330f74c7f?s=96&d=mm&r=g\",\"contentUrl\":\"https:\/\/secure.gravatar.com\/avatar\/41b9aaeb2100835f7c64362330f74c7f?s=96&d=mm&r=g\",\"caption\":\"Reda\u00e7\u00e3o Portal MF\"},\"description\":\"Sejam bem-vindos o portal de informa\u00e7\u00f5es de entretenimento de Feira de Santana, desde 2006 realiza coberturas dos principais eventos com entrevistas exclusivas com as principais personalidades mundiais. Fique conectado tamb\u00e9m nas redes sociais.\",\"sameAs\":[\"http:\/\/www.portalmf.com.br\/\",\"https:\/\/www.facebook.com\/portalmfoficial\",\"https:\/\/www.instagram.com\/portalmf\/\",\"https:\/\/x.com\/https:\/\/x.com\/portalmfoficial\",\"https:\/\/www.youtube.com\/@portalmfoficial\"],\"url\":\"https:\/\/portalmf.com.br\/index.php\/author\/junior\/\"}]}<\/script>\n<!-- \/ Yoast SEO plugin. -->","yoast_head_json":{"title":"Z\u00e9 Neto e Sandro Narizeu v\u00e3o liderar integra\u00e7\u00e3o e novo futuro para Feira de Santana, afirma governador Jer\u00f4nimo - Portal MF","robots":{"index":"index","follow":"follow","max-snippet":"max-snippet:-1","max-image-preview":"max-image-preview:large","max-video-preview":"max-video-preview:-1"},"canonical":"https:\/\/portalmf.com.br\/index.php\/2024\/08\/28\/ze-neto-e-sandro-narizeu-vao-liderar-integracao-e-novo-futuro-para-feira-de-santana-afirma-governador-jeronimo\/","og_locale":"pt_BR","og_type":"article","og_title":"Z\u00e9 Neto e Sandro Narizeu v\u00e3o liderar integra\u00e7\u00e3o e novo futuro para Feira de Santana, afirma governador Jer\u00f4nimo - Portal MF","og_description":"O governador Jer\u00f4nimo Rodrigues (PT) destacou a import\u00e2ncia da elei\u00e7\u00e3o de Z\u00e9 Neto (PT) e Sandro Narizeu \u00e0 prefeitura de Feira de Santana para romper com o isolamento regional da cidade e fortalecer as parcerias que visam melhorar os servi\u00e7os p\u00fablicos e a qualidade de vida dos feirenses. Em encontro com candidatos a prefeito de [&hellip;]","og_url":"https:\/\/portalmf.com.br\/index.php\/2024\/08\/28\/ze-neto-e-sandro-narizeu-vao-liderar-integracao-e-novo-futuro-para-feira-de-santana-afirma-governador-jeronimo\/","og_site_name":"Portal MF","article_author":"https:\/\/www.facebook.com\/portalmfoficial","article_published_time":"2024-08-28T17:32:43+00:00","article_modified_time":"2024-08-30T17:34:22+00:00","og_image":[{"width":1280,"height":854,"url":"https:\/\/portalmf.com.br\/wp-content\/uploads\/2024\/08\/WhatsApp-Image-2024-08-28-at-09.14.01.jpeg","type":"image\/jpeg"}],"author":"Reda\u00e7\u00e3o Portal MF","twitter_card":"summary_large_image","twitter_creator":"@https:\/\/x.com\/portalmfoficial","twitter_misc":{"Escrito por":"Reda\u00e7\u00e3o Portal MF","Est. tempo de leitura":"3 minutos"},"schema":{"@context":"https:\/\/schema.org","@graph":[{"@type":"WebPage","@id":"https:\/\/portalmf.com.br\/index.php\/2024\/08\/28\/ze-neto-e-sandro-narizeu-vao-liderar-integracao-e-novo-futuro-para-feira-de-santana-afirma-governador-jeronimo\/","url":"https:\/\/portalmf.com.br\/index.php\/2024\/08\/28\/ze-neto-e-sandro-narizeu-vao-liderar-integracao-e-novo-futuro-para-feira-de-santana-afirma-governador-jeronimo\/","name":"Z\u00e9 Neto e Sandro Narizeu v\u00e3o liderar integra\u00e7\u00e3o e novo futuro para Feira de Santana, afirma governador Jer\u00f4nimo - Portal MF","isPartOf":{"@id":"https:\/\/portalmf.com.br\/#website"},"primaryImageOfPage":{"@id":"https:\/\/portalmf.com.br\/index.php\/2024\/08\/28\/ze-neto-e-sandro-narizeu-vao-liderar-integracao-e-novo-futuro-para-feira-de-santana-afirma-governador-jeronimo\/#primaryimage"},"image":{"@id":"https:\/\/portalmf.com.br\/index.php\/2024\/08\/28\/ze-neto-e-sandro-narizeu-vao-liderar-integracao-e-novo-futuro-para-feira-de-santana-afirma-governador-jeronimo\/#primaryimage"},"thumbnailUrl":"https:\/\/portalmf.com.br\/wp-content\/uploads\/2024\/08\/WhatsApp-Image-2024-08-28-at-09.14.01.jpeg","datePublished":"2024-08-28T17:32:43+00:00","dateModified":"2024-08-30T17:34:22+00:00","author":{"@id":"https:\/\/portalmf.com.br\/#\/schema\/person\/9ec101baf56233e53520c26de5d6f6f0"},"breadcrumb":{"@id":"https:\/\/portalmf.com.br\/index.php\/2024\/08\/28\/ze-neto-e-sandro-narizeu-vao-liderar-integracao-e-novo-futuro-para-feira-de-santana-afirma-governador-jeronimo\/#breadcrumb"},"inLanguage":"pt-BR","potentialAction":[{"@type":"ReadAction","target":["https:\/\/portalmf.com.br\/index.php\/2024\/08\/28\/ze-neto-e-sandro-narizeu-vao-liderar-integracao-e-novo-futuro-para-feira-de-santana-afirma-governador-jeronimo\/"]}]},{"@type":"ImageObject","inLanguage":"pt-BR","@id":"https:\/\/portalmf.com.br\/index.php\/2024\/08\/28\/ze-neto-e-sandro-narizeu-vao-liderar-integracao-e-novo-futuro-para-feira-de-santana-afirma-governador-jeronimo\/#primaryimage","url":"https:\/\/portalmf.com.br\/wp-content\/uploads\/2024\/08\/WhatsApp-Image-2024-08-28-at-09.14.01.jpeg","contentUrl":"https:\/\/portalmf.com.br\/wp-content\/uploads\/2024\/08\/WhatsApp-Image-2024-08-28-at-09.14.01.jpeg","width":1280,"height":854},{"@type":"BreadcrumbList","@id":"https:\/\/portalmf.com.br\/index.php\/2024\/08\/28\/ze-neto-e-sandro-narizeu-vao-liderar-integracao-e-novo-futuro-para-feira-de-santana-afirma-governador-jeronimo\/#breadcrumb","itemListElement":[{"@type":"ListItem","position":1,"name":"In\u00edcio","item":"https:\/\/portalmf.com.br\/"},{"@type":"ListItem","position":2,"name":"Z\u00e9 Neto e Sandro Narizeu v\u00e3o liderar integra\u00e7\u00e3o e novo futuro para Feira de Santana, afirma governador Jer\u00f4nimo"}]},{"@type":"WebSite","@id":"https:\/\/portalmf.com.br\/#website","url":"https:\/\/portalmf.com.br\/","name":"Portal MF","description":"Voc\u00ea conectado com a informa\u00e7\u00e3o","potentialAction":[{"@type":"SearchAction","target":{"@type":"EntryPoint","urlTemplate":"https:\/\/portalmf.com.br\/?s={search_term_string}"},"query-input":"required name=search_term_string"}],"inLanguage":"pt-BR"},{"@type":"Person","@id":"https:\/\/portalmf.com.br\/#\/schema\/person\/9ec101baf56233e53520c26de5d6f6f0","name":"Reda\u00e7\u00e3o Portal MF","image":{"@type":"ImageObject","inLanguage":"pt-BR","@id":"https:\/\/portalmf.com.br\/#\/schema\/person\/image\/","url":"https:\/\/secure.gravatar.com\/avatar\/41b9aaeb2100835f7c64362330f74c7f?s=96&d=mm&r=g","contentUrl":"https:\/\/secure.gravatar.com\/avatar\/41b9aaeb2100835f7c64362330f74c7f?s=96&d=mm&r=g","caption":"Reda\u00e7\u00e3o Portal MF"},"description":"Sejam bem-vindos o portal de informa\u00e7\u00f5es de entretenimento de Feira de Santana, desde 2006 realiza coberturas dos principais eventos com entrevistas exclusivas com as principais personalidades mundiais. Fique conectado tamb\u00e9m nas redes sociais.","sameAs":["http:\/\/www.portalmf.com.br\/","https:\/\/www.facebook.com\/portalmfoficial","https:\/\/www.instagram.com\/portalmf\/","https:\/\/x.com\/https:\/\/x.com\/portalmfoficial","https:\/\/www.youtube.com\/@portalmfoficial"],"url":"https:\/\/portalmf.com.br\/index.php\/author\/junior\/"}]}},"_links":{"self":[{"href":"https:\/\/portalmf.com.br\/index.php\/wp-json\/wp\/v2\/posts\/29253"}],"collection":[{"href":"https:\/\/portalmf.com.br\/index.php\/wp-json\/wp\/v2\/posts"}],"about":[{"href":"https:\/\/portalmf.com.br\/index.php\/wp-json\/wp\/v2\/types\/post"}],"author":[{"embeddable":true,"href":"https:\/\/portalmf.com.br\/index.php\/wp-json\/wp\/v2\/users\/3"}],"replies":[{"embeddable":true,"href":"https:\/\/portalmf.com.br\/index.php\/wp-json\/wp\/v2\/comments?post=29253"}],"version-history":[{"count":1,"href":"https:\/\/portalmf.com.br\/index.php\/wp-json\/wp\/v2\/posts\/29253\/revisions"}],"predecessor-version":[{"id":29255,"href":"https:\/\/portalmf.com.br\/index.php\/wp-json\/wp\/v2\/posts\/29253\/revisions\/29255"}],"wp:featuredmedia":[{"embeddable":true,"href":"https:\/\/portalmf.com.br\/index.php\/wp-json\/wp\/v2\/media\/29254"}],"wp:attachment":[{"href":"https:\/\/portalmf.com.br\/index.php\/wp-json\/wp\/v2\/media?parent=29253"}],"wp:term":[{"taxonomy":"category","embeddable":true,"href":"https:\/\/portalmf.com.br\/index.php\/wp-json\/wp\/v2\/categories?post=29253"},{"taxonomy":"post_tag","embeddable":true,"href":"https:\/\/portalmf.com.br\/index.php\/wp-json\/wp\/v2\/tags?post=29253"}],"curies":[{"name":"wp","href":"https:\/\/api.w.org\/{rel}","templated":true}]}}