{"id":29250,"date":"2024-08-29T20:29:00","date_gmt":"2024-08-29T23:29:00","guid":{"rendered":"https:\/\/portalmf.com.br\/?p=29250"},"modified":"2024-08-30T14:31:05","modified_gmt":"2024-08-30T17:31:05","slug":"jose-ronaldo-promete-incentivos-ao-esporte-durante-caminhada-no-feira-vii","status":"publish","type":"post","link":"https:\/\/portalmf.com.br\/index.php\/2024\/08\/29\/jose-ronaldo-promete-incentivos-ao-esporte-durante-caminhada-no-feira-vii\/","title":{"rendered":"Jos\u00e9 Ronaldo promete incentivos ao esporte durante caminhada no Feira VII"},"content":{"rendered":"\n<p>Na noite desta quarta-feira (28), durante uma caminhada pelo Conjunto Feira VII, Jos\u00e9 Ronaldo, candidato a prefeito de Feira de Santana pelo Uni\u00e3o Brasil, se comprometeu a investir na promo\u00e7\u00e3o de diversas modalidades esportivas, caso seja eleito. Acompanhado por jovens entusiastas, ele destacou a import\u00e2ncia do esporte para o desenvolvimento social e afirmou que sua gest\u00e3o priorizar\u00e1 a cria\u00e7\u00e3o e revitaliza\u00e7\u00e3o de espa\u00e7os esportivos tanto nos bairros quanto na zona rural.<\/p>\n\n\n\n<p>Jos\u00e9 Ronaldo, que possui um hist\u00f3rico de apoio ao esporte, relembrou as a\u00e7\u00f5es de suas gest\u00f5es anteriores, nas quais foram constru\u00eddos 32 espa\u00e7os esportivos na cidade. Entre eles, destacam-se uma pista profissional de bicicross, pistas de skate, quadras poliesportivas, gin\u00e1sios, est\u00e1dios e o Complexo Poliesportivo Oyama Pinto. Al\u00e9m disso, ele promoveu a Copa de Bairros e a Copa Interdistrital e trouxe para Feira de Santana etapas de competi\u00e7\u00f5es de diversas modalidades, como as artes marciais.<\/p>\n\n\n\n<p>O candidato ressaltou que o incentivo ao esporte \u00e9 fundamental para a constru\u00e7\u00e3o de uma sociedade mais saud\u00e1vel e segura. <\/p>\n\n\n\n<p><em>&#8220;Queremos que Feira de Santana seja um polo esportivo, com atividades acontecendo diariamente em v\u00e1rias modalidades. Acreditamos que o esporte, al\u00e9m de melhorar a sa\u00fade, \u00e9 uma poderosa ferramenta para afastar os jovens das drogas e promover a cidadania&#8221;,<\/em> afirmou Jos\u00e9 Ronaldo.<\/p>\n\n\n\n<p>Foto: Ascom\/Jos\u00e9 Ronaldo<\/p>\n","protected":false},"excerpt":{"rendered":"<p>Na noite desta quarta-feira (28), durante uma caminhada pelo Conjunto Feira VII, Jos\u00e9 Ronaldo, candidato a prefeito de Feira de Santana pelo Uni\u00e3o Brasil, se comprometeu a investir na promo\u00e7\u00e3o de diversas modalidades esportivas, caso seja eleito. Acompanhado por jovens entusiastas, ele destacou a import\u00e2ncia do esporte para o desenvolvimento social e afirmou que sua [&hellip;]<\/p>\n","protected":false},"author":3,"featured_media":29251,"comment_status":"open","ping_status":"open","sticky":false,"template":"","format":"standard","meta":{"_monsterinsights_skip_tracking":false,"_monsterinsights_sitenote_active":false,"_monsterinsights_sitenote_note":"","_monsterinsights_sitenote_category":0,"footnotes":""},"categories":[301,34],"tags":[],"yoast_head":"<!-- This site is optimized with the Yoast SEO plugin v22.9 - https:\/\/yoast.com\/wordpress\/plugins\/seo\/ -->\n<title>Jos\u00e9 Ronaldo promete incentivos ao esporte durante caminhada no Feira VII - Portal MF<\/title>\n<meta name=\"robots\" content=\"index, follow, max-snippet:-1, max-image-preview:large, max-video-preview:-1\" \/>\n<link rel=\"canonical\" href=\"https:\/\/portalmf.com.br\/index.php\/2024\/08\/29\/jose-ronaldo-promete-incentivos-ao-esporte-durante-caminhada-no-feira-vii\/\" \/>\n<meta property=\"og:locale\" content=\"pt_BR\" \/>\n<meta property=\"og:type\" content=\"article\" \/>\n<meta property=\"og:title\" content=\"Jos\u00e9 Ronaldo promete incentivos ao esporte durante caminhada no Feira VII - Portal MF\" \/>\n<meta property=\"og:description\" content=\"Na noite desta quarta-feira (28), durante uma caminhada pelo Conjunto Feira VII, Jos\u00e9 Ronaldo, candidato a prefeito de Feira de Santana pelo Uni\u00e3o Brasil, se comprometeu a investir na promo\u00e7\u00e3o de diversas modalidades esportivas, caso seja eleito. Acompanhado por jovens entusiastas, ele destacou a import\u00e2ncia do esporte para o desenvolvimento social e afirmou que sua [&hellip;]\" \/>\n<meta property=\"og:url\" content=\"https:\/\/portalmf.com.br\/index.php\/2024\/08\/29\/jose-ronaldo-promete-incentivos-ao-esporte-durante-caminhada-no-feira-vii\/\" \/>\n<meta property=\"og:site_name\" content=\"Portal MF\" \/>\n<meta property=\"article:author\" content=\"https:\/\/www.facebook.com\/portalmfoficial\" \/>\n<meta property=\"article:published_time\" content=\"2024-08-29T23:29:00+00:00\" \/>\n<meta property=\"article:modified_time\" content=\"2024-08-30T17:31:05+00:00\" \/>\n<meta property=\"og:image\" content=\"https:\/\/portalmf.com.br\/wp-content\/uploads\/2024\/08\/Jose-Ronaldo-promete-incentivos-ao-esporte-durante-caminhada-no-Feira-VII.jpeg\" \/>\n\t<meta property=\"og:image:width\" content=\"1600\" \/>\n\t<meta property=\"og:image:height\" content=\"1066\" \/>\n\t<meta property=\"og:image:type\" content=\"image\/jpeg\" \/>\n<meta name=\"author\" content=\"Reda\u00e7\u00e3o Portal MF\" \/>\n<meta name=\"twitter:card\" content=\"summary_large_image\" \/>\n<meta name=\"twitter:creator\" content=\"@https:\/\/x.com\/portalmfoficial\" \/>\n<meta name=\"twitter:label1\" content=\"Escrito por\" \/>\n\t<meta name=\"twitter:data1\" content=\"Reda\u00e7\u00e3o Portal MF\" \/>\n\t<meta name=\"twitter:label2\" content=\"Est. tempo de leitura\" \/>\n\t<meta name=\"twitter:data2\" content=\"2 minutos\" \/>\n<script type=\"application\/ld+json\" class=\"yoast-schema-graph\">{\"@context\":\"https:\/\/schema.org\",\"@graph\":[{\"@type\":\"WebPage\",\"@id\":\"https:\/\/portalmf.com.br\/index.php\/2024\/08\/29\/jose-ronaldo-promete-incentivos-ao-esporte-durante-caminhada-no-feira-vii\/\",\"url\":\"https:\/\/portalmf.com.br\/index.php\/2024\/08\/29\/jose-ronaldo-promete-incentivos-ao-esporte-durante-caminhada-no-feira-vii\/\",\"name\":\"Jos\u00e9 Ronaldo promete incentivos ao esporte durante caminhada no Feira VII - Portal MF\",\"isPartOf\":{\"@id\":\"https:\/\/portalmf.com.br\/#website\"},\"primaryImageOfPage\":{\"@id\":\"https:\/\/portalmf.com.br\/index.php\/2024\/08\/29\/jose-ronaldo-promete-incentivos-ao-esporte-durante-caminhada-no-feira-vii\/#primaryimage\"},\"image\":{\"@id\":\"https:\/\/portalmf.com.br\/index.php\/2024\/08\/29\/jose-ronaldo-promete-incentivos-ao-esporte-durante-caminhada-no-feira-vii\/#primaryimage\"},\"thumbnailUrl\":\"https:\/\/portalmf.com.br\/wp-content\/uploads\/2024\/08\/Jose-Ronaldo-promete-incentivos-ao-esporte-durante-caminhada-no-Feira-VII.jpeg\",\"datePublished\":\"2024-08-29T23:29:00+00:00\",\"dateModified\":\"2024-08-30T17:31:05+00:00\",\"author\":{\"@id\":\"https:\/\/portalmf.com.br\/#\/schema\/person\/9ec101baf56233e53520c26de5d6f6f0\"},\"breadcrumb\":{\"@id\":\"https:\/\/portalmf.com.br\/index.php\/2024\/08\/29\/jose-ronaldo-promete-incentivos-ao-esporte-durante-caminhada-no-feira-vii\/#breadcrumb\"},\"inLanguage\":\"pt-BR\",\"potentialAction\":[{\"@type\":\"ReadAction\",\"target\":[\"https:\/\/portalmf.com.br\/index.php\/2024\/08\/29\/jose-ronaldo-promete-incentivos-ao-esporte-durante-caminhada-no-feira-vii\/\"]}]},{\"@type\":\"ImageObject\",\"inLanguage\":\"pt-BR\",\"@id\":\"https:\/\/portalmf.com.br\/index.php\/2024\/08\/29\/jose-ronaldo-promete-incentivos-ao-esporte-durante-caminhada-no-feira-vii\/#primaryimage\",\"url\":\"https:\/\/portalmf.com.br\/wp-content\/uploads\/2024\/08\/Jose-Ronaldo-promete-incentivos-ao-esporte-durante-caminhada-no-Feira-VII.jpeg\",\"contentUrl\":\"https:\/\/portalmf.com.br\/wp-content\/uploads\/2024\/08\/Jose-Ronaldo-promete-incentivos-ao-esporte-durante-caminhada-no-Feira-VII.jpeg\",\"width\":1600,\"height\":1066},{\"@type\":\"BreadcrumbList\",\"@id\":\"https:\/\/portalmf.com.br\/index.php\/2024\/08\/29\/jose-ronaldo-promete-incentivos-ao-esporte-durante-caminhada-no-feira-vii\/#breadcrumb\",\"itemListElement\":[{\"@type\":\"ListItem\",\"position\":1,\"name\":\"In\u00edcio\",\"item\":\"https:\/\/portalmf.com.br\/\"},{\"@type\":\"ListItem\",\"position\":2,\"name\":\"Jos\u00e9 Ronaldo promete incentivos ao esporte durante caminhada no Feira VII\"}]},{\"@type\":\"WebSite\",\"@id\":\"https:\/\/portalmf.com.br\/#website\",\"url\":\"https:\/\/portalmf.com.br\/\",\"name\":\"Portal MF\",\"description\":\"Voc\u00ea conectado com a informa\u00e7\u00e3o\",\"potentialAction\":[{\"@type\":\"SearchAction\",\"target\":{\"@type\":\"EntryPoint\",\"urlTemplate\":\"https:\/\/portalmf.com.br\/?s={search_term_string}\"},\"query-input\":\"required name=search_term_string\"}],\"inLanguage\":\"pt-BR\"},{\"@type\":\"Person\",\"@id\":\"https:\/\/portalmf.com.br\/#\/schema\/person\/9ec101baf56233e53520c26de5d6f6f0\",\"name\":\"Reda\u00e7\u00e3o Portal MF\",\"image\":{\"@type\":\"ImageObject\",\"inLanguage\":\"pt-BR\",\"@id\":\"https:\/\/portalmf.com.br\/#\/schema\/person\/image\/\",\"url\":\"https:\/\/secure.gravatar.com\/avatar\/41b9aaeb2100835f7c64362330f74c7f?s=96&d=mm&r=g\",\"contentUrl\":\"https:\/\/secure.gravatar.com\/avatar\/41b9aaeb2100835f7c64362330f74c7f?s=96&d=mm&r=g\",\"caption\":\"Reda\u00e7\u00e3o Portal MF\"},\"description\":\"Sejam bem-vindos o portal de informa\u00e7\u00f5es de entretenimento de Feira de Santana, desde 2006 realiza coberturas dos principais eventos com entrevistas exclusivas com as principais personalidades mundiais. Fique conectado tamb\u00e9m nas redes sociais.\",\"sameAs\":[\"http:\/\/www.portalmf.com.br\/\",\"https:\/\/www.facebook.com\/portalmfoficial\",\"https:\/\/www.instagram.com\/portalmf\/\",\"https:\/\/x.com\/https:\/\/x.com\/portalmfoficial\",\"https:\/\/www.youtube.com\/@portalmfoficial\"],\"url\":\"https:\/\/portalmf.com.br\/index.php\/author\/junior\/\"}]}<\/script>\n<!-- \/ Yoast SEO plugin. -->","yoast_head_json":{"title":"Jos\u00e9 Ronaldo promete incentivos ao esporte durante caminhada no Feira VII - Portal MF","robots":{"index":"index","follow":"follow","max-snippet":"max-snippet:-1","max-image-preview":"max-image-preview:large","max-video-preview":"max-video-preview:-1"},"canonical":"https:\/\/portalmf.com.br\/index.php\/2024\/08\/29\/jose-ronaldo-promete-incentivos-ao-esporte-durante-caminhada-no-feira-vii\/","og_locale":"pt_BR","og_type":"article","og_title":"Jos\u00e9 Ronaldo promete incentivos ao esporte durante caminhada no Feira VII - Portal MF","og_description":"Na noite desta quarta-feira (28), durante uma caminhada pelo Conjunto Feira VII, Jos\u00e9 Ronaldo, candidato a prefeito de Feira de Santana pelo Uni\u00e3o Brasil, se comprometeu a investir na promo\u00e7\u00e3o de diversas modalidades esportivas, caso seja eleito. Acompanhado por jovens entusiastas, ele destacou a import\u00e2ncia do esporte para o desenvolvimento social e afirmou que sua [&hellip;]","og_url":"https:\/\/portalmf.com.br\/index.php\/2024\/08\/29\/jose-ronaldo-promete-incentivos-ao-esporte-durante-caminhada-no-feira-vii\/","og_site_name":"Portal MF","article_author":"https:\/\/www.facebook.com\/portalmfoficial","article_published_time":"2024-08-29T23:29:00+00:00","article_modified_time":"2024-08-30T17:31:05+00:00","og_image":[{"width":1600,"height":1066,"url":"https:\/\/portalmf.com.br\/wp-content\/uploads\/2024\/08\/Jose-Ronaldo-promete-incentivos-ao-esporte-durante-caminhada-no-Feira-VII.jpeg","type":"image\/jpeg"}],"author":"Reda\u00e7\u00e3o Portal MF","twitter_card":"summary_large_image","twitter_creator":"@https:\/\/x.com\/portalmfoficial","twitter_misc":{"Escrito por":"Reda\u00e7\u00e3o Portal MF","Est. tempo de leitura":"2 minutos"},"schema":{"@context":"https:\/\/schema.org","@graph":[{"@type":"WebPage","@id":"https:\/\/portalmf.com.br\/index.php\/2024\/08\/29\/jose-ronaldo-promete-incentivos-ao-esporte-durante-caminhada-no-feira-vii\/","url":"https:\/\/portalmf.com.br\/index.php\/2024\/08\/29\/jose-ronaldo-promete-incentivos-ao-esporte-durante-caminhada-no-feira-vii\/","name":"Jos\u00e9 Ronaldo promete incentivos ao esporte durante caminhada no Feira VII - Portal MF","isPartOf":{"@id":"https:\/\/portalmf.com.br\/#website"},"primaryImageOfPage":{"@id":"https:\/\/portalmf.com.br\/index.php\/2024\/08\/29\/jose-ronaldo-promete-incentivos-ao-esporte-durante-caminhada-no-feira-vii\/#primaryimage"},"image":{"@id":"https:\/\/portalmf.com.br\/index.php\/2024\/08\/29\/jose-ronaldo-promete-incentivos-ao-esporte-durante-caminhada-no-feira-vii\/#primaryimage"},"thumbnailUrl":"https:\/\/portalmf.com.br\/wp-content\/uploads\/2024\/08\/Jose-Ronaldo-promete-incentivos-ao-esporte-durante-caminhada-no-Feira-VII.jpeg","datePublished":"2024-08-29T23:29:00+00:00","dateModified":"2024-08-30T17:31:05+00:00","author":{"@id":"https:\/\/portalmf.com.br\/#\/schema\/person\/9ec101baf56233e53520c26de5d6f6f0"},"breadcrumb":{"@id":"https:\/\/portalmf.com.br\/index.php\/2024\/08\/29\/jose-ronaldo-promete-incentivos-ao-esporte-durante-caminhada-no-feira-vii\/#breadcrumb"},"inLanguage":"pt-BR","potentialAction":[{"@type":"ReadAction","target":["https:\/\/portalmf.com.br\/index.php\/2024\/08\/29\/jose-ronaldo-promete-incentivos-ao-esporte-durante-caminhada-no-feira-vii\/"]}]},{"@type":"ImageObject","inLanguage":"pt-BR","@id":"https:\/\/portalmf.com.br\/index.php\/2024\/08\/29\/jose-ronaldo-promete-incentivos-ao-esporte-durante-caminhada-no-feira-vii\/#primaryimage","url":"https:\/\/portalmf.com.br\/wp-content\/uploads\/2024\/08\/Jose-Ronaldo-promete-incentivos-ao-esporte-durante-caminhada-no-Feira-VII.jpeg","contentUrl":"https:\/\/portalmf.com.br\/wp-content\/uploads\/2024\/08\/Jose-Ronaldo-promete-incentivos-ao-esporte-durante-caminhada-no-Feira-VII.jpeg","width":1600,"height":1066},{"@type":"BreadcrumbList","@id":"https:\/\/portalmf.com.br\/index.php\/2024\/08\/29\/jose-ronaldo-promete-incentivos-ao-esporte-durante-caminhada-no-feira-vii\/#breadcrumb","itemListElement":[{"@type":"ListItem","position":1,"name":"In\u00edcio","item":"https:\/\/portalmf.com.br\/"},{"@type":"ListItem","position":2,"name":"Jos\u00e9 Ronaldo promete incentivos ao esporte durante caminhada no Feira VII"}]},{"@type":"WebSite","@id":"https:\/\/portalmf.com.br\/#website","url":"https:\/\/portalmf.com.br\/","name":"Portal MF","description":"Voc\u00ea conectado com a informa\u00e7\u00e3o","potentialAction":[{"@type":"SearchAction","target":{"@type":"EntryPoint","urlTemplate":"https:\/\/portalmf.com.br\/?s={search_term_string}"},"query-input":"required name=search_term_string"}],"inLanguage":"pt-BR"},{"@type":"Person","@id":"https:\/\/portalmf.com.br\/#\/schema\/person\/9ec101baf56233e53520c26de5d6f6f0","name":"Reda\u00e7\u00e3o Portal MF","image":{"@type":"ImageObject","inLanguage":"pt-BR","@id":"https:\/\/portalmf.com.br\/#\/schema\/person\/image\/","url":"https:\/\/secure.gravatar.com\/avatar\/41b9aaeb2100835f7c64362330f74c7f?s=96&d=mm&r=g","contentUrl":"https:\/\/secure.gravatar.com\/avatar\/41b9aaeb2100835f7c64362330f74c7f?s=96&d=mm&r=g","caption":"Reda\u00e7\u00e3o Portal MF"},"description":"Sejam bem-vindos o portal de informa\u00e7\u00f5es de entretenimento de Feira de Santana, desde 2006 realiza coberturas dos principais eventos com entrevistas exclusivas com as principais personalidades mundiais. Fique conectado tamb\u00e9m nas redes sociais.","sameAs":["http:\/\/www.portalmf.com.br\/","https:\/\/www.facebook.com\/portalmfoficial","https:\/\/www.instagram.com\/portalmf\/","https:\/\/x.com\/https:\/\/x.com\/portalmfoficial","https:\/\/www.youtube.com\/@portalmfoficial"],"url":"https:\/\/portalmf.com.br\/index.php\/author\/junior\/"}]}},"_links":{"self":[{"href":"https:\/\/portalmf.com.br\/index.php\/wp-json\/wp\/v2\/posts\/29250"}],"collection":[{"href":"https:\/\/portalmf.com.br\/index.php\/wp-json\/wp\/v2\/posts"}],"about":[{"href":"https:\/\/portalmf.com.br\/index.php\/wp-json\/wp\/v2\/types\/post"}],"author":[{"embeddable":true,"href":"https:\/\/portalmf.com.br\/index.php\/wp-json\/wp\/v2\/users\/3"}],"replies":[{"embeddable":true,"href":"https:\/\/portalmf.com.br\/index.php\/wp-json\/wp\/v2\/comments?post=29250"}],"version-history":[{"count":1,"href":"https:\/\/portalmf.com.br\/index.php\/wp-json\/wp\/v2\/posts\/29250\/revisions"}],"predecessor-version":[{"id":29252,"href":"https:\/\/portalmf.com.br\/index.php\/wp-json\/wp\/v2\/posts\/29250\/revisions\/29252"}],"wp:featuredmedia":[{"embeddable":true,"href":"https:\/\/portalmf.com.br\/index.php\/wp-json\/wp\/v2\/media\/29251"}],"wp:attachment":[{"href":"https:\/\/portalmf.com.br\/index.php\/wp-json\/wp\/v2\/media?parent=29250"}],"wp:term":[{"taxonomy":"category","embeddable":true,"href":"https:\/\/portalmf.com.br\/index.php\/wp-json\/wp\/v2\/categories?post=29250"},{"taxonomy":"post_tag","embeddable":true,"href":"https:\/\/portalmf.com.br\/index.php\/wp-json\/wp\/v2\/tags?post=29250"}],"curies":[{"name":"wp","href":"https:\/\/api.w.org\/{rel}","templated":true}]}}