{"id":29247,"date":"2024-08-28T14:28:00","date_gmt":"2024-08-28T17:28:00","guid":{"rendered":"https:\/\/portalmf.com.br\/?p=29247"},"modified":"2024-08-30T14:29:12","modified_gmt":"2024-08-30T17:29:12","slug":"jose-ronaldo-caminha-no-feira-iv-e-anuncia-fila-zero-para-exames","status":"publish","type":"post","link":"https:\/\/portalmf.com.br\/index.php\/2024\/08\/28\/jose-ronaldo-caminha-no-feira-iv-e-anuncia-fila-zero-para-exames\/","title":{"rendered":"Jos\u00e9 Ronaldo caminha no Feira IV e anuncia \u201cFila Zero\u201d para exames"},"content":{"rendered":"\n<p>O candidato a prefeito Jos\u00e9 Ronaldo (Uni\u00e3o Brasil) vai promover o \u201cFila Zero\u201d para acabar com as filas para exames de sa\u00fade em servi\u00e7os p\u00fablicos de Feira de Santana, vez que na Policl\u00ednica Regional do Estado os pacientes levam entre 6 a 8 meses na fila aguardando para fazer um exame.<\/p>\n\n\n\n<p>O compromisso foi assumido na noite de ontem (27), durante caminhada pelo conjunto Feira IV, ao lado de lideran\u00e7as, apoiadores e moradores da localidade.<\/p>\n\n\n\n<p>A cria\u00e7\u00e3o da \u201cFila Zero\u201d faz parte de uma s\u00e9rie de investimentos que Jos\u00e9 Ronaldo pretende implantar em Feira de Santana em sua futura gest\u00e3o, caso seja eleito, para modernizar ainda mais a sa\u00fade p\u00fablica municipal, a exemplo do que ele j\u00e1 fez quando prefeito.<\/p>\n\n\n\n<p>Em sua administra\u00e7\u00e3o, o ex-prefeito implementou os servi\u00e7os p\u00fablicos de sa\u00fade, saltando de 18 unidades para mais de 160 at\u00e9 o final de sua gest\u00e3o. Para viabilizar o \u201cFila Zero\u201d, Jos\u00e9 Ronaldo pretende ampliar a rede de atendimento da Prefeitura e, se necess\u00e1rio, at\u00e9 comprar servi\u00e7os p\u00fablicos na rede particular. <em>\u201cQuem fez tudo isso pode falar da sa\u00fade aqui com propriedade e dizer que n\u00f3s vamos ampliar a rede de servi\u00e7os e fazer muito mais\u201d<\/em>, garantiu.<\/p>\n\n\n\n<p>Al\u00e9m de anunciar investimentos na sa\u00fade p\u00fablica, Jos\u00e9 Ronaldo tamb\u00e9m destacou que os bairros da cidade ter\u00e3o aten\u00e7\u00e3o especial para continuarem evoluindo e se modernizando<\/p>\n\n\n\n<p>Foto: Ascom\/Jos\u00e9 Ronaldo<\/p>\n","protected":false},"excerpt":{"rendered":"<p>O candidato a prefeito Jos\u00e9 Ronaldo (Uni\u00e3o Brasil) vai promover o \u201cFila Zero\u201d para acabar com as filas para exames de sa\u00fade em servi\u00e7os p\u00fablicos de Feira de Santana, vez que na Policl\u00ednica Regional do Estado os pacientes levam entre 6 a 8 meses na fila aguardando para fazer um exame. O compromisso foi assumido [&hellip;]<\/p>\n","protected":false},"author":3,"featured_media":29248,"comment_status":"open","ping_status":"open","sticky":false,"template":"","format":"standard","meta":{"_monsterinsights_skip_tracking":false,"_monsterinsights_sitenote_active":false,"_monsterinsights_sitenote_note":"","_monsterinsights_sitenote_category":0,"footnotes":""},"categories":[301,34],"tags":[],"yoast_head":"<!-- This site is optimized with the Yoast SEO plugin v22.9 - https:\/\/yoast.com\/wordpress\/plugins\/seo\/ -->\n<title>Jos\u00e9 Ronaldo caminha no Feira IV e anuncia \u201cFila Zero\u201d para exames - Portal MF<\/title>\n<meta name=\"robots\" content=\"index, follow, max-snippet:-1, max-image-preview:large, max-video-preview:-1\" \/>\n<link rel=\"canonical\" href=\"https:\/\/portalmf.com.br\/index.php\/2024\/08\/28\/jose-ronaldo-caminha-no-feira-iv-e-anuncia-fila-zero-para-exames\/\" \/>\n<meta property=\"og:locale\" content=\"pt_BR\" \/>\n<meta property=\"og:type\" content=\"article\" \/>\n<meta property=\"og:title\" content=\"Jos\u00e9 Ronaldo caminha no Feira IV e anuncia \u201cFila Zero\u201d para exames - Portal MF\" \/>\n<meta property=\"og:description\" content=\"O candidato a prefeito Jos\u00e9 Ronaldo (Uni\u00e3o Brasil) vai promover o \u201cFila Zero\u201d para acabar com as filas para exames de sa\u00fade em servi\u00e7os p\u00fablicos de Feira de Santana, vez que na Policl\u00ednica Regional do Estado os pacientes levam entre 6 a 8 meses na fila aguardando para fazer um exame. O compromisso foi assumido [&hellip;]\" \/>\n<meta property=\"og:url\" content=\"https:\/\/portalmf.com.br\/index.php\/2024\/08\/28\/jose-ronaldo-caminha-no-feira-iv-e-anuncia-fila-zero-para-exames\/\" \/>\n<meta property=\"og:site_name\" content=\"Portal MF\" \/>\n<meta property=\"article:author\" content=\"https:\/\/www.facebook.com\/portalmfoficial\" \/>\n<meta property=\"article:published_time\" content=\"2024-08-28T17:28:00+00:00\" \/>\n<meta property=\"article:modified_time\" content=\"2024-08-30T17:29:12+00:00\" \/>\n<meta property=\"og:image\" content=\"https:\/\/portalmf.com.br\/wp-content\/uploads\/2024\/08\/Jose-Ronaldo-caminha-no-Feira-IV-e-anuncia-Fila-Zero-para-exames.jpg\" \/>\n\t<meta property=\"og:image:width\" content=\"1299\" \/>\n\t<meta property=\"og:image:height\" content=\"866\" \/>\n\t<meta property=\"og:image:type\" content=\"image\/jpeg\" \/>\n<meta name=\"author\" content=\"Reda\u00e7\u00e3o Portal MF\" \/>\n<meta name=\"twitter:card\" content=\"summary_large_image\" \/>\n<meta name=\"twitter:creator\" content=\"@https:\/\/x.com\/portalmfoficial\" \/>\n<meta name=\"twitter:label1\" content=\"Escrito por\" \/>\n\t<meta name=\"twitter:data1\" content=\"Reda\u00e7\u00e3o Portal MF\" \/>\n\t<meta name=\"twitter:label2\" content=\"Est. tempo de leitura\" \/>\n\t<meta name=\"twitter:data2\" content=\"2 minutos\" \/>\n<script type=\"application\/ld+json\" class=\"yoast-schema-graph\">{\"@context\":\"https:\/\/schema.org\",\"@graph\":[{\"@type\":\"WebPage\",\"@id\":\"https:\/\/portalmf.com.br\/index.php\/2024\/08\/28\/jose-ronaldo-caminha-no-feira-iv-e-anuncia-fila-zero-para-exames\/\",\"url\":\"https:\/\/portalmf.com.br\/index.php\/2024\/08\/28\/jose-ronaldo-caminha-no-feira-iv-e-anuncia-fila-zero-para-exames\/\",\"name\":\"Jos\u00e9 Ronaldo caminha no Feira IV e anuncia \u201cFila Zero\u201d para exames - Portal MF\",\"isPartOf\":{\"@id\":\"https:\/\/portalmf.com.br\/#website\"},\"primaryImageOfPage\":{\"@id\":\"https:\/\/portalmf.com.br\/index.php\/2024\/08\/28\/jose-ronaldo-caminha-no-feira-iv-e-anuncia-fila-zero-para-exames\/#primaryimage\"},\"image\":{\"@id\":\"https:\/\/portalmf.com.br\/index.php\/2024\/08\/28\/jose-ronaldo-caminha-no-feira-iv-e-anuncia-fila-zero-para-exames\/#primaryimage\"},\"thumbnailUrl\":\"https:\/\/portalmf.com.br\/wp-content\/uploads\/2024\/08\/Jose-Ronaldo-caminha-no-Feira-IV-e-anuncia-Fila-Zero-para-exames.jpg\",\"datePublished\":\"2024-08-28T17:28:00+00:00\",\"dateModified\":\"2024-08-30T17:29:12+00:00\",\"author\":{\"@id\":\"https:\/\/portalmf.com.br\/#\/schema\/person\/9ec101baf56233e53520c26de5d6f6f0\"},\"breadcrumb\":{\"@id\":\"https:\/\/portalmf.com.br\/index.php\/2024\/08\/28\/jose-ronaldo-caminha-no-feira-iv-e-anuncia-fila-zero-para-exames\/#breadcrumb\"},\"inLanguage\":\"pt-BR\",\"potentialAction\":[{\"@type\":\"ReadAction\",\"target\":[\"https:\/\/portalmf.com.br\/index.php\/2024\/08\/28\/jose-ronaldo-caminha-no-feira-iv-e-anuncia-fila-zero-para-exames\/\"]}]},{\"@type\":\"ImageObject\",\"inLanguage\":\"pt-BR\",\"@id\":\"https:\/\/portalmf.com.br\/index.php\/2024\/08\/28\/jose-ronaldo-caminha-no-feira-iv-e-anuncia-fila-zero-para-exames\/#primaryimage\",\"url\":\"https:\/\/portalmf.com.br\/wp-content\/uploads\/2024\/08\/Jose-Ronaldo-caminha-no-Feira-IV-e-anuncia-Fila-Zero-para-exames.jpg\",\"contentUrl\":\"https:\/\/portalmf.com.br\/wp-content\/uploads\/2024\/08\/Jose-Ronaldo-caminha-no-Feira-IV-e-anuncia-Fila-Zero-para-exames.jpg\",\"width\":1299,\"height\":866},{\"@type\":\"BreadcrumbList\",\"@id\":\"https:\/\/portalmf.com.br\/index.php\/2024\/08\/28\/jose-ronaldo-caminha-no-feira-iv-e-anuncia-fila-zero-para-exames\/#breadcrumb\",\"itemListElement\":[{\"@type\":\"ListItem\",\"position\":1,\"name\":\"In\u00edcio\",\"item\":\"https:\/\/portalmf.com.br\/\"},{\"@type\":\"ListItem\",\"position\":2,\"name\":\"Jos\u00e9 Ronaldo caminha no Feira IV e anuncia \u201cFila Zero\u201d para exames\"}]},{\"@type\":\"WebSite\",\"@id\":\"https:\/\/portalmf.com.br\/#website\",\"url\":\"https:\/\/portalmf.com.br\/\",\"name\":\"Portal MF\",\"description\":\"Voc\u00ea conectado com a informa\u00e7\u00e3o\",\"potentialAction\":[{\"@type\":\"SearchAction\",\"target\":{\"@type\":\"EntryPoint\",\"urlTemplate\":\"https:\/\/portalmf.com.br\/?s={search_term_string}\"},\"query-input\":\"required name=search_term_string\"}],\"inLanguage\":\"pt-BR\"},{\"@type\":\"Person\",\"@id\":\"https:\/\/portalmf.com.br\/#\/schema\/person\/9ec101baf56233e53520c26de5d6f6f0\",\"name\":\"Reda\u00e7\u00e3o Portal MF\",\"image\":{\"@type\":\"ImageObject\",\"inLanguage\":\"pt-BR\",\"@id\":\"https:\/\/portalmf.com.br\/#\/schema\/person\/image\/\",\"url\":\"https:\/\/secure.gravatar.com\/avatar\/41b9aaeb2100835f7c64362330f74c7f?s=96&d=mm&r=g\",\"contentUrl\":\"https:\/\/secure.gravatar.com\/avatar\/41b9aaeb2100835f7c64362330f74c7f?s=96&d=mm&r=g\",\"caption\":\"Reda\u00e7\u00e3o Portal MF\"},\"description\":\"Sejam bem-vindos o portal de informa\u00e7\u00f5es de entretenimento de Feira de Santana, desde 2006 realiza coberturas dos principais eventos com entrevistas exclusivas com as principais personalidades mundiais. Fique conectado tamb\u00e9m nas redes sociais.\",\"sameAs\":[\"http:\/\/www.portalmf.com.br\/\",\"https:\/\/www.facebook.com\/portalmfoficial\",\"https:\/\/www.instagram.com\/portalmf\/\",\"https:\/\/x.com\/https:\/\/x.com\/portalmfoficial\",\"https:\/\/www.youtube.com\/@portalmfoficial\"],\"url\":\"https:\/\/portalmf.com.br\/index.php\/author\/junior\/\"}]}<\/script>\n<!-- \/ Yoast SEO plugin. -->","yoast_head_json":{"title":"Jos\u00e9 Ronaldo caminha no Feira IV e anuncia \u201cFila Zero\u201d para exames - Portal MF","robots":{"index":"index","follow":"follow","max-snippet":"max-snippet:-1","max-image-preview":"max-image-preview:large","max-video-preview":"max-video-preview:-1"},"canonical":"https:\/\/portalmf.com.br\/index.php\/2024\/08\/28\/jose-ronaldo-caminha-no-feira-iv-e-anuncia-fila-zero-para-exames\/","og_locale":"pt_BR","og_type":"article","og_title":"Jos\u00e9 Ronaldo caminha no Feira IV e anuncia \u201cFila Zero\u201d para exames - Portal MF","og_description":"O candidato a prefeito Jos\u00e9 Ronaldo (Uni\u00e3o Brasil) vai promover o \u201cFila Zero\u201d para acabar com as filas para exames de sa\u00fade em servi\u00e7os p\u00fablicos de Feira de Santana, vez que na Policl\u00ednica Regional do Estado os pacientes levam entre 6 a 8 meses na fila aguardando para fazer um exame. O compromisso foi assumido [&hellip;]","og_url":"https:\/\/portalmf.com.br\/index.php\/2024\/08\/28\/jose-ronaldo-caminha-no-feira-iv-e-anuncia-fila-zero-para-exames\/","og_site_name":"Portal MF","article_author":"https:\/\/www.facebook.com\/portalmfoficial","article_published_time":"2024-08-28T17:28:00+00:00","article_modified_time":"2024-08-30T17:29:12+00:00","og_image":[{"width":1299,"height":866,"url":"https:\/\/portalmf.com.br\/wp-content\/uploads\/2024\/08\/Jose-Ronaldo-caminha-no-Feira-IV-e-anuncia-Fila-Zero-para-exames.jpg","type":"image\/jpeg"}],"author":"Reda\u00e7\u00e3o Portal MF","twitter_card":"summary_large_image","twitter_creator":"@https:\/\/x.com\/portalmfoficial","twitter_misc":{"Escrito por":"Reda\u00e7\u00e3o Portal MF","Est. tempo de leitura":"2 minutos"},"schema":{"@context":"https:\/\/schema.org","@graph":[{"@type":"WebPage","@id":"https:\/\/portalmf.com.br\/index.php\/2024\/08\/28\/jose-ronaldo-caminha-no-feira-iv-e-anuncia-fila-zero-para-exames\/","url":"https:\/\/portalmf.com.br\/index.php\/2024\/08\/28\/jose-ronaldo-caminha-no-feira-iv-e-anuncia-fila-zero-para-exames\/","name":"Jos\u00e9 Ronaldo caminha no Feira IV e anuncia \u201cFila Zero\u201d para exames - Portal MF","isPartOf":{"@id":"https:\/\/portalmf.com.br\/#website"},"primaryImageOfPage":{"@id":"https:\/\/portalmf.com.br\/index.php\/2024\/08\/28\/jose-ronaldo-caminha-no-feira-iv-e-anuncia-fila-zero-para-exames\/#primaryimage"},"image":{"@id":"https:\/\/portalmf.com.br\/index.php\/2024\/08\/28\/jose-ronaldo-caminha-no-feira-iv-e-anuncia-fila-zero-para-exames\/#primaryimage"},"thumbnailUrl":"https:\/\/portalmf.com.br\/wp-content\/uploads\/2024\/08\/Jose-Ronaldo-caminha-no-Feira-IV-e-anuncia-Fila-Zero-para-exames.jpg","datePublished":"2024-08-28T17:28:00+00:00","dateModified":"2024-08-30T17:29:12+00:00","author":{"@id":"https:\/\/portalmf.com.br\/#\/schema\/person\/9ec101baf56233e53520c26de5d6f6f0"},"breadcrumb":{"@id":"https:\/\/portalmf.com.br\/index.php\/2024\/08\/28\/jose-ronaldo-caminha-no-feira-iv-e-anuncia-fila-zero-para-exames\/#breadcrumb"},"inLanguage":"pt-BR","potentialAction":[{"@type":"ReadAction","target":["https:\/\/portalmf.com.br\/index.php\/2024\/08\/28\/jose-ronaldo-caminha-no-feira-iv-e-anuncia-fila-zero-para-exames\/"]}]},{"@type":"ImageObject","inLanguage":"pt-BR","@id":"https:\/\/portalmf.com.br\/index.php\/2024\/08\/28\/jose-ronaldo-caminha-no-feira-iv-e-anuncia-fila-zero-para-exames\/#primaryimage","url":"https:\/\/portalmf.com.br\/wp-content\/uploads\/2024\/08\/Jose-Ronaldo-caminha-no-Feira-IV-e-anuncia-Fila-Zero-para-exames.jpg","contentUrl":"https:\/\/portalmf.com.br\/wp-content\/uploads\/2024\/08\/Jose-Ronaldo-caminha-no-Feira-IV-e-anuncia-Fila-Zero-para-exames.jpg","width":1299,"height":866},{"@type":"BreadcrumbList","@id":"https:\/\/portalmf.com.br\/index.php\/2024\/08\/28\/jose-ronaldo-caminha-no-feira-iv-e-anuncia-fila-zero-para-exames\/#breadcrumb","itemListElement":[{"@type":"ListItem","position":1,"name":"In\u00edcio","item":"https:\/\/portalmf.com.br\/"},{"@type":"ListItem","position":2,"name":"Jos\u00e9 Ronaldo caminha no Feira IV e anuncia \u201cFila Zero\u201d para exames"}]},{"@type":"WebSite","@id":"https:\/\/portalmf.com.br\/#website","url":"https:\/\/portalmf.com.br\/","name":"Portal MF","description":"Voc\u00ea conectado com a informa\u00e7\u00e3o","potentialAction":[{"@type":"SearchAction","target":{"@type":"EntryPoint","urlTemplate":"https:\/\/portalmf.com.br\/?s={search_term_string}"},"query-input":"required name=search_term_string"}],"inLanguage":"pt-BR"},{"@type":"Person","@id":"https:\/\/portalmf.com.br\/#\/schema\/person\/9ec101baf56233e53520c26de5d6f6f0","name":"Reda\u00e7\u00e3o Portal MF","image":{"@type":"ImageObject","inLanguage":"pt-BR","@id":"https:\/\/portalmf.com.br\/#\/schema\/person\/image\/","url":"https:\/\/secure.gravatar.com\/avatar\/41b9aaeb2100835f7c64362330f74c7f?s=96&d=mm&r=g","contentUrl":"https:\/\/secure.gravatar.com\/avatar\/41b9aaeb2100835f7c64362330f74c7f?s=96&d=mm&r=g","caption":"Reda\u00e7\u00e3o Portal MF"},"description":"Sejam bem-vindos o portal de informa\u00e7\u00f5es de entretenimento de Feira de Santana, desde 2006 realiza coberturas dos principais eventos com entrevistas exclusivas com as principais personalidades mundiais. Fique conectado tamb\u00e9m nas redes sociais.","sameAs":["http:\/\/www.portalmf.com.br\/","https:\/\/www.facebook.com\/portalmfoficial","https:\/\/www.instagram.com\/portalmf\/","https:\/\/x.com\/https:\/\/x.com\/portalmfoficial","https:\/\/www.youtube.com\/@portalmfoficial"],"url":"https:\/\/portalmf.com.br\/index.php\/author\/junior\/"}]}},"_links":{"self":[{"href":"https:\/\/portalmf.com.br\/index.php\/wp-json\/wp\/v2\/posts\/29247"}],"collection":[{"href":"https:\/\/portalmf.com.br\/index.php\/wp-json\/wp\/v2\/posts"}],"about":[{"href":"https:\/\/portalmf.com.br\/index.php\/wp-json\/wp\/v2\/types\/post"}],"author":[{"embeddable":true,"href":"https:\/\/portalmf.com.br\/index.php\/wp-json\/wp\/v2\/users\/3"}],"replies":[{"embeddable":true,"href":"https:\/\/portalmf.com.br\/index.php\/wp-json\/wp\/v2\/comments?post=29247"}],"version-history":[{"count":1,"href":"https:\/\/portalmf.com.br\/index.php\/wp-json\/wp\/v2\/posts\/29247\/revisions"}],"predecessor-version":[{"id":29249,"href":"https:\/\/portalmf.com.br\/index.php\/wp-json\/wp\/v2\/posts\/29247\/revisions\/29249"}],"wp:featuredmedia":[{"embeddable":true,"href":"https:\/\/portalmf.com.br\/index.php\/wp-json\/wp\/v2\/media\/29248"}],"wp:attachment":[{"href":"https:\/\/portalmf.com.br\/index.php\/wp-json\/wp\/v2\/media?parent=29247"}],"wp:term":[{"taxonomy":"category","embeddable":true,"href":"https:\/\/portalmf.com.br\/index.php\/wp-json\/wp\/v2\/categories?post=29247"},{"taxonomy":"post_tag","embeddable":true,"href":"https:\/\/portalmf.com.br\/index.php\/wp-json\/wp\/v2\/tags?post=29247"}],"curies":[{"name":"wp","href":"https:\/\/api.w.org\/{rel}","templated":true}]}}