{"id":29234,"date":"2024-08-30T14:13:19","date_gmt":"2024-08-30T17:13:19","guid":{"rendered":"https:\/\/portalmf.com.br\/?p=29234"},"modified":"2024-08-30T14:14:00","modified_gmt":"2024-08-30T17:14:00","slug":"na-tv-ze-neto-apresenta-propostas-para-fazer-futuro-acontecer-em-feira-de-santana-com-a-forca-do-povo","status":"publish","type":"post","link":"https:\/\/portalmf.com.br\/index.php\/2024\/08\/30\/na-tv-ze-neto-apresenta-propostas-para-fazer-futuro-acontecer-em-feira-de-santana-com-a-forca-do-povo\/","title":{"rendered":"Na TV, Z\u00e9 Neto apresenta propostas para fazer futuro acontecer em Feira de Santana; &#8220;Com a for\u00e7a do povo&#8221;"},"content":{"rendered":"\n<p>Na estreia da propaganda eleitoral no r\u00e1dio e na televis\u00e3o, nesta sexta-feira (30), Z\u00e9 Neto, candidato da Coliga\u00e7\u00e3o Pra Fazer o Futuro Acontecer, apresentou suas propostas para transformar a realidade de Feira de Santana. O candidato do Partido dos Trabalhadores (PT) ressaltou seu desejo de implementar um plano voltado para promover o desenvolvimento com inclus\u00e3o social que melhore a qualidade de vida na cidade.<\/p>\n\n\n\n<p>Entre as principais propostas de Z\u00e9 Neto est\u00e3o iniciativas para fortalecer a economia local, com investimentos em infraestrutura e apoio a pequenas e m\u00e9dias empresas. Ele tamb\u00e9m enfatizou a import\u00e2ncia de pol\u00edticas p\u00fablicas voltadas para a educa\u00e7\u00e3o, a sa\u00fade, o esporte, a cultura, a mobilidade urbana e o transporte p\u00fablico visando a expans\u00e3o e a melhora dos servi\u00e7os oferecidos \u00e0 popula\u00e7\u00e3o.<\/p>\n\n\n\n<p><em>&#8220;Vamos mudar a realidade da nossa cidade. Com o apoio do presidente Lula e do governador Jer\u00f4nimo Rodrigues vamos fazer o futuro acontecer em Feira de Santana, com muito mais desenvolvimento, inclus\u00e3o social e qualidade de vida pra toda nossa gente&#8221;<\/em>, enfatizou Z\u00e9 Neto, depois de assistir a primeira inser\u00e7\u00e3o da propaganda eleitoral na TV.<\/p>\n\n\n\n<p>Z\u00e9 Neto tamb\u00e9m defende a cria\u00e7\u00e3o de programas de inclus\u00e3o social para garantir oportunidades para a popula\u00e7\u00e3o feirense. O petista tem preocupa\u00e7\u00e3o especial com jovens e comunidades vulner\u00e1veis. Al\u00e9m disso, ele destaca a necessidade de modernizar a gest\u00e3o municipal para tornar a administra\u00e7\u00e3o p\u00fablica mais eficiente e transparente.<\/p>\n\n\n\n<p><em>&#8220;Vamos fazer um governo mais presente, perto da comunidade, com mais efici\u00eancia e transpar\u00eancia para que os servi\u00e7os p\u00fablicos funcionem e melhorem a vida em nossa cidade&#8221;<\/em>, refletiu.<\/p>\n\n\n\n<p>Para Z\u00e9 Neto, a apresenta\u00e7\u00e3o na TV e r\u00e1dio marca o in\u00edcio de uma campanha que pretende envolver a popula\u00e7\u00e3o na constru\u00e7\u00e3o de um futuro melhor para Feira de Santana, alinhando-se \u00e0s metas de desenvolvimento e inclus\u00e3o propostas pela Coliga\u00e7\u00e3o Pra Fazer o Futuro Acontecer.<\/p>\n\n\n\n<p><em>&#8220;Nossa campanha \u00e9 de amor, amor por Feira de Santana. Eu fico indignado quando vejo a situa\u00e7\u00e3o de descaso e total abandono da nossa cidade pelo grupo pol\u00edtico que a governa h\u00e1 24 anos. Vamos mudar essa realidade. Nossa campanha \u00e9 feita com propostas e ideias que v\u00e3o fazer o futuro acontecer em Feira de Santana. Com apoio do governador Jer\u00f4nimo Rodrigues, do presidente Lula, mas, sobretudo, do povo feirense&#8221;<\/em>, enfatizou.<\/p>\n\n\n\n<p>O hor\u00e1rio eleitoral gratuito no r\u00e1dio e na TV segue at\u00e9 3 de outubro, tr\u00eas dias antes da vota\u00e7\u00e3o que definir\u00e1 o primeiro turno das elei\u00e7\u00f5es.<\/p>\n\n\n\n<p>Foto: Paulo Amaral<\/p>\n","protected":false},"excerpt":{"rendered":"<p>Na estreia da propaganda eleitoral no r\u00e1dio e na televis\u00e3o, nesta sexta-feira (30), Z\u00e9 Neto, candidato da Coliga\u00e7\u00e3o Pra Fazer o Futuro Acontecer, apresentou suas propostas para transformar a realidade de Feira de Santana. O candidato do Partido dos Trabalhadores (PT) ressaltou seu desejo de implementar um plano voltado para promover o desenvolvimento com inclus\u00e3o [&hellip;]<\/p>\n","protected":false},"author":3,"featured_media":29235,"comment_status":"open","ping_status":"open","sticky":false,"template":"","format":"standard","meta":{"_monsterinsights_skip_tracking":false,"_monsterinsights_sitenote_active":false,"_monsterinsights_sitenote_note":"","_monsterinsights_sitenote_category":0,"footnotes":""},"categories":[301,34],"tags":[],"yoast_head":"<!-- This site is optimized with the Yoast SEO plugin v22.9 - https:\/\/yoast.com\/wordpress\/plugins\/seo\/ -->\n<title>Na TV, Z\u00e9 Neto apresenta propostas para fazer futuro acontecer em Feira de Santana; &quot;Com a for\u00e7a do povo&quot; - Portal MF<\/title>\n<meta name=\"robots\" content=\"index, follow, max-snippet:-1, max-image-preview:large, max-video-preview:-1\" \/>\n<link rel=\"canonical\" href=\"https:\/\/portalmf.com.br\/index.php\/2024\/08\/30\/na-tv-ze-neto-apresenta-propostas-para-fazer-futuro-acontecer-em-feira-de-santana-com-a-forca-do-povo\/\" \/>\n<meta property=\"og:locale\" content=\"pt_BR\" \/>\n<meta property=\"og:type\" content=\"article\" \/>\n<meta property=\"og:title\" content=\"Na TV, Z\u00e9 Neto apresenta propostas para fazer futuro acontecer em Feira de Santana; &quot;Com a for\u00e7a do povo&quot; - Portal MF\" \/>\n<meta property=\"og:description\" content=\"Na estreia da propaganda eleitoral no r\u00e1dio e na televis\u00e3o, nesta sexta-feira (30), Z\u00e9 Neto, candidato da Coliga\u00e7\u00e3o Pra Fazer o Futuro Acontecer, apresentou suas propostas para transformar a realidade de Feira de Santana. O candidato do Partido dos Trabalhadores (PT) ressaltou seu desejo de implementar um plano voltado para promover o desenvolvimento com inclus\u00e3o [&hellip;]\" \/>\n<meta property=\"og:url\" content=\"https:\/\/portalmf.com.br\/index.php\/2024\/08\/30\/na-tv-ze-neto-apresenta-propostas-para-fazer-futuro-acontecer-em-feira-de-santana-com-a-forca-do-povo\/\" \/>\n<meta property=\"og:site_name\" content=\"Portal MF\" \/>\n<meta property=\"article:author\" content=\"https:\/\/www.facebook.com\/portalmfoficial\" \/>\n<meta property=\"article:published_time\" content=\"2024-08-30T17:13:19+00:00\" \/>\n<meta property=\"article:modified_time\" content=\"2024-08-30T17:14:00+00:00\" \/>\n<meta property=\"og:image\" content=\"https:\/\/portalmf.com.br\/wp-content\/uploads\/2024\/08\/Na-TV-Ze-Neto-apresenta-propostas-para-fazer-futuro-acontecer-em-Feira-de-Santana-Com-a-forca-do-povo.jpeg\" \/>\n\t<meta property=\"og:image:width\" content=\"1255\" \/>\n\t<meta property=\"og:image:height\" content=\"846\" \/>\n\t<meta property=\"og:image:type\" content=\"image\/jpeg\" \/>\n<meta name=\"author\" content=\"Reda\u00e7\u00e3o Portal MF\" \/>\n<meta name=\"twitter:card\" content=\"summary_large_image\" \/>\n<meta name=\"twitter:creator\" content=\"@https:\/\/x.com\/portalmfoficial\" \/>\n<meta name=\"twitter:label1\" content=\"Escrito por\" \/>\n\t<meta name=\"twitter:data1\" content=\"Reda\u00e7\u00e3o Portal MF\" \/>\n\t<meta name=\"twitter:label2\" content=\"Est. tempo de leitura\" \/>\n\t<meta name=\"twitter:data2\" content=\"3 minutos\" \/>\n<script type=\"application\/ld+json\" class=\"yoast-schema-graph\">{\"@context\":\"https:\/\/schema.org\",\"@graph\":[{\"@type\":\"WebPage\",\"@id\":\"https:\/\/portalmf.com.br\/index.php\/2024\/08\/30\/na-tv-ze-neto-apresenta-propostas-para-fazer-futuro-acontecer-em-feira-de-santana-com-a-forca-do-povo\/\",\"url\":\"https:\/\/portalmf.com.br\/index.php\/2024\/08\/30\/na-tv-ze-neto-apresenta-propostas-para-fazer-futuro-acontecer-em-feira-de-santana-com-a-forca-do-povo\/\",\"name\":\"Na TV, Z\u00e9 Neto apresenta propostas para fazer futuro acontecer em Feira de Santana; \\\"Com a for\u00e7a do povo\\\" - Portal MF\",\"isPartOf\":{\"@id\":\"https:\/\/portalmf.com.br\/#website\"},\"primaryImageOfPage\":{\"@id\":\"https:\/\/portalmf.com.br\/index.php\/2024\/08\/30\/na-tv-ze-neto-apresenta-propostas-para-fazer-futuro-acontecer-em-feira-de-santana-com-a-forca-do-povo\/#primaryimage\"},\"image\":{\"@id\":\"https:\/\/portalmf.com.br\/index.php\/2024\/08\/30\/na-tv-ze-neto-apresenta-propostas-para-fazer-futuro-acontecer-em-feira-de-santana-com-a-forca-do-povo\/#primaryimage\"},\"thumbnailUrl\":\"https:\/\/portalmf.com.br\/wp-content\/uploads\/2024\/08\/Na-TV-Ze-Neto-apresenta-propostas-para-fazer-futuro-acontecer-em-Feira-de-Santana-Com-a-forca-do-povo.jpeg\",\"datePublished\":\"2024-08-30T17:13:19+00:00\",\"dateModified\":\"2024-08-30T17:14:00+00:00\",\"author\":{\"@id\":\"https:\/\/portalmf.com.br\/#\/schema\/person\/9ec101baf56233e53520c26de5d6f6f0\"},\"breadcrumb\":{\"@id\":\"https:\/\/portalmf.com.br\/index.php\/2024\/08\/30\/na-tv-ze-neto-apresenta-propostas-para-fazer-futuro-acontecer-em-feira-de-santana-com-a-forca-do-povo\/#breadcrumb\"},\"inLanguage\":\"pt-BR\",\"potentialAction\":[{\"@type\":\"ReadAction\",\"target\":[\"https:\/\/portalmf.com.br\/index.php\/2024\/08\/30\/na-tv-ze-neto-apresenta-propostas-para-fazer-futuro-acontecer-em-feira-de-santana-com-a-forca-do-povo\/\"]}]},{\"@type\":\"ImageObject\",\"inLanguage\":\"pt-BR\",\"@id\":\"https:\/\/portalmf.com.br\/index.php\/2024\/08\/30\/na-tv-ze-neto-apresenta-propostas-para-fazer-futuro-acontecer-em-feira-de-santana-com-a-forca-do-povo\/#primaryimage\",\"url\":\"https:\/\/portalmf.com.br\/wp-content\/uploads\/2024\/08\/Na-TV-Ze-Neto-apresenta-propostas-para-fazer-futuro-acontecer-em-Feira-de-Santana-Com-a-forca-do-povo.jpeg\",\"contentUrl\":\"https:\/\/portalmf.com.br\/wp-content\/uploads\/2024\/08\/Na-TV-Ze-Neto-apresenta-propostas-para-fazer-futuro-acontecer-em-Feira-de-Santana-Com-a-forca-do-povo.jpeg\",\"width\":1255,\"height\":846},{\"@type\":\"BreadcrumbList\",\"@id\":\"https:\/\/portalmf.com.br\/index.php\/2024\/08\/30\/na-tv-ze-neto-apresenta-propostas-para-fazer-futuro-acontecer-em-feira-de-santana-com-a-forca-do-povo\/#breadcrumb\",\"itemListElement\":[{\"@type\":\"ListItem\",\"position\":1,\"name\":\"In\u00edcio\",\"item\":\"https:\/\/portalmf.com.br\/\"},{\"@type\":\"ListItem\",\"position\":2,\"name\":\"Na TV, Z\u00e9 Neto apresenta propostas para fazer futuro acontecer em Feira de Santana; &#8220;Com a for\u00e7a do povo&#8221;\"}]},{\"@type\":\"WebSite\",\"@id\":\"https:\/\/portalmf.com.br\/#website\",\"url\":\"https:\/\/portalmf.com.br\/\",\"name\":\"Portal MF\",\"description\":\"Voc\u00ea conectado com a informa\u00e7\u00e3o\",\"potentialAction\":[{\"@type\":\"SearchAction\",\"target\":{\"@type\":\"EntryPoint\",\"urlTemplate\":\"https:\/\/portalmf.com.br\/?s={search_term_string}\"},\"query-input\":\"required name=search_term_string\"}],\"inLanguage\":\"pt-BR\"},{\"@type\":\"Person\",\"@id\":\"https:\/\/portalmf.com.br\/#\/schema\/person\/9ec101baf56233e53520c26de5d6f6f0\",\"name\":\"Reda\u00e7\u00e3o Portal MF\",\"image\":{\"@type\":\"ImageObject\",\"inLanguage\":\"pt-BR\",\"@id\":\"https:\/\/portalmf.com.br\/#\/schema\/person\/image\/\",\"url\":\"https:\/\/secure.gravatar.com\/avatar\/41b9aaeb2100835f7c64362330f74c7f?s=96&d=mm&r=g\",\"contentUrl\":\"https:\/\/secure.gravatar.com\/avatar\/41b9aaeb2100835f7c64362330f74c7f?s=96&d=mm&r=g\",\"caption\":\"Reda\u00e7\u00e3o Portal MF\"},\"description\":\"Sejam bem-vindos o portal de informa\u00e7\u00f5es de entretenimento de Feira de Santana, desde 2006 realiza coberturas dos principais eventos com entrevistas exclusivas com as principais personalidades mundiais. Fique conectado tamb\u00e9m nas redes sociais.\",\"sameAs\":[\"http:\/\/www.portalmf.com.br\/\",\"https:\/\/www.facebook.com\/portalmfoficial\",\"https:\/\/www.instagram.com\/portalmf\/\",\"https:\/\/x.com\/https:\/\/x.com\/portalmfoficial\",\"https:\/\/www.youtube.com\/@portalmfoficial\"],\"url\":\"https:\/\/portalmf.com.br\/index.php\/author\/junior\/\"}]}<\/script>\n<!-- \/ Yoast SEO plugin. -->","yoast_head_json":{"title":"Na TV, Z\u00e9 Neto apresenta propostas para fazer futuro acontecer em Feira de Santana; \"Com a for\u00e7a do povo\" - Portal MF","robots":{"index":"index","follow":"follow","max-snippet":"max-snippet:-1","max-image-preview":"max-image-preview:large","max-video-preview":"max-video-preview:-1"},"canonical":"https:\/\/portalmf.com.br\/index.php\/2024\/08\/30\/na-tv-ze-neto-apresenta-propostas-para-fazer-futuro-acontecer-em-feira-de-santana-com-a-forca-do-povo\/","og_locale":"pt_BR","og_type":"article","og_title":"Na TV, Z\u00e9 Neto apresenta propostas para fazer futuro acontecer em Feira de Santana; \"Com a for\u00e7a do povo\" - Portal MF","og_description":"Na estreia da propaganda eleitoral no r\u00e1dio e na televis\u00e3o, nesta sexta-feira (30), Z\u00e9 Neto, candidato da Coliga\u00e7\u00e3o Pra Fazer o Futuro Acontecer, apresentou suas propostas para transformar a realidade de Feira de Santana. O candidato do Partido dos Trabalhadores (PT) ressaltou seu desejo de implementar um plano voltado para promover o desenvolvimento com inclus\u00e3o [&hellip;]","og_url":"https:\/\/portalmf.com.br\/index.php\/2024\/08\/30\/na-tv-ze-neto-apresenta-propostas-para-fazer-futuro-acontecer-em-feira-de-santana-com-a-forca-do-povo\/","og_site_name":"Portal MF","article_author":"https:\/\/www.facebook.com\/portalmfoficial","article_published_time":"2024-08-30T17:13:19+00:00","article_modified_time":"2024-08-30T17:14:00+00:00","og_image":[{"width":1255,"height":846,"url":"https:\/\/portalmf.com.br\/wp-content\/uploads\/2024\/08\/Na-TV-Ze-Neto-apresenta-propostas-para-fazer-futuro-acontecer-em-Feira-de-Santana-Com-a-forca-do-povo.jpeg","type":"image\/jpeg"}],"author":"Reda\u00e7\u00e3o Portal MF","twitter_card":"summary_large_image","twitter_creator":"@https:\/\/x.com\/portalmfoficial","twitter_misc":{"Escrito por":"Reda\u00e7\u00e3o Portal MF","Est. tempo de leitura":"3 minutos"},"schema":{"@context":"https:\/\/schema.org","@graph":[{"@type":"WebPage","@id":"https:\/\/portalmf.com.br\/index.php\/2024\/08\/30\/na-tv-ze-neto-apresenta-propostas-para-fazer-futuro-acontecer-em-feira-de-santana-com-a-forca-do-povo\/","url":"https:\/\/portalmf.com.br\/index.php\/2024\/08\/30\/na-tv-ze-neto-apresenta-propostas-para-fazer-futuro-acontecer-em-feira-de-santana-com-a-forca-do-povo\/","name":"Na TV, Z\u00e9 Neto apresenta propostas para fazer futuro acontecer em Feira de Santana; \"Com a for\u00e7a do povo\" - Portal MF","isPartOf":{"@id":"https:\/\/portalmf.com.br\/#website"},"primaryImageOfPage":{"@id":"https:\/\/portalmf.com.br\/index.php\/2024\/08\/30\/na-tv-ze-neto-apresenta-propostas-para-fazer-futuro-acontecer-em-feira-de-santana-com-a-forca-do-povo\/#primaryimage"},"image":{"@id":"https:\/\/portalmf.com.br\/index.php\/2024\/08\/30\/na-tv-ze-neto-apresenta-propostas-para-fazer-futuro-acontecer-em-feira-de-santana-com-a-forca-do-povo\/#primaryimage"},"thumbnailUrl":"https:\/\/portalmf.com.br\/wp-content\/uploads\/2024\/08\/Na-TV-Ze-Neto-apresenta-propostas-para-fazer-futuro-acontecer-em-Feira-de-Santana-Com-a-forca-do-povo.jpeg","datePublished":"2024-08-30T17:13:19+00:00","dateModified":"2024-08-30T17:14:00+00:00","author":{"@id":"https:\/\/portalmf.com.br\/#\/schema\/person\/9ec101baf56233e53520c26de5d6f6f0"},"breadcrumb":{"@id":"https:\/\/portalmf.com.br\/index.php\/2024\/08\/30\/na-tv-ze-neto-apresenta-propostas-para-fazer-futuro-acontecer-em-feira-de-santana-com-a-forca-do-povo\/#breadcrumb"},"inLanguage":"pt-BR","potentialAction":[{"@type":"ReadAction","target":["https:\/\/portalmf.com.br\/index.php\/2024\/08\/30\/na-tv-ze-neto-apresenta-propostas-para-fazer-futuro-acontecer-em-feira-de-santana-com-a-forca-do-povo\/"]}]},{"@type":"ImageObject","inLanguage":"pt-BR","@id":"https:\/\/portalmf.com.br\/index.php\/2024\/08\/30\/na-tv-ze-neto-apresenta-propostas-para-fazer-futuro-acontecer-em-feira-de-santana-com-a-forca-do-povo\/#primaryimage","url":"https:\/\/portalmf.com.br\/wp-content\/uploads\/2024\/08\/Na-TV-Ze-Neto-apresenta-propostas-para-fazer-futuro-acontecer-em-Feira-de-Santana-Com-a-forca-do-povo.jpeg","contentUrl":"https:\/\/portalmf.com.br\/wp-content\/uploads\/2024\/08\/Na-TV-Ze-Neto-apresenta-propostas-para-fazer-futuro-acontecer-em-Feira-de-Santana-Com-a-forca-do-povo.jpeg","width":1255,"height":846},{"@type":"BreadcrumbList","@id":"https:\/\/portalmf.com.br\/index.php\/2024\/08\/30\/na-tv-ze-neto-apresenta-propostas-para-fazer-futuro-acontecer-em-feira-de-santana-com-a-forca-do-povo\/#breadcrumb","itemListElement":[{"@type":"ListItem","position":1,"name":"In\u00edcio","item":"https:\/\/portalmf.com.br\/"},{"@type":"ListItem","position":2,"name":"Na TV, Z\u00e9 Neto apresenta propostas para fazer futuro acontecer em Feira de Santana; &#8220;Com a for\u00e7a do povo&#8221;"}]},{"@type":"WebSite","@id":"https:\/\/portalmf.com.br\/#website","url":"https:\/\/portalmf.com.br\/","name":"Portal MF","description":"Voc\u00ea conectado com a informa\u00e7\u00e3o","potentialAction":[{"@type":"SearchAction","target":{"@type":"EntryPoint","urlTemplate":"https:\/\/portalmf.com.br\/?s={search_term_string}"},"query-input":"required name=search_term_string"}],"inLanguage":"pt-BR"},{"@type":"Person","@id":"https:\/\/portalmf.com.br\/#\/schema\/person\/9ec101baf56233e53520c26de5d6f6f0","name":"Reda\u00e7\u00e3o Portal MF","image":{"@type":"ImageObject","inLanguage":"pt-BR","@id":"https:\/\/portalmf.com.br\/#\/schema\/person\/image\/","url":"https:\/\/secure.gravatar.com\/avatar\/41b9aaeb2100835f7c64362330f74c7f?s=96&d=mm&r=g","contentUrl":"https:\/\/secure.gravatar.com\/avatar\/41b9aaeb2100835f7c64362330f74c7f?s=96&d=mm&r=g","caption":"Reda\u00e7\u00e3o Portal MF"},"description":"Sejam bem-vindos o portal de informa\u00e7\u00f5es de entretenimento de Feira de Santana, desde 2006 realiza coberturas dos principais eventos com entrevistas exclusivas com as principais personalidades mundiais. Fique conectado tamb\u00e9m nas redes sociais.","sameAs":["http:\/\/www.portalmf.com.br\/","https:\/\/www.facebook.com\/portalmfoficial","https:\/\/www.instagram.com\/portalmf\/","https:\/\/x.com\/https:\/\/x.com\/portalmfoficial","https:\/\/www.youtube.com\/@portalmfoficial"],"url":"https:\/\/portalmf.com.br\/index.php\/author\/junior\/"}]}},"_links":{"self":[{"href":"https:\/\/portalmf.com.br\/index.php\/wp-json\/wp\/v2\/posts\/29234"}],"collection":[{"href":"https:\/\/portalmf.com.br\/index.php\/wp-json\/wp\/v2\/posts"}],"about":[{"href":"https:\/\/portalmf.com.br\/index.php\/wp-json\/wp\/v2\/types\/post"}],"author":[{"embeddable":true,"href":"https:\/\/portalmf.com.br\/index.php\/wp-json\/wp\/v2\/users\/3"}],"replies":[{"embeddable":true,"href":"https:\/\/portalmf.com.br\/index.php\/wp-json\/wp\/v2\/comments?post=29234"}],"version-history":[{"count":2,"href":"https:\/\/portalmf.com.br\/index.php\/wp-json\/wp\/v2\/posts\/29234\/revisions"}],"predecessor-version":[{"id":29237,"href":"https:\/\/portalmf.com.br\/index.php\/wp-json\/wp\/v2\/posts\/29234\/revisions\/29237"}],"wp:featuredmedia":[{"embeddable":true,"href":"https:\/\/portalmf.com.br\/index.php\/wp-json\/wp\/v2\/media\/29235"}],"wp:attachment":[{"href":"https:\/\/portalmf.com.br\/index.php\/wp-json\/wp\/v2\/media?parent=29234"}],"wp:term":[{"taxonomy":"category","embeddable":true,"href":"https:\/\/portalmf.com.br\/index.php\/wp-json\/wp\/v2\/categories?post=29234"},{"taxonomy":"post_tag","embeddable":true,"href":"https:\/\/portalmf.com.br\/index.php\/wp-json\/wp\/v2\/tags?post=29234"}],"curies":[{"name":"wp","href":"https:\/\/api.w.org\/{rel}","templated":true}]}}