{"id":29216,"date":"2024-08-29T16:45:23","date_gmt":"2024-08-29T19:45:23","guid":{"rendered":"https:\/\/portalmf.com.br\/?p=29216"},"modified":"2024-08-29T16:45:23","modified_gmt":"2024-08-29T19:45:23","slug":"uefs-recebe-conferencia-interterritorial-de-economia-solidaria-em-feira-de-santana","status":"publish","type":"post","link":"https:\/\/portalmf.com.br\/index.php\/2024\/08\/29\/uefs-recebe-conferencia-interterritorial-de-economia-solidaria-em-feira-de-santana\/","title":{"rendered":"Uefs recebe Confer\u00eancia Interterritorial de Economia Solid\u00e1ria em Feira de Santana"},"content":{"rendered":"\n<p>O munic\u00edpio de Feira de Santana sediou uma Confer\u00eancia Interterritorial de Economia Popular Solid\u00e1ria, na quarta-feira (28), que aconteceu no Campus da Universidade Estadual de Feira de Santana (Uefs). O objetivo foi&nbsp;discutir as pr\u00e1ticas da Economia Solid\u00e1ria e elaborar propostas que ser\u00e3o discutidas e aplicadas em todo Estado.&nbsp;<\/p>\n\n\n\n<p>Wenceslau dos Santos, superintendente de economia solid\u00e1ria e cooperativismo (SEDOL), explicou em entrevista ao Portal MF e jornal Folha do Estado, que est\u00e1 em um processo de mobiliza\u00e7\u00e3o nacional para discutir e fazer um balan\u00e7o das pol\u00edticas p\u00fablicas de economia solid\u00e1ria e cooperativismo.<\/p>\n\n\n<div class=\"wp-block-image\">\n<figure class=\"alignleft size-full is-resized\"><img fetchpriority=\"high\" decoding=\"async\" width=\"800\" height=\"600\" src=\"https:\/\/portalmf.com.br\/wp-content\/uploads\/2024\/08\/Wenceslau-dos-Santos-superintendente-de-economia-solidaria-e-cooperativismo-SEDOL.jpg\" alt=\"\" class=\"wp-image-29217\" style=\"width:163px;height:auto\" srcset=\"https:\/\/portalmf.com.br\/wp-content\/uploads\/2024\/08\/Wenceslau-dos-Santos-superintendente-de-economia-solidaria-e-cooperativismo-SEDOL.jpg 800w, https:\/\/portalmf.com.br\/wp-content\/uploads\/2024\/08\/Wenceslau-dos-Santos-superintendente-de-economia-solidaria-e-cooperativismo-SEDOL-300x225.jpg 300w, https:\/\/portalmf.com.br\/wp-content\/uploads\/2024\/08\/Wenceslau-dos-Santos-superintendente-de-economia-solidaria-e-cooperativismo-SEDOL-768x576.jpg 768w, https:\/\/portalmf.com.br\/wp-content\/uploads\/2024\/08\/Wenceslau-dos-Santos-superintendente-de-economia-solidaria-e-cooperativismo-SEDOL-696x522.jpg 696w\" sizes=\"(max-width: 800px) 100vw, 800px\" \/><figcaption class=\"wp-element-caption\">Wenceslau dos Santos, superintendente de economia solid\u00e1ria e cooperativismo (SEDOL). Foto: Reginaldo J\u00fanior \/ Portal MF<\/figcaption><\/figure><\/div>\n\n\n<p><em>&#8220;Queremos fazer um balan\u00e7o tamb\u00e9m da pol\u00edtica p\u00fablica, no Estado da Bahia. S\u00e3o 10 confer\u00eancias Interterritoriais e por isso fomos aglomerando v\u00e1rios territ\u00f3rios. Aqui em Feira de Santana sediamos uma confer\u00eancia que totaliza, junto com as outras realizadas em outro munic\u00edpios, 10 conferi\u00e7\u00f5es. A pauta dos encontros \u00e9 justamente fazer um balan\u00e7o da pol\u00edtica p\u00fablica do Estado e fazer a revis\u00e3o do plano nacional de economia solid\u00e1ria que foi feito h\u00e1 10 anos. A nossa ideia \u00e9 assistir a assist\u00eancia t\u00e9cnica, comercializa\u00e7\u00e3o, a legisla\u00e7\u00e3o, forma\u00e7\u00e3o continuada dos empreendedores e discutir fomento e financiamento, finan\u00e7as solid\u00e1ria, microcr\u00e9dito e outras iniciativas que os estados, a uni\u00e3o e os munic\u00edpios precisam, cada vez mais, investir como alternativa para crise do trabalho formal&#8221;.&nbsp;<\/em><\/p>\n\n\n\n<p>O superintendente diz ainda que o Estado precisa amparar os empreendedores que, seguindo uma tend\u00eancia nacional, ser\u00e3o cada vez mais numerosos na sociedade.<\/p>\n\n\n\n<p><em>&#8220;Apesar da tend\u00eancia \u00e0 diminui\u00e7\u00e3o do trabalho formal, carteira assinada, as pessoas precisam trabalhar, elas t\u00eam seus compromissos e as pessoas procuram &#8216;se virar&#8217;, mas empreender com apoio do poder p\u00fablico \u00e9 mais f\u00e1cil, ent\u00e3o por isso que a gente tem essa pol\u00edtica que o governo coloca como prioridade, o fortalecimento da agricultura familiar, quanto da economia solid\u00e1ria no Estado da Bahia. As vezes as pessoas querem fazer uma diferencia\u00e7\u00e3o entre agricultura familiar, economia criativa, economia circular, na verdade, a forma de organiza\u00e7\u00e3o \u00e9 tudo economia solid\u00e1ria, porque o princ\u00edpio da economia solid\u00e1ria \u00e9 o associativismo&#8221;,<\/em> defende.<\/p>\n\n\n\n<p class=\"has-text-align-right\"><em>As informa\u00e7\u00f5es s\u00e3o do rep\u00f3rter Reginaldo J\u00fanior<\/em><\/p>\n","protected":false},"excerpt":{"rendered":"<p>O munic\u00edpio de Feira de Santana sediou uma Confer\u00eancia Interterritorial de Economia Popular Solid\u00e1ria, na quarta-feira (28), que aconteceu no Campus da Universidade Estadual de Feira de Santana (Uefs). O objetivo foi&nbsp;discutir as pr\u00e1ticas da Economia Solid\u00e1ria e elaborar propostas que ser\u00e3o discutidas e aplicadas em todo Estado.&nbsp; Wenceslau dos Santos, superintendente de economia solid\u00e1ria [&hellip;]<\/p>\n","protected":false},"author":5,"featured_media":18045,"comment_status":"open","ping_status":"open","sticky":false,"template":"","format":"standard","meta":{"_monsterinsights_skip_tracking":false,"_monsterinsights_sitenote_active":false,"_monsterinsights_sitenote_note":"","_monsterinsights_sitenote_category":0,"footnotes":""},"categories":[47,34],"tags":[],"yoast_head":"<!-- This site is optimized with the Yoast SEO plugin v22.9 - https:\/\/yoast.com\/wordpress\/plugins\/seo\/ -->\n<title>Uefs recebe Confer\u00eancia Interterritorial de Economia Solid\u00e1ria em Feira de Santana - Portal MF<\/title>\n<meta name=\"robots\" content=\"index, follow, max-snippet:-1, max-image-preview:large, max-video-preview:-1\" \/>\n<link rel=\"canonical\" href=\"https:\/\/portalmf.com.br\/index.php\/2024\/08\/29\/uefs-recebe-conferencia-interterritorial-de-economia-solidaria-em-feira-de-santana\/\" \/>\n<meta property=\"og:locale\" content=\"pt_BR\" \/>\n<meta property=\"og:type\" content=\"article\" \/>\n<meta property=\"og:title\" content=\"Uefs recebe Confer\u00eancia Interterritorial de Economia Solid\u00e1ria em Feira de Santana - Portal MF\" \/>\n<meta property=\"og:description\" content=\"O munic\u00edpio de Feira de Santana sediou uma Confer\u00eancia Interterritorial de Economia Popular Solid\u00e1ria, na quarta-feira (28), que aconteceu no Campus da Universidade Estadual de Feira de Santana (Uefs). O objetivo foi&nbsp;discutir as pr\u00e1ticas da Economia Solid\u00e1ria e elaborar propostas que ser\u00e3o discutidas e aplicadas em todo Estado.&nbsp; Wenceslau dos Santos, superintendente de economia solid\u00e1ria [&hellip;]\" \/>\n<meta property=\"og:url\" content=\"https:\/\/portalmf.com.br\/index.php\/2024\/08\/29\/uefs-recebe-conferencia-interterritorial-de-economia-solidaria-em-feira-de-santana\/\" \/>\n<meta property=\"og:site_name\" content=\"Portal MF\" \/>\n<meta property=\"article:published_time\" content=\"2024-08-29T19:45:23+00:00\" \/>\n<meta property=\"og:image\" content=\"https:\/\/portalmf.com.br\/wp-content\/uploads\/2023\/09\/UEFS.jpg\" \/>\n\t<meta property=\"og:image:width\" content=\"1280\" \/>\n\t<meta property=\"og:image:height\" content=\"911\" \/>\n\t<meta property=\"og:image:type\" content=\"image\/jpeg\" \/>\n<meta name=\"author\" content=\"Lila Oliveira\" \/>\n<meta name=\"twitter:card\" content=\"summary_large_image\" \/>\n<meta name=\"twitter:label1\" content=\"Escrito por\" \/>\n\t<meta name=\"twitter:data1\" content=\"Lila Oliveira\" \/>\n\t<meta name=\"twitter:label2\" content=\"Est. tempo de leitura\" \/>\n\t<meta name=\"twitter:data2\" content=\"3 minutos\" \/>\n<script type=\"application\/ld+json\" class=\"yoast-schema-graph\">{\"@context\":\"https:\/\/schema.org\",\"@graph\":[{\"@type\":\"WebPage\",\"@id\":\"https:\/\/portalmf.com.br\/index.php\/2024\/08\/29\/uefs-recebe-conferencia-interterritorial-de-economia-solidaria-em-feira-de-santana\/\",\"url\":\"https:\/\/portalmf.com.br\/index.php\/2024\/08\/29\/uefs-recebe-conferencia-interterritorial-de-economia-solidaria-em-feira-de-santana\/\",\"name\":\"Uefs recebe Confer\u00eancia Interterritorial de Economia Solid\u00e1ria em Feira de Santana - Portal MF\",\"isPartOf\":{\"@id\":\"https:\/\/portalmf.com.br\/#website\"},\"primaryImageOfPage\":{\"@id\":\"https:\/\/portalmf.com.br\/index.php\/2024\/08\/29\/uefs-recebe-conferencia-interterritorial-de-economia-solidaria-em-feira-de-santana\/#primaryimage\"},\"image\":{\"@id\":\"https:\/\/portalmf.com.br\/index.php\/2024\/08\/29\/uefs-recebe-conferencia-interterritorial-de-economia-solidaria-em-feira-de-santana\/#primaryimage\"},\"thumbnailUrl\":\"https:\/\/portalmf.com.br\/wp-content\/uploads\/2023\/09\/UEFS.jpg\",\"datePublished\":\"2024-08-29T19:45:23+00:00\",\"dateModified\":\"2024-08-29T19:45:23+00:00\",\"author\":{\"@id\":\"https:\/\/portalmf.com.br\/#\/schema\/person\/19071c375ee7579b7300dd91d656ff97\"},\"breadcrumb\":{\"@id\":\"https:\/\/portalmf.com.br\/index.php\/2024\/08\/29\/uefs-recebe-conferencia-interterritorial-de-economia-solidaria-em-feira-de-santana\/#breadcrumb\"},\"inLanguage\":\"pt-BR\",\"potentialAction\":[{\"@type\":\"ReadAction\",\"target\":[\"https:\/\/portalmf.com.br\/index.php\/2024\/08\/29\/uefs-recebe-conferencia-interterritorial-de-economia-solidaria-em-feira-de-santana\/\"]}]},{\"@type\":\"ImageObject\",\"inLanguage\":\"pt-BR\",\"@id\":\"https:\/\/portalmf.com.br\/index.php\/2024\/08\/29\/uefs-recebe-conferencia-interterritorial-de-economia-solidaria-em-feira-de-santana\/#primaryimage\",\"url\":\"https:\/\/portalmf.com.br\/wp-content\/uploads\/2023\/09\/UEFS.jpg\",\"contentUrl\":\"https:\/\/portalmf.com.br\/wp-content\/uploads\/2023\/09\/UEFS.jpg\",\"width\":1280,\"height\":911},{\"@type\":\"BreadcrumbList\",\"@id\":\"https:\/\/portalmf.com.br\/index.php\/2024\/08\/29\/uefs-recebe-conferencia-interterritorial-de-economia-solidaria-em-feira-de-santana\/#breadcrumb\",\"itemListElement\":[{\"@type\":\"ListItem\",\"position\":1,\"name\":\"In\u00edcio\",\"item\":\"https:\/\/portalmf.com.br\/\"},{\"@type\":\"ListItem\",\"position\":2,\"name\":\"Uefs recebe Confer\u00eancia Interterritorial de Economia Solid\u00e1ria em Feira de Santana\"}]},{\"@type\":\"WebSite\",\"@id\":\"https:\/\/portalmf.com.br\/#website\",\"url\":\"https:\/\/portalmf.com.br\/\",\"name\":\"Portal MF\",\"description\":\"Voc\u00ea conectado com a informa\u00e7\u00e3o\",\"potentialAction\":[{\"@type\":\"SearchAction\",\"target\":{\"@type\":\"EntryPoint\",\"urlTemplate\":\"https:\/\/portalmf.com.br\/?s={search_term_string}\"},\"query-input\":\"required name=search_term_string\"}],\"inLanguage\":\"pt-BR\"},{\"@type\":\"Person\",\"@id\":\"https:\/\/portalmf.com.br\/#\/schema\/person\/19071c375ee7579b7300dd91d656ff97\",\"name\":\"Lila Oliveira\",\"image\":{\"@type\":\"ImageObject\",\"inLanguage\":\"pt-BR\",\"@id\":\"https:\/\/portalmf.com.br\/#\/schema\/person\/image\/\",\"url\":\"https:\/\/secure.gravatar.com\/avatar\/344958fa973c4e824a6dde1b63c19431?s=96&d=mm&r=g\",\"contentUrl\":\"https:\/\/secure.gravatar.com\/avatar\/344958fa973c4e824a6dde1b63c19431?s=96&d=mm&r=g\",\"caption\":\"Lila Oliveira\"},\"sameAs\":[\"https:\/\/portalmf.com.br\/\"],\"url\":\"https:\/\/portalmf.com.br\/index.php\/author\/lilaoliveira\/\"}]}<\/script>\n<!-- \/ Yoast SEO plugin. -->","yoast_head_json":{"title":"Uefs recebe Confer\u00eancia Interterritorial de Economia Solid\u00e1ria em Feira de Santana - Portal MF","robots":{"index":"index","follow":"follow","max-snippet":"max-snippet:-1","max-image-preview":"max-image-preview:large","max-video-preview":"max-video-preview:-1"},"canonical":"https:\/\/portalmf.com.br\/index.php\/2024\/08\/29\/uefs-recebe-conferencia-interterritorial-de-economia-solidaria-em-feira-de-santana\/","og_locale":"pt_BR","og_type":"article","og_title":"Uefs recebe Confer\u00eancia Interterritorial de Economia Solid\u00e1ria em Feira de Santana - Portal MF","og_description":"O munic\u00edpio de Feira de Santana sediou uma Confer\u00eancia Interterritorial de Economia Popular Solid\u00e1ria, na quarta-feira (28), que aconteceu no Campus da Universidade Estadual de Feira de Santana (Uefs). O objetivo foi&nbsp;discutir as pr\u00e1ticas da Economia Solid\u00e1ria e elaborar propostas que ser\u00e3o discutidas e aplicadas em todo Estado.&nbsp; Wenceslau dos Santos, superintendente de economia solid\u00e1ria [&hellip;]","og_url":"https:\/\/portalmf.com.br\/index.php\/2024\/08\/29\/uefs-recebe-conferencia-interterritorial-de-economia-solidaria-em-feira-de-santana\/","og_site_name":"Portal MF","article_published_time":"2024-08-29T19:45:23+00:00","og_image":[{"width":1280,"height":911,"url":"https:\/\/portalmf.com.br\/wp-content\/uploads\/2023\/09\/UEFS.jpg","type":"image\/jpeg"}],"author":"Lila Oliveira","twitter_card":"summary_large_image","twitter_misc":{"Escrito por":"Lila Oliveira","Est. tempo de leitura":"3 minutos"},"schema":{"@context":"https:\/\/schema.org","@graph":[{"@type":"WebPage","@id":"https:\/\/portalmf.com.br\/index.php\/2024\/08\/29\/uefs-recebe-conferencia-interterritorial-de-economia-solidaria-em-feira-de-santana\/","url":"https:\/\/portalmf.com.br\/index.php\/2024\/08\/29\/uefs-recebe-conferencia-interterritorial-de-economia-solidaria-em-feira-de-santana\/","name":"Uefs recebe Confer\u00eancia Interterritorial de Economia Solid\u00e1ria em Feira de Santana - Portal MF","isPartOf":{"@id":"https:\/\/portalmf.com.br\/#website"},"primaryImageOfPage":{"@id":"https:\/\/portalmf.com.br\/index.php\/2024\/08\/29\/uefs-recebe-conferencia-interterritorial-de-economia-solidaria-em-feira-de-santana\/#primaryimage"},"image":{"@id":"https:\/\/portalmf.com.br\/index.php\/2024\/08\/29\/uefs-recebe-conferencia-interterritorial-de-economia-solidaria-em-feira-de-santana\/#primaryimage"},"thumbnailUrl":"https:\/\/portalmf.com.br\/wp-content\/uploads\/2023\/09\/UEFS.jpg","datePublished":"2024-08-29T19:45:23+00:00","dateModified":"2024-08-29T19:45:23+00:00","author":{"@id":"https:\/\/portalmf.com.br\/#\/schema\/person\/19071c375ee7579b7300dd91d656ff97"},"breadcrumb":{"@id":"https:\/\/portalmf.com.br\/index.php\/2024\/08\/29\/uefs-recebe-conferencia-interterritorial-de-economia-solidaria-em-feira-de-santana\/#breadcrumb"},"inLanguage":"pt-BR","potentialAction":[{"@type":"ReadAction","target":["https:\/\/portalmf.com.br\/index.php\/2024\/08\/29\/uefs-recebe-conferencia-interterritorial-de-economia-solidaria-em-feira-de-santana\/"]}]},{"@type":"ImageObject","inLanguage":"pt-BR","@id":"https:\/\/portalmf.com.br\/index.php\/2024\/08\/29\/uefs-recebe-conferencia-interterritorial-de-economia-solidaria-em-feira-de-santana\/#primaryimage","url":"https:\/\/portalmf.com.br\/wp-content\/uploads\/2023\/09\/UEFS.jpg","contentUrl":"https:\/\/portalmf.com.br\/wp-content\/uploads\/2023\/09\/UEFS.jpg","width":1280,"height":911},{"@type":"BreadcrumbList","@id":"https:\/\/portalmf.com.br\/index.php\/2024\/08\/29\/uefs-recebe-conferencia-interterritorial-de-economia-solidaria-em-feira-de-santana\/#breadcrumb","itemListElement":[{"@type":"ListItem","position":1,"name":"In\u00edcio","item":"https:\/\/portalmf.com.br\/"},{"@type":"ListItem","position":2,"name":"Uefs recebe Confer\u00eancia Interterritorial de Economia Solid\u00e1ria em Feira de Santana"}]},{"@type":"WebSite","@id":"https:\/\/portalmf.com.br\/#website","url":"https:\/\/portalmf.com.br\/","name":"Portal MF","description":"Voc\u00ea conectado com a informa\u00e7\u00e3o","potentialAction":[{"@type":"SearchAction","target":{"@type":"EntryPoint","urlTemplate":"https:\/\/portalmf.com.br\/?s={search_term_string}"},"query-input":"required name=search_term_string"}],"inLanguage":"pt-BR"},{"@type":"Person","@id":"https:\/\/portalmf.com.br\/#\/schema\/person\/19071c375ee7579b7300dd91d656ff97","name":"Lila Oliveira","image":{"@type":"ImageObject","inLanguage":"pt-BR","@id":"https:\/\/portalmf.com.br\/#\/schema\/person\/image\/","url":"https:\/\/secure.gravatar.com\/avatar\/344958fa973c4e824a6dde1b63c19431?s=96&d=mm&r=g","contentUrl":"https:\/\/secure.gravatar.com\/avatar\/344958fa973c4e824a6dde1b63c19431?s=96&d=mm&r=g","caption":"Lila Oliveira"},"sameAs":["https:\/\/portalmf.com.br\/"],"url":"https:\/\/portalmf.com.br\/index.php\/author\/lilaoliveira\/"}]}},"_links":{"self":[{"href":"https:\/\/portalmf.com.br\/index.php\/wp-json\/wp\/v2\/posts\/29216"}],"collection":[{"href":"https:\/\/portalmf.com.br\/index.php\/wp-json\/wp\/v2\/posts"}],"about":[{"href":"https:\/\/portalmf.com.br\/index.php\/wp-json\/wp\/v2\/types\/post"}],"author":[{"embeddable":true,"href":"https:\/\/portalmf.com.br\/index.php\/wp-json\/wp\/v2\/users\/5"}],"replies":[{"embeddable":true,"href":"https:\/\/portalmf.com.br\/index.php\/wp-json\/wp\/v2\/comments?post=29216"}],"version-history":[{"count":1,"href":"https:\/\/portalmf.com.br\/index.php\/wp-json\/wp\/v2\/posts\/29216\/revisions"}],"predecessor-version":[{"id":29218,"href":"https:\/\/portalmf.com.br\/index.php\/wp-json\/wp\/v2\/posts\/29216\/revisions\/29218"}],"wp:featuredmedia":[{"embeddable":true,"href":"https:\/\/portalmf.com.br\/index.php\/wp-json\/wp\/v2\/media\/18045"}],"wp:attachment":[{"href":"https:\/\/portalmf.com.br\/index.php\/wp-json\/wp\/v2\/media?parent=29216"}],"wp:term":[{"taxonomy":"category","embeddable":true,"href":"https:\/\/portalmf.com.br\/index.php\/wp-json\/wp\/v2\/categories?post=29216"},{"taxonomy":"post_tag","embeddable":true,"href":"https:\/\/portalmf.com.br\/index.php\/wp-json\/wp\/v2\/tags?post=29216"}],"curies":[{"name":"wp","href":"https:\/\/api.w.org\/{rel}","templated":true}]}}