{"id":29212,"date":"2024-08-29T16:40:44","date_gmt":"2024-08-29T19:40:44","guid":{"rendered":"https:\/\/portalmf.com.br\/?p=29212"},"modified":"2024-08-29T16:40:45","modified_gmt":"2024-08-29T19:40:45","slug":"bancarios-feirenses-realizam-cafe-da-manha-para-celebrar-dia-da-categoria","status":"publish","type":"post","link":"https:\/\/portalmf.com.br\/index.php\/2024\/08\/29\/bancarios-feirenses-realizam-cafe-da-manha-para-celebrar-dia-da-categoria\/","title":{"rendered":"Banc\u00e1rios feirenses realizam caf\u00e9 da manh\u00e3 para celebrar dia da categoria"},"content":{"rendered":"\n<p>O Sindicato dos Banc\u00e1rios de Feira de Santana (SEEB)&nbsp;realizou um caf\u00e9 da manh\u00e3 para celebrar o Dia dos Banc\u00e1rios, na manh\u00e3 de quarta-feira (28). O evento, intitulado &#8220;Caf\u00e9 com os Banc\u00e1rios&#8221;, teve como objetivo comemorar a data, confraternizar e debater o atual cen\u00e1rio da categoria.<\/p>\n\n\n\n<p>Entretanto, em entrevista ao Portal MF e Jornal Folha do Estado,&nbsp;Edmilson Cerqueira, diretor de comunica\u00e7\u00e3o do SEEB , lamentou&nbsp;a cena atual e disse&nbsp;que apesar do evento ter sido&nbsp;de celebra\u00e7\u00e3o, a categoria n\u00e3o tem muito o que comemorar.<\/p>\n\n\n<div class=\"wp-block-image\">\n<figure class=\"alignleft size-large is-resized\"><img fetchpriority=\"high\" decoding=\"async\" width=\"768\" height=\"1024\" src=\"https:\/\/portalmf.com.br\/wp-content\/uploads\/2024\/08\/edimilson_cerqueira_sindicato_dos_bancarios_mf-768x1024.jpg\" alt=\"\" class=\"wp-image-29214\" style=\"width:182px;height:auto\" srcset=\"https:\/\/portalmf.com.br\/wp-content\/uploads\/2024\/08\/edimilson_cerqueira_sindicato_dos_bancarios_mf-768x1024.jpg 768w, https:\/\/portalmf.com.br\/wp-content\/uploads\/2024\/08\/edimilson_cerqueira_sindicato_dos_bancarios_mf-225x300.jpg 225w, https:\/\/portalmf.com.br\/wp-content\/uploads\/2024\/08\/edimilson_cerqueira_sindicato_dos_bancarios_mf-696x928.jpg 696w, https:\/\/portalmf.com.br\/wp-content\/uploads\/2024\/08\/edimilson_cerqueira_sindicato_dos_bancarios_mf.jpg 800w\" sizes=\"(max-width: 768px) 100vw, 768px\" \/><figcaption class=\"wp-element-caption\">Edmilson Cerqueira, diretor de comunica\u00e7\u00e3o do SEEB. Foto: Reginaldo J\u00fanior<\/figcaption><\/figure><\/div>\n\n\n<p><em>&#8220;Infelizmente n\u00e3o temos muito que comemorar. Estamos vivenciando os banc\u00e1rios e a popula\u00e7\u00e3o sofrerem um descaso por parte desses senhores banqueiros. Quase todas as cidades pequenas que comp\u00f5em a grande regi\u00e3o de Feira de Santana&nbsp;tiveram suas ag\u00eancias fechadas. Tamb\u00e9m em Feira de Santana tivemos bancos fechados, n\u00e3o fazem concurso, n\u00e3o contratam mais banc\u00e1rios e a cada dia que passa, querem mais clientes e mais demandas para os poucos que restam. Entretanto, de qualquer forma \u00e9 Dia do Banc\u00e1rio e a gente comemora<\/em>&#8220;, lamentou Cerqueira.<\/p>\n\n\n\n<p>Segundo ele, houve uma greve que durou 69 dias e culminou no dia 28 de agosto, pois esta&nbsp;data \u00e9 comemorada pela categoria.&nbsp;<\/p>\n\n\n\n<p><em>&#8220;S\u00e3o mais de 100 anos de luta pela maior conven\u00e7\u00e3o coletiva de uma categoria que \u00e9 a banc\u00e1ria. Estamos a\u00ed na luta, em negocia\u00e7\u00e3o e os banqueiros at\u00e9 agora n\u00e3o prop\u00f5em nada e a\u00ed teremos que realizar um tipo de manifesta\u00e7\u00e3o maior, como paralisa\u00e7\u00e3o por exemplo<\/em>&#8220;, destacou<\/p>\n\n\n\n<p>O evento contou com a presen\u00e7a dos banc\u00e1rios e banc\u00e1rias, aposentados, imprensa e demais convidados.\u00a0<\/p>\n\n\n\n<p class=\"has-text-align-right\"><em>As informa\u00e7\u00f5es s\u00e3o do rep\u00f3rter Reginaldo J\u00fanior <\/em><\/p>\n","protected":false},"excerpt":{"rendered":"<p>O Sindicato dos Banc\u00e1rios de Feira de Santana (SEEB)&nbsp;realizou um caf\u00e9 da manh\u00e3 para celebrar o Dia dos Banc\u00e1rios, na manh\u00e3 de quarta-feira (28). O evento, intitulado &#8220;Caf\u00e9 com os Banc\u00e1rios&#8221;, teve como objetivo comemorar a data, confraternizar e debater o atual cen\u00e1rio da categoria. Entretanto, em entrevista ao Portal MF e Jornal Folha do [&hellip;]<\/p>\n","protected":false},"author":5,"featured_media":29213,"comment_status":"open","ping_status":"open","sticky":false,"template":"","format":"standard","meta":{"_monsterinsights_skip_tracking":false,"_monsterinsights_sitenote_active":false,"_monsterinsights_sitenote_note":"","_monsterinsights_sitenote_category":0,"footnotes":""},"categories":[47,34],"tags":[],"yoast_head":"<!-- This site is optimized with the Yoast SEO plugin v22.9 - https:\/\/yoast.com\/wordpress\/plugins\/seo\/ -->\n<title>Banc\u00e1rios feirenses realizam caf\u00e9 da manh\u00e3 para celebrar dia da categoria - Portal MF<\/title>\n<meta name=\"robots\" content=\"index, follow, max-snippet:-1, max-image-preview:large, max-video-preview:-1\" \/>\n<link rel=\"canonical\" href=\"https:\/\/portalmf.com.br\/index.php\/2024\/08\/29\/bancarios-feirenses-realizam-cafe-da-manha-para-celebrar-dia-da-categoria\/\" \/>\n<meta property=\"og:locale\" content=\"pt_BR\" \/>\n<meta property=\"og:type\" content=\"article\" \/>\n<meta property=\"og:title\" content=\"Banc\u00e1rios feirenses realizam caf\u00e9 da manh\u00e3 para celebrar dia da categoria - Portal MF\" \/>\n<meta property=\"og:description\" content=\"O Sindicato dos Banc\u00e1rios de Feira de Santana (SEEB)&nbsp;realizou um caf\u00e9 da manh\u00e3 para celebrar o Dia dos Banc\u00e1rios, na manh\u00e3 de quarta-feira (28). O evento, intitulado &#8220;Caf\u00e9 com os Banc\u00e1rios&#8221;, teve como objetivo comemorar a data, confraternizar e debater o atual cen\u00e1rio da categoria. Entretanto, em entrevista ao Portal MF e Jornal Folha do [&hellip;]\" \/>\n<meta property=\"og:url\" content=\"https:\/\/portalmf.com.br\/index.php\/2024\/08\/29\/bancarios-feirenses-realizam-cafe-da-manha-para-celebrar-dia-da-categoria\/\" \/>\n<meta property=\"og:site_name\" content=\"Portal MF\" \/>\n<meta property=\"article:published_time\" content=\"2024-08-29T19:40:44+00:00\" \/>\n<meta property=\"article:modified_time\" content=\"2024-08-29T19:40:45+00:00\" \/>\n<meta property=\"og:image\" content=\"https:\/\/portalmf.com.br\/wp-content\/uploads\/2024\/08\/Bancarios-nao-tem-muito-o-que-comemorar-diz-sindicato-sobre-dia-da-categoria.jpg\" \/>\n\t<meta property=\"og:image:width\" content=\"800\" \/>\n\t<meta property=\"og:image:height\" content=\"600\" \/>\n\t<meta property=\"og:image:type\" content=\"image\/jpeg\" \/>\n<meta name=\"author\" content=\"Lila Oliveira\" \/>\n<meta name=\"twitter:card\" content=\"summary_large_image\" \/>\n<meta name=\"twitter:label1\" content=\"Escrito por\" \/>\n\t<meta name=\"twitter:data1\" content=\"Lila Oliveira\" \/>\n\t<meta name=\"twitter:label2\" content=\"Est. tempo de leitura\" \/>\n\t<meta name=\"twitter:data2\" content=\"2 minutos\" \/>\n<script type=\"application\/ld+json\" class=\"yoast-schema-graph\">{\"@context\":\"https:\/\/schema.org\",\"@graph\":[{\"@type\":\"WebPage\",\"@id\":\"https:\/\/portalmf.com.br\/index.php\/2024\/08\/29\/bancarios-feirenses-realizam-cafe-da-manha-para-celebrar-dia-da-categoria\/\",\"url\":\"https:\/\/portalmf.com.br\/index.php\/2024\/08\/29\/bancarios-feirenses-realizam-cafe-da-manha-para-celebrar-dia-da-categoria\/\",\"name\":\"Banc\u00e1rios feirenses realizam caf\u00e9 da manh\u00e3 para celebrar dia da categoria - Portal MF\",\"isPartOf\":{\"@id\":\"https:\/\/portalmf.com.br\/#website\"},\"primaryImageOfPage\":{\"@id\":\"https:\/\/portalmf.com.br\/index.php\/2024\/08\/29\/bancarios-feirenses-realizam-cafe-da-manha-para-celebrar-dia-da-categoria\/#primaryimage\"},\"image\":{\"@id\":\"https:\/\/portalmf.com.br\/index.php\/2024\/08\/29\/bancarios-feirenses-realizam-cafe-da-manha-para-celebrar-dia-da-categoria\/#primaryimage\"},\"thumbnailUrl\":\"https:\/\/portalmf.com.br\/wp-content\/uploads\/2024\/08\/Bancarios-nao-tem-muito-o-que-comemorar-diz-sindicato-sobre-dia-da-categoria.jpg\",\"datePublished\":\"2024-08-29T19:40:44+00:00\",\"dateModified\":\"2024-08-29T19:40:45+00:00\",\"author\":{\"@id\":\"https:\/\/portalmf.com.br\/#\/schema\/person\/19071c375ee7579b7300dd91d656ff97\"},\"breadcrumb\":{\"@id\":\"https:\/\/portalmf.com.br\/index.php\/2024\/08\/29\/bancarios-feirenses-realizam-cafe-da-manha-para-celebrar-dia-da-categoria\/#breadcrumb\"},\"inLanguage\":\"pt-BR\",\"potentialAction\":[{\"@type\":\"ReadAction\",\"target\":[\"https:\/\/portalmf.com.br\/index.php\/2024\/08\/29\/bancarios-feirenses-realizam-cafe-da-manha-para-celebrar-dia-da-categoria\/\"]}]},{\"@type\":\"ImageObject\",\"inLanguage\":\"pt-BR\",\"@id\":\"https:\/\/portalmf.com.br\/index.php\/2024\/08\/29\/bancarios-feirenses-realizam-cafe-da-manha-para-celebrar-dia-da-categoria\/#primaryimage\",\"url\":\"https:\/\/portalmf.com.br\/wp-content\/uploads\/2024\/08\/Bancarios-nao-tem-muito-o-que-comemorar-diz-sindicato-sobre-dia-da-categoria.jpg\",\"contentUrl\":\"https:\/\/portalmf.com.br\/wp-content\/uploads\/2024\/08\/Bancarios-nao-tem-muito-o-que-comemorar-diz-sindicato-sobre-dia-da-categoria.jpg\",\"width\":800,\"height\":600},{\"@type\":\"BreadcrumbList\",\"@id\":\"https:\/\/portalmf.com.br\/index.php\/2024\/08\/29\/bancarios-feirenses-realizam-cafe-da-manha-para-celebrar-dia-da-categoria\/#breadcrumb\",\"itemListElement\":[{\"@type\":\"ListItem\",\"position\":1,\"name\":\"In\u00edcio\",\"item\":\"https:\/\/portalmf.com.br\/\"},{\"@type\":\"ListItem\",\"position\":2,\"name\":\"Banc\u00e1rios feirenses realizam caf\u00e9 da manh\u00e3 para celebrar dia da categoria\"}]},{\"@type\":\"WebSite\",\"@id\":\"https:\/\/portalmf.com.br\/#website\",\"url\":\"https:\/\/portalmf.com.br\/\",\"name\":\"Portal MF\",\"description\":\"Voc\u00ea conectado com a informa\u00e7\u00e3o\",\"potentialAction\":[{\"@type\":\"SearchAction\",\"target\":{\"@type\":\"EntryPoint\",\"urlTemplate\":\"https:\/\/portalmf.com.br\/?s={search_term_string}\"},\"query-input\":\"required name=search_term_string\"}],\"inLanguage\":\"pt-BR\"},{\"@type\":\"Person\",\"@id\":\"https:\/\/portalmf.com.br\/#\/schema\/person\/19071c375ee7579b7300dd91d656ff97\",\"name\":\"Lila Oliveira\",\"image\":{\"@type\":\"ImageObject\",\"inLanguage\":\"pt-BR\",\"@id\":\"https:\/\/portalmf.com.br\/#\/schema\/person\/image\/\",\"url\":\"https:\/\/secure.gravatar.com\/avatar\/344958fa973c4e824a6dde1b63c19431?s=96&d=mm&r=g\",\"contentUrl\":\"https:\/\/secure.gravatar.com\/avatar\/344958fa973c4e824a6dde1b63c19431?s=96&d=mm&r=g\",\"caption\":\"Lila Oliveira\"},\"sameAs\":[\"https:\/\/portalmf.com.br\/\"],\"url\":\"https:\/\/portalmf.com.br\/index.php\/author\/lilaoliveira\/\"}]}<\/script>\n<!-- \/ Yoast SEO plugin. -->","yoast_head_json":{"title":"Banc\u00e1rios feirenses realizam caf\u00e9 da manh\u00e3 para celebrar dia da categoria - Portal MF","robots":{"index":"index","follow":"follow","max-snippet":"max-snippet:-1","max-image-preview":"max-image-preview:large","max-video-preview":"max-video-preview:-1"},"canonical":"https:\/\/portalmf.com.br\/index.php\/2024\/08\/29\/bancarios-feirenses-realizam-cafe-da-manha-para-celebrar-dia-da-categoria\/","og_locale":"pt_BR","og_type":"article","og_title":"Banc\u00e1rios feirenses realizam caf\u00e9 da manh\u00e3 para celebrar dia da categoria - Portal MF","og_description":"O Sindicato dos Banc\u00e1rios de Feira de Santana (SEEB)&nbsp;realizou um caf\u00e9 da manh\u00e3 para celebrar o Dia dos Banc\u00e1rios, na manh\u00e3 de quarta-feira (28). O evento, intitulado &#8220;Caf\u00e9 com os Banc\u00e1rios&#8221;, teve como objetivo comemorar a data, confraternizar e debater o atual cen\u00e1rio da categoria. Entretanto, em entrevista ao Portal MF e Jornal Folha do [&hellip;]","og_url":"https:\/\/portalmf.com.br\/index.php\/2024\/08\/29\/bancarios-feirenses-realizam-cafe-da-manha-para-celebrar-dia-da-categoria\/","og_site_name":"Portal MF","article_published_time":"2024-08-29T19:40:44+00:00","article_modified_time":"2024-08-29T19:40:45+00:00","og_image":[{"width":800,"height":600,"url":"https:\/\/portalmf.com.br\/wp-content\/uploads\/2024\/08\/Bancarios-nao-tem-muito-o-que-comemorar-diz-sindicato-sobre-dia-da-categoria.jpg","type":"image\/jpeg"}],"author":"Lila Oliveira","twitter_card":"summary_large_image","twitter_misc":{"Escrito por":"Lila Oliveira","Est. tempo de leitura":"2 minutos"},"schema":{"@context":"https:\/\/schema.org","@graph":[{"@type":"WebPage","@id":"https:\/\/portalmf.com.br\/index.php\/2024\/08\/29\/bancarios-feirenses-realizam-cafe-da-manha-para-celebrar-dia-da-categoria\/","url":"https:\/\/portalmf.com.br\/index.php\/2024\/08\/29\/bancarios-feirenses-realizam-cafe-da-manha-para-celebrar-dia-da-categoria\/","name":"Banc\u00e1rios feirenses realizam caf\u00e9 da manh\u00e3 para celebrar dia da categoria - Portal MF","isPartOf":{"@id":"https:\/\/portalmf.com.br\/#website"},"primaryImageOfPage":{"@id":"https:\/\/portalmf.com.br\/index.php\/2024\/08\/29\/bancarios-feirenses-realizam-cafe-da-manha-para-celebrar-dia-da-categoria\/#primaryimage"},"image":{"@id":"https:\/\/portalmf.com.br\/index.php\/2024\/08\/29\/bancarios-feirenses-realizam-cafe-da-manha-para-celebrar-dia-da-categoria\/#primaryimage"},"thumbnailUrl":"https:\/\/portalmf.com.br\/wp-content\/uploads\/2024\/08\/Bancarios-nao-tem-muito-o-que-comemorar-diz-sindicato-sobre-dia-da-categoria.jpg","datePublished":"2024-08-29T19:40:44+00:00","dateModified":"2024-08-29T19:40:45+00:00","author":{"@id":"https:\/\/portalmf.com.br\/#\/schema\/person\/19071c375ee7579b7300dd91d656ff97"},"breadcrumb":{"@id":"https:\/\/portalmf.com.br\/index.php\/2024\/08\/29\/bancarios-feirenses-realizam-cafe-da-manha-para-celebrar-dia-da-categoria\/#breadcrumb"},"inLanguage":"pt-BR","potentialAction":[{"@type":"ReadAction","target":["https:\/\/portalmf.com.br\/index.php\/2024\/08\/29\/bancarios-feirenses-realizam-cafe-da-manha-para-celebrar-dia-da-categoria\/"]}]},{"@type":"ImageObject","inLanguage":"pt-BR","@id":"https:\/\/portalmf.com.br\/index.php\/2024\/08\/29\/bancarios-feirenses-realizam-cafe-da-manha-para-celebrar-dia-da-categoria\/#primaryimage","url":"https:\/\/portalmf.com.br\/wp-content\/uploads\/2024\/08\/Bancarios-nao-tem-muito-o-que-comemorar-diz-sindicato-sobre-dia-da-categoria.jpg","contentUrl":"https:\/\/portalmf.com.br\/wp-content\/uploads\/2024\/08\/Bancarios-nao-tem-muito-o-que-comemorar-diz-sindicato-sobre-dia-da-categoria.jpg","width":800,"height":600},{"@type":"BreadcrumbList","@id":"https:\/\/portalmf.com.br\/index.php\/2024\/08\/29\/bancarios-feirenses-realizam-cafe-da-manha-para-celebrar-dia-da-categoria\/#breadcrumb","itemListElement":[{"@type":"ListItem","position":1,"name":"In\u00edcio","item":"https:\/\/portalmf.com.br\/"},{"@type":"ListItem","position":2,"name":"Banc\u00e1rios feirenses realizam caf\u00e9 da manh\u00e3 para celebrar dia da categoria"}]},{"@type":"WebSite","@id":"https:\/\/portalmf.com.br\/#website","url":"https:\/\/portalmf.com.br\/","name":"Portal MF","description":"Voc\u00ea conectado com a informa\u00e7\u00e3o","potentialAction":[{"@type":"SearchAction","target":{"@type":"EntryPoint","urlTemplate":"https:\/\/portalmf.com.br\/?s={search_term_string}"},"query-input":"required name=search_term_string"}],"inLanguage":"pt-BR"},{"@type":"Person","@id":"https:\/\/portalmf.com.br\/#\/schema\/person\/19071c375ee7579b7300dd91d656ff97","name":"Lila Oliveira","image":{"@type":"ImageObject","inLanguage":"pt-BR","@id":"https:\/\/portalmf.com.br\/#\/schema\/person\/image\/","url":"https:\/\/secure.gravatar.com\/avatar\/344958fa973c4e824a6dde1b63c19431?s=96&d=mm&r=g","contentUrl":"https:\/\/secure.gravatar.com\/avatar\/344958fa973c4e824a6dde1b63c19431?s=96&d=mm&r=g","caption":"Lila Oliveira"},"sameAs":["https:\/\/portalmf.com.br\/"],"url":"https:\/\/portalmf.com.br\/index.php\/author\/lilaoliveira\/"}]}},"_links":{"self":[{"href":"https:\/\/portalmf.com.br\/index.php\/wp-json\/wp\/v2\/posts\/29212"}],"collection":[{"href":"https:\/\/portalmf.com.br\/index.php\/wp-json\/wp\/v2\/posts"}],"about":[{"href":"https:\/\/portalmf.com.br\/index.php\/wp-json\/wp\/v2\/types\/post"}],"author":[{"embeddable":true,"href":"https:\/\/portalmf.com.br\/index.php\/wp-json\/wp\/v2\/users\/5"}],"replies":[{"embeddable":true,"href":"https:\/\/portalmf.com.br\/index.php\/wp-json\/wp\/v2\/comments?post=29212"}],"version-history":[{"count":1,"href":"https:\/\/portalmf.com.br\/index.php\/wp-json\/wp\/v2\/posts\/29212\/revisions"}],"predecessor-version":[{"id":29215,"href":"https:\/\/portalmf.com.br\/index.php\/wp-json\/wp\/v2\/posts\/29212\/revisions\/29215"}],"wp:featuredmedia":[{"embeddable":true,"href":"https:\/\/portalmf.com.br\/index.php\/wp-json\/wp\/v2\/media\/29213"}],"wp:attachment":[{"href":"https:\/\/portalmf.com.br\/index.php\/wp-json\/wp\/v2\/media?parent=29212"}],"wp:term":[{"taxonomy":"category","embeddable":true,"href":"https:\/\/portalmf.com.br\/index.php\/wp-json\/wp\/v2\/categories?post=29212"},{"taxonomy":"post_tag","embeddable":true,"href":"https:\/\/portalmf.com.br\/index.php\/wp-json\/wp\/v2\/tags?post=29212"}],"curies":[{"name":"wp","href":"https:\/\/api.w.org\/{rel}","templated":true}]}}