{"id":29192,"date":"2024-08-27T14:50:19","date_gmt":"2024-08-27T17:50:19","guid":{"rendered":"https:\/\/portalmf.com.br\/?p=29192"},"modified":"2024-08-27T14:50:20","modified_gmt":"2024-08-27T17:50:20","slug":"deputado-afirma-que-jose-ronaldo-continua-reu-na-justica","status":"publish","type":"post","link":"https:\/\/portalmf.com.br\/index.php\/2024\/08\/27\/deputado-afirma-que-jose-ronaldo-continua-reu-na-justica\/","title":{"rendered":"Deputado afirma que Jos\u00e9 Ronaldo continua r\u00e9u na justi\u00e7a"},"content":{"rendered":"\n<p>O deputado Robinson Almeida (PT) tratou como &#8220;desespero&#8221; e &#8220;mentira&#8221; as <a href=\"https:\/\/portalmf.com.br\/index.php\/2024\/08\/27\/jose-ronaldo-denuncia-fake-news-contra-sua-candidatura\/\">declara\u00e7\u00f5es do ex-prefeito de Feira de Santana, Z\u00e9 Ronaldo (UB)<\/a>, que se v\u00ea no centro de uma investiga\u00e7\u00e3o sobre um desvio de R$ 26 milh\u00f5es na Sa\u00fade municipal. Em um ataque direto, Robinson acusou Z\u00e9 Ronaldo e seu aliado pol\u00edtico, o ex-presidente Jair Bolsonaro, de serem especialistas em disseminar fake news depois do pol\u00edtico sugerir a exist\u00eancia dr uma suposta &#8220;su\u00edte do \u00f3dio&#8221; na cidade.<\/p>\n\n\n\n<p><em>&#8220;A pr\u00e1tica de criar gabinete do \u00f3dio e disseminar not\u00edcias falsas \u00e9 do grupo pol\u00edtico do ex-prefeito e de seu l\u00edder Bolsonaro&#8221;,<\/em> retruncou Robinson.<\/p>\n\n\n\n<p><em>&#8220;Z\u00e9 Ronaldo revela, na verdade, um desespero, porque sabe que ter\u00e1 que prestar contas a justi\u00e7a. Al\u00e9m disso corre de seu aliado, o prefeito Colbert Martins, como o diabo foge da cruz, devido ao grau de rejei\u00e7\u00e3o contra a administra\u00e7\u00e3o municipal. A realidade \u00e9 que a dupla \u00e9 respons\u00e1vel pelo descaso existente em Feira, pelo abandono da cidade, pelos problemas na infraestrutura, na sa\u00fade e na educa\u00e7\u00e3o. Somado a isso ainda tem os esc\u00e2ndalos de corrup\u00e7\u00e3o que eles precisam explicar. Esta \u00e9 a verdade dos fatos que ele tenta inverter&#8221;<\/em>, enfatizou o deputado.<\/p>\n\n\n\n<p>Para o parlamentar, a popula\u00e7\u00e3o de Feira n\u00e3o se engana mais com a estrat\u00e9gia de Z\u00e9 Ronaldo tentar proteger sua imagem p\u00fablica e manter a imagem de um pol\u00edtico &#8220;limpinho e cheirosinho&#8221;, ao esconder Colbert Martins de sua campanha e n\u00e3o explicar \u00e0 opini\u00e3o p\u00fablica os recentes esc\u00e2ndalos em que estariam envolvidos.<\/p>\n\n\n\n<p><em>&#8220;Essa estrat\u00e9gia n\u00e3o engana mais a opini\u00e3o p\u00fablica. O povo quer saber aonde est\u00e1 o dinheiro do BRT, Z\u00e9 Ronaldo? O povo quer saber para onde foi os R$ 26 milh\u00f5es desviados da sa\u00fade p\u00fablica municipal? Ele deveria chamar uma coletiva de imprensa para responder essas quest\u00f5es e dar satisfa\u00e7\u00e3o ao povo que sofre pela baixa cobertura da aten\u00e7\u00e3o b\u00e1sica de sa\u00fade, pela falta de m\u00e9dicos, pela falta de rem\u00e9dios, e com o caos que \u00e9 o transporte p\u00fablico na cidade&#8221;<\/em>, opinou Robinson Almeida.<\/p>\n\n\n\n<p>Ascom \/ Deputado<\/p>\n","protected":false},"excerpt":{"rendered":"<p>O deputado Robinson Almeida (PT) tratou como &#8220;desespero&#8221; e &#8220;mentira&#8221; as declara\u00e7\u00f5es do ex-prefeito de Feira de Santana, Z\u00e9 Ronaldo (UB), que se v\u00ea no centro de uma investiga\u00e7\u00e3o sobre um desvio de R$ 26 milh\u00f5es na Sa\u00fade municipal. Em um ataque direto, Robinson acusou Z\u00e9 Ronaldo e seu aliado pol\u00edtico, o ex-presidente Jair Bolsonaro, [&hellip;]<\/p>\n","protected":false},"author":3,"featured_media":29193,"comment_status":"open","ping_status":"open","sticky":false,"template":"","format":"standard","meta":{"_monsterinsights_skip_tracking":false,"_monsterinsights_sitenote_active":false,"_monsterinsights_sitenote_note":"","_monsterinsights_sitenote_category":0,"footnotes":""},"categories":[301,34],"tags":[],"yoast_head":"<!-- This site is optimized with the Yoast SEO plugin v22.9 - https:\/\/yoast.com\/wordpress\/plugins\/seo\/ -->\n<title>Deputado afirma que Jos\u00e9 Ronaldo continua r\u00e9u na justi\u00e7a - Portal MF<\/title>\n<meta name=\"robots\" content=\"index, follow, max-snippet:-1, max-image-preview:large, max-video-preview:-1\" \/>\n<link rel=\"canonical\" href=\"https:\/\/portalmf.com.br\/index.php\/2024\/08\/27\/deputado-afirma-que-jose-ronaldo-continua-reu-na-justica\/\" \/>\n<meta property=\"og:locale\" content=\"pt_BR\" \/>\n<meta property=\"og:type\" content=\"article\" \/>\n<meta property=\"og:title\" content=\"Deputado afirma que Jos\u00e9 Ronaldo continua r\u00e9u na justi\u00e7a - Portal MF\" \/>\n<meta property=\"og:description\" content=\"O deputado Robinson Almeida (PT) tratou como &#8220;desespero&#8221; e &#8220;mentira&#8221; as declara\u00e7\u00f5es do ex-prefeito de Feira de Santana, Z\u00e9 Ronaldo (UB), que se v\u00ea no centro de uma investiga\u00e7\u00e3o sobre um desvio de R$ 26 milh\u00f5es na Sa\u00fade municipal. Em um ataque direto, Robinson acusou Z\u00e9 Ronaldo e seu aliado pol\u00edtico, o ex-presidente Jair Bolsonaro, [&hellip;]\" \/>\n<meta property=\"og:url\" content=\"https:\/\/portalmf.com.br\/index.php\/2024\/08\/27\/deputado-afirma-que-jose-ronaldo-continua-reu-na-justica\/\" \/>\n<meta property=\"og:site_name\" content=\"Portal MF\" \/>\n<meta property=\"article:author\" content=\"https:\/\/www.facebook.com\/portalmfoficial\" \/>\n<meta property=\"article:published_time\" content=\"2024-08-27T17:50:19+00:00\" \/>\n<meta property=\"article:modified_time\" content=\"2024-08-27T17:50:20+00:00\" \/>\n<meta property=\"og:image\" content=\"https:\/\/portalmf.com.br\/wp-content\/uploads\/2024\/08\/Dep.-Robinson-Almeida.jpg\" \/>\n\t<meta property=\"og:image:width\" content=\"950\" \/>\n\t<meta property=\"og:image:height\" content=\"534\" \/>\n\t<meta property=\"og:image:type\" content=\"image\/jpeg\" \/>\n<meta name=\"author\" content=\"Reda\u00e7\u00e3o Portal MF\" \/>\n<meta name=\"twitter:card\" content=\"summary_large_image\" \/>\n<meta name=\"twitter:creator\" content=\"@https:\/\/x.com\/portalmfoficial\" \/>\n<meta name=\"twitter:label1\" content=\"Escrito por\" \/>\n\t<meta name=\"twitter:data1\" content=\"Reda\u00e7\u00e3o Portal MF\" \/>\n\t<meta name=\"twitter:label2\" content=\"Est. tempo de leitura\" \/>\n\t<meta name=\"twitter:data2\" content=\"3 minutos\" \/>\n<script type=\"application\/ld+json\" class=\"yoast-schema-graph\">{\"@context\":\"https:\/\/schema.org\",\"@graph\":[{\"@type\":\"WebPage\",\"@id\":\"https:\/\/portalmf.com.br\/index.php\/2024\/08\/27\/deputado-afirma-que-jose-ronaldo-continua-reu-na-justica\/\",\"url\":\"https:\/\/portalmf.com.br\/index.php\/2024\/08\/27\/deputado-afirma-que-jose-ronaldo-continua-reu-na-justica\/\",\"name\":\"Deputado afirma que Jos\u00e9 Ronaldo continua r\u00e9u na justi\u00e7a - Portal MF\",\"isPartOf\":{\"@id\":\"https:\/\/portalmf.com.br\/#website\"},\"primaryImageOfPage\":{\"@id\":\"https:\/\/portalmf.com.br\/index.php\/2024\/08\/27\/deputado-afirma-que-jose-ronaldo-continua-reu-na-justica\/#primaryimage\"},\"image\":{\"@id\":\"https:\/\/portalmf.com.br\/index.php\/2024\/08\/27\/deputado-afirma-que-jose-ronaldo-continua-reu-na-justica\/#primaryimage\"},\"thumbnailUrl\":\"https:\/\/portalmf.com.br\/wp-content\/uploads\/2024\/08\/Dep.-Robinson-Almeida.jpg\",\"datePublished\":\"2024-08-27T17:50:19+00:00\",\"dateModified\":\"2024-08-27T17:50:20+00:00\",\"author\":{\"@id\":\"https:\/\/portalmf.com.br\/#\/schema\/person\/9ec101baf56233e53520c26de5d6f6f0\"},\"breadcrumb\":{\"@id\":\"https:\/\/portalmf.com.br\/index.php\/2024\/08\/27\/deputado-afirma-que-jose-ronaldo-continua-reu-na-justica\/#breadcrumb\"},\"inLanguage\":\"pt-BR\",\"potentialAction\":[{\"@type\":\"ReadAction\",\"target\":[\"https:\/\/portalmf.com.br\/index.php\/2024\/08\/27\/deputado-afirma-que-jose-ronaldo-continua-reu-na-justica\/\"]}]},{\"@type\":\"ImageObject\",\"inLanguage\":\"pt-BR\",\"@id\":\"https:\/\/portalmf.com.br\/index.php\/2024\/08\/27\/deputado-afirma-que-jose-ronaldo-continua-reu-na-justica\/#primaryimage\",\"url\":\"https:\/\/portalmf.com.br\/wp-content\/uploads\/2024\/08\/Dep.-Robinson-Almeida.jpg\",\"contentUrl\":\"https:\/\/portalmf.com.br\/wp-content\/uploads\/2024\/08\/Dep.-Robinson-Almeida.jpg\",\"width\":950,\"height\":534},{\"@type\":\"BreadcrumbList\",\"@id\":\"https:\/\/portalmf.com.br\/index.php\/2024\/08\/27\/deputado-afirma-que-jose-ronaldo-continua-reu-na-justica\/#breadcrumb\",\"itemListElement\":[{\"@type\":\"ListItem\",\"position\":1,\"name\":\"In\u00edcio\",\"item\":\"https:\/\/portalmf.com.br\/\"},{\"@type\":\"ListItem\",\"position\":2,\"name\":\"Deputado afirma que Jos\u00e9 Ronaldo continua r\u00e9u na justi\u00e7a\"}]},{\"@type\":\"WebSite\",\"@id\":\"https:\/\/portalmf.com.br\/#website\",\"url\":\"https:\/\/portalmf.com.br\/\",\"name\":\"Portal MF\",\"description\":\"Voc\u00ea conectado com a informa\u00e7\u00e3o\",\"potentialAction\":[{\"@type\":\"SearchAction\",\"target\":{\"@type\":\"EntryPoint\",\"urlTemplate\":\"https:\/\/portalmf.com.br\/?s={search_term_string}\"},\"query-input\":\"required name=search_term_string\"}],\"inLanguage\":\"pt-BR\"},{\"@type\":\"Person\",\"@id\":\"https:\/\/portalmf.com.br\/#\/schema\/person\/9ec101baf56233e53520c26de5d6f6f0\",\"name\":\"Reda\u00e7\u00e3o Portal MF\",\"image\":{\"@type\":\"ImageObject\",\"inLanguage\":\"pt-BR\",\"@id\":\"https:\/\/portalmf.com.br\/#\/schema\/person\/image\/\",\"url\":\"https:\/\/secure.gravatar.com\/avatar\/41b9aaeb2100835f7c64362330f74c7f?s=96&d=mm&r=g\",\"contentUrl\":\"https:\/\/secure.gravatar.com\/avatar\/41b9aaeb2100835f7c64362330f74c7f?s=96&d=mm&r=g\",\"caption\":\"Reda\u00e7\u00e3o Portal MF\"},\"description\":\"Sejam bem-vindos o portal de informa\u00e7\u00f5es de entretenimento de Feira de Santana, desde 2006 realiza coberturas dos principais eventos com entrevistas exclusivas com as principais personalidades mundiais. Fique conectado tamb\u00e9m nas redes sociais.\",\"sameAs\":[\"http:\/\/www.portalmf.com.br\/\",\"https:\/\/www.facebook.com\/portalmfoficial\",\"https:\/\/www.instagram.com\/portalmf\/\",\"https:\/\/x.com\/https:\/\/x.com\/portalmfoficial\",\"https:\/\/www.youtube.com\/@portalmfoficial\"],\"url\":\"https:\/\/portalmf.com.br\/index.php\/author\/junior\/\"}]}<\/script>\n<!-- \/ Yoast SEO plugin. -->","yoast_head_json":{"title":"Deputado afirma que Jos\u00e9 Ronaldo continua r\u00e9u na justi\u00e7a - Portal MF","robots":{"index":"index","follow":"follow","max-snippet":"max-snippet:-1","max-image-preview":"max-image-preview:large","max-video-preview":"max-video-preview:-1"},"canonical":"https:\/\/portalmf.com.br\/index.php\/2024\/08\/27\/deputado-afirma-que-jose-ronaldo-continua-reu-na-justica\/","og_locale":"pt_BR","og_type":"article","og_title":"Deputado afirma que Jos\u00e9 Ronaldo continua r\u00e9u na justi\u00e7a - Portal MF","og_description":"O deputado Robinson Almeida (PT) tratou como &#8220;desespero&#8221; e &#8220;mentira&#8221; as declara\u00e7\u00f5es do ex-prefeito de Feira de Santana, Z\u00e9 Ronaldo (UB), que se v\u00ea no centro de uma investiga\u00e7\u00e3o sobre um desvio de R$ 26 milh\u00f5es na Sa\u00fade municipal. Em um ataque direto, Robinson acusou Z\u00e9 Ronaldo e seu aliado pol\u00edtico, o ex-presidente Jair Bolsonaro, [&hellip;]","og_url":"https:\/\/portalmf.com.br\/index.php\/2024\/08\/27\/deputado-afirma-que-jose-ronaldo-continua-reu-na-justica\/","og_site_name":"Portal MF","article_author":"https:\/\/www.facebook.com\/portalmfoficial","article_published_time":"2024-08-27T17:50:19+00:00","article_modified_time":"2024-08-27T17:50:20+00:00","og_image":[{"width":950,"height":534,"url":"https:\/\/portalmf.com.br\/wp-content\/uploads\/2024\/08\/Dep.-Robinson-Almeida.jpg","type":"image\/jpeg"}],"author":"Reda\u00e7\u00e3o Portal MF","twitter_card":"summary_large_image","twitter_creator":"@https:\/\/x.com\/portalmfoficial","twitter_misc":{"Escrito por":"Reda\u00e7\u00e3o Portal MF","Est. tempo de leitura":"3 minutos"},"schema":{"@context":"https:\/\/schema.org","@graph":[{"@type":"WebPage","@id":"https:\/\/portalmf.com.br\/index.php\/2024\/08\/27\/deputado-afirma-que-jose-ronaldo-continua-reu-na-justica\/","url":"https:\/\/portalmf.com.br\/index.php\/2024\/08\/27\/deputado-afirma-que-jose-ronaldo-continua-reu-na-justica\/","name":"Deputado afirma que Jos\u00e9 Ronaldo continua r\u00e9u na justi\u00e7a - Portal MF","isPartOf":{"@id":"https:\/\/portalmf.com.br\/#website"},"primaryImageOfPage":{"@id":"https:\/\/portalmf.com.br\/index.php\/2024\/08\/27\/deputado-afirma-que-jose-ronaldo-continua-reu-na-justica\/#primaryimage"},"image":{"@id":"https:\/\/portalmf.com.br\/index.php\/2024\/08\/27\/deputado-afirma-que-jose-ronaldo-continua-reu-na-justica\/#primaryimage"},"thumbnailUrl":"https:\/\/portalmf.com.br\/wp-content\/uploads\/2024\/08\/Dep.-Robinson-Almeida.jpg","datePublished":"2024-08-27T17:50:19+00:00","dateModified":"2024-08-27T17:50:20+00:00","author":{"@id":"https:\/\/portalmf.com.br\/#\/schema\/person\/9ec101baf56233e53520c26de5d6f6f0"},"breadcrumb":{"@id":"https:\/\/portalmf.com.br\/index.php\/2024\/08\/27\/deputado-afirma-que-jose-ronaldo-continua-reu-na-justica\/#breadcrumb"},"inLanguage":"pt-BR","potentialAction":[{"@type":"ReadAction","target":["https:\/\/portalmf.com.br\/index.php\/2024\/08\/27\/deputado-afirma-que-jose-ronaldo-continua-reu-na-justica\/"]}]},{"@type":"ImageObject","inLanguage":"pt-BR","@id":"https:\/\/portalmf.com.br\/index.php\/2024\/08\/27\/deputado-afirma-que-jose-ronaldo-continua-reu-na-justica\/#primaryimage","url":"https:\/\/portalmf.com.br\/wp-content\/uploads\/2024\/08\/Dep.-Robinson-Almeida.jpg","contentUrl":"https:\/\/portalmf.com.br\/wp-content\/uploads\/2024\/08\/Dep.-Robinson-Almeida.jpg","width":950,"height":534},{"@type":"BreadcrumbList","@id":"https:\/\/portalmf.com.br\/index.php\/2024\/08\/27\/deputado-afirma-que-jose-ronaldo-continua-reu-na-justica\/#breadcrumb","itemListElement":[{"@type":"ListItem","position":1,"name":"In\u00edcio","item":"https:\/\/portalmf.com.br\/"},{"@type":"ListItem","position":2,"name":"Deputado afirma que Jos\u00e9 Ronaldo continua r\u00e9u na justi\u00e7a"}]},{"@type":"WebSite","@id":"https:\/\/portalmf.com.br\/#website","url":"https:\/\/portalmf.com.br\/","name":"Portal MF","description":"Voc\u00ea conectado com a informa\u00e7\u00e3o","potentialAction":[{"@type":"SearchAction","target":{"@type":"EntryPoint","urlTemplate":"https:\/\/portalmf.com.br\/?s={search_term_string}"},"query-input":"required name=search_term_string"}],"inLanguage":"pt-BR"},{"@type":"Person","@id":"https:\/\/portalmf.com.br\/#\/schema\/person\/9ec101baf56233e53520c26de5d6f6f0","name":"Reda\u00e7\u00e3o Portal MF","image":{"@type":"ImageObject","inLanguage":"pt-BR","@id":"https:\/\/portalmf.com.br\/#\/schema\/person\/image\/","url":"https:\/\/secure.gravatar.com\/avatar\/41b9aaeb2100835f7c64362330f74c7f?s=96&d=mm&r=g","contentUrl":"https:\/\/secure.gravatar.com\/avatar\/41b9aaeb2100835f7c64362330f74c7f?s=96&d=mm&r=g","caption":"Reda\u00e7\u00e3o Portal MF"},"description":"Sejam bem-vindos o portal de informa\u00e7\u00f5es de entretenimento de Feira de Santana, desde 2006 realiza coberturas dos principais eventos com entrevistas exclusivas com as principais personalidades mundiais. Fique conectado tamb\u00e9m nas redes sociais.","sameAs":["http:\/\/www.portalmf.com.br\/","https:\/\/www.facebook.com\/portalmfoficial","https:\/\/www.instagram.com\/portalmf\/","https:\/\/x.com\/https:\/\/x.com\/portalmfoficial","https:\/\/www.youtube.com\/@portalmfoficial"],"url":"https:\/\/portalmf.com.br\/index.php\/author\/junior\/"}]}},"_links":{"self":[{"href":"https:\/\/portalmf.com.br\/index.php\/wp-json\/wp\/v2\/posts\/29192"}],"collection":[{"href":"https:\/\/portalmf.com.br\/index.php\/wp-json\/wp\/v2\/posts"}],"about":[{"href":"https:\/\/portalmf.com.br\/index.php\/wp-json\/wp\/v2\/types\/post"}],"author":[{"embeddable":true,"href":"https:\/\/portalmf.com.br\/index.php\/wp-json\/wp\/v2\/users\/3"}],"replies":[{"embeddable":true,"href":"https:\/\/portalmf.com.br\/index.php\/wp-json\/wp\/v2\/comments?post=29192"}],"version-history":[{"count":1,"href":"https:\/\/portalmf.com.br\/index.php\/wp-json\/wp\/v2\/posts\/29192\/revisions"}],"predecessor-version":[{"id":29194,"href":"https:\/\/portalmf.com.br\/index.php\/wp-json\/wp\/v2\/posts\/29192\/revisions\/29194"}],"wp:featuredmedia":[{"embeddable":true,"href":"https:\/\/portalmf.com.br\/index.php\/wp-json\/wp\/v2\/media\/29193"}],"wp:attachment":[{"href":"https:\/\/portalmf.com.br\/index.php\/wp-json\/wp\/v2\/media?parent=29192"}],"wp:term":[{"taxonomy":"category","embeddable":true,"href":"https:\/\/portalmf.com.br\/index.php\/wp-json\/wp\/v2\/categories?post=29192"},{"taxonomy":"post_tag","embeddable":true,"href":"https:\/\/portalmf.com.br\/index.php\/wp-json\/wp\/v2\/tags?post=29192"}],"curies":[{"name":"wp","href":"https:\/\/api.w.org\/{rel}","templated":true}]}}