{"id":29144,"date":"2024-08-26T17:22:39","date_gmt":"2024-08-26T20:22:39","guid":{"rendered":"https:\/\/portalmf.com.br\/?p=29144"},"modified":"2024-08-26T17:22:39","modified_gmt":"2024-08-26T20:22:39","slug":"jose-ronaldo-e-aplaudido-em-caminhada-pelo-bairro-irma-dulce","status":"publish","type":"post","link":"https:\/\/portalmf.com.br\/index.php\/2024\/08\/26\/jose-ronaldo-e-aplaudido-em-caminhada-pelo-bairro-irma-dulce\/","title":{"rendered":"Jos\u00e9 Ronaldo \u00e9 aplaudido em caminhada pelo bairro Irm\u00e3 Dulce"},"content":{"rendered":"\n<p>Na noite deste domingo (25), o candidato a prefeito de Feira de Santana, Jos\u00e9 Ronaldo (Uni\u00e3o Brasil), vivenciou um dos momentos mais marcantes de sua campanha eleitoral. O ex-prefeito foi recebido com entusiasmo por centenas de moradores do bairro Irm\u00e3 Dulce, durante uma caminhada que tomou conta das ruas da localidade.<\/p>\n\n\n\n<p>Emocionado, Jos\u00e9 Ronaldo expressou sua gratid\u00e3o pelo acolhimento da popula\u00e7\u00e3o local, que abriu as portas das suas casas para receb\u00ea-lo. Ao longo do trajeto, o candidato foi recepcionado por crian\u00e7as, jovens e idosos.<\/p>\n\n\n\n<figure class=\"wp-block-image size-large\"><img fetchpriority=\"high\" decoding=\"async\" width=\"1024\" height=\"683\" src=\"https:\/\/portalmf.com.br\/wp-content\/uploads\/2024\/08\/Jose-Ronaldo-e-aplaudido-em-caminhada-pelo-bairro-Irma-Dulce-2-1024x683.jpeg\" alt=\"\" class=\"wp-image-29146\" srcset=\"https:\/\/portalmf.com.br\/wp-content\/uploads\/2024\/08\/Jose-Ronaldo-e-aplaudido-em-caminhada-pelo-bairro-Irma-Dulce-2-1024x683.jpeg 1024w, https:\/\/portalmf.com.br\/wp-content\/uploads\/2024\/08\/Jose-Ronaldo-e-aplaudido-em-caminhada-pelo-bairro-Irma-Dulce-2-300x200.jpeg 300w, https:\/\/portalmf.com.br\/wp-content\/uploads\/2024\/08\/Jose-Ronaldo-e-aplaudido-em-caminhada-pelo-bairro-Irma-Dulce-2-768x512.jpeg 768w, https:\/\/portalmf.com.br\/wp-content\/uploads\/2024\/08\/Jose-Ronaldo-e-aplaudido-em-caminhada-pelo-bairro-Irma-Dulce-2-696x464.jpeg 696w, https:\/\/portalmf.com.br\/wp-content\/uploads\/2024\/08\/Jose-Ronaldo-e-aplaudido-em-caminhada-pelo-bairro-Irma-Dulce-2-1068x712.jpeg 1068w, https:\/\/portalmf.com.br\/wp-content\/uploads\/2024\/08\/Jose-Ronaldo-e-aplaudido-em-caminhada-pelo-bairro-Irma-Dulce-2.jpeg 1500w\" sizes=\"(max-width: 1024px) 100vw, 1024px\" \/><\/figure>\n\n\n\n<p>O clima de festa refletia a conex\u00e3o entre Jos\u00e9 Ronaldo e o bairro, que ele prometeu priorizar em sua futura administra\u00e7\u00e3o. \u201cAproveito este momento para refor\u00e7ar o nosso compromisso em trazer mais investimentos e obras para a comunidade do Irm\u00e3 Dulce, reiterando o carinho especial que tenho por esta regi\u00e3o\u201d, destacou.<\/p>\n\n\n\n<p>A caminhada pelo Irm\u00e3 Dulce sublinhou a for\u00e7a e a paix\u00e3o da campanha de Jos\u00e9 Ronaldo, demonstrando seu s\u00f3lido apoio popular e sua determina\u00e7\u00e3o em continuar trabalhando para o desenvolvimento de Feira de Santana.<\/p>\n","protected":false},"excerpt":{"rendered":"<p>Na noite deste domingo (25), o candidato a prefeito de Feira de Santana, Jos\u00e9 Ronaldo (Uni\u00e3o Brasil), vivenciou um dos momentos mais marcantes de sua campanha eleitoral. O ex-prefeito foi recebido com entusiasmo por centenas de moradores do bairro Irm\u00e3 Dulce, durante uma caminhada que tomou conta das ruas da localidade. Emocionado, Jos\u00e9 Ronaldo expressou [&hellip;]<\/p>\n","protected":false},"author":3,"featured_media":29145,"comment_status":"open","ping_status":"open","sticky":false,"template":"","format":"standard","meta":{"_monsterinsights_skip_tracking":false,"_monsterinsights_sitenote_active":false,"_monsterinsights_sitenote_note":"","_monsterinsights_sitenote_category":0,"footnotes":""},"categories":[301,34],"tags":[],"yoast_head":"<!-- This site is optimized with the Yoast SEO plugin v22.9 - https:\/\/yoast.com\/wordpress\/plugins\/seo\/ -->\n<title>Jos\u00e9 Ronaldo \u00e9 aplaudido em caminhada pelo bairro Irm\u00e3 Dulce - Portal MF<\/title>\n<meta name=\"robots\" content=\"index, follow, max-snippet:-1, max-image-preview:large, max-video-preview:-1\" \/>\n<link rel=\"canonical\" href=\"https:\/\/portalmf.com.br\/index.php\/2024\/08\/26\/jose-ronaldo-e-aplaudido-em-caminhada-pelo-bairro-irma-dulce\/\" \/>\n<meta property=\"og:locale\" content=\"pt_BR\" \/>\n<meta property=\"og:type\" content=\"article\" \/>\n<meta property=\"og:title\" content=\"Jos\u00e9 Ronaldo \u00e9 aplaudido em caminhada pelo bairro Irm\u00e3 Dulce - Portal MF\" \/>\n<meta property=\"og:description\" content=\"Na noite deste domingo (25), o candidato a prefeito de Feira de Santana, Jos\u00e9 Ronaldo (Uni\u00e3o Brasil), vivenciou um dos momentos mais marcantes de sua campanha eleitoral. O ex-prefeito foi recebido com entusiasmo por centenas de moradores do bairro Irm\u00e3 Dulce, durante uma caminhada que tomou conta das ruas da localidade. Emocionado, Jos\u00e9 Ronaldo expressou [&hellip;]\" \/>\n<meta property=\"og:url\" content=\"https:\/\/portalmf.com.br\/index.php\/2024\/08\/26\/jose-ronaldo-e-aplaudido-em-caminhada-pelo-bairro-irma-dulce\/\" \/>\n<meta property=\"og:site_name\" content=\"Portal MF\" \/>\n<meta property=\"article:author\" content=\"https:\/\/www.facebook.com\/portalmfoficial\" \/>\n<meta property=\"article:published_time\" content=\"2024-08-26T20:22:39+00:00\" \/>\n<meta property=\"og:image\" content=\"https:\/\/portalmf.com.br\/wp-content\/uploads\/2024\/08\/Jose-Ronaldo-e-aplaudido-em-caminhada-pelo-bairro-Irma-Dulce-1.jpeg\" \/>\n\t<meta property=\"og:image:width\" content=\"1500\" \/>\n\t<meta property=\"og:image:height\" content=\"1000\" \/>\n\t<meta property=\"og:image:type\" content=\"image\/jpeg\" \/>\n<meta name=\"author\" content=\"Reda\u00e7\u00e3o Portal MF\" \/>\n<meta name=\"twitter:card\" content=\"summary_large_image\" \/>\n<meta name=\"twitter:creator\" content=\"@https:\/\/x.com\/portalmfoficial\" \/>\n<meta name=\"twitter:label1\" content=\"Escrito por\" \/>\n\t<meta name=\"twitter:data1\" content=\"Reda\u00e7\u00e3o Portal MF\" \/>\n\t<meta name=\"twitter:label2\" content=\"Est. tempo de leitura\" \/>\n\t<meta name=\"twitter:data2\" content=\"2 minutos\" \/>\n<script type=\"application\/ld+json\" class=\"yoast-schema-graph\">{\"@context\":\"https:\/\/schema.org\",\"@graph\":[{\"@type\":\"WebPage\",\"@id\":\"https:\/\/portalmf.com.br\/index.php\/2024\/08\/26\/jose-ronaldo-e-aplaudido-em-caminhada-pelo-bairro-irma-dulce\/\",\"url\":\"https:\/\/portalmf.com.br\/index.php\/2024\/08\/26\/jose-ronaldo-e-aplaudido-em-caminhada-pelo-bairro-irma-dulce\/\",\"name\":\"Jos\u00e9 Ronaldo \u00e9 aplaudido em caminhada pelo bairro Irm\u00e3 Dulce - Portal MF\",\"isPartOf\":{\"@id\":\"https:\/\/portalmf.com.br\/#website\"},\"primaryImageOfPage\":{\"@id\":\"https:\/\/portalmf.com.br\/index.php\/2024\/08\/26\/jose-ronaldo-e-aplaudido-em-caminhada-pelo-bairro-irma-dulce\/#primaryimage\"},\"image\":{\"@id\":\"https:\/\/portalmf.com.br\/index.php\/2024\/08\/26\/jose-ronaldo-e-aplaudido-em-caminhada-pelo-bairro-irma-dulce\/#primaryimage\"},\"thumbnailUrl\":\"https:\/\/portalmf.com.br\/wp-content\/uploads\/2024\/08\/Jose-Ronaldo-e-aplaudido-em-caminhada-pelo-bairro-Irma-Dulce-1.jpeg\",\"datePublished\":\"2024-08-26T20:22:39+00:00\",\"dateModified\":\"2024-08-26T20:22:39+00:00\",\"author\":{\"@id\":\"https:\/\/portalmf.com.br\/#\/schema\/person\/9ec101baf56233e53520c26de5d6f6f0\"},\"breadcrumb\":{\"@id\":\"https:\/\/portalmf.com.br\/index.php\/2024\/08\/26\/jose-ronaldo-e-aplaudido-em-caminhada-pelo-bairro-irma-dulce\/#breadcrumb\"},\"inLanguage\":\"pt-BR\",\"potentialAction\":[{\"@type\":\"ReadAction\",\"target\":[\"https:\/\/portalmf.com.br\/index.php\/2024\/08\/26\/jose-ronaldo-e-aplaudido-em-caminhada-pelo-bairro-irma-dulce\/\"]}]},{\"@type\":\"ImageObject\",\"inLanguage\":\"pt-BR\",\"@id\":\"https:\/\/portalmf.com.br\/index.php\/2024\/08\/26\/jose-ronaldo-e-aplaudido-em-caminhada-pelo-bairro-irma-dulce\/#primaryimage\",\"url\":\"https:\/\/portalmf.com.br\/wp-content\/uploads\/2024\/08\/Jose-Ronaldo-e-aplaudido-em-caminhada-pelo-bairro-Irma-Dulce-1.jpeg\",\"contentUrl\":\"https:\/\/portalmf.com.br\/wp-content\/uploads\/2024\/08\/Jose-Ronaldo-e-aplaudido-em-caminhada-pelo-bairro-Irma-Dulce-1.jpeg\",\"width\":1500,\"height\":1000},{\"@type\":\"BreadcrumbList\",\"@id\":\"https:\/\/portalmf.com.br\/index.php\/2024\/08\/26\/jose-ronaldo-e-aplaudido-em-caminhada-pelo-bairro-irma-dulce\/#breadcrumb\",\"itemListElement\":[{\"@type\":\"ListItem\",\"position\":1,\"name\":\"In\u00edcio\",\"item\":\"https:\/\/portalmf.com.br\/\"},{\"@type\":\"ListItem\",\"position\":2,\"name\":\"Jos\u00e9 Ronaldo \u00e9 aplaudido em caminhada pelo bairro Irm\u00e3 Dulce\"}]},{\"@type\":\"WebSite\",\"@id\":\"https:\/\/portalmf.com.br\/#website\",\"url\":\"https:\/\/portalmf.com.br\/\",\"name\":\"Portal MF\",\"description\":\"Voc\u00ea conectado com a informa\u00e7\u00e3o\",\"potentialAction\":[{\"@type\":\"SearchAction\",\"target\":{\"@type\":\"EntryPoint\",\"urlTemplate\":\"https:\/\/portalmf.com.br\/?s={search_term_string}\"},\"query-input\":\"required name=search_term_string\"}],\"inLanguage\":\"pt-BR\"},{\"@type\":\"Person\",\"@id\":\"https:\/\/portalmf.com.br\/#\/schema\/person\/9ec101baf56233e53520c26de5d6f6f0\",\"name\":\"Reda\u00e7\u00e3o Portal MF\",\"image\":{\"@type\":\"ImageObject\",\"inLanguage\":\"pt-BR\",\"@id\":\"https:\/\/portalmf.com.br\/#\/schema\/person\/image\/\",\"url\":\"https:\/\/secure.gravatar.com\/avatar\/41b9aaeb2100835f7c64362330f74c7f?s=96&d=mm&r=g\",\"contentUrl\":\"https:\/\/secure.gravatar.com\/avatar\/41b9aaeb2100835f7c64362330f74c7f?s=96&d=mm&r=g\",\"caption\":\"Reda\u00e7\u00e3o Portal MF\"},\"description\":\"Sejam bem-vindos o portal de informa\u00e7\u00f5es de entretenimento de Feira de Santana, desde 2006 realiza coberturas dos principais eventos com entrevistas exclusivas com as principais personalidades mundiais. Fique conectado tamb\u00e9m nas redes sociais.\",\"sameAs\":[\"http:\/\/www.portalmf.com.br\/\",\"https:\/\/www.facebook.com\/portalmfoficial\",\"https:\/\/www.instagram.com\/portalmf\/\",\"https:\/\/x.com\/https:\/\/x.com\/portalmfoficial\",\"https:\/\/www.youtube.com\/@portalmfoficial\"],\"url\":\"https:\/\/portalmf.com.br\/index.php\/author\/junior\/\"}]}<\/script>\n<!-- \/ Yoast SEO plugin. -->","yoast_head_json":{"title":"Jos\u00e9 Ronaldo \u00e9 aplaudido em caminhada pelo bairro Irm\u00e3 Dulce - Portal MF","robots":{"index":"index","follow":"follow","max-snippet":"max-snippet:-1","max-image-preview":"max-image-preview:large","max-video-preview":"max-video-preview:-1"},"canonical":"https:\/\/portalmf.com.br\/index.php\/2024\/08\/26\/jose-ronaldo-e-aplaudido-em-caminhada-pelo-bairro-irma-dulce\/","og_locale":"pt_BR","og_type":"article","og_title":"Jos\u00e9 Ronaldo \u00e9 aplaudido em caminhada pelo bairro Irm\u00e3 Dulce - Portal MF","og_description":"Na noite deste domingo (25), o candidato a prefeito de Feira de Santana, Jos\u00e9 Ronaldo (Uni\u00e3o Brasil), vivenciou um dos momentos mais marcantes de sua campanha eleitoral. O ex-prefeito foi recebido com entusiasmo por centenas de moradores do bairro Irm\u00e3 Dulce, durante uma caminhada que tomou conta das ruas da localidade. Emocionado, Jos\u00e9 Ronaldo expressou [&hellip;]","og_url":"https:\/\/portalmf.com.br\/index.php\/2024\/08\/26\/jose-ronaldo-e-aplaudido-em-caminhada-pelo-bairro-irma-dulce\/","og_site_name":"Portal MF","article_author":"https:\/\/www.facebook.com\/portalmfoficial","article_published_time":"2024-08-26T20:22:39+00:00","og_image":[{"width":1500,"height":1000,"url":"https:\/\/portalmf.com.br\/wp-content\/uploads\/2024\/08\/Jose-Ronaldo-e-aplaudido-em-caminhada-pelo-bairro-Irma-Dulce-1.jpeg","type":"image\/jpeg"}],"author":"Reda\u00e7\u00e3o Portal MF","twitter_card":"summary_large_image","twitter_creator":"@https:\/\/x.com\/portalmfoficial","twitter_misc":{"Escrito por":"Reda\u00e7\u00e3o Portal MF","Est. tempo de leitura":"2 minutos"},"schema":{"@context":"https:\/\/schema.org","@graph":[{"@type":"WebPage","@id":"https:\/\/portalmf.com.br\/index.php\/2024\/08\/26\/jose-ronaldo-e-aplaudido-em-caminhada-pelo-bairro-irma-dulce\/","url":"https:\/\/portalmf.com.br\/index.php\/2024\/08\/26\/jose-ronaldo-e-aplaudido-em-caminhada-pelo-bairro-irma-dulce\/","name":"Jos\u00e9 Ronaldo \u00e9 aplaudido em caminhada pelo bairro Irm\u00e3 Dulce - Portal MF","isPartOf":{"@id":"https:\/\/portalmf.com.br\/#website"},"primaryImageOfPage":{"@id":"https:\/\/portalmf.com.br\/index.php\/2024\/08\/26\/jose-ronaldo-e-aplaudido-em-caminhada-pelo-bairro-irma-dulce\/#primaryimage"},"image":{"@id":"https:\/\/portalmf.com.br\/index.php\/2024\/08\/26\/jose-ronaldo-e-aplaudido-em-caminhada-pelo-bairro-irma-dulce\/#primaryimage"},"thumbnailUrl":"https:\/\/portalmf.com.br\/wp-content\/uploads\/2024\/08\/Jose-Ronaldo-e-aplaudido-em-caminhada-pelo-bairro-Irma-Dulce-1.jpeg","datePublished":"2024-08-26T20:22:39+00:00","dateModified":"2024-08-26T20:22:39+00:00","author":{"@id":"https:\/\/portalmf.com.br\/#\/schema\/person\/9ec101baf56233e53520c26de5d6f6f0"},"breadcrumb":{"@id":"https:\/\/portalmf.com.br\/index.php\/2024\/08\/26\/jose-ronaldo-e-aplaudido-em-caminhada-pelo-bairro-irma-dulce\/#breadcrumb"},"inLanguage":"pt-BR","potentialAction":[{"@type":"ReadAction","target":["https:\/\/portalmf.com.br\/index.php\/2024\/08\/26\/jose-ronaldo-e-aplaudido-em-caminhada-pelo-bairro-irma-dulce\/"]}]},{"@type":"ImageObject","inLanguage":"pt-BR","@id":"https:\/\/portalmf.com.br\/index.php\/2024\/08\/26\/jose-ronaldo-e-aplaudido-em-caminhada-pelo-bairro-irma-dulce\/#primaryimage","url":"https:\/\/portalmf.com.br\/wp-content\/uploads\/2024\/08\/Jose-Ronaldo-e-aplaudido-em-caminhada-pelo-bairro-Irma-Dulce-1.jpeg","contentUrl":"https:\/\/portalmf.com.br\/wp-content\/uploads\/2024\/08\/Jose-Ronaldo-e-aplaudido-em-caminhada-pelo-bairro-Irma-Dulce-1.jpeg","width":1500,"height":1000},{"@type":"BreadcrumbList","@id":"https:\/\/portalmf.com.br\/index.php\/2024\/08\/26\/jose-ronaldo-e-aplaudido-em-caminhada-pelo-bairro-irma-dulce\/#breadcrumb","itemListElement":[{"@type":"ListItem","position":1,"name":"In\u00edcio","item":"https:\/\/portalmf.com.br\/"},{"@type":"ListItem","position":2,"name":"Jos\u00e9 Ronaldo \u00e9 aplaudido em caminhada pelo bairro Irm\u00e3 Dulce"}]},{"@type":"WebSite","@id":"https:\/\/portalmf.com.br\/#website","url":"https:\/\/portalmf.com.br\/","name":"Portal MF","description":"Voc\u00ea conectado com a informa\u00e7\u00e3o","potentialAction":[{"@type":"SearchAction","target":{"@type":"EntryPoint","urlTemplate":"https:\/\/portalmf.com.br\/?s={search_term_string}"},"query-input":"required name=search_term_string"}],"inLanguage":"pt-BR"},{"@type":"Person","@id":"https:\/\/portalmf.com.br\/#\/schema\/person\/9ec101baf56233e53520c26de5d6f6f0","name":"Reda\u00e7\u00e3o Portal MF","image":{"@type":"ImageObject","inLanguage":"pt-BR","@id":"https:\/\/portalmf.com.br\/#\/schema\/person\/image\/","url":"https:\/\/secure.gravatar.com\/avatar\/41b9aaeb2100835f7c64362330f74c7f?s=96&d=mm&r=g","contentUrl":"https:\/\/secure.gravatar.com\/avatar\/41b9aaeb2100835f7c64362330f74c7f?s=96&d=mm&r=g","caption":"Reda\u00e7\u00e3o Portal MF"},"description":"Sejam bem-vindos o portal de informa\u00e7\u00f5es de entretenimento de Feira de Santana, desde 2006 realiza coberturas dos principais eventos com entrevistas exclusivas com as principais personalidades mundiais. Fique conectado tamb\u00e9m nas redes sociais.","sameAs":["http:\/\/www.portalmf.com.br\/","https:\/\/www.facebook.com\/portalmfoficial","https:\/\/www.instagram.com\/portalmf\/","https:\/\/x.com\/https:\/\/x.com\/portalmfoficial","https:\/\/www.youtube.com\/@portalmfoficial"],"url":"https:\/\/portalmf.com.br\/index.php\/author\/junior\/"}]}},"_links":{"self":[{"href":"https:\/\/portalmf.com.br\/index.php\/wp-json\/wp\/v2\/posts\/29144"}],"collection":[{"href":"https:\/\/portalmf.com.br\/index.php\/wp-json\/wp\/v2\/posts"}],"about":[{"href":"https:\/\/portalmf.com.br\/index.php\/wp-json\/wp\/v2\/types\/post"}],"author":[{"embeddable":true,"href":"https:\/\/portalmf.com.br\/index.php\/wp-json\/wp\/v2\/users\/3"}],"replies":[{"embeddable":true,"href":"https:\/\/portalmf.com.br\/index.php\/wp-json\/wp\/v2\/comments?post=29144"}],"version-history":[{"count":1,"href":"https:\/\/portalmf.com.br\/index.php\/wp-json\/wp\/v2\/posts\/29144\/revisions"}],"predecessor-version":[{"id":29147,"href":"https:\/\/portalmf.com.br\/index.php\/wp-json\/wp\/v2\/posts\/29144\/revisions\/29147"}],"wp:featuredmedia":[{"embeddable":true,"href":"https:\/\/portalmf.com.br\/index.php\/wp-json\/wp\/v2\/media\/29145"}],"wp:attachment":[{"href":"https:\/\/portalmf.com.br\/index.php\/wp-json\/wp\/v2\/media?parent=29144"}],"wp:term":[{"taxonomy":"category","embeddable":true,"href":"https:\/\/portalmf.com.br\/index.php\/wp-json\/wp\/v2\/categories?post=29144"},{"taxonomy":"post_tag","embeddable":true,"href":"https:\/\/portalmf.com.br\/index.php\/wp-json\/wp\/v2\/tags?post=29144"}],"curies":[{"name":"wp","href":"https:\/\/api.w.org\/{rel}","templated":true}]}}