{"id":29141,"date":"2024-08-25T17:17:37","date_gmt":"2024-08-25T20:17:37","guid":{"rendered":"https:\/\/portalmf.com.br\/?p=29141"},"modified":"2024-08-26T17:19:36","modified_gmt":"2024-08-26T20:19:36","slug":"jose-ronaldo-propoe-creche-em-bonfim-de-feira-e-discute-mais-investimentos","status":"publish","type":"post","link":"https:\/\/portalmf.com.br\/index.php\/2024\/08\/25\/jose-ronaldo-propoe-creche-em-bonfim-de-feira-e-discute-mais-investimentos\/","title":{"rendered":"Jos\u00e9 Ronaldo prop\u00f5e creche em Bonfim de Feira e discute mais investimentos"},"content":{"rendered":"\n<p>O candidato a prefeito Jos\u00e9 Ronaldo (Uni\u00e3o Brasil) vai priorizar mais investimentos para os distritos feirenses e anunciou a constru\u00e7\u00e3o de uma creche para atender a comunidade de Bonfim de Feira, caso seja eleito. A proposta foi apresentada na tarde de ontem (24), durante encontro com cerca de 100 jovens do distrito, realizado no Centro Paroquial.<\/p>\n\n\n\n<p>O encontro com a juventude de Bonfim de Feira foi pontuado com um di\u00e1logo sobre a cidade, os distritos e tamb\u00e9m sobre as melhorias que Jos\u00e9 Ronaldo pretende fazer em seu governo. Na ocasi\u00e3o, o l\u00edder pol\u00edtico pontuou v\u00e1rias a\u00e7\u00f5es que foram feitas nesse distrito em todas as suas gest\u00f5es, como a pavimenta\u00e7\u00e3o da estrada, \u00e1gua encanada, energia el\u00e9trica, posto de sa\u00fade, campo de futebol, dentre outras interven\u00e7\u00f5es.<\/p>\n\n\n\n<p>O candidato a prefeito pelo Uni\u00e3o Brasil tamb\u00e9m assumiu o compromisso com a comunidade de construir uma creche para atender \u00e0 demanda local como uma das a\u00e7\u00f5es priorit\u00e1rias de seu governo. \u201cExiste um compromisso com o distrito que cumprirei sendo eleito, se assim Deus permitir\u201d, afirmou, ao agradecer o apoio que tem recebido dos moradores da localidade.<\/p>\n\n\n\n<p>No encontro estiveram presentes v\u00e1rias lideran\u00e7as do munic\u00edpio, al\u00e9m do vereador Jurandir Carvalho (PSDB).<\/p>\n","protected":false},"excerpt":{"rendered":"<p>O candidato a prefeito Jos\u00e9 Ronaldo (Uni\u00e3o Brasil) vai priorizar mais investimentos para os distritos feirenses e anunciou a constru\u00e7\u00e3o de uma creche para atender a comunidade de Bonfim de Feira, caso seja eleito. A proposta foi apresentada na tarde de ontem (24), durante encontro com cerca de 100 jovens do distrito, realizado no Centro [&hellip;]<\/p>\n","protected":false},"author":3,"featured_media":29142,"comment_status":"open","ping_status":"open","sticky":false,"template":"","format":"standard","meta":{"_monsterinsights_skip_tracking":false,"_monsterinsights_sitenote_active":false,"_monsterinsights_sitenote_note":"","_monsterinsights_sitenote_category":0,"footnotes":""},"categories":[301,34],"tags":[],"yoast_head":"<!-- This site is optimized with the Yoast SEO plugin v22.9 - https:\/\/yoast.com\/wordpress\/plugins\/seo\/ -->\n<title>Jos\u00e9 Ronaldo prop\u00f5e creche em Bonfim de Feira e discute mais investimentos - Portal MF<\/title>\n<meta name=\"robots\" content=\"index, follow, max-snippet:-1, max-image-preview:large, max-video-preview:-1\" \/>\n<link rel=\"canonical\" href=\"https:\/\/portalmf.com.br\/index.php\/2024\/08\/25\/jose-ronaldo-propoe-creche-em-bonfim-de-feira-e-discute-mais-investimentos\/\" \/>\n<meta property=\"og:locale\" content=\"pt_BR\" \/>\n<meta property=\"og:type\" content=\"article\" \/>\n<meta property=\"og:title\" content=\"Jos\u00e9 Ronaldo prop\u00f5e creche em Bonfim de Feira e discute mais investimentos - Portal MF\" \/>\n<meta property=\"og:description\" content=\"O candidato a prefeito Jos\u00e9 Ronaldo (Uni\u00e3o Brasil) vai priorizar mais investimentos para os distritos feirenses e anunciou a constru\u00e7\u00e3o de uma creche para atender a comunidade de Bonfim de Feira, caso seja eleito. A proposta foi apresentada na tarde de ontem (24), durante encontro com cerca de 100 jovens do distrito, realizado no Centro [&hellip;]\" \/>\n<meta property=\"og:url\" content=\"https:\/\/portalmf.com.br\/index.php\/2024\/08\/25\/jose-ronaldo-propoe-creche-em-bonfim-de-feira-e-discute-mais-investimentos\/\" \/>\n<meta property=\"og:site_name\" content=\"Portal MF\" \/>\n<meta property=\"article:author\" content=\"https:\/\/www.facebook.com\/portalmfoficial\" \/>\n<meta property=\"article:published_time\" content=\"2024-08-25T20:17:37+00:00\" \/>\n<meta property=\"article:modified_time\" content=\"2024-08-26T20:19:36+00:00\" \/>\n<meta property=\"og:image\" content=\"https:\/\/portalmf.com.br\/wp-content\/uploads\/2024\/08\/Jose-Ronaldo-propoe-creche-em-Bonfim-de-Feira-e-discute-mais-investimentos.jpeg\" \/>\n\t<meta property=\"og:image:width\" content=\"1600\" \/>\n\t<meta property=\"og:image:height\" content=\"1066\" \/>\n\t<meta property=\"og:image:type\" content=\"image\/jpeg\" \/>\n<meta name=\"author\" content=\"Reda\u00e7\u00e3o Portal MF\" \/>\n<meta name=\"twitter:card\" content=\"summary_large_image\" \/>\n<meta name=\"twitter:creator\" content=\"@https:\/\/x.com\/portalmfoficial\" \/>\n<meta name=\"twitter:label1\" content=\"Escrito por\" \/>\n\t<meta name=\"twitter:data1\" content=\"Reda\u00e7\u00e3o Portal MF\" \/>\n\t<meta name=\"twitter:label2\" content=\"Est. tempo de leitura\" \/>\n\t<meta name=\"twitter:data2\" content=\"2 minutos\" \/>\n<script type=\"application\/ld+json\" class=\"yoast-schema-graph\">{\"@context\":\"https:\/\/schema.org\",\"@graph\":[{\"@type\":\"WebPage\",\"@id\":\"https:\/\/portalmf.com.br\/index.php\/2024\/08\/25\/jose-ronaldo-propoe-creche-em-bonfim-de-feira-e-discute-mais-investimentos\/\",\"url\":\"https:\/\/portalmf.com.br\/index.php\/2024\/08\/25\/jose-ronaldo-propoe-creche-em-bonfim-de-feira-e-discute-mais-investimentos\/\",\"name\":\"Jos\u00e9 Ronaldo prop\u00f5e creche em Bonfim de Feira e discute mais investimentos - Portal MF\",\"isPartOf\":{\"@id\":\"https:\/\/portalmf.com.br\/#website\"},\"primaryImageOfPage\":{\"@id\":\"https:\/\/portalmf.com.br\/index.php\/2024\/08\/25\/jose-ronaldo-propoe-creche-em-bonfim-de-feira-e-discute-mais-investimentos\/#primaryimage\"},\"image\":{\"@id\":\"https:\/\/portalmf.com.br\/index.php\/2024\/08\/25\/jose-ronaldo-propoe-creche-em-bonfim-de-feira-e-discute-mais-investimentos\/#primaryimage\"},\"thumbnailUrl\":\"https:\/\/portalmf.com.br\/wp-content\/uploads\/2024\/08\/Jose-Ronaldo-propoe-creche-em-Bonfim-de-Feira-e-discute-mais-investimentos.jpeg\",\"datePublished\":\"2024-08-25T20:17:37+00:00\",\"dateModified\":\"2024-08-26T20:19:36+00:00\",\"author\":{\"@id\":\"https:\/\/portalmf.com.br\/#\/schema\/person\/9ec101baf56233e53520c26de5d6f6f0\"},\"breadcrumb\":{\"@id\":\"https:\/\/portalmf.com.br\/index.php\/2024\/08\/25\/jose-ronaldo-propoe-creche-em-bonfim-de-feira-e-discute-mais-investimentos\/#breadcrumb\"},\"inLanguage\":\"pt-BR\",\"potentialAction\":[{\"@type\":\"ReadAction\",\"target\":[\"https:\/\/portalmf.com.br\/index.php\/2024\/08\/25\/jose-ronaldo-propoe-creche-em-bonfim-de-feira-e-discute-mais-investimentos\/\"]}]},{\"@type\":\"ImageObject\",\"inLanguage\":\"pt-BR\",\"@id\":\"https:\/\/portalmf.com.br\/index.php\/2024\/08\/25\/jose-ronaldo-propoe-creche-em-bonfim-de-feira-e-discute-mais-investimentos\/#primaryimage\",\"url\":\"https:\/\/portalmf.com.br\/wp-content\/uploads\/2024\/08\/Jose-Ronaldo-propoe-creche-em-Bonfim-de-Feira-e-discute-mais-investimentos.jpeg\",\"contentUrl\":\"https:\/\/portalmf.com.br\/wp-content\/uploads\/2024\/08\/Jose-Ronaldo-propoe-creche-em-Bonfim-de-Feira-e-discute-mais-investimentos.jpeg\",\"width\":1600,\"height\":1066},{\"@type\":\"BreadcrumbList\",\"@id\":\"https:\/\/portalmf.com.br\/index.php\/2024\/08\/25\/jose-ronaldo-propoe-creche-em-bonfim-de-feira-e-discute-mais-investimentos\/#breadcrumb\",\"itemListElement\":[{\"@type\":\"ListItem\",\"position\":1,\"name\":\"In\u00edcio\",\"item\":\"https:\/\/portalmf.com.br\/\"},{\"@type\":\"ListItem\",\"position\":2,\"name\":\"Jos\u00e9 Ronaldo prop\u00f5e creche em Bonfim de Feira e discute mais investimentos\"}]},{\"@type\":\"WebSite\",\"@id\":\"https:\/\/portalmf.com.br\/#website\",\"url\":\"https:\/\/portalmf.com.br\/\",\"name\":\"Portal MF\",\"description\":\"Voc\u00ea conectado com a informa\u00e7\u00e3o\",\"potentialAction\":[{\"@type\":\"SearchAction\",\"target\":{\"@type\":\"EntryPoint\",\"urlTemplate\":\"https:\/\/portalmf.com.br\/?s={search_term_string}\"},\"query-input\":\"required name=search_term_string\"}],\"inLanguage\":\"pt-BR\"},{\"@type\":\"Person\",\"@id\":\"https:\/\/portalmf.com.br\/#\/schema\/person\/9ec101baf56233e53520c26de5d6f6f0\",\"name\":\"Reda\u00e7\u00e3o Portal MF\",\"image\":{\"@type\":\"ImageObject\",\"inLanguage\":\"pt-BR\",\"@id\":\"https:\/\/portalmf.com.br\/#\/schema\/person\/image\/\",\"url\":\"https:\/\/secure.gravatar.com\/avatar\/41b9aaeb2100835f7c64362330f74c7f?s=96&d=mm&r=g\",\"contentUrl\":\"https:\/\/secure.gravatar.com\/avatar\/41b9aaeb2100835f7c64362330f74c7f?s=96&d=mm&r=g\",\"caption\":\"Reda\u00e7\u00e3o Portal MF\"},\"description\":\"Sejam bem-vindos o portal de informa\u00e7\u00f5es de entretenimento de Feira de Santana, desde 2006 realiza coberturas dos principais eventos com entrevistas exclusivas com as principais personalidades mundiais. Fique conectado tamb\u00e9m nas redes sociais.\",\"sameAs\":[\"http:\/\/www.portalmf.com.br\/\",\"https:\/\/www.facebook.com\/portalmfoficial\",\"https:\/\/www.instagram.com\/portalmf\/\",\"https:\/\/x.com\/https:\/\/x.com\/portalmfoficial\",\"https:\/\/www.youtube.com\/@portalmfoficial\"],\"url\":\"https:\/\/portalmf.com.br\/index.php\/author\/junior\/\"}]}<\/script>\n<!-- \/ Yoast SEO plugin. -->","yoast_head_json":{"title":"Jos\u00e9 Ronaldo prop\u00f5e creche em Bonfim de Feira e discute mais investimentos - Portal MF","robots":{"index":"index","follow":"follow","max-snippet":"max-snippet:-1","max-image-preview":"max-image-preview:large","max-video-preview":"max-video-preview:-1"},"canonical":"https:\/\/portalmf.com.br\/index.php\/2024\/08\/25\/jose-ronaldo-propoe-creche-em-bonfim-de-feira-e-discute-mais-investimentos\/","og_locale":"pt_BR","og_type":"article","og_title":"Jos\u00e9 Ronaldo prop\u00f5e creche em Bonfim de Feira e discute mais investimentos - Portal MF","og_description":"O candidato a prefeito Jos\u00e9 Ronaldo (Uni\u00e3o Brasil) vai priorizar mais investimentos para os distritos feirenses e anunciou a constru\u00e7\u00e3o de uma creche para atender a comunidade de Bonfim de Feira, caso seja eleito. A proposta foi apresentada na tarde de ontem (24), durante encontro com cerca de 100 jovens do distrito, realizado no Centro [&hellip;]","og_url":"https:\/\/portalmf.com.br\/index.php\/2024\/08\/25\/jose-ronaldo-propoe-creche-em-bonfim-de-feira-e-discute-mais-investimentos\/","og_site_name":"Portal MF","article_author":"https:\/\/www.facebook.com\/portalmfoficial","article_published_time":"2024-08-25T20:17:37+00:00","article_modified_time":"2024-08-26T20:19:36+00:00","og_image":[{"width":1600,"height":1066,"url":"https:\/\/portalmf.com.br\/wp-content\/uploads\/2024\/08\/Jose-Ronaldo-propoe-creche-em-Bonfim-de-Feira-e-discute-mais-investimentos.jpeg","type":"image\/jpeg"}],"author":"Reda\u00e7\u00e3o Portal MF","twitter_card":"summary_large_image","twitter_creator":"@https:\/\/x.com\/portalmfoficial","twitter_misc":{"Escrito por":"Reda\u00e7\u00e3o Portal MF","Est. tempo de leitura":"2 minutos"},"schema":{"@context":"https:\/\/schema.org","@graph":[{"@type":"WebPage","@id":"https:\/\/portalmf.com.br\/index.php\/2024\/08\/25\/jose-ronaldo-propoe-creche-em-bonfim-de-feira-e-discute-mais-investimentos\/","url":"https:\/\/portalmf.com.br\/index.php\/2024\/08\/25\/jose-ronaldo-propoe-creche-em-bonfim-de-feira-e-discute-mais-investimentos\/","name":"Jos\u00e9 Ronaldo prop\u00f5e creche em Bonfim de Feira e discute mais investimentos - Portal MF","isPartOf":{"@id":"https:\/\/portalmf.com.br\/#website"},"primaryImageOfPage":{"@id":"https:\/\/portalmf.com.br\/index.php\/2024\/08\/25\/jose-ronaldo-propoe-creche-em-bonfim-de-feira-e-discute-mais-investimentos\/#primaryimage"},"image":{"@id":"https:\/\/portalmf.com.br\/index.php\/2024\/08\/25\/jose-ronaldo-propoe-creche-em-bonfim-de-feira-e-discute-mais-investimentos\/#primaryimage"},"thumbnailUrl":"https:\/\/portalmf.com.br\/wp-content\/uploads\/2024\/08\/Jose-Ronaldo-propoe-creche-em-Bonfim-de-Feira-e-discute-mais-investimentos.jpeg","datePublished":"2024-08-25T20:17:37+00:00","dateModified":"2024-08-26T20:19:36+00:00","author":{"@id":"https:\/\/portalmf.com.br\/#\/schema\/person\/9ec101baf56233e53520c26de5d6f6f0"},"breadcrumb":{"@id":"https:\/\/portalmf.com.br\/index.php\/2024\/08\/25\/jose-ronaldo-propoe-creche-em-bonfim-de-feira-e-discute-mais-investimentos\/#breadcrumb"},"inLanguage":"pt-BR","potentialAction":[{"@type":"ReadAction","target":["https:\/\/portalmf.com.br\/index.php\/2024\/08\/25\/jose-ronaldo-propoe-creche-em-bonfim-de-feira-e-discute-mais-investimentos\/"]}]},{"@type":"ImageObject","inLanguage":"pt-BR","@id":"https:\/\/portalmf.com.br\/index.php\/2024\/08\/25\/jose-ronaldo-propoe-creche-em-bonfim-de-feira-e-discute-mais-investimentos\/#primaryimage","url":"https:\/\/portalmf.com.br\/wp-content\/uploads\/2024\/08\/Jose-Ronaldo-propoe-creche-em-Bonfim-de-Feira-e-discute-mais-investimentos.jpeg","contentUrl":"https:\/\/portalmf.com.br\/wp-content\/uploads\/2024\/08\/Jose-Ronaldo-propoe-creche-em-Bonfim-de-Feira-e-discute-mais-investimentos.jpeg","width":1600,"height":1066},{"@type":"BreadcrumbList","@id":"https:\/\/portalmf.com.br\/index.php\/2024\/08\/25\/jose-ronaldo-propoe-creche-em-bonfim-de-feira-e-discute-mais-investimentos\/#breadcrumb","itemListElement":[{"@type":"ListItem","position":1,"name":"In\u00edcio","item":"https:\/\/portalmf.com.br\/"},{"@type":"ListItem","position":2,"name":"Jos\u00e9 Ronaldo prop\u00f5e creche em Bonfim de Feira e discute mais investimentos"}]},{"@type":"WebSite","@id":"https:\/\/portalmf.com.br\/#website","url":"https:\/\/portalmf.com.br\/","name":"Portal MF","description":"Voc\u00ea conectado com a informa\u00e7\u00e3o","potentialAction":[{"@type":"SearchAction","target":{"@type":"EntryPoint","urlTemplate":"https:\/\/portalmf.com.br\/?s={search_term_string}"},"query-input":"required name=search_term_string"}],"inLanguage":"pt-BR"},{"@type":"Person","@id":"https:\/\/portalmf.com.br\/#\/schema\/person\/9ec101baf56233e53520c26de5d6f6f0","name":"Reda\u00e7\u00e3o Portal MF","image":{"@type":"ImageObject","inLanguage":"pt-BR","@id":"https:\/\/portalmf.com.br\/#\/schema\/person\/image\/","url":"https:\/\/secure.gravatar.com\/avatar\/41b9aaeb2100835f7c64362330f74c7f?s=96&d=mm&r=g","contentUrl":"https:\/\/secure.gravatar.com\/avatar\/41b9aaeb2100835f7c64362330f74c7f?s=96&d=mm&r=g","caption":"Reda\u00e7\u00e3o Portal MF"},"description":"Sejam bem-vindos o portal de informa\u00e7\u00f5es de entretenimento de Feira de Santana, desde 2006 realiza coberturas dos principais eventos com entrevistas exclusivas com as principais personalidades mundiais. Fique conectado tamb\u00e9m nas redes sociais.","sameAs":["http:\/\/www.portalmf.com.br\/","https:\/\/www.facebook.com\/portalmfoficial","https:\/\/www.instagram.com\/portalmf\/","https:\/\/x.com\/https:\/\/x.com\/portalmfoficial","https:\/\/www.youtube.com\/@portalmfoficial"],"url":"https:\/\/portalmf.com.br\/index.php\/author\/junior\/"}]}},"_links":{"self":[{"href":"https:\/\/portalmf.com.br\/index.php\/wp-json\/wp\/v2\/posts\/29141"}],"collection":[{"href":"https:\/\/portalmf.com.br\/index.php\/wp-json\/wp\/v2\/posts"}],"about":[{"href":"https:\/\/portalmf.com.br\/index.php\/wp-json\/wp\/v2\/types\/post"}],"author":[{"embeddable":true,"href":"https:\/\/portalmf.com.br\/index.php\/wp-json\/wp\/v2\/users\/3"}],"replies":[{"embeddable":true,"href":"https:\/\/portalmf.com.br\/index.php\/wp-json\/wp\/v2\/comments?post=29141"}],"version-history":[{"count":1,"href":"https:\/\/portalmf.com.br\/index.php\/wp-json\/wp\/v2\/posts\/29141\/revisions"}],"predecessor-version":[{"id":29143,"href":"https:\/\/portalmf.com.br\/index.php\/wp-json\/wp\/v2\/posts\/29141\/revisions\/29143"}],"wp:featuredmedia":[{"embeddable":true,"href":"https:\/\/portalmf.com.br\/index.php\/wp-json\/wp\/v2\/media\/29142"}],"wp:attachment":[{"href":"https:\/\/portalmf.com.br\/index.php\/wp-json\/wp\/v2\/media?parent=29141"}],"wp:term":[{"taxonomy":"category","embeddable":true,"href":"https:\/\/portalmf.com.br\/index.php\/wp-json\/wp\/v2\/categories?post=29141"},{"taxonomy":"post_tag","embeddable":true,"href":"https:\/\/portalmf.com.br\/index.php\/wp-json\/wp\/v2\/tags?post=29141"}],"curies":[{"name":"wp","href":"https:\/\/api.w.org\/{rel}","templated":true}]}}