{"id":29138,"date":"2024-08-24T17:15:43","date_gmt":"2024-08-24T20:15:43","guid":{"rendered":"https:\/\/portalmf.com.br\/?p=29138"},"modified":"2024-08-26T17:17:16","modified_gmt":"2024-08-26T20:17:16","slug":"caminhada-de-jose-ronaldo-mobiliza-sobradinho-e-revive-memorias-no-bairro","status":"publish","type":"post","link":"https:\/\/portalmf.com.br\/index.php\/2024\/08\/24\/caminhada-de-jose-ronaldo-mobiliza-sobradinho-e-revive-memorias-no-bairro\/","title":{"rendered":"Caminhada de Jos\u00e9 Ronaldo mobiliza Sobradinho e revive mem\u00f3rias no bairro"},"content":{"rendered":"\n<p>Na noite de ontem (23), o bairro Sobradinho, um dos mais antigos de Feira de Santana, foi cen\u00e1rio de uma caminhada liderada pelo candidato a prefeito Jos\u00e9 Ronaldo (Uni\u00e3o Brasil), que esteve acompanhado do seu candidato a vice-prefeito, Pablo Roberto, diversos candidatos a vereador, apoiadores e moradores.<\/p>\n\n\n\n<p>No local, o l\u00edder pol\u00edtico se emocionou ao passar pela casa de um antigo morador, Manoel do Nascimento, mais conhecido como Filinho, que sempre abria as portas de sua casa para receb\u00ea-lo. Ainda na caminhada, Jos\u00e9 Ronaldo reencontrou a professora aposentada Carmem Venas, uma antiga apoiadora, que reafirmou seu apoio ao ex-prefeito. \u201cContinue firme porque todos n\u00f3s sabemos que voc\u00ea \u00e9 o melhor para Feira de Santana. \u00c9 um pol\u00edtico de experi\u00eancia, em quem podemos confiar&#8221;, disse.<\/p>\n\n\n\n<p>Jos\u00e9 Ronaldo expressou sua gratid\u00e3o pela recep\u00e7\u00e3o calorosa durante a caminhada em Sobradinho.<em> \u201cEstou muito emocionado com o carinho e o apoio que recebi hoje. A recep\u00e7\u00e3o dos moradores foi incr\u00edvel e me d\u00e1 ainda mais motiva\u00e7\u00e3o para trabalhar por Feira de Santana. Quero agradecer a cada um que participou e me recebeu de bra\u00e7os abertos. Juntos, vamos continuar lutando pelo progresso e pelo desenvolvimento da nossa cidade\u201d<\/em>, afirmou.<\/p>\n","protected":false},"excerpt":{"rendered":"<p>Na noite de ontem (23), o bairro Sobradinho, um dos mais antigos de Feira de Santana, foi cen\u00e1rio de uma caminhada liderada pelo candidato a prefeito Jos\u00e9 Ronaldo (Uni\u00e3o Brasil), que esteve acompanhado do seu candidato a vice-prefeito, Pablo Roberto, diversos candidatos a vereador, apoiadores e moradores. No local, o l\u00edder pol\u00edtico se emocionou ao [&hellip;]<\/p>\n","protected":false},"author":3,"featured_media":29139,"comment_status":"open","ping_status":"open","sticky":false,"template":"","format":"standard","meta":{"_monsterinsights_skip_tracking":false,"_monsterinsights_sitenote_active":false,"_monsterinsights_sitenote_note":"","_monsterinsights_sitenote_category":0,"footnotes":""},"categories":[301,34],"tags":[],"yoast_head":"<!-- This site is optimized with the Yoast SEO plugin v22.9 - https:\/\/yoast.com\/wordpress\/plugins\/seo\/ -->\n<title>Caminhada de Jos\u00e9 Ronaldo mobiliza Sobradinho e revive mem\u00f3rias no bairro - Portal MF<\/title>\n<meta name=\"robots\" content=\"index, follow, max-snippet:-1, max-image-preview:large, max-video-preview:-1\" \/>\n<link rel=\"canonical\" href=\"https:\/\/portalmf.com.br\/index.php\/2024\/08\/24\/caminhada-de-jose-ronaldo-mobiliza-sobradinho-e-revive-memorias-no-bairro\/\" \/>\n<meta property=\"og:locale\" content=\"pt_BR\" \/>\n<meta property=\"og:type\" content=\"article\" \/>\n<meta property=\"og:title\" content=\"Caminhada de Jos\u00e9 Ronaldo mobiliza Sobradinho e revive mem\u00f3rias no bairro - Portal MF\" \/>\n<meta property=\"og:description\" content=\"Na noite de ontem (23), o bairro Sobradinho, um dos mais antigos de Feira de Santana, foi cen\u00e1rio de uma caminhada liderada pelo candidato a prefeito Jos\u00e9 Ronaldo (Uni\u00e3o Brasil), que esteve acompanhado do seu candidato a vice-prefeito, Pablo Roberto, diversos candidatos a vereador, apoiadores e moradores. No local, o l\u00edder pol\u00edtico se emocionou ao [&hellip;]\" \/>\n<meta property=\"og:url\" content=\"https:\/\/portalmf.com.br\/index.php\/2024\/08\/24\/caminhada-de-jose-ronaldo-mobiliza-sobradinho-e-revive-memorias-no-bairro\/\" \/>\n<meta property=\"og:site_name\" content=\"Portal MF\" \/>\n<meta property=\"article:author\" content=\"https:\/\/www.facebook.com\/portalmfoficial\" \/>\n<meta property=\"article:published_time\" content=\"2024-08-24T20:15:43+00:00\" \/>\n<meta property=\"article:modified_time\" content=\"2024-08-26T20:17:16+00:00\" \/>\n<meta property=\"og:image\" content=\"https:\/\/portalmf.com.br\/wp-content\/uploads\/2024\/08\/Caminhada-de-Jose-Ronaldo-mobiliza-Sobradinho-e-revive-memorias-no-bairro.jpg\" \/>\n\t<meta property=\"og:image:width\" content=\"1299\" \/>\n\t<meta property=\"og:image:height\" content=\"866\" \/>\n\t<meta property=\"og:image:type\" content=\"image\/jpeg\" \/>\n<meta name=\"author\" content=\"Reda\u00e7\u00e3o Portal MF\" \/>\n<meta name=\"twitter:card\" content=\"summary_large_image\" \/>\n<meta name=\"twitter:creator\" content=\"@https:\/\/x.com\/portalmfoficial\" \/>\n<meta name=\"twitter:label1\" content=\"Escrito por\" \/>\n\t<meta name=\"twitter:data1\" content=\"Reda\u00e7\u00e3o Portal MF\" \/>\n\t<meta name=\"twitter:label2\" content=\"Est. tempo de leitura\" \/>\n\t<meta name=\"twitter:data2\" content=\"2 minutos\" \/>\n<script type=\"application\/ld+json\" class=\"yoast-schema-graph\">{\"@context\":\"https:\/\/schema.org\",\"@graph\":[{\"@type\":\"WebPage\",\"@id\":\"https:\/\/portalmf.com.br\/index.php\/2024\/08\/24\/caminhada-de-jose-ronaldo-mobiliza-sobradinho-e-revive-memorias-no-bairro\/\",\"url\":\"https:\/\/portalmf.com.br\/index.php\/2024\/08\/24\/caminhada-de-jose-ronaldo-mobiliza-sobradinho-e-revive-memorias-no-bairro\/\",\"name\":\"Caminhada de Jos\u00e9 Ronaldo mobiliza Sobradinho e revive mem\u00f3rias no bairro - Portal MF\",\"isPartOf\":{\"@id\":\"https:\/\/portalmf.com.br\/#website\"},\"primaryImageOfPage\":{\"@id\":\"https:\/\/portalmf.com.br\/index.php\/2024\/08\/24\/caminhada-de-jose-ronaldo-mobiliza-sobradinho-e-revive-memorias-no-bairro\/#primaryimage\"},\"image\":{\"@id\":\"https:\/\/portalmf.com.br\/index.php\/2024\/08\/24\/caminhada-de-jose-ronaldo-mobiliza-sobradinho-e-revive-memorias-no-bairro\/#primaryimage\"},\"thumbnailUrl\":\"https:\/\/portalmf.com.br\/wp-content\/uploads\/2024\/08\/Caminhada-de-Jose-Ronaldo-mobiliza-Sobradinho-e-revive-memorias-no-bairro.jpg\",\"datePublished\":\"2024-08-24T20:15:43+00:00\",\"dateModified\":\"2024-08-26T20:17:16+00:00\",\"author\":{\"@id\":\"https:\/\/portalmf.com.br\/#\/schema\/person\/9ec101baf56233e53520c26de5d6f6f0\"},\"breadcrumb\":{\"@id\":\"https:\/\/portalmf.com.br\/index.php\/2024\/08\/24\/caminhada-de-jose-ronaldo-mobiliza-sobradinho-e-revive-memorias-no-bairro\/#breadcrumb\"},\"inLanguage\":\"pt-BR\",\"potentialAction\":[{\"@type\":\"ReadAction\",\"target\":[\"https:\/\/portalmf.com.br\/index.php\/2024\/08\/24\/caminhada-de-jose-ronaldo-mobiliza-sobradinho-e-revive-memorias-no-bairro\/\"]}]},{\"@type\":\"ImageObject\",\"inLanguage\":\"pt-BR\",\"@id\":\"https:\/\/portalmf.com.br\/index.php\/2024\/08\/24\/caminhada-de-jose-ronaldo-mobiliza-sobradinho-e-revive-memorias-no-bairro\/#primaryimage\",\"url\":\"https:\/\/portalmf.com.br\/wp-content\/uploads\/2024\/08\/Caminhada-de-Jose-Ronaldo-mobiliza-Sobradinho-e-revive-memorias-no-bairro.jpg\",\"contentUrl\":\"https:\/\/portalmf.com.br\/wp-content\/uploads\/2024\/08\/Caminhada-de-Jose-Ronaldo-mobiliza-Sobradinho-e-revive-memorias-no-bairro.jpg\",\"width\":1299,\"height\":866},{\"@type\":\"BreadcrumbList\",\"@id\":\"https:\/\/portalmf.com.br\/index.php\/2024\/08\/24\/caminhada-de-jose-ronaldo-mobiliza-sobradinho-e-revive-memorias-no-bairro\/#breadcrumb\",\"itemListElement\":[{\"@type\":\"ListItem\",\"position\":1,\"name\":\"In\u00edcio\",\"item\":\"https:\/\/portalmf.com.br\/\"},{\"@type\":\"ListItem\",\"position\":2,\"name\":\"Caminhada de Jos\u00e9 Ronaldo mobiliza Sobradinho e revive mem\u00f3rias no bairro\"}]},{\"@type\":\"WebSite\",\"@id\":\"https:\/\/portalmf.com.br\/#website\",\"url\":\"https:\/\/portalmf.com.br\/\",\"name\":\"Portal MF\",\"description\":\"Voc\u00ea conectado com a informa\u00e7\u00e3o\",\"potentialAction\":[{\"@type\":\"SearchAction\",\"target\":{\"@type\":\"EntryPoint\",\"urlTemplate\":\"https:\/\/portalmf.com.br\/?s={search_term_string}\"},\"query-input\":\"required name=search_term_string\"}],\"inLanguage\":\"pt-BR\"},{\"@type\":\"Person\",\"@id\":\"https:\/\/portalmf.com.br\/#\/schema\/person\/9ec101baf56233e53520c26de5d6f6f0\",\"name\":\"Reda\u00e7\u00e3o Portal MF\",\"image\":{\"@type\":\"ImageObject\",\"inLanguage\":\"pt-BR\",\"@id\":\"https:\/\/portalmf.com.br\/#\/schema\/person\/image\/\",\"url\":\"https:\/\/secure.gravatar.com\/avatar\/41b9aaeb2100835f7c64362330f74c7f?s=96&d=mm&r=g\",\"contentUrl\":\"https:\/\/secure.gravatar.com\/avatar\/41b9aaeb2100835f7c64362330f74c7f?s=96&d=mm&r=g\",\"caption\":\"Reda\u00e7\u00e3o Portal MF\"},\"description\":\"Sejam bem-vindos o portal de informa\u00e7\u00f5es de entretenimento de Feira de Santana, desde 2006 realiza coberturas dos principais eventos com entrevistas exclusivas com as principais personalidades mundiais. Fique conectado tamb\u00e9m nas redes sociais.\",\"sameAs\":[\"http:\/\/www.portalmf.com.br\/\",\"https:\/\/www.facebook.com\/portalmfoficial\",\"https:\/\/www.instagram.com\/portalmf\/\",\"https:\/\/x.com\/https:\/\/x.com\/portalmfoficial\",\"https:\/\/www.youtube.com\/@portalmfoficial\"],\"url\":\"https:\/\/portalmf.com.br\/index.php\/author\/junior\/\"}]}<\/script>\n<!-- \/ Yoast SEO plugin. -->","yoast_head_json":{"title":"Caminhada de Jos\u00e9 Ronaldo mobiliza Sobradinho e revive mem\u00f3rias no bairro - Portal MF","robots":{"index":"index","follow":"follow","max-snippet":"max-snippet:-1","max-image-preview":"max-image-preview:large","max-video-preview":"max-video-preview:-1"},"canonical":"https:\/\/portalmf.com.br\/index.php\/2024\/08\/24\/caminhada-de-jose-ronaldo-mobiliza-sobradinho-e-revive-memorias-no-bairro\/","og_locale":"pt_BR","og_type":"article","og_title":"Caminhada de Jos\u00e9 Ronaldo mobiliza Sobradinho e revive mem\u00f3rias no bairro - Portal MF","og_description":"Na noite de ontem (23), o bairro Sobradinho, um dos mais antigos de Feira de Santana, foi cen\u00e1rio de uma caminhada liderada pelo candidato a prefeito Jos\u00e9 Ronaldo (Uni\u00e3o Brasil), que esteve acompanhado do seu candidato a vice-prefeito, Pablo Roberto, diversos candidatos a vereador, apoiadores e moradores. No local, o l\u00edder pol\u00edtico se emocionou ao [&hellip;]","og_url":"https:\/\/portalmf.com.br\/index.php\/2024\/08\/24\/caminhada-de-jose-ronaldo-mobiliza-sobradinho-e-revive-memorias-no-bairro\/","og_site_name":"Portal MF","article_author":"https:\/\/www.facebook.com\/portalmfoficial","article_published_time":"2024-08-24T20:15:43+00:00","article_modified_time":"2024-08-26T20:17:16+00:00","og_image":[{"width":1299,"height":866,"url":"https:\/\/portalmf.com.br\/wp-content\/uploads\/2024\/08\/Caminhada-de-Jose-Ronaldo-mobiliza-Sobradinho-e-revive-memorias-no-bairro.jpg","type":"image\/jpeg"}],"author":"Reda\u00e7\u00e3o Portal MF","twitter_card":"summary_large_image","twitter_creator":"@https:\/\/x.com\/portalmfoficial","twitter_misc":{"Escrito por":"Reda\u00e7\u00e3o Portal MF","Est. tempo de leitura":"2 minutos"},"schema":{"@context":"https:\/\/schema.org","@graph":[{"@type":"WebPage","@id":"https:\/\/portalmf.com.br\/index.php\/2024\/08\/24\/caminhada-de-jose-ronaldo-mobiliza-sobradinho-e-revive-memorias-no-bairro\/","url":"https:\/\/portalmf.com.br\/index.php\/2024\/08\/24\/caminhada-de-jose-ronaldo-mobiliza-sobradinho-e-revive-memorias-no-bairro\/","name":"Caminhada de Jos\u00e9 Ronaldo mobiliza Sobradinho e revive mem\u00f3rias no bairro - Portal MF","isPartOf":{"@id":"https:\/\/portalmf.com.br\/#website"},"primaryImageOfPage":{"@id":"https:\/\/portalmf.com.br\/index.php\/2024\/08\/24\/caminhada-de-jose-ronaldo-mobiliza-sobradinho-e-revive-memorias-no-bairro\/#primaryimage"},"image":{"@id":"https:\/\/portalmf.com.br\/index.php\/2024\/08\/24\/caminhada-de-jose-ronaldo-mobiliza-sobradinho-e-revive-memorias-no-bairro\/#primaryimage"},"thumbnailUrl":"https:\/\/portalmf.com.br\/wp-content\/uploads\/2024\/08\/Caminhada-de-Jose-Ronaldo-mobiliza-Sobradinho-e-revive-memorias-no-bairro.jpg","datePublished":"2024-08-24T20:15:43+00:00","dateModified":"2024-08-26T20:17:16+00:00","author":{"@id":"https:\/\/portalmf.com.br\/#\/schema\/person\/9ec101baf56233e53520c26de5d6f6f0"},"breadcrumb":{"@id":"https:\/\/portalmf.com.br\/index.php\/2024\/08\/24\/caminhada-de-jose-ronaldo-mobiliza-sobradinho-e-revive-memorias-no-bairro\/#breadcrumb"},"inLanguage":"pt-BR","potentialAction":[{"@type":"ReadAction","target":["https:\/\/portalmf.com.br\/index.php\/2024\/08\/24\/caminhada-de-jose-ronaldo-mobiliza-sobradinho-e-revive-memorias-no-bairro\/"]}]},{"@type":"ImageObject","inLanguage":"pt-BR","@id":"https:\/\/portalmf.com.br\/index.php\/2024\/08\/24\/caminhada-de-jose-ronaldo-mobiliza-sobradinho-e-revive-memorias-no-bairro\/#primaryimage","url":"https:\/\/portalmf.com.br\/wp-content\/uploads\/2024\/08\/Caminhada-de-Jose-Ronaldo-mobiliza-Sobradinho-e-revive-memorias-no-bairro.jpg","contentUrl":"https:\/\/portalmf.com.br\/wp-content\/uploads\/2024\/08\/Caminhada-de-Jose-Ronaldo-mobiliza-Sobradinho-e-revive-memorias-no-bairro.jpg","width":1299,"height":866},{"@type":"BreadcrumbList","@id":"https:\/\/portalmf.com.br\/index.php\/2024\/08\/24\/caminhada-de-jose-ronaldo-mobiliza-sobradinho-e-revive-memorias-no-bairro\/#breadcrumb","itemListElement":[{"@type":"ListItem","position":1,"name":"In\u00edcio","item":"https:\/\/portalmf.com.br\/"},{"@type":"ListItem","position":2,"name":"Caminhada de Jos\u00e9 Ronaldo mobiliza Sobradinho e revive mem\u00f3rias no bairro"}]},{"@type":"WebSite","@id":"https:\/\/portalmf.com.br\/#website","url":"https:\/\/portalmf.com.br\/","name":"Portal MF","description":"Voc\u00ea conectado com a informa\u00e7\u00e3o","potentialAction":[{"@type":"SearchAction","target":{"@type":"EntryPoint","urlTemplate":"https:\/\/portalmf.com.br\/?s={search_term_string}"},"query-input":"required name=search_term_string"}],"inLanguage":"pt-BR"},{"@type":"Person","@id":"https:\/\/portalmf.com.br\/#\/schema\/person\/9ec101baf56233e53520c26de5d6f6f0","name":"Reda\u00e7\u00e3o Portal MF","image":{"@type":"ImageObject","inLanguage":"pt-BR","@id":"https:\/\/portalmf.com.br\/#\/schema\/person\/image\/","url":"https:\/\/secure.gravatar.com\/avatar\/41b9aaeb2100835f7c64362330f74c7f?s=96&d=mm&r=g","contentUrl":"https:\/\/secure.gravatar.com\/avatar\/41b9aaeb2100835f7c64362330f74c7f?s=96&d=mm&r=g","caption":"Reda\u00e7\u00e3o Portal MF"},"description":"Sejam bem-vindos o portal de informa\u00e7\u00f5es de entretenimento de Feira de Santana, desde 2006 realiza coberturas dos principais eventos com entrevistas exclusivas com as principais personalidades mundiais. Fique conectado tamb\u00e9m nas redes sociais.","sameAs":["http:\/\/www.portalmf.com.br\/","https:\/\/www.facebook.com\/portalmfoficial","https:\/\/www.instagram.com\/portalmf\/","https:\/\/x.com\/https:\/\/x.com\/portalmfoficial","https:\/\/www.youtube.com\/@portalmfoficial"],"url":"https:\/\/portalmf.com.br\/index.php\/author\/junior\/"}]}},"_links":{"self":[{"href":"https:\/\/portalmf.com.br\/index.php\/wp-json\/wp\/v2\/posts\/29138"}],"collection":[{"href":"https:\/\/portalmf.com.br\/index.php\/wp-json\/wp\/v2\/posts"}],"about":[{"href":"https:\/\/portalmf.com.br\/index.php\/wp-json\/wp\/v2\/types\/post"}],"author":[{"embeddable":true,"href":"https:\/\/portalmf.com.br\/index.php\/wp-json\/wp\/v2\/users\/3"}],"replies":[{"embeddable":true,"href":"https:\/\/portalmf.com.br\/index.php\/wp-json\/wp\/v2\/comments?post=29138"}],"version-history":[{"count":1,"href":"https:\/\/portalmf.com.br\/index.php\/wp-json\/wp\/v2\/posts\/29138\/revisions"}],"predecessor-version":[{"id":29140,"href":"https:\/\/portalmf.com.br\/index.php\/wp-json\/wp\/v2\/posts\/29138\/revisions\/29140"}],"wp:featuredmedia":[{"embeddable":true,"href":"https:\/\/portalmf.com.br\/index.php\/wp-json\/wp\/v2\/media\/29139"}],"wp:attachment":[{"href":"https:\/\/portalmf.com.br\/index.php\/wp-json\/wp\/v2\/media?parent=29138"}],"wp:term":[{"taxonomy":"category","embeddable":true,"href":"https:\/\/portalmf.com.br\/index.php\/wp-json\/wp\/v2\/categories?post=29138"},{"taxonomy":"post_tag","embeddable":true,"href":"https:\/\/portalmf.com.br\/index.php\/wp-json\/wp\/v2\/tags?post=29138"}],"curies":[{"name":"wp","href":"https:\/\/api.w.org\/{rel}","templated":true}]}}