{"id":29135,"date":"2024-08-23T17:11:08","date_gmt":"2024-08-23T20:11:08","guid":{"rendered":"https:\/\/portalmf.com.br\/?p=29135"},"modified":"2024-08-26T17:15:16","modified_gmt":"2024-08-26T20:15:16","slug":"moradores-do-alto-do-papagaio-apoiam-jose-ronaldo-em-caminhada-pelas-ruas-do-bairro","status":"publish","type":"post","link":"https:\/\/portalmf.com.br\/index.php\/2024\/08\/23\/moradores-do-alto-do-papagaio-apoiam-jose-ronaldo-em-caminhada-pelas-ruas-do-bairro\/","title":{"rendered":"Moradores do Alto do Papagaio apoiam Jos\u00e9 Ronaldo em caminhada pelas ruas do bairro"},"content":{"rendered":"\n<p>Na noite de ontem (22), moradores do bairro Alto do Papagaio participaram de uma caminhada com o candidato a prefeito Jos\u00e9 Ronaldo (Uni\u00e3o Brasil). A presen\u00e7a massiva da comunidade reflete a confian\u00e7a no candidato, que, segundo eles, j\u00e1 contribuiu significativamente para o desenvolvimento do bairro e promete continuar o trabalho.<\/p>\n\n\n\n<p>Durante o percurso, Jos\u00e9 Ronaldo e seus apoiadores passaram por ruas recentemente pavimentadas, resultado dos investimentos realizados pela administra\u00e7\u00e3o municipal durante sua gest\u00e3o. O candidato reiterou seu compromisso em promover mais melhorias para garantir a qualidade de vida dos residentes.<\/p>\n\n\n\n<p>Ednalva Santos do Ros\u00e1rio, moradora da Rua Curi\u00f3, expressou a satisfa\u00e7\u00e3o da comunidade. &#8220;Moro aqui desde 1990. Foram 10 anos de sofrimento, convivendo com a lama nas ruas at\u00e9 que Jos\u00e9 Ronaldo chegou e acabou com esses problemas. Gra\u00e7as a ele temos tamb\u00e9m uma escola muito boa, uma coleta de lixo e tamb\u00e9m posto de sa\u00fade de qualidade. \u00c9 por isso que ele \u00e9 o prefeito aqui dos moradores do Alto do Papagaio\u201d, declarou.<\/p>\n\n\n\n<p>Durante a caminhada, Jos\u00e9 Ronaldo, acompanhado do candidato a vice-prefeito Pablo Roberto, foi calorosamente recebido pelos moradores. O evento proporcionou uma oportunidade para que a comunidade expressasse seu apoio, agradecesse pelas melhorias j\u00e1 realizadas e apresentasse novas demandas, demonstrando a expectativa de que suas necessidades continuem a ser atendidas pela administra\u00e7\u00e3o p\u00fablica.<\/p>\n","protected":false},"excerpt":{"rendered":"<p>Na noite de ontem (22), moradores do bairro Alto do Papagaio participaram de uma caminhada com o candidato a prefeito Jos\u00e9 Ronaldo (Uni\u00e3o Brasil). A presen\u00e7a massiva da comunidade reflete a confian\u00e7a no candidato, que, segundo eles, j\u00e1 contribuiu significativamente para o desenvolvimento do bairro e promete continuar o trabalho. Durante o percurso, Jos\u00e9 Ronaldo [&hellip;]<\/p>\n","protected":false},"author":3,"featured_media":29136,"comment_status":"open","ping_status":"open","sticky":false,"template":"","format":"standard","meta":{"_monsterinsights_skip_tracking":false,"_monsterinsights_sitenote_active":false,"_monsterinsights_sitenote_note":"","_monsterinsights_sitenote_category":0,"footnotes":""},"categories":[301,34],"tags":[],"yoast_head":"<!-- This site is optimized with the Yoast SEO plugin v22.9 - https:\/\/yoast.com\/wordpress\/plugins\/seo\/ -->\n<title>Moradores do Alto do Papagaio apoiam Jos\u00e9 Ronaldo em caminhada pelas ruas do bairro - Portal MF<\/title>\n<meta name=\"robots\" content=\"index, follow, max-snippet:-1, max-image-preview:large, max-video-preview:-1\" \/>\n<link rel=\"canonical\" href=\"https:\/\/portalmf.com.br\/index.php\/2024\/08\/23\/moradores-do-alto-do-papagaio-apoiam-jose-ronaldo-em-caminhada-pelas-ruas-do-bairro\/\" \/>\n<meta property=\"og:locale\" content=\"pt_BR\" \/>\n<meta property=\"og:type\" content=\"article\" \/>\n<meta property=\"og:title\" content=\"Moradores do Alto do Papagaio apoiam Jos\u00e9 Ronaldo em caminhada pelas ruas do bairro - Portal MF\" \/>\n<meta property=\"og:description\" content=\"Na noite de ontem (22), moradores do bairro Alto do Papagaio participaram de uma caminhada com o candidato a prefeito Jos\u00e9 Ronaldo (Uni\u00e3o Brasil). A presen\u00e7a massiva da comunidade reflete a confian\u00e7a no candidato, que, segundo eles, j\u00e1 contribuiu significativamente para o desenvolvimento do bairro e promete continuar o trabalho. Durante o percurso, Jos\u00e9 Ronaldo [&hellip;]\" \/>\n<meta property=\"og:url\" content=\"https:\/\/portalmf.com.br\/index.php\/2024\/08\/23\/moradores-do-alto-do-papagaio-apoiam-jose-ronaldo-em-caminhada-pelas-ruas-do-bairro\/\" \/>\n<meta property=\"og:site_name\" content=\"Portal MF\" \/>\n<meta property=\"article:author\" content=\"https:\/\/www.facebook.com\/portalmfoficial\" \/>\n<meta property=\"article:published_time\" content=\"2024-08-23T20:11:08+00:00\" \/>\n<meta property=\"article:modified_time\" content=\"2024-08-26T20:15:16+00:00\" \/>\n<meta property=\"og:image\" content=\"https:\/\/portalmf.com.br\/wp-content\/uploads\/2024\/08\/Moradores-do-Alto-do-Papagaio-apoiam-Jose-Ronaldo-em-caminhada-pelas-ruas-do-bairro.jpg\" \/>\n\t<meta property=\"og:image:width\" content=\"1299\" \/>\n\t<meta property=\"og:image:height\" content=\"866\" \/>\n\t<meta property=\"og:image:type\" content=\"image\/jpeg\" \/>\n<meta name=\"author\" content=\"Reda\u00e7\u00e3o Portal MF\" \/>\n<meta name=\"twitter:card\" content=\"summary_large_image\" \/>\n<meta name=\"twitter:creator\" content=\"@https:\/\/x.com\/portalmfoficial\" \/>\n<meta name=\"twitter:label1\" content=\"Escrito por\" \/>\n\t<meta name=\"twitter:data1\" content=\"Reda\u00e7\u00e3o Portal MF\" \/>\n\t<meta name=\"twitter:label2\" content=\"Est. tempo de leitura\" \/>\n\t<meta name=\"twitter:data2\" content=\"2 minutos\" \/>\n<script type=\"application\/ld+json\" class=\"yoast-schema-graph\">{\"@context\":\"https:\/\/schema.org\",\"@graph\":[{\"@type\":\"WebPage\",\"@id\":\"https:\/\/portalmf.com.br\/index.php\/2024\/08\/23\/moradores-do-alto-do-papagaio-apoiam-jose-ronaldo-em-caminhada-pelas-ruas-do-bairro\/\",\"url\":\"https:\/\/portalmf.com.br\/index.php\/2024\/08\/23\/moradores-do-alto-do-papagaio-apoiam-jose-ronaldo-em-caminhada-pelas-ruas-do-bairro\/\",\"name\":\"Moradores do Alto do Papagaio apoiam Jos\u00e9 Ronaldo em caminhada pelas ruas do bairro - Portal MF\",\"isPartOf\":{\"@id\":\"https:\/\/portalmf.com.br\/#website\"},\"primaryImageOfPage\":{\"@id\":\"https:\/\/portalmf.com.br\/index.php\/2024\/08\/23\/moradores-do-alto-do-papagaio-apoiam-jose-ronaldo-em-caminhada-pelas-ruas-do-bairro\/#primaryimage\"},\"image\":{\"@id\":\"https:\/\/portalmf.com.br\/index.php\/2024\/08\/23\/moradores-do-alto-do-papagaio-apoiam-jose-ronaldo-em-caminhada-pelas-ruas-do-bairro\/#primaryimage\"},\"thumbnailUrl\":\"https:\/\/portalmf.com.br\/wp-content\/uploads\/2024\/08\/Moradores-do-Alto-do-Papagaio-apoiam-Jose-Ronaldo-em-caminhada-pelas-ruas-do-bairro.jpg\",\"datePublished\":\"2024-08-23T20:11:08+00:00\",\"dateModified\":\"2024-08-26T20:15:16+00:00\",\"author\":{\"@id\":\"https:\/\/portalmf.com.br\/#\/schema\/person\/9ec101baf56233e53520c26de5d6f6f0\"},\"breadcrumb\":{\"@id\":\"https:\/\/portalmf.com.br\/index.php\/2024\/08\/23\/moradores-do-alto-do-papagaio-apoiam-jose-ronaldo-em-caminhada-pelas-ruas-do-bairro\/#breadcrumb\"},\"inLanguage\":\"pt-BR\",\"potentialAction\":[{\"@type\":\"ReadAction\",\"target\":[\"https:\/\/portalmf.com.br\/index.php\/2024\/08\/23\/moradores-do-alto-do-papagaio-apoiam-jose-ronaldo-em-caminhada-pelas-ruas-do-bairro\/\"]}]},{\"@type\":\"ImageObject\",\"inLanguage\":\"pt-BR\",\"@id\":\"https:\/\/portalmf.com.br\/index.php\/2024\/08\/23\/moradores-do-alto-do-papagaio-apoiam-jose-ronaldo-em-caminhada-pelas-ruas-do-bairro\/#primaryimage\",\"url\":\"https:\/\/portalmf.com.br\/wp-content\/uploads\/2024\/08\/Moradores-do-Alto-do-Papagaio-apoiam-Jose-Ronaldo-em-caminhada-pelas-ruas-do-bairro.jpg\",\"contentUrl\":\"https:\/\/portalmf.com.br\/wp-content\/uploads\/2024\/08\/Moradores-do-Alto-do-Papagaio-apoiam-Jose-Ronaldo-em-caminhada-pelas-ruas-do-bairro.jpg\",\"width\":1299,\"height\":866},{\"@type\":\"BreadcrumbList\",\"@id\":\"https:\/\/portalmf.com.br\/index.php\/2024\/08\/23\/moradores-do-alto-do-papagaio-apoiam-jose-ronaldo-em-caminhada-pelas-ruas-do-bairro\/#breadcrumb\",\"itemListElement\":[{\"@type\":\"ListItem\",\"position\":1,\"name\":\"In\u00edcio\",\"item\":\"https:\/\/portalmf.com.br\/\"},{\"@type\":\"ListItem\",\"position\":2,\"name\":\"Moradores do Alto do Papagaio apoiam Jos\u00e9 Ronaldo em caminhada pelas ruas do bairro\"}]},{\"@type\":\"WebSite\",\"@id\":\"https:\/\/portalmf.com.br\/#website\",\"url\":\"https:\/\/portalmf.com.br\/\",\"name\":\"Portal MF\",\"description\":\"Voc\u00ea conectado com a informa\u00e7\u00e3o\",\"potentialAction\":[{\"@type\":\"SearchAction\",\"target\":{\"@type\":\"EntryPoint\",\"urlTemplate\":\"https:\/\/portalmf.com.br\/?s={search_term_string}\"},\"query-input\":\"required name=search_term_string\"}],\"inLanguage\":\"pt-BR\"},{\"@type\":\"Person\",\"@id\":\"https:\/\/portalmf.com.br\/#\/schema\/person\/9ec101baf56233e53520c26de5d6f6f0\",\"name\":\"Reda\u00e7\u00e3o Portal MF\",\"image\":{\"@type\":\"ImageObject\",\"inLanguage\":\"pt-BR\",\"@id\":\"https:\/\/portalmf.com.br\/#\/schema\/person\/image\/\",\"url\":\"https:\/\/secure.gravatar.com\/avatar\/41b9aaeb2100835f7c64362330f74c7f?s=96&d=mm&r=g\",\"contentUrl\":\"https:\/\/secure.gravatar.com\/avatar\/41b9aaeb2100835f7c64362330f74c7f?s=96&d=mm&r=g\",\"caption\":\"Reda\u00e7\u00e3o Portal MF\"},\"description\":\"Sejam bem-vindos o portal de informa\u00e7\u00f5es de entretenimento de Feira de Santana, desde 2006 realiza coberturas dos principais eventos com entrevistas exclusivas com as principais personalidades mundiais. Fique conectado tamb\u00e9m nas redes sociais.\",\"sameAs\":[\"http:\/\/www.portalmf.com.br\/\",\"https:\/\/www.facebook.com\/portalmfoficial\",\"https:\/\/www.instagram.com\/portalmf\/\",\"https:\/\/x.com\/https:\/\/x.com\/portalmfoficial\",\"https:\/\/www.youtube.com\/@portalmfoficial\"],\"url\":\"https:\/\/portalmf.com.br\/index.php\/author\/junior\/\"}]}<\/script>\n<!-- \/ Yoast SEO plugin. -->","yoast_head_json":{"title":"Moradores do Alto do Papagaio apoiam Jos\u00e9 Ronaldo em caminhada pelas ruas do bairro - Portal MF","robots":{"index":"index","follow":"follow","max-snippet":"max-snippet:-1","max-image-preview":"max-image-preview:large","max-video-preview":"max-video-preview:-1"},"canonical":"https:\/\/portalmf.com.br\/index.php\/2024\/08\/23\/moradores-do-alto-do-papagaio-apoiam-jose-ronaldo-em-caminhada-pelas-ruas-do-bairro\/","og_locale":"pt_BR","og_type":"article","og_title":"Moradores do Alto do Papagaio apoiam Jos\u00e9 Ronaldo em caminhada pelas ruas do bairro - Portal MF","og_description":"Na noite de ontem (22), moradores do bairro Alto do Papagaio participaram de uma caminhada com o candidato a prefeito Jos\u00e9 Ronaldo (Uni\u00e3o Brasil). A presen\u00e7a massiva da comunidade reflete a confian\u00e7a no candidato, que, segundo eles, j\u00e1 contribuiu significativamente para o desenvolvimento do bairro e promete continuar o trabalho. Durante o percurso, Jos\u00e9 Ronaldo [&hellip;]","og_url":"https:\/\/portalmf.com.br\/index.php\/2024\/08\/23\/moradores-do-alto-do-papagaio-apoiam-jose-ronaldo-em-caminhada-pelas-ruas-do-bairro\/","og_site_name":"Portal MF","article_author":"https:\/\/www.facebook.com\/portalmfoficial","article_published_time":"2024-08-23T20:11:08+00:00","article_modified_time":"2024-08-26T20:15:16+00:00","og_image":[{"width":1299,"height":866,"url":"https:\/\/portalmf.com.br\/wp-content\/uploads\/2024\/08\/Moradores-do-Alto-do-Papagaio-apoiam-Jose-Ronaldo-em-caminhada-pelas-ruas-do-bairro.jpg","type":"image\/jpeg"}],"author":"Reda\u00e7\u00e3o Portal MF","twitter_card":"summary_large_image","twitter_creator":"@https:\/\/x.com\/portalmfoficial","twitter_misc":{"Escrito por":"Reda\u00e7\u00e3o Portal MF","Est. tempo de leitura":"2 minutos"},"schema":{"@context":"https:\/\/schema.org","@graph":[{"@type":"WebPage","@id":"https:\/\/portalmf.com.br\/index.php\/2024\/08\/23\/moradores-do-alto-do-papagaio-apoiam-jose-ronaldo-em-caminhada-pelas-ruas-do-bairro\/","url":"https:\/\/portalmf.com.br\/index.php\/2024\/08\/23\/moradores-do-alto-do-papagaio-apoiam-jose-ronaldo-em-caminhada-pelas-ruas-do-bairro\/","name":"Moradores do Alto do Papagaio apoiam Jos\u00e9 Ronaldo em caminhada pelas ruas do bairro - Portal MF","isPartOf":{"@id":"https:\/\/portalmf.com.br\/#website"},"primaryImageOfPage":{"@id":"https:\/\/portalmf.com.br\/index.php\/2024\/08\/23\/moradores-do-alto-do-papagaio-apoiam-jose-ronaldo-em-caminhada-pelas-ruas-do-bairro\/#primaryimage"},"image":{"@id":"https:\/\/portalmf.com.br\/index.php\/2024\/08\/23\/moradores-do-alto-do-papagaio-apoiam-jose-ronaldo-em-caminhada-pelas-ruas-do-bairro\/#primaryimage"},"thumbnailUrl":"https:\/\/portalmf.com.br\/wp-content\/uploads\/2024\/08\/Moradores-do-Alto-do-Papagaio-apoiam-Jose-Ronaldo-em-caminhada-pelas-ruas-do-bairro.jpg","datePublished":"2024-08-23T20:11:08+00:00","dateModified":"2024-08-26T20:15:16+00:00","author":{"@id":"https:\/\/portalmf.com.br\/#\/schema\/person\/9ec101baf56233e53520c26de5d6f6f0"},"breadcrumb":{"@id":"https:\/\/portalmf.com.br\/index.php\/2024\/08\/23\/moradores-do-alto-do-papagaio-apoiam-jose-ronaldo-em-caminhada-pelas-ruas-do-bairro\/#breadcrumb"},"inLanguage":"pt-BR","potentialAction":[{"@type":"ReadAction","target":["https:\/\/portalmf.com.br\/index.php\/2024\/08\/23\/moradores-do-alto-do-papagaio-apoiam-jose-ronaldo-em-caminhada-pelas-ruas-do-bairro\/"]}]},{"@type":"ImageObject","inLanguage":"pt-BR","@id":"https:\/\/portalmf.com.br\/index.php\/2024\/08\/23\/moradores-do-alto-do-papagaio-apoiam-jose-ronaldo-em-caminhada-pelas-ruas-do-bairro\/#primaryimage","url":"https:\/\/portalmf.com.br\/wp-content\/uploads\/2024\/08\/Moradores-do-Alto-do-Papagaio-apoiam-Jose-Ronaldo-em-caminhada-pelas-ruas-do-bairro.jpg","contentUrl":"https:\/\/portalmf.com.br\/wp-content\/uploads\/2024\/08\/Moradores-do-Alto-do-Papagaio-apoiam-Jose-Ronaldo-em-caminhada-pelas-ruas-do-bairro.jpg","width":1299,"height":866},{"@type":"BreadcrumbList","@id":"https:\/\/portalmf.com.br\/index.php\/2024\/08\/23\/moradores-do-alto-do-papagaio-apoiam-jose-ronaldo-em-caminhada-pelas-ruas-do-bairro\/#breadcrumb","itemListElement":[{"@type":"ListItem","position":1,"name":"In\u00edcio","item":"https:\/\/portalmf.com.br\/"},{"@type":"ListItem","position":2,"name":"Moradores do Alto do Papagaio apoiam Jos\u00e9 Ronaldo em caminhada pelas ruas do bairro"}]},{"@type":"WebSite","@id":"https:\/\/portalmf.com.br\/#website","url":"https:\/\/portalmf.com.br\/","name":"Portal MF","description":"Voc\u00ea conectado com a informa\u00e7\u00e3o","potentialAction":[{"@type":"SearchAction","target":{"@type":"EntryPoint","urlTemplate":"https:\/\/portalmf.com.br\/?s={search_term_string}"},"query-input":"required name=search_term_string"}],"inLanguage":"pt-BR"},{"@type":"Person","@id":"https:\/\/portalmf.com.br\/#\/schema\/person\/9ec101baf56233e53520c26de5d6f6f0","name":"Reda\u00e7\u00e3o Portal MF","image":{"@type":"ImageObject","inLanguage":"pt-BR","@id":"https:\/\/portalmf.com.br\/#\/schema\/person\/image\/","url":"https:\/\/secure.gravatar.com\/avatar\/41b9aaeb2100835f7c64362330f74c7f?s=96&d=mm&r=g","contentUrl":"https:\/\/secure.gravatar.com\/avatar\/41b9aaeb2100835f7c64362330f74c7f?s=96&d=mm&r=g","caption":"Reda\u00e7\u00e3o Portal MF"},"description":"Sejam bem-vindos o portal de informa\u00e7\u00f5es de entretenimento de Feira de Santana, desde 2006 realiza coberturas dos principais eventos com entrevistas exclusivas com as principais personalidades mundiais. Fique conectado tamb\u00e9m nas redes sociais.","sameAs":["http:\/\/www.portalmf.com.br\/","https:\/\/www.facebook.com\/portalmfoficial","https:\/\/www.instagram.com\/portalmf\/","https:\/\/x.com\/https:\/\/x.com\/portalmfoficial","https:\/\/www.youtube.com\/@portalmfoficial"],"url":"https:\/\/portalmf.com.br\/index.php\/author\/junior\/"}]}},"_links":{"self":[{"href":"https:\/\/portalmf.com.br\/index.php\/wp-json\/wp\/v2\/posts\/29135"}],"collection":[{"href":"https:\/\/portalmf.com.br\/index.php\/wp-json\/wp\/v2\/posts"}],"about":[{"href":"https:\/\/portalmf.com.br\/index.php\/wp-json\/wp\/v2\/types\/post"}],"author":[{"embeddable":true,"href":"https:\/\/portalmf.com.br\/index.php\/wp-json\/wp\/v2\/users\/3"}],"replies":[{"embeddable":true,"href":"https:\/\/portalmf.com.br\/index.php\/wp-json\/wp\/v2\/comments?post=29135"}],"version-history":[{"count":1,"href":"https:\/\/portalmf.com.br\/index.php\/wp-json\/wp\/v2\/posts\/29135\/revisions"}],"predecessor-version":[{"id":29137,"href":"https:\/\/portalmf.com.br\/index.php\/wp-json\/wp\/v2\/posts\/29135\/revisions\/29137"}],"wp:featuredmedia":[{"embeddable":true,"href":"https:\/\/portalmf.com.br\/index.php\/wp-json\/wp\/v2\/media\/29136"}],"wp:attachment":[{"href":"https:\/\/portalmf.com.br\/index.php\/wp-json\/wp\/v2\/media?parent=29135"}],"wp:term":[{"taxonomy":"category","embeddable":true,"href":"https:\/\/portalmf.com.br\/index.php\/wp-json\/wp\/v2\/categories?post=29135"},{"taxonomy":"post_tag","embeddable":true,"href":"https:\/\/portalmf.com.br\/index.php\/wp-json\/wp\/v2\/tags?post=29135"}],"curies":[{"name":"wp","href":"https:\/\/api.w.org\/{rel}","templated":true}]}}