{"id":29128,"date":"2024-08-25T17:05:15","date_gmt":"2024-08-25T20:05:15","guid":{"rendered":"https:\/\/portalmf.com.br\/?p=29128"},"modified":"2024-08-26T17:06:35","modified_gmt":"2024-08-26T20:06:35","slug":"ze-neto-propoe-criacao-de-conselho-de-desenvolvimento-economico-para-revitalizar-centro-comercial-de-feira","status":"publish","type":"post","link":"https:\/\/portalmf.com.br\/index.php\/2024\/08\/25\/ze-neto-propoe-criacao-de-conselho-de-desenvolvimento-economico-para-revitalizar-centro-comercial-de-feira\/","title":{"rendered":"Z\u00e9 Neto prop\u00f5e cria\u00e7\u00e3o de Conselho de Desenvolvimento Econ\u00f4mico para revitalizar centro comercial de Feira"},"content":{"rendered":"\n<p>Um dos principais problemas enfrentados pelos comerciantes, moradores e frequentadores do centro de Feira de Santana, o abandono dessa regi\u00e3o ser\u00e1 resolvido com a cria\u00e7\u00e3o de um Conselho de Desenvolvimento Econ\u00f4mico com a participa\u00e7\u00e3o popular proposto pelo candidato a prefeito da coliga\u00e7\u00e3o Pra Fazer o Futuro Acontecer, Z\u00e9 Neto.<\/p>\n\n\n\n<p>Durante caminhada na Rua de Aurora neste s\u00e1bado (24), Z\u00e9 Neto conversou com trabalhadores(as) do local e defendeu essa reorganiza\u00e7\u00e3o, com a implanta\u00e7\u00e3o de ilumina\u00e7\u00e3o moderna e manuten\u00e7\u00e3o de espa\u00e7os p\u00fablicos.<\/p>\n\n\n\n<p>\u201cUma das coisas que eu noto e me entristece quando venho ao centro da cidade, especialmente aqui na Rua de Aurora, que tem uma tradi\u00e7\u00e3o hist\u00f3rica, concentra maior parte de estabelecimentos de servi\u00e7os automotivos e que, em julho do ano passado, foi atingida por um inc\u00eandio de grandes propor\u00e7\u00f5es devido a um curto-circuito, \u00e9 a falta de cestas de lixo, que \u00e9 uma coisa m\u00ednima, por\u00e9m necess\u00e1ria para o nosso dia a dia. Sem falar da falta de banheiros p\u00fablicos, das ruas inacabadas com emaranhado de fios expostos e escuras, que contribuem diretamente para a inseguran\u00e7a nesses locais. E o Conselho de Desenvolvimento Econ\u00f4mico que estamos propondo ter\u00e1 a miss\u00e3o de se debru\u00e7ar nessa revitaliza\u00e7\u00e3o, sem deixar que o centro comercial perca seu volume, sua for\u00e7a e sua vitalidade econ\u00f4mica\u201d, explicou.<\/p>\n\n\n\n<p>Dona Marli da Silva, de 78 anos, afirmou que desde que mora na Rua de Aurora h\u00e1 48 anos, \u201caguarda ansiosamente pelo dia que o tr\u00e2nsito no local ser\u00e1 organizado\u201d.<\/p>\n\n\n\n<p>Vendedora de uma loja na Rua de Aurora, Sueli Silva, de 59 anos, que reside no bairro Tomba, tamb\u00e9m demonstrou entusiasmo com a ideia de Z\u00e9 Neto. <\/p>\n\n\n\n<p>\u201cS\u00f3 assim pra resolver esse problema aqui e nas ruas do entorno, porque at\u00e9 hoje ningu\u00e9m fez nada. Os carros param na frente da loja atrapalhando nossos clientes\u201c, criticou<\/p>\n","protected":false},"excerpt":{"rendered":"<p>Um dos principais problemas enfrentados pelos comerciantes, moradores e frequentadores do centro de Feira de Santana, o abandono dessa regi\u00e3o ser\u00e1 resolvido com a cria\u00e7\u00e3o de um Conselho de Desenvolvimento Econ\u00f4mico com a participa\u00e7\u00e3o popular proposto pelo candidato a prefeito da coliga\u00e7\u00e3o Pra Fazer o Futuro Acontecer, Z\u00e9 Neto. Durante caminhada na Rua de Aurora [&hellip;]<\/p>\n","protected":false},"author":3,"featured_media":29129,"comment_status":"open","ping_status":"open","sticky":false,"template":"","format":"standard","meta":{"_monsterinsights_skip_tracking":false,"_monsterinsights_sitenote_active":false,"_monsterinsights_sitenote_note":"","_monsterinsights_sitenote_category":0,"footnotes":""},"categories":[301,34],"tags":[],"yoast_head":"<!-- This site is optimized with the Yoast SEO plugin v22.9 - https:\/\/yoast.com\/wordpress\/plugins\/seo\/ -->\n<title>Z\u00e9 Neto prop\u00f5e cria\u00e7\u00e3o de Conselho de Desenvolvimento Econ\u00f4mico para revitalizar centro comercial de Feira - Portal MF<\/title>\n<meta name=\"robots\" content=\"index, follow, max-snippet:-1, max-image-preview:large, max-video-preview:-1\" \/>\n<link rel=\"canonical\" href=\"https:\/\/portalmf.com.br\/index.php\/2024\/08\/25\/ze-neto-propoe-criacao-de-conselho-de-desenvolvimento-economico-para-revitalizar-centro-comercial-de-feira\/\" \/>\n<meta property=\"og:locale\" content=\"pt_BR\" \/>\n<meta property=\"og:type\" content=\"article\" \/>\n<meta property=\"og:title\" content=\"Z\u00e9 Neto prop\u00f5e cria\u00e7\u00e3o de Conselho de Desenvolvimento Econ\u00f4mico para revitalizar centro comercial de Feira - Portal MF\" \/>\n<meta property=\"og:description\" content=\"Um dos principais problemas enfrentados pelos comerciantes, moradores e frequentadores do centro de Feira de Santana, o abandono dessa regi\u00e3o ser\u00e1 resolvido com a cria\u00e7\u00e3o de um Conselho de Desenvolvimento Econ\u00f4mico com a participa\u00e7\u00e3o popular proposto pelo candidato a prefeito da coliga\u00e7\u00e3o Pra Fazer o Futuro Acontecer, Z\u00e9 Neto. Durante caminhada na Rua de Aurora [&hellip;]\" \/>\n<meta property=\"og:url\" content=\"https:\/\/portalmf.com.br\/index.php\/2024\/08\/25\/ze-neto-propoe-criacao-de-conselho-de-desenvolvimento-economico-para-revitalizar-centro-comercial-de-feira\/\" \/>\n<meta property=\"og:site_name\" content=\"Portal MF\" \/>\n<meta property=\"article:author\" content=\"https:\/\/www.facebook.com\/portalmfoficial\" \/>\n<meta property=\"article:published_time\" content=\"2024-08-25T20:05:15+00:00\" \/>\n<meta property=\"article:modified_time\" content=\"2024-08-26T20:06:35+00:00\" \/>\n<meta property=\"og:image\" content=\"https:\/\/portalmf.com.br\/wp-content\/uploads\/2024\/08\/Ze-Neto-propoe-criacao-de-Conselho-de-Desenvolvimento-Economico-para-revitalizar-centro-comercial-de-Feira.jpg\" \/>\n\t<meta property=\"og:image:width\" content=\"1280\" \/>\n\t<meta property=\"og:image:height\" content=\"853\" \/>\n\t<meta property=\"og:image:type\" content=\"image\/jpeg\" \/>\n<meta name=\"author\" content=\"Reda\u00e7\u00e3o Portal MF\" \/>\n<meta name=\"twitter:card\" content=\"summary_large_image\" \/>\n<meta name=\"twitter:creator\" content=\"@https:\/\/x.com\/portalmfoficial\" \/>\n<meta name=\"twitter:label1\" content=\"Escrito por\" \/>\n\t<meta name=\"twitter:data1\" content=\"Reda\u00e7\u00e3o Portal MF\" \/>\n\t<meta name=\"twitter:label2\" content=\"Est. tempo de leitura\" \/>\n\t<meta name=\"twitter:data2\" content=\"2 minutos\" \/>\n<script type=\"application\/ld+json\" class=\"yoast-schema-graph\">{\"@context\":\"https:\/\/schema.org\",\"@graph\":[{\"@type\":\"WebPage\",\"@id\":\"https:\/\/portalmf.com.br\/index.php\/2024\/08\/25\/ze-neto-propoe-criacao-de-conselho-de-desenvolvimento-economico-para-revitalizar-centro-comercial-de-feira\/\",\"url\":\"https:\/\/portalmf.com.br\/index.php\/2024\/08\/25\/ze-neto-propoe-criacao-de-conselho-de-desenvolvimento-economico-para-revitalizar-centro-comercial-de-feira\/\",\"name\":\"Z\u00e9 Neto prop\u00f5e cria\u00e7\u00e3o de Conselho de Desenvolvimento Econ\u00f4mico para revitalizar centro comercial de Feira - Portal MF\",\"isPartOf\":{\"@id\":\"https:\/\/portalmf.com.br\/#website\"},\"primaryImageOfPage\":{\"@id\":\"https:\/\/portalmf.com.br\/index.php\/2024\/08\/25\/ze-neto-propoe-criacao-de-conselho-de-desenvolvimento-economico-para-revitalizar-centro-comercial-de-feira\/#primaryimage\"},\"image\":{\"@id\":\"https:\/\/portalmf.com.br\/index.php\/2024\/08\/25\/ze-neto-propoe-criacao-de-conselho-de-desenvolvimento-economico-para-revitalizar-centro-comercial-de-feira\/#primaryimage\"},\"thumbnailUrl\":\"https:\/\/portalmf.com.br\/wp-content\/uploads\/2024\/08\/Ze-Neto-propoe-criacao-de-Conselho-de-Desenvolvimento-Economico-para-revitalizar-centro-comercial-de-Feira.jpg\",\"datePublished\":\"2024-08-25T20:05:15+00:00\",\"dateModified\":\"2024-08-26T20:06:35+00:00\",\"author\":{\"@id\":\"https:\/\/portalmf.com.br\/#\/schema\/person\/9ec101baf56233e53520c26de5d6f6f0\"},\"breadcrumb\":{\"@id\":\"https:\/\/portalmf.com.br\/index.php\/2024\/08\/25\/ze-neto-propoe-criacao-de-conselho-de-desenvolvimento-economico-para-revitalizar-centro-comercial-de-feira\/#breadcrumb\"},\"inLanguage\":\"pt-BR\",\"potentialAction\":[{\"@type\":\"ReadAction\",\"target\":[\"https:\/\/portalmf.com.br\/index.php\/2024\/08\/25\/ze-neto-propoe-criacao-de-conselho-de-desenvolvimento-economico-para-revitalizar-centro-comercial-de-feira\/\"]}]},{\"@type\":\"ImageObject\",\"inLanguage\":\"pt-BR\",\"@id\":\"https:\/\/portalmf.com.br\/index.php\/2024\/08\/25\/ze-neto-propoe-criacao-de-conselho-de-desenvolvimento-economico-para-revitalizar-centro-comercial-de-feira\/#primaryimage\",\"url\":\"https:\/\/portalmf.com.br\/wp-content\/uploads\/2024\/08\/Ze-Neto-propoe-criacao-de-Conselho-de-Desenvolvimento-Economico-para-revitalizar-centro-comercial-de-Feira.jpg\",\"contentUrl\":\"https:\/\/portalmf.com.br\/wp-content\/uploads\/2024\/08\/Ze-Neto-propoe-criacao-de-Conselho-de-Desenvolvimento-Economico-para-revitalizar-centro-comercial-de-Feira.jpg\",\"width\":1280,\"height\":853},{\"@type\":\"BreadcrumbList\",\"@id\":\"https:\/\/portalmf.com.br\/index.php\/2024\/08\/25\/ze-neto-propoe-criacao-de-conselho-de-desenvolvimento-economico-para-revitalizar-centro-comercial-de-feira\/#breadcrumb\",\"itemListElement\":[{\"@type\":\"ListItem\",\"position\":1,\"name\":\"In\u00edcio\",\"item\":\"https:\/\/portalmf.com.br\/\"},{\"@type\":\"ListItem\",\"position\":2,\"name\":\"Z\u00e9 Neto prop\u00f5e cria\u00e7\u00e3o de Conselho de Desenvolvimento Econ\u00f4mico para revitalizar centro comercial de Feira\"}]},{\"@type\":\"WebSite\",\"@id\":\"https:\/\/portalmf.com.br\/#website\",\"url\":\"https:\/\/portalmf.com.br\/\",\"name\":\"Portal MF\",\"description\":\"Voc\u00ea conectado com a informa\u00e7\u00e3o\",\"potentialAction\":[{\"@type\":\"SearchAction\",\"target\":{\"@type\":\"EntryPoint\",\"urlTemplate\":\"https:\/\/portalmf.com.br\/?s={search_term_string}\"},\"query-input\":\"required name=search_term_string\"}],\"inLanguage\":\"pt-BR\"},{\"@type\":\"Person\",\"@id\":\"https:\/\/portalmf.com.br\/#\/schema\/person\/9ec101baf56233e53520c26de5d6f6f0\",\"name\":\"Reda\u00e7\u00e3o Portal MF\",\"image\":{\"@type\":\"ImageObject\",\"inLanguage\":\"pt-BR\",\"@id\":\"https:\/\/portalmf.com.br\/#\/schema\/person\/image\/\",\"url\":\"https:\/\/secure.gravatar.com\/avatar\/41b9aaeb2100835f7c64362330f74c7f?s=96&d=mm&r=g\",\"contentUrl\":\"https:\/\/secure.gravatar.com\/avatar\/41b9aaeb2100835f7c64362330f74c7f?s=96&d=mm&r=g\",\"caption\":\"Reda\u00e7\u00e3o Portal MF\"},\"description\":\"Sejam bem-vindos o portal de informa\u00e7\u00f5es de entretenimento de Feira de Santana, desde 2006 realiza coberturas dos principais eventos com entrevistas exclusivas com as principais personalidades mundiais. Fique conectado tamb\u00e9m nas redes sociais.\",\"sameAs\":[\"http:\/\/www.portalmf.com.br\/\",\"https:\/\/www.facebook.com\/portalmfoficial\",\"https:\/\/www.instagram.com\/portalmf\/\",\"https:\/\/x.com\/https:\/\/x.com\/portalmfoficial\",\"https:\/\/www.youtube.com\/@portalmfoficial\"],\"url\":\"https:\/\/portalmf.com.br\/index.php\/author\/junior\/\"}]}<\/script>\n<!-- \/ Yoast SEO plugin. -->","yoast_head_json":{"title":"Z\u00e9 Neto prop\u00f5e cria\u00e7\u00e3o de Conselho de Desenvolvimento Econ\u00f4mico para revitalizar centro comercial de Feira - Portal MF","robots":{"index":"index","follow":"follow","max-snippet":"max-snippet:-1","max-image-preview":"max-image-preview:large","max-video-preview":"max-video-preview:-1"},"canonical":"https:\/\/portalmf.com.br\/index.php\/2024\/08\/25\/ze-neto-propoe-criacao-de-conselho-de-desenvolvimento-economico-para-revitalizar-centro-comercial-de-feira\/","og_locale":"pt_BR","og_type":"article","og_title":"Z\u00e9 Neto prop\u00f5e cria\u00e7\u00e3o de Conselho de Desenvolvimento Econ\u00f4mico para revitalizar centro comercial de Feira - Portal MF","og_description":"Um dos principais problemas enfrentados pelos comerciantes, moradores e frequentadores do centro de Feira de Santana, o abandono dessa regi\u00e3o ser\u00e1 resolvido com a cria\u00e7\u00e3o de um Conselho de Desenvolvimento Econ\u00f4mico com a participa\u00e7\u00e3o popular proposto pelo candidato a prefeito da coliga\u00e7\u00e3o Pra Fazer o Futuro Acontecer, Z\u00e9 Neto. Durante caminhada na Rua de Aurora [&hellip;]","og_url":"https:\/\/portalmf.com.br\/index.php\/2024\/08\/25\/ze-neto-propoe-criacao-de-conselho-de-desenvolvimento-economico-para-revitalizar-centro-comercial-de-feira\/","og_site_name":"Portal MF","article_author":"https:\/\/www.facebook.com\/portalmfoficial","article_published_time":"2024-08-25T20:05:15+00:00","article_modified_time":"2024-08-26T20:06:35+00:00","og_image":[{"width":1280,"height":853,"url":"https:\/\/portalmf.com.br\/wp-content\/uploads\/2024\/08\/Ze-Neto-propoe-criacao-de-Conselho-de-Desenvolvimento-Economico-para-revitalizar-centro-comercial-de-Feira.jpg","type":"image\/jpeg"}],"author":"Reda\u00e7\u00e3o Portal MF","twitter_card":"summary_large_image","twitter_creator":"@https:\/\/x.com\/portalmfoficial","twitter_misc":{"Escrito por":"Reda\u00e7\u00e3o Portal MF","Est. tempo de leitura":"2 minutos"},"schema":{"@context":"https:\/\/schema.org","@graph":[{"@type":"WebPage","@id":"https:\/\/portalmf.com.br\/index.php\/2024\/08\/25\/ze-neto-propoe-criacao-de-conselho-de-desenvolvimento-economico-para-revitalizar-centro-comercial-de-feira\/","url":"https:\/\/portalmf.com.br\/index.php\/2024\/08\/25\/ze-neto-propoe-criacao-de-conselho-de-desenvolvimento-economico-para-revitalizar-centro-comercial-de-feira\/","name":"Z\u00e9 Neto prop\u00f5e cria\u00e7\u00e3o de Conselho de Desenvolvimento Econ\u00f4mico para revitalizar centro comercial de Feira - Portal MF","isPartOf":{"@id":"https:\/\/portalmf.com.br\/#website"},"primaryImageOfPage":{"@id":"https:\/\/portalmf.com.br\/index.php\/2024\/08\/25\/ze-neto-propoe-criacao-de-conselho-de-desenvolvimento-economico-para-revitalizar-centro-comercial-de-feira\/#primaryimage"},"image":{"@id":"https:\/\/portalmf.com.br\/index.php\/2024\/08\/25\/ze-neto-propoe-criacao-de-conselho-de-desenvolvimento-economico-para-revitalizar-centro-comercial-de-feira\/#primaryimage"},"thumbnailUrl":"https:\/\/portalmf.com.br\/wp-content\/uploads\/2024\/08\/Ze-Neto-propoe-criacao-de-Conselho-de-Desenvolvimento-Economico-para-revitalizar-centro-comercial-de-Feira.jpg","datePublished":"2024-08-25T20:05:15+00:00","dateModified":"2024-08-26T20:06:35+00:00","author":{"@id":"https:\/\/portalmf.com.br\/#\/schema\/person\/9ec101baf56233e53520c26de5d6f6f0"},"breadcrumb":{"@id":"https:\/\/portalmf.com.br\/index.php\/2024\/08\/25\/ze-neto-propoe-criacao-de-conselho-de-desenvolvimento-economico-para-revitalizar-centro-comercial-de-feira\/#breadcrumb"},"inLanguage":"pt-BR","potentialAction":[{"@type":"ReadAction","target":["https:\/\/portalmf.com.br\/index.php\/2024\/08\/25\/ze-neto-propoe-criacao-de-conselho-de-desenvolvimento-economico-para-revitalizar-centro-comercial-de-feira\/"]}]},{"@type":"ImageObject","inLanguage":"pt-BR","@id":"https:\/\/portalmf.com.br\/index.php\/2024\/08\/25\/ze-neto-propoe-criacao-de-conselho-de-desenvolvimento-economico-para-revitalizar-centro-comercial-de-feira\/#primaryimage","url":"https:\/\/portalmf.com.br\/wp-content\/uploads\/2024\/08\/Ze-Neto-propoe-criacao-de-Conselho-de-Desenvolvimento-Economico-para-revitalizar-centro-comercial-de-Feira.jpg","contentUrl":"https:\/\/portalmf.com.br\/wp-content\/uploads\/2024\/08\/Ze-Neto-propoe-criacao-de-Conselho-de-Desenvolvimento-Economico-para-revitalizar-centro-comercial-de-Feira.jpg","width":1280,"height":853},{"@type":"BreadcrumbList","@id":"https:\/\/portalmf.com.br\/index.php\/2024\/08\/25\/ze-neto-propoe-criacao-de-conselho-de-desenvolvimento-economico-para-revitalizar-centro-comercial-de-feira\/#breadcrumb","itemListElement":[{"@type":"ListItem","position":1,"name":"In\u00edcio","item":"https:\/\/portalmf.com.br\/"},{"@type":"ListItem","position":2,"name":"Z\u00e9 Neto prop\u00f5e cria\u00e7\u00e3o de Conselho de Desenvolvimento Econ\u00f4mico para revitalizar centro comercial de Feira"}]},{"@type":"WebSite","@id":"https:\/\/portalmf.com.br\/#website","url":"https:\/\/portalmf.com.br\/","name":"Portal MF","description":"Voc\u00ea conectado com a informa\u00e7\u00e3o","potentialAction":[{"@type":"SearchAction","target":{"@type":"EntryPoint","urlTemplate":"https:\/\/portalmf.com.br\/?s={search_term_string}"},"query-input":"required name=search_term_string"}],"inLanguage":"pt-BR"},{"@type":"Person","@id":"https:\/\/portalmf.com.br\/#\/schema\/person\/9ec101baf56233e53520c26de5d6f6f0","name":"Reda\u00e7\u00e3o Portal MF","image":{"@type":"ImageObject","inLanguage":"pt-BR","@id":"https:\/\/portalmf.com.br\/#\/schema\/person\/image\/","url":"https:\/\/secure.gravatar.com\/avatar\/41b9aaeb2100835f7c64362330f74c7f?s=96&d=mm&r=g","contentUrl":"https:\/\/secure.gravatar.com\/avatar\/41b9aaeb2100835f7c64362330f74c7f?s=96&d=mm&r=g","caption":"Reda\u00e7\u00e3o Portal MF"},"description":"Sejam bem-vindos o portal de informa\u00e7\u00f5es de entretenimento de Feira de Santana, desde 2006 realiza coberturas dos principais eventos com entrevistas exclusivas com as principais personalidades mundiais. Fique conectado tamb\u00e9m nas redes sociais.","sameAs":["http:\/\/www.portalmf.com.br\/","https:\/\/www.facebook.com\/portalmfoficial","https:\/\/www.instagram.com\/portalmf\/","https:\/\/x.com\/https:\/\/x.com\/portalmfoficial","https:\/\/www.youtube.com\/@portalmfoficial"],"url":"https:\/\/portalmf.com.br\/index.php\/author\/junior\/"}]}},"_links":{"self":[{"href":"https:\/\/portalmf.com.br\/index.php\/wp-json\/wp\/v2\/posts\/29128"}],"collection":[{"href":"https:\/\/portalmf.com.br\/index.php\/wp-json\/wp\/v2\/posts"}],"about":[{"href":"https:\/\/portalmf.com.br\/index.php\/wp-json\/wp\/v2\/types\/post"}],"author":[{"embeddable":true,"href":"https:\/\/portalmf.com.br\/index.php\/wp-json\/wp\/v2\/users\/3"}],"replies":[{"embeddable":true,"href":"https:\/\/portalmf.com.br\/index.php\/wp-json\/wp\/v2\/comments?post=29128"}],"version-history":[{"count":1,"href":"https:\/\/portalmf.com.br\/index.php\/wp-json\/wp\/v2\/posts\/29128\/revisions"}],"predecessor-version":[{"id":29130,"href":"https:\/\/portalmf.com.br\/index.php\/wp-json\/wp\/v2\/posts\/29128\/revisions\/29130"}],"wp:featuredmedia":[{"embeddable":true,"href":"https:\/\/portalmf.com.br\/index.php\/wp-json\/wp\/v2\/media\/29129"}],"wp:attachment":[{"href":"https:\/\/portalmf.com.br\/index.php\/wp-json\/wp\/v2\/media?parent=29128"}],"wp:term":[{"taxonomy":"category","embeddable":true,"href":"https:\/\/portalmf.com.br\/index.php\/wp-json\/wp\/v2\/categories?post=29128"},{"taxonomy":"post_tag","embeddable":true,"href":"https:\/\/portalmf.com.br\/index.php\/wp-json\/wp\/v2\/tags?post=29128"}],"curies":[{"name":"wp","href":"https:\/\/api.w.org\/{rel}","templated":true}]}}