{"id":29125,"date":"2024-08-24T17:02:16","date_gmt":"2024-08-24T20:02:16","guid":{"rendered":"https:\/\/portalmf.com.br\/?p=29125"},"modified":"2024-08-26T17:04:31","modified_gmt":"2024-08-26T20:04:31","slug":"ze-neto-quer-transformar-todas-as-escolas-municipais-em-tempo-integral-e-construir-creche-no-centro-de-abastecimento","status":"publish","type":"post","link":"https:\/\/portalmf.com.br\/index.php\/2024\/08\/24\/ze-neto-quer-transformar-todas-as-escolas-municipais-em-tempo-integral-e-construir-creche-no-centro-de-abastecimento\/","title":{"rendered":"Z\u00e9 Neto quer transformar todas as escolas municipais em tempo integral e construir creche no Centro de Abastecimento"},"content":{"rendered":"\n<p>Transformar todas as escolas da rede municipal de ensino em tempo integral em Feira de Santana, em at\u00e9 quatro anos, foi um dos compromissos assumidos pelo candidato da coliga\u00e7\u00e3o Pra Fazer o Futuro Acontecer, Z\u00e9 Neto, durante entrevista ao programa Cidade Em Pauta, da r\u00e1dio Nordeste FM, nesta sexta-feira (23).<\/p>\n\n\n\n<p><em>\u201cAssim como as escolas estaduais, que disp\u00f5e de laborat\u00f3rios, biblioteca, teatro, restaurante estudantil, quadra poliesportiva coberta, campo de futebol society e piscina semiol\u00edmpica, dentre outros espa\u00e7os, a nossa meta \u00e9 fazer com que todas as escolas municipais de Feira sejam tamb\u00e9m de tempo integral. Vamos ampliar esse modal, em at\u00e9 quatro anos, que \u00e9 fundamental para uma educa\u00e7\u00e3o adequada e acess\u00edvel a todos\u201d,<\/em> afirmou.<\/p>\n\n\n\n<p>O que n\u00e3o pode, segundo Z\u00e9 Neto, <em>\u201c\u00e9 o Governo do Estado investir mais de R$ 300 milh\u00f5es na moderniza\u00e7\u00e3o dessas escolas, 16 delas somente em Feira, como o novo Instituto de Educa\u00e7\u00e3o de Tempo Integral Gast\u00e3o Guimar\u00e3es, que teve quase R$ 10 milh\u00f5es de investimentos, e o Col\u00e9gio Estadual de Tempo Integral Professora Carminha, que recebeu R$ 3,5 milh\u00f5es em obras, ambos inaugurados em julho deste ano; e as escolas municipais terem aula dia sim, dia n\u00e3o, como acontece na atual administra\u00e7\u00e3o municipal\u201d<\/em>.<\/p>\n\n\n\n<p>Ainda na \u00e1rea da educa\u00e7\u00e3o, Z\u00e9 Neto pretende construir novas creches, uma delas, no Centro de Abastecimento, al\u00e9m de ampliar o di\u00e1logo com professores. <\/p>\n\n\n\n<p><em>\u201cVamos construir uma moderna creche no Centro de Abastecimento para atender as fam\u00edlias daquele entreposto comercial e cultural, bem como do Shopping Popular, fazendo com que esse importante investimento seja permanente. Criar uma educa\u00e7\u00e3o de qualidade para as nossas crian\u00e7as e adolescentes passa tamb\u00e9m por estreitar o di\u00e1logo com os professores, que est\u00e3o na linha de frente\u201d,<\/em> defendeu o candidato.<\/p>\n","protected":false},"excerpt":{"rendered":"<p>Transformar todas as escolas da rede municipal de ensino em tempo integral em Feira de Santana, em at\u00e9 quatro anos, foi um dos compromissos assumidos pelo candidato da coliga\u00e7\u00e3o Pra Fazer o Futuro Acontecer, Z\u00e9 Neto, durante entrevista ao programa Cidade Em Pauta, da r\u00e1dio Nordeste FM, nesta sexta-feira (23). \u201cAssim como as escolas estaduais, [&hellip;]<\/p>\n","protected":false},"author":3,"featured_media":29126,"comment_status":"open","ping_status":"open","sticky":false,"template":"","format":"standard","meta":{"_monsterinsights_skip_tracking":false,"_monsterinsights_sitenote_active":false,"_monsterinsights_sitenote_note":"","_monsterinsights_sitenote_category":0,"footnotes":""},"categories":[301,34],"tags":[],"yoast_head":"<!-- This site is optimized with the Yoast SEO plugin v22.9 - https:\/\/yoast.com\/wordpress\/plugins\/seo\/ -->\n<title>Z\u00e9 Neto quer transformar todas as escolas municipais em tempo integral e construir creche no Centro de Abastecimento - Portal MF<\/title>\n<meta name=\"robots\" content=\"index, follow, max-snippet:-1, max-image-preview:large, max-video-preview:-1\" \/>\n<link rel=\"canonical\" href=\"https:\/\/portalmf.com.br\/index.php\/2024\/08\/24\/ze-neto-quer-transformar-todas-as-escolas-municipais-em-tempo-integral-e-construir-creche-no-centro-de-abastecimento\/\" \/>\n<meta property=\"og:locale\" content=\"pt_BR\" \/>\n<meta property=\"og:type\" content=\"article\" \/>\n<meta property=\"og:title\" content=\"Z\u00e9 Neto quer transformar todas as escolas municipais em tempo integral e construir creche no Centro de Abastecimento - Portal MF\" \/>\n<meta property=\"og:description\" content=\"Transformar todas as escolas da rede municipal de ensino em tempo integral em Feira de Santana, em at\u00e9 quatro anos, foi um dos compromissos assumidos pelo candidato da coliga\u00e7\u00e3o Pra Fazer o Futuro Acontecer, Z\u00e9 Neto, durante entrevista ao programa Cidade Em Pauta, da r\u00e1dio Nordeste FM, nesta sexta-feira (23). \u201cAssim como as escolas estaduais, [&hellip;]\" \/>\n<meta property=\"og:url\" content=\"https:\/\/portalmf.com.br\/index.php\/2024\/08\/24\/ze-neto-quer-transformar-todas-as-escolas-municipais-em-tempo-integral-e-construir-creche-no-centro-de-abastecimento\/\" \/>\n<meta property=\"og:site_name\" content=\"Portal MF\" \/>\n<meta property=\"article:author\" content=\"https:\/\/www.facebook.com\/portalmfoficial\" \/>\n<meta property=\"article:published_time\" content=\"2024-08-24T20:02:16+00:00\" \/>\n<meta property=\"article:modified_time\" content=\"2024-08-26T20:04:31+00:00\" \/>\n<meta property=\"og:image\" content=\"https:\/\/portalmf.com.br\/wp-content\/uploads\/2024\/08\/Ze-Neto-quer-transformar-todas-as-escolas-municipais-em-tempo-integral-e-construir-creche-no-Centro-de-Abastecimento.jpeg\" \/>\n\t<meta property=\"og:image:width\" content=\"800\" \/>\n\t<meta property=\"og:image:height\" content=\"735\" \/>\n\t<meta property=\"og:image:type\" content=\"image\/jpeg\" \/>\n<meta name=\"author\" content=\"Reda\u00e7\u00e3o Portal MF\" \/>\n<meta name=\"twitter:card\" content=\"summary_large_image\" \/>\n<meta name=\"twitter:creator\" content=\"@https:\/\/x.com\/portalmfoficial\" \/>\n<meta name=\"twitter:label1\" content=\"Escrito por\" \/>\n\t<meta name=\"twitter:data1\" content=\"Reda\u00e7\u00e3o Portal MF\" \/>\n\t<meta name=\"twitter:label2\" content=\"Est. tempo de leitura\" \/>\n\t<meta name=\"twitter:data2\" content=\"2 minutos\" \/>\n<script type=\"application\/ld+json\" class=\"yoast-schema-graph\">{\"@context\":\"https:\/\/schema.org\",\"@graph\":[{\"@type\":\"WebPage\",\"@id\":\"https:\/\/portalmf.com.br\/index.php\/2024\/08\/24\/ze-neto-quer-transformar-todas-as-escolas-municipais-em-tempo-integral-e-construir-creche-no-centro-de-abastecimento\/\",\"url\":\"https:\/\/portalmf.com.br\/index.php\/2024\/08\/24\/ze-neto-quer-transformar-todas-as-escolas-municipais-em-tempo-integral-e-construir-creche-no-centro-de-abastecimento\/\",\"name\":\"Z\u00e9 Neto quer transformar todas as escolas municipais em tempo integral e construir creche no Centro de Abastecimento - Portal MF\",\"isPartOf\":{\"@id\":\"https:\/\/portalmf.com.br\/#website\"},\"primaryImageOfPage\":{\"@id\":\"https:\/\/portalmf.com.br\/index.php\/2024\/08\/24\/ze-neto-quer-transformar-todas-as-escolas-municipais-em-tempo-integral-e-construir-creche-no-centro-de-abastecimento\/#primaryimage\"},\"image\":{\"@id\":\"https:\/\/portalmf.com.br\/index.php\/2024\/08\/24\/ze-neto-quer-transformar-todas-as-escolas-municipais-em-tempo-integral-e-construir-creche-no-centro-de-abastecimento\/#primaryimage\"},\"thumbnailUrl\":\"https:\/\/portalmf.com.br\/wp-content\/uploads\/2024\/08\/Ze-Neto-quer-transformar-todas-as-escolas-municipais-em-tempo-integral-e-construir-creche-no-Centro-de-Abastecimento.jpeg\",\"datePublished\":\"2024-08-24T20:02:16+00:00\",\"dateModified\":\"2024-08-26T20:04:31+00:00\",\"author\":{\"@id\":\"https:\/\/portalmf.com.br\/#\/schema\/person\/9ec101baf56233e53520c26de5d6f6f0\"},\"breadcrumb\":{\"@id\":\"https:\/\/portalmf.com.br\/index.php\/2024\/08\/24\/ze-neto-quer-transformar-todas-as-escolas-municipais-em-tempo-integral-e-construir-creche-no-centro-de-abastecimento\/#breadcrumb\"},\"inLanguage\":\"pt-BR\",\"potentialAction\":[{\"@type\":\"ReadAction\",\"target\":[\"https:\/\/portalmf.com.br\/index.php\/2024\/08\/24\/ze-neto-quer-transformar-todas-as-escolas-municipais-em-tempo-integral-e-construir-creche-no-centro-de-abastecimento\/\"]}]},{\"@type\":\"ImageObject\",\"inLanguage\":\"pt-BR\",\"@id\":\"https:\/\/portalmf.com.br\/index.php\/2024\/08\/24\/ze-neto-quer-transformar-todas-as-escolas-municipais-em-tempo-integral-e-construir-creche-no-centro-de-abastecimento\/#primaryimage\",\"url\":\"https:\/\/portalmf.com.br\/wp-content\/uploads\/2024\/08\/Ze-Neto-quer-transformar-todas-as-escolas-municipais-em-tempo-integral-e-construir-creche-no-Centro-de-Abastecimento.jpeg\",\"contentUrl\":\"https:\/\/portalmf.com.br\/wp-content\/uploads\/2024\/08\/Ze-Neto-quer-transformar-todas-as-escolas-municipais-em-tempo-integral-e-construir-creche-no-Centro-de-Abastecimento.jpeg\",\"width\":800,\"height\":735},{\"@type\":\"BreadcrumbList\",\"@id\":\"https:\/\/portalmf.com.br\/index.php\/2024\/08\/24\/ze-neto-quer-transformar-todas-as-escolas-municipais-em-tempo-integral-e-construir-creche-no-centro-de-abastecimento\/#breadcrumb\",\"itemListElement\":[{\"@type\":\"ListItem\",\"position\":1,\"name\":\"In\u00edcio\",\"item\":\"https:\/\/portalmf.com.br\/\"},{\"@type\":\"ListItem\",\"position\":2,\"name\":\"Z\u00e9 Neto quer transformar todas as escolas municipais em tempo integral e construir creche no Centro de Abastecimento\"}]},{\"@type\":\"WebSite\",\"@id\":\"https:\/\/portalmf.com.br\/#website\",\"url\":\"https:\/\/portalmf.com.br\/\",\"name\":\"Portal MF\",\"description\":\"Voc\u00ea conectado com a informa\u00e7\u00e3o\",\"potentialAction\":[{\"@type\":\"SearchAction\",\"target\":{\"@type\":\"EntryPoint\",\"urlTemplate\":\"https:\/\/portalmf.com.br\/?s={search_term_string}\"},\"query-input\":\"required name=search_term_string\"}],\"inLanguage\":\"pt-BR\"},{\"@type\":\"Person\",\"@id\":\"https:\/\/portalmf.com.br\/#\/schema\/person\/9ec101baf56233e53520c26de5d6f6f0\",\"name\":\"Reda\u00e7\u00e3o Portal MF\",\"image\":{\"@type\":\"ImageObject\",\"inLanguage\":\"pt-BR\",\"@id\":\"https:\/\/portalmf.com.br\/#\/schema\/person\/image\/\",\"url\":\"https:\/\/secure.gravatar.com\/avatar\/41b9aaeb2100835f7c64362330f74c7f?s=96&d=mm&r=g\",\"contentUrl\":\"https:\/\/secure.gravatar.com\/avatar\/41b9aaeb2100835f7c64362330f74c7f?s=96&d=mm&r=g\",\"caption\":\"Reda\u00e7\u00e3o Portal MF\"},\"description\":\"Sejam bem-vindos o portal de informa\u00e7\u00f5es de entretenimento de Feira de Santana, desde 2006 realiza coberturas dos principais eventos com entrevistas exclusivas com as principais personalidades mundiais. Fique conectado tamb\u00e9m nas redes sociais.\",\"sameAs\":[\"http:\/\/www.portalmf.com.br\/\",\"https:\/\/www.facebook.com\/portalmfoficial\",\"https:\/\/www.instagram.com\/portalmf\/\",\"https:\/\/x.com\/https:\/\/x.com\/portalmfoficial\",\"https:\/\/www.youtube.com\/@portalmfoficial\"],\"url\":\"https:\/\/portalmf.com.br\/index.php\/author\/junior\/\"}]}<\/script>\n<!-- \/ Yoast SEO plugin. -->","yoast_head_json":{"title":"Z\u00e9 Neto quer transformar todas as escolas municipais em tempo integral e construir creche no Centro de Abastecimento - Portal MF","robots":{"index":"index","follow":"follow","max-snippet":"max-snippet:-1","max-image-preview":"max-image-preview:large","max-video-preview":"max-video-preview:-1"},"canonical":"https:\/\/portalmf.com.br\/index.php\/2024\/08\/24\/ze-neto-quer-transformar-todas-as-escolas-municipais-em-tempo-integral-e-construir-creche-no-centro-de-abastecimento\/","og_locale":"pt_BR","og_type":"article","og_title":"Z\u00e9 Neto quer transformar todas as escolas municipais em tempo integral e construir creche no Centro de Abastecimento - Portal MF","og_description":"Transformar todas as escolas da rede municipal de ensino em tempo integral em Feira de Santana, em at\u00e9 quatro anos, foi um dos compromissos assumidos pelo candidato da coliga\u00e7\u00e3o Pra Fazer o Futuro Acontecer, Z\u00e9 Neto, durante entrevista ao programa Cidade Em Pauta, da r\u00e1dio Nordeste FM, nesta sexta-feira (23). \u201cAssim como as escolas estaduais, [&hellip;]","og_url":"https:\/\/portalmf.com.br\/index.php\/2024\/08\/24\/ze-neto-quer-transformar-todas-as-escolas-municipais-em-tempo-integral-e-construir-creche-no-centro-de-abastecimento\/","og_site_name":"Portal MF","article_author":"https:\/\/www.facebook.com\/portalmfoficial","article_published_time":"2024-08-24T20:02:16+00:00","article_modified_time":"2024-08-26T20:04:31+00:00","og_image":[{"width":800,"height":735,"url":"https:\/\/portalmf.com.br\/wp-content\/uploads\/2024\/08\/Ze-Neto-quer-transformar-todas-as-escolas-municipais-em-tempo-integral-e-construir-creche-no-Centro-de-Abastecimento.jpeg","type":"image\/jpeg"}],"author":"Reda\u00e7\u00e3o Portal MF","twitter_card":"summary_large_image","twitter_creator":"@https:\/\/x.com\/portalmfoficial","twitter_misc":{"Escrito por":"Reda\u00e7\u00e3o Portal MF","Est. tempo de leitura":"2 minutos"},"schema":{"@context":"https:\/\/schema.org","@graph":[{"@type":"WebPage","@id":"https:\/\/portalmf.com.br\/index.php\/2024\/08\/24\/ze-neto-quer-transformar-todas-as-escolas-municipais-em-tempo-integral-e-construir-creche-no-centro-de-abastecimento\/","url":"https:\/\/portalmf.com.br\/index.php\/2024\/08\/24\/ze-neto-quer-transformar-todas-as-escolas-municipais-em-tempo-integral-e-construir-creche-no-centro-de-abastecimento\/","name":"Z\u00e9 Neto quer transformar todas as escolas municipais em tempo integral e construir creche no Centro de Abastecimento - Portal MF","isPartOf":{"@id":"https:\/\/portalmf.com.br\/#website"},"primaryImageOfPage":{"@id":"https:\/\/portalmf.com.br\/index.php\/2024\/08\/24\/ze-neto-quer-transformar-todas-as-escolas-municipais-em-tempo-integral-e-construir-creche-no-centro-de-abastecimento\/#primaryimage"},"image":{"@id":"https:\/\/portalmf.com.br\/index.php\/2024\/08\/24\/ze-neto-quer-transformar-todas-as-escolas-municipais-em-tempo-integral-e-construir-creche-no-centro-de-abastecimento\/#primaryimage"},"thumbnailUrl":"https:\/\/portalmf.com.br\/wp-content\/uploads\/2024\/08\/Ze-Neto-quer-transformar-todas-as-escolas-municipais-em-tempo-integral-e-construir-creche-no-Centro-de-Abastecimento.jpeg","datePublished":"2024-08-24T20:02:16+00:00","dateModified":"2024-08-26T20:04:31+00:00","author":{"@id":"https:\/\/portalmf.com.br\/#\/schema\/person\/9ec101baf56233e53520c26de5d6f6f0"},"breadcrumb":{"@id":"https:\/\/portalmf.com.br\/index.php\/2024\/08\/24\/ze-neto-quer-transformar-todas-as-escolas-municipais-em-tempo-integral-e-construir-creche-no-centro-de-abastecimento\/#breadcrumb"},"inLanguage":"pt-BR","potentialAction":[{"@type":"ReadAction","target":["https:\/\/portalmf.com.br\/index.php\/2024\/08\/24\/ze-neto-quer-transformar-todas-as-escolas-municipais-em-tempo-integral-e-construir-creche-no-centro-de-abastecimento\/"]}]},{"@type":"ImageObject","inLanguage":"pt-BR","@id":"https:\/\/portalmf.com.br\/index.php\/2024\/08\/24\/ze-neto-quer-transformar-todas-as-escolas-municipais-em-tempo-integral-e-construir-creche-no-centro-de-abastecimento\/#primaryimage","url":"https:\/\/portalmf.com.br\/wp-content\/uploads\/2024\/08\/Ze-Neto-quer-transformar-todas-as-escolas-municipais-em-tempo-integral-e-construir-creche-no-Centro-de-Abastecimento.jpeg","contentUrl":"https:\/\/portalmf.com.br\/wp-content\/uploads\/2024\/08\/Ze-Neto-quer-transformar-todas-as-escolas-municipais-em-tempo-integral-e-construir-creche-no-Centro-de-Abastecimento.jpeg","width":800,"height":735},{"@type":"BreadcrumbList","@id":"https:\/\/portalmf.com.br\/index.php\/2024\/08\/24\/ze-neto-quer-transformar-todas-as-escolas-municipais-em-tempo-integral-e-construir-creche-no-centro-de-abastecimento\/#breadcrumb","itemListElement":[{"@type":"ListItem","position":1,"name":"In\u00edcio","item":"https:\/\/portalmf.com.br\/"},{"@type":"ListItem","position":2,"name":"Z\u00e9 Neto quer transformar todas as escolas municipais em tempo integral e construir creche no Centro de Abastecimento"}]},{"@type":"WebSite","@id":"https:\/\/portalmf.com.br\/#website","url":"https:\/\/portalmf.com.br\/","name":"Portal MF","description":"Voc\u00ea conectado com a informa\u00e7\u00e3o","potentialAction":[{"@type":"SearchAction","target":{"@type":"EntryPoint","urlTemplate":"https:\/\/portalmf.com.br\/?s={search_term_string}"},"query-input":"required name=search_term_string"}],"inLanguage":"pt-BR"},{"@type":"Person","@id":"https:\/\/portalmf.com.br\/#\/schema\/person\/9ec101baf56233e53520c26de5d6f6f0","name":"Reda\u00e7\u00e3o Portal MF","image":{"@type":"ImageObject","inLanguage":"pt-BR","@id":"https:\/\/portalmf.com.br\/#\/schema\/person\/image\/","url":"https:\/\/secure.gravatar.com\/avatar\/41b9aaeb2100835f7c64362330f74c7f?s=96&d=mm&r=g","contentUrl":"https:\/\/secure.gravatar.com\/avatar\/41b9aaeb2100835f7c64362330f74c7f?s=96&d=mm&r=g","caption":"Reda\u00e7\u00e3o Portal MF"},"description":"Sejam bem-vindos o portal de informa\u00e7\u00f5es de entretenimento de Feira de Santana, desde 2006 realiza coberturas dos principais eventos com entrevistas exclusivas com as principais personalidades mundiais. Fique conectado tamb\u00e9m nas redes sociais.","sameAs":["http:\/\/www.portalmf.com.br\/","https:\/\/www.facebook.com\/portalmfoficial","https:\/\/www.instagram.com\/portalmf\/","https:\/\/x.com\/https:\/\/x.com\/portalmfoficial","https:\/\/www.youtube.com\/@portalmfoficial"],"url":"https:\/\/portalmf.com.br\/index.php\/author\/junior\/"}]}},"_links":{"self":[{"href":"https:\/\/portalmf.com.br\/index.php\/wp-json\/wp\/v2\/posts\/29125"}],"collection":[{"href":"https:\/\/portalmf.com.br\/index.php\/wp-json\/wp\/v2\/posts"}],"about":[{"href":"https:\/\/portalmf.com.br\/index.php\/wp-json\/wp\/v2\/types\/post"}],"author":[{"embeddable":true,"href":"https:\/\/portalmf.com.br\/index.php\/wp-json\/wp\/v2\/users\/3"}],"replies":[{"embeddable":true,"href":"https:\/\/portalmf.com.br\/index.php\/wp-json\/wp\/v2\/comments?post=29125"}],"version-history":[{"count":1,"href":"https:\/\/portalmf.com.br\/index.php\/wp-json\/wp\/v2\/posts\/29125\/revisions"}],"predecessor-version":[{"id":29127,"href":"https:\/\/portalmf.com.br\/index.php\/wp-json\/wp\/v2\/posts\/29125\/revisions\/29127"}],"wp:featuredmedia":[{"embeddable":true,"href":"https:\/\/portalmf.com.br\/index.php\/wp-json\/wp\/v2\/media\/29126"}],"wp:attachment":[{"href":"https:\/\/portalmf.com.br\/index.php\/wp-json\/wp\/v2\/media?parent=29125"}],"wp:term":[{"taxonomy":"category","embeddable":true,"href":"https:\/\/portalmf.com.br\/index.php\/wp-json\/wp\/v2\/categories?post=29125"},{"taxonomy":"post_tag","embeddable":true,"href":"https:\/\/portalmf.com.br\/index.php\/wp-json\/wp\/v2\/tags?post=29125"}],"curies":[{"name":"wp","href":"https:\/\/api.w.org\/{rel}","templated":true}]}}