{"id":29122,"date":"2024-08-26T17:00:58","date_gmt":"2024-08-26T20:00:58","guid":{"rendered":"https:\/\/portalmf.com.br\/?p=29122"},"modified":"2024-08-26T17:00:58","modified_gmt":"2024-08-26T20:00:58","slug":"mesarios-podem-pedir-mudanca-de-secao-eleitoral-ate-sexta-feira-30","status":"publish","type":"post","link":"https:\/\/portalmf.com.br\/index.php\/2024\/08\/26\/mesarios-podem-pedir-mudanca-de-secao-eleitoral-ate-sexta-feira-30\/","title":{"rendered":"Mes\u00e1rios podem pedir mudan\u00e7a de se\u00e7\u00e3o eleitoral at\u00e9 sexta-feira (30)"},"content":{"rendered":"\n<p>Quem foi convocado&nbsp;pela Justi\u00e7a Eleitoral para trabalhar em&nbsp;atividades de apoio nas&nbsp;elei\u00e7\u00f5es municipais t\u00eam at\u00e9 sexta-feira (30) para solicitar transfer\u00eancia tempor\u00e1ria da se\u00e7\u00e3o eleitoral.&nbsp;<img decoding=\"async\" src=\"https:\/\/agenciabrasil.ebc.com.br\/ebc.png?id=1609384&amp;o=node\"><img decoding=\"async\" src=\"https:\/\/agenciabrasil.ebc.com.br\/ebc.gif?id=1609384&amp;o=node\"><\/p>\n\n\n\n<p>A mudan\u00e7a \u00e9 para facilitar o deslocamento dos convocados no dia do pleito, caso votem em local distante de onde ir\u00e3o trabalhar. No entanto, o interessado pode pedir a mudan\u00e7a apenas para a se\u00e7\u00e3o eleitoral em v\u00e3o atuar no dia do pleito, sendo no mesmo munic\u00edpio.&nbsp;<\/p>\n\n\n\n<h2 class=\"wp-block-heading\">Mes\u00e1rios<\/h2>\n\n\n\n<p>No caso dos mes\u00e1rios, \u00e9 poss\u00edvel fazer a mudan\u00e7a sem sair de casa, por meio do sistema T\u00edtulo Net, dispon\u00edvel no Portal do Tribunal Superior Eleitoral (TSE), no endere\u00e7o, tse.jus.br.&nbsp;\u00c9 preciso baixar o aplicativo E-t\u00edtulo para fazer a valida\u00e7\u00e3o de identidade do eleitor, que \u00e9 solicitada pelo sistema de atendimento virtual do TSE.<\/p>\n\n\n\n<p>Mes\u00e1rias e mes\u00e1rios s\u00e3o cidad\u00e3s e cidad\u00e3os, convocados ou volunt\u00e1rios, que trabalham na mesa receptora de votos ou de justificativa eleitoral no dia de uma elei\u00e7\u00e3o. Atuam tanto no primeiro como no segundo turno<\/p>\n\n\n\n<h2 class=\"wp-block-heading\">Log\u00edstica<\/h2>\n\n\n\n<p>J\u00e1 quem vai trabalhar na log\u00edstica dever\u00e1 apresentar os pedidos presencialmente nos cart\u00f3rios eleitorais.&nbsp;<\/p>\n\n\n\n<p>O prazo, at\u00e9 30 de agosto, vale tamb\u00e9m para os eleitores que foram nomeados para atuar nos Testes de Integridade das Urnas Eletr\u00f4nicas tamb\u00e9m poder\u00e3o pedir transfer\u00eancia tempor\u00e1ria para votar em uma se\u00e7\u00e3o pr\u00f3xima onde est\u00e3o sendo realizados os testes.<\/p>\n\n\n\n<p>Com informa\u00e7\u00f5es da Ag\u00eancia Brasil<\/p>\n","protected":false},"excerpt":{"rendered":"<p>Quem foi convocado&nbsp;pela Justi\u00e7a Eleitoral para trabalhar em&nbsp;atividades de apoio nas&nbsp;elei\u00e7\u00f5es municipais t\u00eam at\u00e9 sexta-feira (30) para solicitar transfer\u00eancia tempor\u00e1ria da se\u00e7\u00e3o eleitoral.&nbsp; A mudan\u00e7a \u00e9 para facilitar o deslocamento dos convocados no dia do pleito, caso votem em local distante de onde ir\u00e3o trabalhar. No entanto, o interessado pode pedir a mudan\u00e7a apenas para [&hellip;]<\/p>\n","protected":false},"author":3,"featured_media":29123,"comment_status":"open","ping_status":"open","sticky":false,"template":"","format":"standard","meta":{"_monsterinsights_skip_tracking":false,"_monsterinsights_sitenote_active":false,"_monsterinsights_sitenote_note":"","_monsterinsights_sitenote_category":0,"footnotes":""},"categories":[301,34],"tags":[],"yoast_head":"<!-- This site is optimized with the Yoast SEO plugin v22.9 - https:\/\/yoast.com\/wordpress\/plugins\/seo\/ -->\n<title>Mes\u00e1rios podem pedir mudan\u00e7a de se\u00e7\u00e3o eleitoral at\u00e9 sexta-feira (30) - Portal MF<\/title>\n<meta name=\"robots\" content=\"index, follow, max-snippet:-1, max-image-preview:large, max-video-preview:-1\" \/>\n<link rel=\"canonical\" href=\"https:\/\/portalmf.com.br\/index.php\/2024\/08\/26\/mesarios-podem-pedir-mudanca-de-secao-eleitoral-ate-sexta-feira-30\/\" \/>\n<meta property=\"og:locale\" content=\"pt_BR\" \/>\n<meta property=\"og:type\" content=\"article\" \/>\n<meta property=\"og:title\" content=\"Mes\u00e1rios podem pedir mudan\u00e7a de se\u00e7\u00e3o eleitoral at\u00e9 sexta-feira (30) - Portal MF\" \/>\n<meta property=\"og:description\" content=\"Quem foi convocado&nbsp;pela Justi\u00e7a Eleitoral para trabalhar em&nbsp;atividades de apoio nas&nbsp;elei\u00e7\u00f5es municipais t\u00eam at\u00e9 sexta-feira (30) para solicitar transfer\u00eancia tempor\u00e1ria da se\u00e7\u00e3o eleitoral.&nbsp; A mudan\u00e7a \u00e9 para facilitar o deslocamento dos convocados no dia do pleito, caso votem em local distante de onde ir\u00e3o trabalhar. No entanto, o interessado pode pedir a mudan\u00e7a apenas para [&hellip;]\" \/>\n<meta property=\"og:url\" content=\"https:\/\/portalmf.com.br\/index.php\/2024\/08\/26\/mesarios-podem-pedir-mudanca-de-secao-eleitoral-ate-sexta-feira-30\/\" \/>\n<meta property=\"og:site_name\" content=\"Portal MF\" \/>\n<meta property=\"article:author\" content=\"https:\/\/www.facebook.com\/portalmfoficial\" \/>\n<meta property=\"article:published_time\" content=\"2024-08-26T20:00:58+00:00\" \/>\n<meta property=\"og:image\" content=\"https:\/\/portalmf.com.br\/wp-content\/uploads\/2024\/08\/934123-belem_eleitores_1806.jpg\" \/>\n\t<meta property=\"og:image:width\" content=\"1170\" \/>\n\t<meta property=\"og:image:height\" content=\"700\" \/>\n\t<meta property=\"og:image:type\" content=\"image\/jpeg\" \/>\n<meta name=\"author\" content=\"Reda\u00e7\u00e3o Portal MF\" \/>\n<meta name=\"twitter:card\" content=\"summary_large_image\" \/>\n<meta name=\"twitter:creator\" content=\"@https:\/\/x.com\/portalmfoficial\" \/>\n<meta name=\"twitter:label1\" content=\"Escrito por\" \/>\n\t<meta name=\"twitter:data1\" content=\"Reda\u00e7\u00e3o Portal MF\" \/>\n\t<meta name=\"twitter:label2\" content=\"Est. tempo de leitura\" \/>\n\t<meta name=\"twitter:data2\" content=\"2 minutos\" \/>\n<script type=\"application\/ld+json\" class=\"yoast-schema-graph\">{\"@context\":\"https:\/\/schema.org\",\"@graph\":[{\"@type\":\"WebPage\",\"@id\":\"https:\/\/portalmf.com.br\/index.php\/2024\/08\/26\/mesarios-podem-pedir-mudanca-de-secao-eleitoral-ate-sexta-feira-30\/\",\"url\":\"https:\/\/portalmf.com.br\/index.php\/2024\/08\/26\/mesarios-podem-pedir-mudanca-de-secao-eleitoral-ate-sexta-feira-30\/\",\"name\":\"Mes\u00e1rios podem pedir mudan\u00e7a de se\u00e7\u00e3o eleitoral at\u00e9 sexta-feira (30) - Portal MF\",\"isPartOf\":{\"@id\":\"https:\/\/portalmf.com.br\/#website\"},\"primaryImageOfPage\":{\"@id\":\"https:\/\/portalmf.com.br\/index.php\/2024\/08\/26\/mesarios-podem-pedir-mudanca-de-secao-eleitoral-ate-sexta-feira-30\/#primaryimage\"},\"image\":{\"@id\":\"https:\/\/portalmf.com.br\/index.php\/2024\/08\/26\/mesarios-podem-pedir-mudanca-de-secao-eleitoral-ate-sexta-feira-30\/#primaryimage\"},\"thumbnailUrl\":\"https:\/\/portalmf.com.br\/wp-content\/uploads\/2024\/08\/934123-belem_eleitores_1806.jpg\",\"datePublished\":\"2024-08-26T20:00:58+00:00\",\"dateModified\":\"2024-08-26T20:00:58+00:00\",\"author\":{\"@id\":\"https:\/\/portalmf.com.br\/#\/schema\/person\/9ec101baf56233e53520c26de5d6f6f0\"},\"breadcrumb\":{\"@id\":\"https:\/\/portalmf.com.br\/index.php\/2024\/08\/26\/mesarios-podem-pedir-mudanca-de-secao-eleitoral-ate-sexta-feira-30\/#breadcrumb\"},\"inLanguage\":\"pt-BR\",\"potentialAction\":[{\"@type\":\"ReadAction\",\"target\":[\"https:\/\/portalmf.com.br\/index.php\/2024\/08\/26\/mesarios-podem-pedir-mudanca-de-secao-eleitoral-ate-sexta-feira-30\/\"]}]},{\"@type\":\"ImageObject\",\"inLanguage\":\"pt-BR\",\"@id\":\"https:\/\/portalmf.com.br\/index.php\/2024\/08\/26\/mesarios-podem-pedir-mudanca-de-secao-eleitoral-ate-sexta-feira-30\/#primaryimage\",\"url\":\"https:\/\/portalmf.com.br\/wp-content\/uploads\/2024\/08\/934123-belem_eleitores_1806.jpg\",\"contentUrl\":\"https:\/\/portalmf.com.br\/wp-content\/uploads\/2024\/08\/934123-belem_eleitores_1806.jpg\",\"width\":1170,\"height\":700},{\"@type\":\"BreadcrumbList\",\"@id\":\"https:\/\/portalmf.com.br\/index.php\/2024\/08\/26\/mesarios-podem-pedir-mudanca-de-secao-eleitoral-ate-sexta-feira-30\/#breadcrumb\",\"itemListElement\":[{\"@type\":\"ListItem\",\"position\":1,\"name\":\"In\u00edcio\",\"item\":\"https:\/\/portalmf.com.br\/\"},{\"@type\":\"ListItem\",\"position\":2,\"name\":\"Mes\u00e1rios podem pedir mudan\u00e7a de se\u00e7\u00e3o eleitoral at\u00e9 sexta-feira (30)\"}]},{\"@type\":\"WebSite\",\"@id\":\"https:\/\/portalmf.com.br\/#website\",\"url\":\"https:\/\/portalmf.com.br\/\",\"name\":\"Portal MF\",\"description\":\"Voc\u00ea conectado com a informa\u00e7\u00e3o\",\"potentialAction\":[{\"@type\":\"SearchAction\",\"target\":{\"@type\":\"EntryPoint\",\"urlTemplate\":\"https:\/\/portalmf.com.br\/?s={search_term_string}\"},\"query-input\":\"required name=search_term_string\"}],\"inLanguage\":\"pt-BR\"},{\"@type\":\"Person\",\"@id\":\"https:\/\/portalmf.com.br\/#\/schema\/person\/9ec101baf56233e53520c26de5d6f6f0\",\"name\":\"Reda\u00e7\u00e3o Portal MF\",\"image\":{\"@type\":\"ImageObject\",\"inLanguage\":\"pt-BR\",\"@id\":\"https:\/\/portalmf.com.br\/#\/schema\/person\/image\/\",\"url\":\"https:\/\/secure.gravatar.com\/avatar\/41b9aaeb2100835f7c64362330f74c7f?s=96&d=mm&r=g\",\"contentUrl\":\"https:\/\/secure.gravatar.com\/avatar\/41b9aaeb2100835f7c64362330f74c7f?s=96&d=mm&r=g\",\"caption\":\"Reda\u00e7\u00e3o Portal MF\"},\"description\":\"Sejam bem-vindos o portal de informa\u00e7\u00f5es de entretenimento de Feira de Santana, desde 2006 realiza coberturas dos principais eventos com entrevistas exclusivas com as principais personalidades mundiais. Fique conectado tamb\u00e9m nas redes sociais.\",\"sameAs\":[\"http:\/\/www.portalmf.com.br\/\",\"https:\/\/www.facebook.com\/portalmfoficial\",\"https:\/\/www.instagram.com\/portalmf\/\",\"https:\/\/x.com\/https:\/\/x.com\/portalmfoficial\",\"https:\/\/www.youtube.com\/@portalmfoficial\"],\"url\":\"https:\/\/portalmf.com.br\/index.php\/author\/junior\/\"}]}<\/script>\n<!-- \/ Yoast SEO plugin. -->","yoast_head_json":{"title":"Mes\u00e1rios podem pedir mudan\u00e7a de se\u00e7\u00e3o eleitoral at\u00e9 sexta-feira (30) - Portal MF","robots":{"index":"index","follow":"follow","max-snippet":"max-snippet:-1","max-image-preview":"max-image-preview:large","max-video-preview":"max-video-preview:-1"},"canonical":"https:\/\/portalmf.com.br\/index.php\/2024\/08\/26\/mesarios-podem-pedir-mudanca-de-secao-eleitoral-ate-sexta-feira-30\/","og_locale":"pt_BR","og_type":"article","og_title":"Mes\u00e1rios podem pedir mudan\u00e7a de se\u00e7\u00e3o eleitoral at\u00e9 sexta-feira (30) - Portal MF","og_description":"Quem foi convocado&nbsp;pela Justi\u00e7a Eleitoral para trabalhar em&nbsp;atividades de apoio nas&nbsp;elei\u00e7\u00f5es municipais t\u00eam at\u00e9 sexta-feira (30) para solicitar transfer\u00eancia tempor\u00e1ria da se\u00e7\u00e3o eleitoral.&nbsp; A mudan\u00e7a \u00e9 para facilitar o deslocamento dos convocados no dia do pleito, caso votem em local distante de onde ir\u00e3o trabalhar. No entanto, o interessado pode pedir a mudan\u00e7a apenas para [&hellip;]","og_url":"https:\/\/portalmf.com.br\/index.php\/2024\/08\/26\/mesarios-podem-pedir-mudanca-de-secao-eleitoral-ate-sexta-feira-30\/","og_site_name":"Portal MF","article_author":"https:\/\/www.facebook.com\/portalmfoficial","article_published_time":"2024-08-26T20:00:58+00:00","og_image":[{"width":1170,"height":700,"url":"https:\/\/portalmf.com.br\/wp-content\/uploads\/2024\/08\/934123-belem_eleitores_1806.jpg","type":"image\/jpeg"}],"author":"Reda\u00e7\u00e3o Portal MF","twitter_card":"summary_large_image","twitter_creator":"@https:\/\/x.com\/portalmfoficial","twitter_misc":{"Escrito por":"Reda\u00e7\u00e3o Portal MF","Est. tempo de leitura":"2 minutos"},"schema":{"@context":"https:\/\/schema.org","@graph":[{"@type":"WebPage","@id":"https:\/\/portalmf.com.br\/index.php\/2024\/08\/26\/mesarios-podem-pedir-mudanca-de-secao-eleitoral-ate-sexta-feira-30\/","url":"https:\/\/portalmf.com.br\/index.php\/2024\/08\/26\/mesarios-podem-pedir-mudanca-de-secao-eleitoral-ate-sexta-feira-30\/","name":"Mes\u00e1rios podem pedir mudan\u00e7a de se\u00e7\u00e3o eleitoral at\u00e9 sexta-feira (30) - Portal MF","isPartOf":{"@id":"https:\/\/portalmf.com.br\/#website"},"primaryImageOfPage":{"@id":"https:\/\/portalmf.com.br\/index.php\/2024\/08\/26\/mesarios-podem-pedir-mudanca-de-secao-eleitoral-ate-sexta-feira-30\/#primaryimage"},"image":{"@id":"https:\/\/portalmf.com.br\/index.php\/2024\/08\/26\/mesarios-podem-pedir-mudanca-de-secao-eleitoral-ate-sexta-feira-30\/#primaryimage"},"thumbnailUrl":"https:\/\/portalmf.com.br\/wp-content\/uploads\/2024\/08\/934123-belem_eleitores_1806.jpg","datePublished":"2024-08-26T20:00:58+00:00","dateModified":"2024-08-26T20:00:58+00:00","author":{"@id":"https:\/\/portalmf.com.br\/#\/schema\/person\/9ec101baf56233e53520c26de5d6f6f0"},"breadcrumb":{"@id":"https:\/\/portalmf.com.br\/index.php\/2024\/08\/26\/mesarios-podem-pedir-mudanca-de-secao-eleitoral-ate-sexta-feira-30\/#breadcrumb"},"inLanguage":"pt-BR","potentialAction":[{"@type":"ReadAction","target":["https:\/\/portalmf.com.br\/index.php\/2024\/08\/26\/mesarios-podem-pedir-mudanca-de-secao-eleitoral-ate-sexta-feira-30\/"]}]},{"@type":"ImageObject","inLanguage":"pt-BR","@id":"https:\/\/portalmf.com.br\/index.php\/2024\/08\/26\/mesarios-podem-pedir-mudanca-de-secao-eleitoral-ate-sexta-feira-30\/#primaryimage","url":"https:\/\/portalmf.com.br\/wp-content\/uploads\/2024\/08\/934123-belem_eleitores_1806.jpg","contentUrl":"https:\/\/portalmf.com.br\/wp-content\/uploads\/2024\/08\/934123-belem_eleitores_1806.jpg","width":1170,"height":700},{"@type":"BreadcrumbList","@id":"https:\/\/portalmf.com.br\/index.php\/2024\/08\/26\/mesarios-podem-pedir-mudanca-de-secao-eleitoral-ate-sexta-feira-30\/#breadcrumb","itemListElement":[{"@type":"ListItem","position":1,"name":"In\u00edcio","item":"https:\/\/portalmf.com.br\/"},{"@type":"ListItem","position":2,"name":"Mes\u00e1rios podem pedir mudan\u00e7a de se\u00e7\u00e3o eleitoral at\u00e9 sexta-feira (30)"}]},{"@type":"WebSite","@id":"https:\/\/portalmf.com.br\/#website","url":"https:\/\/portalmf.com.br\/","name":"Portal MF","description":"Voc\u00ea conectado com a informa\u00e7\u00e3o","potentialAction":[{"@type":"SearchAction","target":{"@type":"EntryPoint","urlTemplate":"https:\/\/portalmf.com.br\/?s={search_term_string}"},"query-input":"required name=search_term_string"}],"inLanguage":"pt-BR"},{"@type":"Person","@id":"https:\/\/portalmf.com.br\/#\/schema\/person\/9ec101baf56233e53520c26de5d6f6f0","name":"Reda\u00e7\u00e3o Portal MF","image":{"@type":"ImageObject","inLanguage":"pt-BR","@id":"https:\/\/portalmf.com.br\/#\/schema\/person\/image\/","url":"https:\/\/secure.gravatar.com\/avatar\/41b9aaeb2100835f7c64362330f74c7f?s=96&d=mm&r=g","contentUrl":"https:\/\/secure.gravatar.com\/avatar\/41b9aaeb2100835f7c64362330f74c7f?s=96&d=mm&r=g","caption":"Reda\u00e7\u00e3o Portal MF"},"description":"Sejam bem-vindos o portal de informa\u00e7\u00f5es de entretenimento de Feira de Santana, desde 2006 realiza coberturas dos principais eventos com entrevistas exclusivas com as principais personalidades mundiais. Fique conectado tamb\u00e9m nas redes sociais.","sameAs":["http:\/\/www.portalmf.com.br\/","https:\/\/www.facebook.com\/portalmfoficial","https:\/\/www.instagram.com\/portalmf\/","https:\/\/x.com\/https:\/\/x.com\/portalmfoficial","https:\/\/www.youtube.com\/@portalmfoficial"],"url":"https:\/\/portalmf.com.br\/index.php\/author\/junior\/"}]}},"_links":{"self":[{"href":"https:\/\/portalmf.com.br\/index.php\/wp-json\/wp\/v2\/posts\/29122"}],"collection":[{"href":"https:\/\/portalmf.com.br\/index.php\/wp-json\/wp\/v2\/posts"}],"about":[{"href":"https:\/\/portalmf.com.br\/index.php\/wp-json\/wp\/v2\/types\/post"}],"author":[{"embeddable":true,"href":"https:\/\/portalmf.com.br\/index.php\/wp-json\/wp\/v2\/users\/3"}],"replies":[{"embeddable":true,"href":"https:\/\/portalmf.com.br\/index.php\/wp-json\/wp\/v2\/comments?post=29122"}],"version-history":[{"count":1,"href":"https:\/\/portalmf.com.br\/index.php\/wp-json\/wp\/v2\/posts\/29122\/revisions"}],"predecessor-version":[{"id":29124,"href":"https:\/\/portalmf.com.br\/index.php\/wp-json\/wp\/v2\/posts\/29122\/revisions\/29124"}],"wp:featuredmedia":[{"embeddable":true,"href":"https:\/\/portalmf.com.br\/index.php\/wp-json\/wp\/v2\/media\/29123"}],"wp:attachment":[{"href":"https:\/\/portalmf.com.br\/index.php\/wp-json\/wp\/v2\/media?parent=29122"}],"wp:term":[{"taxonomy":"category","embeddable":true,"href":"https:\/\/portalmf.com.br\/index.php\/wp-json\/wp\/v2\/categories?post=29122"},{"taxonomy":"post_tag","embeddable":true,"href":"https:\/\/portalmf.com.br\/index.php\/wp-json\/wp\/v2\/tags?post=29122"}],"curies":[{"name":"wp","href":"https:\/\/api.w.org\/{rel}","templated":true}]}}