{"id":29105,"date":"2024-08-26T16:02:39","date_gmt":"2024-08-26T19:02:39","guid":{"rendered":"https:\/\/portalmf.com.br\/?p=29105"},"modified":"2024-08-26T16:02:40","modified_gmt":"2024-08-26T19:02:40","slug":"tarifa-social-da-embasa-saiba-quem-tem-direito","status":"publish","type":"post","link":"https:\/\/portalmf.com.br\/index.php\/2024\/08\/26\/tarifa-social-da-embasa-saiba-quem-tem-direito\/","title":{"rendered":"Tarifa Social da Embasa: saiba quem tem direito"},"content":{"rendered":"\n<p>Por ter um compromisso com quem mais precisa, a Embasa possui a modalidade de tarifa social para clientes que se enquadram em requisitos para ter uma conta mais barata. Hoje, mais de 230 mil fam\u00edlias baianas j\u00e1 usufruem desse benef\u00edcio, que reduz a tarifa de \u00e1gua a menos da metade da tarifa normal. Quem consome at\u00e9 6 metros c\u00fabicos, por exemplo, paga R$ 14,97 por m\u00eas de \u00e1gua, que equivale a menos de R$ 0,50 centavos por dia.<\/p>\n\n\n\n<p>Para se inscrever na tarifa social, \u00e9 necess\u00e1rio ser benefici\u00e1rio do programa Bolsa Fam\u00edlia e n\u00e3o ser titular de mais de uma liga\u00e7\u00e3o da Embasa. O im\u00f3vel que receber\u00e1 essa tarifa precisa ter at\u00e9 60m\u00b2, ter at\u00e9 oito pontos de sa\u00edda de \u00e1gua, ser padr\u00e3o Coelba mono ou bif\u00e1sico e n\u00e3o ter piscina.<\/p>\n\n\n\n<p>Para Gilmara dos Santos Ferreira, 31 anos, dois filhos, e moradora do bairro Avi\u00e1rio, em Feira de Santana, o benef\u00edcio \u00e9 fundamental. <em>\u201cTenho a Tarifa Social que me ajuda muito. Tenho despesa de rem\u00e9dio, medica\u00e7\u00e3o para meu filho de dois anos e parte do dinheiro que eu devia estar pagando de \u00e1gua, por causa da tarifa mais barata, me ajuda a comprar outras coisas para meu filho\u201d,<\/em> explica.<\/p>\n\n\n\n<p>Os interessados podem fazer a solicita\u00e7\u00e3o atrav\u00e9s do atendimento virtual ou procurar um ponto de atendimento presencial da Embasa para a an\u00e1lise do pedido.<\/p>\n\n\n\n<p>Confira os documentos necess\u00e1rios:<\/p>\n\n\n\n<p>\u2022&nbsp;&nbsp;&nbsp;&nbsp;&nbsp;&nbsp;&nbsp;&nbsp;&nbsp;Documento RG \/ CPF;<\/p>\n\n\n\n<p>\u2022&nbsp;&nbsp;&nbsp;&nbsp;&nbsp;&nbsp;&nbsp;&nbsp;&nbsp;Conta de \u00e1gua atual;<\/p>\n\n\n\n<p>\u2022&nbsp;&nbsp;&nbsp;&nbsp;&nbsp;&nbsp;&nbsp;&nbsp;&nbsp;Cart\u00e3o bolsa-fam\u00edlia OU Comprovante de Cadastramento do Cad\u00danico (APP Caixa Tem, APP Bolsa Fam\u00edlia ou declara\u00e7\u00e3o da Sec. Municipal de Assist\u00eancia Social);<\/p>\n\n\n\n<p><em>\u201cMuitas pessoas t\u00eam direito a esse benef\u00edcio, basta reunir a documenta\u00e7\u00e3o e procurar a Embasa, para que se verifique a possibilidade de inclus\u00e3o no cadastro nessa modalidade especial de tarifa\u201d,<\/em> explica a diretora Financeira e Comercial da Embasa, Marcela Lima.<\/p>\n\n\n\n<p><strong>Social &#8211; <\/strong>A Embasa exerce sua fun\u00e7\u00e3o social junto \u00e0 popula\u00e7\u00e3o baiana ao aplicar tarifas que est\u00e3o entre as mais baixas do pa\u00eds, principalmente aquelas destinadas \u00e0s camadas mais carentes da popula\u00e7\u00e3o, \u00e0s quais o desconto concedido \u00e9 de mais de 60% para consumo de at\u00e9 10 m\u00b3. Al\u00e9m disso, promove acesso aos servi\u00e7os p\u00fablicos de abastecimento de \u00e1gua e esgotamento sanit\u00e1rio<\/p>\n","protected":false},"excerpt":{"rendered":"<p>Por ter um compromisso com quem mais precisa, a Embasa possui a modalidade de tarifa social para clientes que se enquadram em requisitos para ter uma conta mais barata. Hoje, mais de 230 mil fam\u00edlias baianas j\u00e1 usufruem desse benef\u00edcio, que reduz a tarifa de \u00e1gua a menos da metade da tarifa normal. Quem consome [&hellip;]<\/p>\n","protected":false},"author":3,"featured_media":12303,"comment_status":"open","ping_status":"open","sticky":false,"template":"","format":"standard","meta":{"_monsterinsights_skip_tracking":false,"_monsterinsights_sitenote_active":false,"_monsterinsights_sitenote_note":"","_monsterinsights_sitenote_category":0,"footnotes":""},"categories":[301,34],"tags":[],"yoast_head":"<!-- This site is optimized with the Yoast SEO plugin v22.9 - https:\/\/yoast.com\/wordpress\/plugins\/seo\/ -->\n<title>Tarifa Social da Embasa: saiba quem tem direito - Portal MF<\/title>\n<meta name=\"robots\" content=\"index, follow, max-snippet:-1, max-image-preview:large, max-video-preview:-1\" \/>\n<link rel=\"canonical\" href=\"https:\/\/portalmf.com.br\/index.php\/2024\/08\/26\/tarifa-social-da-embasa-saiba-quem-tem-direito\/\" \/>\n<meta property=\"og:locale\" content=\"pt_BR\" \/>\n<meta property=\"og:type\" content=\"article\" \/>\n<meta property=\"og:title\" content=\"Tarifa Social da Embasa: saiba quem tem direito - Portal MF\" \/>\n<meta property=\"og:description\" content=\"Por ter um compromisso com quem mais precisa, a Embasa possui a modalidade de tarifa social para clientes que se enquadram em requisitos para ter uma conta mais barata. Hoje, mais de 230 mil fam\u00edlias baianas j\u00e1 usufruem desse benef\u00edcio, que reduz a tarifa de \u00e1gua a menos da metade da tarifa normal. Quem consome [&hellip;]\" \/>\n<meta property=\"og:url\" content=\"https:\/\/portalmf.com.br\/index.php\/2024\/08\/26\/tarifa-social-da-embasa-saiba-quem-tem-direito\/\" \/>\n<meta property=\"og:site_name\" content=\"Portal MF\" \/>\n<meta property=\"article:author\" content=\"https:\/\/www.facebook.com\/portalmfoficial\" \/>\n<meta property=\"article:published_time\" content=\"2024-08-26T19:02:39+00:00\" \/>\n<meta property=\"article:modified_time\" content=\"2024-08-26T19:02:40+00:00\" \/>\n<meta property=\"og:image\" content=\"https:\/\/portalmf.com.br\/wp-content\/uploads\/2023\/05\/embasa-saneamento-bahia.jpeg\" \/>\n\t<meta property=\"og:image:width\" content=\"1600\" \/>\n\t<meta property=\"og:image:height\" content=\"752\" \/>\n\t<meta property=\"og:image:type\" content=\"image\/jpeg\" \/>\n<meta name=\"author\" content=\"Reda\u00e7\u00e3o Portal MF\" \/>\n<meta name=\"twitter:card\" content=\"summary_large_image\" \/>\n<meta name=\"twitter:creator\" content=\"@https:\/\/x.com\/portalmfoficial\" \/>\n<meta name=\"twitter:label1\" content=\"Escrito por\" \/>\n\t<meta name=\"twitter:data1\" content=\"Reda\u00e7\u00e3o Portal MF\" \/>\n\t<meta name=\"twitter:label2\" content=\"Est. tempo de leitura\" \/>\n\t<meta name=\"twitter:data2\" content=\"2 minutos\" \/>\n<script type=\"application\/ld+json\" class=\"yoast-schema-graph\">{\"@context\":\"https:\/\/schema.org\",\"@graph\":[{\"@type\":\"WebPage\",\"@id\":\"https:\/\/portalmf.com.br\/index.php\/2024\/08\/26\/tarifa-social-da-embasa-saiba-quem-tem-direito\/\",\"url\":\"https:\/\/portalmf.com.br\/index.php\/2024\/08\/26\/tarifa-social-da-embasa-saiba-quem-tem-direito\/\",\"name\":\"Tarifa Social da Embasa: saiba quem tem direito - Portal MF\",\"isPartOf\":{\"@id\":\"https:\/\/portalmf.com.br\/#website\"},\"primaryImageOfPage\":{\"@id\":\"https:\/\/portalmf.com.br\/index.php\/2024\/08\/26\/tarifa-social-da-embasa-saiba-quem-tem-direito\/#primaryimage\"},\"image\":{\"@id\":\"https:\/\/portalmf.com.br\/index.php\/2024\/08\/26\/tarifa-social-da-embasa-saiba-quem-tem-direito\/#primaryimage\"},\"thumbnailUrl\":\"https:\/\/portalmf.com.br\/wp-content\/uploads\/2023\/05\/embasa-saneamento-bahia.jpeg\",\"datePublished\":\"2024-08-26T19:02:39+00:00\",\"dateModified\":\"2024-08-26T19:02:40+00:00\",\"author\":{\"@id\":\"https:\/\/portalmf.com.br\/#\/schema\/person\/9ec101baf56233e53520c26de5d6f6f0\"},\"breadcrumb\":{\"@id\":\"https:\/\/portalmf.com.br\/index.php\/2024\/08\/26\/tarifa-social-da-embasa-saiba-quem-tem-direito\/#breadcrumb\"},\"inLanguage\":\"pt-BR\",\"potentialAction\":[{\"@type\":\"ReadAction\",\"target\":[\"https:\/\/portalmf.com.br\/index.php\/2024\/08\/26\/tarifa-social-da-embasa-saiba-quem-tem-direito\/\"]}]},{\"@type\":\"ImageObject\",\"inLanguage\":\"pt-BR\",\"@id\":\"https:\/\/portalmf.com.br\/index.php\/2024\/08\/26\/tarifa-social-da-embasa-saiba-quem-tem-direito\/#primaryimage\",\"url\":\"https:\/\/portalmf.com.br\/wp-content\/uploads\/2023\/05\/embasa-saneamento-bahia.jpeg\",\"contentUrl\":\"https:\/\/portalmf.com.br\/wp-content\/uploads\/2023\/05\/embasa-saneamento-bahia.jpeg\",\"width\":1600,\"height\":752},{\"@type\":\"BreadcrumbList\",\"@id\":\"https:\/\/portalmf.com.br\/index.php\/2024\/08\/26\/tarifa-social-da-embasa-saiba-quem-tem-direito\/#breadcrumb\",\"itemListElement\":[{\"@type\":\"ListItem\",\"position\":1,\"name\":\"In\u00edcio\",\"item\":\"https:\/\/portalmf.com.br\/\"},{\"@type\":\"ListItem\",\"position\":2,\"name\":\"Tarifa Social da Embasa: saiba quem tem direito\"}]},{\"@type\":\"WebSite\",\"@id\":\"https:\/\/portalmf.com.br\/#website\",\"url\":\"https:\/\/portalmf.com.br\/\",\"name\":\"Portal MF\",\"description\":\"Voc\u00ea conectado com a informa\u00e7\u00e3o\",\"potentialAction\":[{\"@type\":\"SearchAction\",\"target\":{\"@type\":\"EntryPoint\",\"urlTemplate\":\"https:\/\/portalmf.com.br\/?s={search_term_string}\"},\"query-input\":\"required name=search_term_string\"}],\"inLanguage\":\"pt-BR\"},{\"@type\":\"Person\",\"@id\":\"https:\/\/portalmf.com.br\/#\/schema\/person\/9ec101baf56233e53520c26de5d6f6f0\",\"name\":\"Reda\u00e7\u00e3o Portal MF\",\"image\":{\"@type\":\"ImageObject\",\"inLanguage\":\"pt-BR\",\"@id\":\"https:\/\/portalmf.com.br\/#\/schema\/person\/image\/\",\"url\":\"https:\/\/secure.gravatar.com\/avatar\/41b9aaeb2100835f7c64362330f74c7f?s=96&d=mm&r=g\",\"contentUrl\":\"https:\/\/secure.gravatar.com\/avatar\/41b9aaeb2100835f7c64362330f74c7f?s=96&d=mm&r=g\",\"caption\":\"Reda\u00e7\u00e3o Portal MF\"},\"description\":\"Sejam bem-vindos o portal de informa\u00e7\u00f5es de entretenimento de Feira de Santana, desde 2006 realiza coberturas dos principais eventos com entrevistas exclusivas com as principais personalidades mundiais. Fique conectado tamb\u00e9m nas redes sociais.\",\"sameAs\":[\"http:\/\/www.portalmf.com.br\/\",\"https:\/\/www.facebook.com\/portalmfoficial\",\"https:\/\/www.instagram.com\/portalmf\/\",\"https:\/\/x.com\/https:\/\/x.com\/portalmfoficial\",\"https:\/\/www.youtube.com\/@portalmfoficial\"],\"url\":\"https:\/\/portalmf.com.br\/index.php\/author\/junior\/\"}]}<\/script>\n<!-- \/ Yoast SEO plugin. -->","yoast_head_json":{"title":"Tarifa Social da Embasa: saiba quem tem direito - Portal MF","robots":{"index":"index","follow":"follow","max-snippet":"max-snippet:-1","max-image-preview":"max-image-preview:large","max-video-preview":"max-video-preview:-1"},"canonical":"https:\/\/portalmf.com.br\/index.php\/2024\/08\/26\/tarifa-social-da-embasa-saiba-quem-tem-direito\/","og_locale":"pt_BR","og_type":"article","og_title":"Tarifa Social da Embasa: saiba quem tem direito - Portal MF","og_description":"Por ter um compromisso com quem mais precisa, a Embasa possui a modalidade de tarifa social para clientes que se enquadram em requisitos para ter uma conta mais barata. Hoje, mais de 230 mil fam\u00edlias baianas j\u00e1 usufruem desse benef\u00edcio, que reduz a tarifa de \u00e1gua a menos da metade da tarifa normal. Quem consome [&hellip;]","og_url":"https:\/\/portalmf.com.br\/index.php\/2024\/08\/26\/tarifa-social-da-embasa-saiba-quem-tem-direito\/","og_site_name":"Portal MF","article_author":"https:\/\/www.facebook.com\/portalmfoficial","article_published_time":"2024-08-26T19:02:39+00:00","article_modified_time":"2024-08-26T19:02:40+00:00","og_image":[{"width":1600,"height":752,"url":"https:\/\/portalmf.com.br\/wp-content\/uploads\/2023\/05\/embasa-saneamento-bahia.jpeg","type":"image\/jpeg"}],"author":"Reda\u00e7\u00e3o Portal MF","twitter_card":"summary_large_image","twitter_creator":"@https:\/\/x.com\/portalmfoficial","twitter_misc":{"Escrito por":"Reda\u00e7\u00e3o Portal MF","Est. tempo de leitura":"2 minutos"},"schema":{"@context":"https:\/\/schema.org","@graph":[{"@type":"WebPage","@id":"https:\/\/portalmf.com.br\/index.php\/2024\/08\/26\/tarifa-social-da-embasa-saiba-quem-tem-direito\/","url":"https:\/\/portalmf.com.br\/index.php\/2024\/08\/26\/tarifa-social-da-embasa-saiba-quem-tem-direito\/","name":"Tarifa Social da Embasa: saiba quem tem direito - Portal MF","isPartOf":{"@id":"https:\/\/portalmf.com.br\/#website"},"primaryImageOfPage":{"@id":"https:\/\/portalmf.com.br\/index.php\/2024\/08\/26\/tarifa-social-da-embasa-saiba-quem-tem-direito\/#primaryimage"},"image":{"@id":"https:\/\/portalmf.com.br\/index.php\/2024\/08\/26\/tarifa-social-da-embasa-saiba-quem-tem-direito\/#primaryimage"},"thumbnailUrl":"https:\/\/portalmf.com.br\/wp-content\/uploads\/2023\/05\/embasa-saneamento-bahia.jpeg","datePublished":"2024-08-26T19:02:39+00:00","dateModified":"2024-08-26T19:02:40+00:00","author":{"@id":"https:\/\/portalmf.com.br\/#\/schema\/person\/9ec101baf56233e53520c26de5d6f6f0"},"breadcrumb":{"@id":"https:\/\/portalmf.com.br\/index.php\/2024\/08\/26\/tarifa-social-da-embasa-saiba-quem-tem-direito\/#breadcrumb"},"inLanguage":"pt-BR","potentialAction":[{"@type":"ReadAction","target":["https:\/\/portalmf.com.br\/index.php\/2024\/08\/26\/tarifa-social-da-embasa-saiba-quem-tem-direito\/"]}]},{"@type":"ImageObject","inLanguage":"pt-BR","@id":"https:\/\/portalmf.com.br\/index.php\/2024\/08\/26\/tarifa-social-da-embasa-saiba-quem-tem-direito\/#primaryimage","url":"https:\/\/portalmf.com.br\/wp-content\/uploads\/2023\/05\/embasa-saneamento-bahia.jpeg","contentUrl":"https:\/\/portalmf.com.br\/wp-content\/uploads\/2023\/05\/embasa-saneamento-bahia.jpeg","width":1600,"height":752},{"@type":"BreadcrumbList","@id":"https:\/\/portalmf.com.br\/index.php\/2024\/08\/26\/tarifa-social-da-embasa-saiba-quem-tem-direito\/#breadcrumb","itemListElement":[{"@type":"ListItem","position":1,"name":"In\u00edcio","item":"https:\/\/portalmf.com.br\/"},{"@type":"ListItem","position":2,"name":"Tarifa Social da Embasa: saiba quem tem direito"}]},{"@type":"WebSite","@id":"https:\/\/portalmf.com.br\/#website","url":"https:\/\/portalmf.com.br\/","name":"Portal MF","description":"Voc\u00ea conectado com a informa\u00e7\u00e3o","potentialAction":[{"@type":"SearchAction","target":{"@type":"EntryPoint","urlTemplate":"https:\/\/portalmf.com.br\/?s={search_term_string}"},"query-input":"required name=search_term_string"}],"inLanguage":"pt-BR"},{"@type":"Person","@id":"https:\/\/portalmf.com.br\/#\/schema\/person\/9ec101baf56233e53520c26de5d6f6f0","name":"Reda\u00e7\u00e3o Portal MF","image":{"@type":"ImageObject","inLanguage":"pt-BR","@id":"https:\/\/portalmf.com.br\/#\/schema\/person\/image\/","url":"https:\/\/secure.gravatar.com\/avatar\/41b9aaeb2100835f7c64362330f74c7f?s=96&d=mm&r=g","contentUrl":"https:\/\/secure.gravatar.com\/avatar\/41b9aaeb2100835f7c64362330f74c7f?s=96&d=mm&r=g","caption":"Reda\u00e7\u00e3o Portal MF"},"description":"Sejam bem-vindos o portal de informa\u00e7\u00f5es de entretenimento de Feira de Santana, desde 2006 realiza coberturas dos principais eventos com entrevistas exclusivas com as principais personalidades mundiais. Fique conectado tamb\u00e9m nas redes sociais.","sameAs":["http:\/\/www.portalmf.com.br\/","https:\/\/www.facebook.com\/portalmfoficial","https:\/\/www.instagram.com\/portalmf\/","https:\/\/x.com\/https:\/\/x.com\/portalmfoficial","https:\/\/www.youtube.com\/@portalmfoficial"],"url":"https:\/\/portalmf.com.br\/index.php\/author\/junior\/"}]}},"_links":{"self":[{"href":"https:\/\/portalmf.com.br\/index.php\/wp-json\/wp\/v2\/posts\/29105"}],"collection":[{"href":"https:\/\/portalmf.com.br\/index.php\/wp-json\/wp\/v2\/posts"}],"about":[{"href":"https:\/\/portalmf.com.br\/index.php\/wp-json\/wp\/v2\/types\/post"}],"author":[{"embeddable":true,"href":"https:\/\/portalmf.com.br\/index.php\/wp-json\/wp\/v2\/users\/3"}],"replies":[{"embeddable":true,"href":"https:\/\/portalmf.com.br\/index.php\/wp-json\/wp\/v2\/comments?post=29105"}],"version-history":[{"count":1,"href":"https:\/\/portalmf.com.br\/index.php\/wp-json\/wp\/v2\/posts\/29105\/revisions"}],"predecessor-version":[{"id":29106,"href":"https:\/\/portalmf.com.br\/index.php\/wp-json\/wp\/v2\/posts\/29105\/revisions\/29106"}],"wp:featuredmedia":[{"embeddable":true,"href":"https:\/\/portalmf.com.br\/index.php\/wp-json\/wp\/v2\/media\/12303"}],"wp:attachment":[{"href":"https:\/\/portalmf.com.br\/index.php\/wp-json\/wp\/v2\/media?parent=29105"}],"wp:term":[{"taxonomy":"category","embeddable":true,"href":"https:\/\/portalmf.com.br\/index.php\/wp-json\/wp\/v2\/categories?post=29105"},{"taxonomy":"post_tag","embeddable":true,"href":"https:\/\/portalmf.com.br\/index.php\/wp-json\/wp\/v2\/tags?post=29105"}],"curies":[{"name":"wp","href":"https:\/\/api.w.org\/{rel}","templated":true}]}}