{"id":29059,"date":"2024-08-23T14:54:42","date_gmt":"2024-08-23T17:54:42","guid":{"rendered":"https:\/\/portalmf.com.br\/?p=29059"},"modified":"2024-08-23T14:54:43","modified_gmt":"2024-08-23T17:54:43","slug":"carlos-medeiros-revela-estrategia-apos-ficara-fora-da-propaganda-eleitoral-no-radio-e-tv","status":"publish","type":"post","link":"https:\/\/portalmf.com.br\/index.php\/2024\/08\/23\/carlos-medeiros-revela-estrategia-apos-ficara-fora-da-propaganda-eleitoral-no-radio-e-tv\/","title":{"rendered":"Carlos Medeiros revela estrat\u00e9gia ap\u00f3s ficar\u00e1 fora da propaganda eleitoral no r\u00e1dio e TV"},"content":{"rendered":"\n<p>Ap\u00f3s confirma\u00e7\u00e3o do TRE &#8211; Tribunal Regional Eleitoral &#8211; de que o candidato a prefeito de Feira de Santana, Carlos Medeiros (Novo), n\u00e3o ter\u00e1 tempo na propaganda eleitoral gratuita no r\u00e1dio e na televis\u00e3o, ele destacou que seguir\u00e1 firme na campanha, refor\u00e7ando a divulga\u00e7\u00e3o das propostas nas redes sociais.<\/p>\n\n\n\n<p>Al\u00e9m disso, Carlos segue na campanha corpo a corpo, visitando comunidades, conversando com a popula\u00e7\u00e3o e participando de entrevistas em r\u00e1dios, sites e televis\u00e3o.<\/p>\n\n\n\n<p>\u201cEu j\u00e1 estava ciente de que isso poderia acontecer. Na elei\u00e7\u00e3o passada tive poucos segundos de televis\u00e3o e r\u00e1dio, por isso venho buscando mostrar minhas propostas atrav\u00e9s de outros meios, como as redes sociais. Pe\u00e7o que quem busca pela mudan\u00e7a, quem quer conhecer minhas ideias para melhorar Feira de Santana, que busque minhas redes sociais @carlosnovofsa, que estou disposto a debater melhorias para nossa cidade.\u201d<\/p>\n\n\n\n<p>O partido Novo n\u00e3o atingiu a cl\u00e1usula de barreira implementada desde 2018 que estabelece que partidos pol\u00edticos precisam alcan\u00e7ar um desempenho m\u00ednimo nas elei\u00e7\u00f5es para que possam acessar benef\u00edcios mensais do fundo partid\u00e1rio, e por isso n\u00e3o ter\u00e1 tempo na propaganda eleitoral gratuita.<\/p>\n","protected":false},"excerpt":{"rendered":"<p>Ap\u00f3s confirma\u00e7\u00e3o do TRE &#8211; Tribunal Regional Eleitoral &#8211; de que o candidato a prefeito de Feira de Santana, Carlos Medeiros (Novo), n\u00e3o ter\u00e1 tempo na propaganda eleitoral gratuita no r\u00e1dio e na televis\u00e3o, ele destacou que seguir\u00e1 firme na campanha, refor\u00e7ando a divulga\u00e7\u00e3o das propostas nas redes sociais. Al\u00e9m disso, Carlos segue na campanha [&hellip;]<\/p>\n","protected":false},"author":3,"featured_media":29060,"comment_status":"open","ping_status":"open","sticky":false,"template":"","format":"standard","meta":{"_monsterinsights_skip_tracking":false,"_monsterinsights_sitenote_active":false,"_monsterinsights_sitenote_note":"","_monsterinsights_sitenote_category":0,"footnotes":""},"categories":[301,34],"tags":[],"yoast_head":"<!-- This site is optimized with the Yoast SEO plugin v22.9 - https:\/\/yoast.com\/wordpress\/plugins\/seo\/ -->\n<title>Carlos Medeiros revela estrat\u00e9gia ap\u00f3s ficar\u00e1 fora da propaganda eleitoral no r\u00e1dio e TV - Portal MF<\/title>\n<meta name=\"robots\" content=\"index, follow, max-snippet:-1, max-image-preview:large, max-video-preview:-1\" \/>\n<link rel=\"canonical\" href=\"https:\/\/portalmf.com.br\/index.php\/2024\/08\/23\/carlos-medeiros-revela-estrategia-apos-ficara-fora-da-propaganda-eleitoral-no-radio-e-tv\/\" \/>\n<meta property=\"og:locale\" content=\"pt_BR\" \/>\n<meta property=\"og:type\" content=\"article\" \/>\n<meta property=\"og:title\" content=\"Carlos Medeiros revela estrat\u00e9gia ap\u00f3s ficar\u00e1 fora da propaganda eleitoral no r\u00e1dio e TV - Portal MF\" \/>\n<meta property=\"og:description\" content=\"Ap\u00f3s confirma\u00e7\u00e3o do TRE &#8211; Tribunal Regional Eleitoral &#8211; de que o candidato a prefeito de Feira de Santana, Carlos Medeiros (Novo), n\u00e3o ter\u00e1 tempo na propaganda eleitoral gratuita no r\u00e1dio e na televis\u00e3o, ele destacou que seguir\u00e1 firme na campanha, refor\u00e7ando a divulga\u00e7\u00e3o das propostas nas redes sociais. Al\u00e9m disso, Carlos segue na campanha [&hellip;]\" \/>\n<meta property=\"og:url\" content=\"https:\/\/portalmf.com.br\/index.php\/2024\/08\/23\/carlos-medeiros-revela-estrategia-apos-ficara-fora-da-propaganda-eleitoral-no-radio-e-tv\/\" \/>\n<meta property=\"og:site_name\" content=\"Portal MF\" \/>\n<meta property=\"article:author\" content=\"https:\/\/www.facebook.com\/portalmfoficial\" \/>\n<meta property=\"article:published_time\" content=\"2024-08-23T17:54:42+00:00\" \/>\n<meta property=\"article:modified_time\" content=\"2024-08-23T17:54:43+00:00\" \/>\n<meta property=\"og:image\" content=\"https:\/\/portalmf.com.br\/wp-content\/uploads\/2024\/08\/Carlos-Medeiros.jpeg\" \/>\n\t<meta property=\"og:image:width\" content=\"800\" \/>\n\t<meta property=\"og:image:height\" content=\"623\" \/>\n\t<meta property=\"og:image:type\" content=\"image\/jpeg\" \/>\n<meta name=\"author\" content=\"Reda\u00e7\u00e3o Portal MF\" \/>\n<meta name=\"twitter:card\" content=\"summary_large_image\" \/>\n<meta name=\"twitter:creator\" content=\"@https:\/\/x.com\/portalmfoficial\" \/>\n<meta name=\"twitter:label1\" content=\"Escrito por\" \/>\n\t<meta name=\"twitter:data1\" content=\"Reda\u00e7\u00e3o Portal MF\" \/>\n\t<meta name=\"twitter:label2\" content=\"Est. tempo de leitura\" \/>\n\t<meta name=\"twitter:data2\" content=\"2 minutos\" \/>\n<script type=\"application\/ld+json\" class=\"yoast-schema-graph\">{\"@context\":\"https:\/\/schema.org\",\"@graph\":[{\"@type\":\"WebPage\",\"@id\":\"https:\/\/portalmf.com.br\/index.php\/2024\/08\/23\/carlos-medeiros-revela-estrategia-apos-ficara-fora-da-propaganda-eleitoral-no-radio-e-tv\/\",\"url\":\"https:\/\/portalmf.com.br\/index.php\/2024\/08\/23\/carlos-medeiros-revela-estrategia-apos-ficara-fora-da-propaganda-eleitoral-no-radio-e-tv\/\",\"name\":\"Carlos Medeiros revela estrat\u00e9gia ap\u00f3s ficar\u00e1 fora da propaganda eleitoral no r\u00e1dio e TV - Portal MF\",\"isPartOf\":{\"@id\":\"https:\/\/portalmf.com.br\/#website\"},\"primaryImageOfPage\":{\"@id\":\"https:\/\/portalmf.com.br\/index.php\/2024\/08\/23\/carlos-medeiros-revela-estrategia-apos-ficara-fora-da-propaganda-eleitoral-no-radio-e-tv\/#primaryimage\"},\"image\":{\"@id\":\"https:\/\/portalmf.com.br\/index.php\/2024\/08\/23\/carlos-medeiros-revela-estrategia-apos-ficara-fora-da-propaganda-eleitoral-no-radio-e-tv\/#primaryimage\"},\"thumbnailUrl\":\"https:\/\/portalmf.com.br\/wp-content\/uploads\/2024\/08\/Carlos-Medeiros.jpeg\",\"datePublished\":\"2024-08-23T17:54:42+00:00\",\"dateModified\":\"2024-08-23T17:54:43+00:00\",\"author\":{\"@id\":\"https:\/\/portalmf.com.br\/#\/schema\/person\/9ec101baf56233e53520c26de5d6f6f0\"},\"breadcrumb\":{\"@id\":\"https:\/\/portalmf.com.br\/index.php\/2024\/08\/23\/carlos-medeiros-revela-estrategia-apos-ficara-fora-da-propaganda-eleitoral-no-radio-e-tv\/#breadcrumb\"},\"inLanguage\":\"pt-BR\",\"potentialAction\":[{\"@type\":\"ReadAction\",\"target\":[\"https:\/\/portalmf.com.br\/index.php\/2024\/08\/23\/carlos-medeiros-revela-estrategia-apos-ficara-fora-da-propaganda-eleitoral-no-radio-e-tv\/\"]}]},{\"@type\":\"ImageObject\",\"inLanguage\":\"pt-BR\",\"@id\":\"https:\/\/portalmf.com.br\/index.php\/2024\/08\/23\/carlos-medeiros-revela-estrategia-apos-ficara-fora-da-propaganda-eleitoral-no-radio-e-tv\/#primaryimage\",\"url\":\"https:\/\/portalmf.com.br\/wp-content\/uploads\/2024\/08\/Carlos-Medeiros.jpeg\",\"contentUrl\":\"https:\/\/portalmf.com.br\/wp-content\/uploads\/2024\/08\/Carlos-Medeiros.jpeg\",\"width\":800,\"height\":623},{\"@type\":\"BreadcrumbList\",\"@id\":\"https:\/\/portalmf.com.br\/index.php\/2024\/08\/23\/carlos-medeiros-revela-estrategia-apos-ficara-fora-da-propaganda-eleitoral-no-radio-e-tv\/#breadcrumb\",\"itemListElement\":[{\"@type\":\"ListItem\",\"position\":1,\"name\":\"In\u00edcio\",\"item\":\"https:\/\/portalmf.com.br\/\"},{\"@type\":\"ListItem\",\"position\":2,\"name\":\"Carlos Medeiros revela estrat\u00e9gia ap\u00f3s ficar\u00e1 fora da propaganda eleitoral no r\u00e1dio e TV\"}]},{\"@type\":\"WebSite\",\"@id\":\"https:\/\/portalmf.com.br\/#website\",\"url\":\"https:\/\/portalmf.com.br\/\",\"name\":\"Portal MF\",\"description\":\"Voc\u00ea conectado com a informa\u00e7\u00e3o\",\"potentialAction\":[{\"@type\":\"SearchAction\",\"target\":{\"@type\":\"EntryPoint\",\"urlTemplate\":\"https:\/\/portalmf.com.br\/?s={search_term_string}\"},\"query-input\":\"required name=search_term_string\"}],\"inLanguage\":\"pt-BR\"},{\"@type\":\"Person\",\"@id\":\"https:\/\/portalmf.com.br\/#\/schema\/person\/9ec101baf56233e53520c26de5d6f6f0\",\"name\":\"Reda\u00e7\u00e3o Portal MF\",\"image\":{\"@type\":\"ImageObject\",\"inLanguage\":\"pt-BR\",\"@id\":\"https:\/\/portalmf.com.br\/#\/schema\/person\/image\/\",\"url\":\"https:\/\/secure.gravatar.com\/avatar\/41b9aaeb2100835f7c64362330f74c7f?s=96&d=mm&r=g\",\"contentUrl\":\"https:\/\/secure.gravatar.com\/avatar\/41b9aaeb2100835f7c64362330f74c7f?s=96&d=mm&r=g\",\"caption\":\"Reda\u00e7\u00e3o Portal MF\"},\"description\":\"Sejam bem-vindos o portal de informa\u00e7\u00f5es de entretenimento de Feira de Santana, desde 2006 realiza coberturas dos principais eventos com entrevistas exclusivas com as principais personalidades mundiais. Fique conectado tamb\u00e9m nas redes sociais.\",\"sameAs\":[\"http:\/\/www.portalmf.com.br\/\",\"https:\/\/www.facebook.com\/portalmfoficial\",\"https:\/\/www.instagram.com\/portalmf\/\",\"https:\/\/x.com\/https:\/\/x.com\/portalmfoficial\",\"https:\/\/www.youtube.com\/@portalmfoficial\"],\"url\":\"https:\/\/portalmf.com.br\/index.php\/author\/junior\/\"}]}<\/script>\n<!-- \/ Yoast SEO plugin. -->","yoast_head_json":{"title":"Carlos Medeiros revela estrat\u00e9gia ap\u00f3s ficar\u00e1 fora da propaganda eleitoral no r\u00e1dio e TV - Portal MF","robots":{"index":"index","follow":"follow","max-snippet":"max-snippet:-1","max-image-preview":"max-image-preview:large","max-video-preview":"max-video-preview:-1"},"canonical":"https:\/\/portalmf.com.br\/index.php\/2024\/08\/23\/carlos-medeiros-revela-estrategia-apos-ficara-fora-da-propaganda-eleitoral-no-radio-e-tv\/","og_locale":"pt_BR","og_type":"article","og_title":"Carlos Medeiros revela estrat\u00e9gia ap\u00f3s ficar\u00e1 fora da propaganda eleitoral no r\u00e1dio e TV - Portal MF","og_description":"Ap\u00f3s confirma\u00e7\u00e3o do TRE &#8211; Tribunal Regional Eleitoral &#8211; de que o candidato a prefeito de Feira de Santana, Carlos Medeiros (Novo), n\u00e3o ter\u00e1 tempo na propaganda eleitoral gratuita no r\u00e1dio e na televis\u00e3o, ele destacou que seguir\u00e1 firme na campanha, refor\u00e7ando a divulga\u00e7\u00e3o das propostas nas redes sociais. Al\u00e9m disso, Carlos segue na campanha [&hellip;]","og_url":"https:\/\/portalmf.com.br\/index.php\/2024\/08\/23\/carlos-medeiros-revela-estrategia-apos-ficara-fora-da-propaganda-eleitoral-no-radio-e-tv\/","og_site_name":"Portal MF","article_author":"https:\/\/www.facebook.com\/portalmfoficial","article_published_time":"2024-08-23T17:54:42+00:00","article_modified_time":"2024-08-23T17:54:43+00:00","og_image":[{"width":800,"height":623,"url":"https:\/\/portalmf.com.br\/wp-content\/uploads\/2024\/08\/Carlos-Medeiros.jpeg","type":"image\/jpeg"}],"author":"Reda\u00e7\u00e3o Portal MF","twitter_card":"summary_large_image","twitter_creator":"@https:\/\/x.com\/portalmfoficial","twitter_misc":{"Escrito por":"Reda\u00e7\u00e3o Portal MF","Est. tempo de leitura":"2 minutos"},"schema":{"@context":"https:\/\/schema.org","@graph":[{"@type":"WebPage","@id":"https:\/\/portalmf.com.br\/index.php\/2024\/08\/23\/carlos-medeiros-revela-estrategia-apos-ficara-fora-da-propaganda-eleitoral-no-radio-e-tv\/","url":"https:\/\/portalmf.com.br\/index.php\/2024\/08\/23\/carlos-medeiros-revela-estrategia-apos-ficara-fora-da-propaganda-eleitoral-no-radio-e-tv\/","name":"Carlos Medeiros revela estrat\u00e9gia ap\u00f3s ficar\u00e1 fora da propaganda eleitoral no r\u00e1dio e TV - Portal MF","isPartOf":{"@id":"https:\/\/portalmf.com.br\/#website"},"primaryImageOfPage":{"@id":"https:\/\/portalmf.com.br\/index.php\/2024\/08\/23\/carlos-medeiros-revela-estrategia-apos-ficara-fora-da-propaganda-eleitoral-no-radio-e-tv\/#primaryimage"},"image":{"@id":"https:\/\/portalmf.com.br\/index.php\/2024\/08\/23\/carlos-medeiros-revela-estrategia-apos-ficara-fora-da-propaganda-eleitoral-no-radio-e-tv\/#primaryimage"},"thumbnailUrl":"https:\/\/portalmf.com.br\/wp-content\/uploads\/2024\/08\/Carlos-Medeiros.jpeg","datePublished":"2024-08-23T17:54:42+00:00","dateModified":"2024-08-23T17:54:43+00:00","author":{"@id":"https:\/\/portalmf.com.br\/#\/schema\/person\/9ec101baf56233e53520c26de5d6f6f0"},"breadcrumb":{"@id":"https:\/\/portalmf.com.br\/index.php\/2024\/08\/23\/carlos-medeiros-revela-estrategia-apos-ficara-fora-da-propaganda-eleitoral-no-radio-e-tv\/#breadcrumb"},"inLanguage":"pt-BR","potentialAction":[{"@type":"ReadAction","target":["https:\/\/portalmf.com.br\/index.php\/2024\/08\/23\/carlos-medeiros-revela-estrategia-apos-ficara-fora-da-propaganda-eleitoral-no-radio-e-tv\/"]}]},{"@type":"ImageObject","inLanguage":"pt-BR","@id":"https:\/\/portalmf.com.br\/index.php\/2024\/08\/23\/carlos-medeiros-revela-estrategia-apos-ficara-fora-da-propaganda-eleitoral-no-radio-e-tv\/#primaryimage","url":"https:\/\/portalmf.com.br\/wp-content\/uploads\/2024\/08\/Carlos-Medeiros.jpeg","contentUrl":"https:\/\/portalmf.com.br\/wp-content\/uploads\/2024\/08\/Carlos-Medeiros.jpeg","width":800,"height":623},{"@type":"BreadcrumbList","@id":"https:\/\/portalmf.com.br\/index.php\/2024\/08\/23\/carlos-medeiros-revela-estrategia-apos-ficara-fora-da-propaganda-eleitoral-no-radio-e-tv\/#breadcrumb","itemListElement":[{"@type":"ListItem","position":1,"name":"In\u00edcio","item":"https:\/\/portalmf.com.br\/"},{"@type":"ListItem","position":2,"name":"Carlos Medeiros revela estrat\u00e9gia ap\u00f3s ficar\u00e1 fora da propaganda eleitoral no r\u00e1dio e TV"}]},{"@type":"WebSite","@id":"https:\/\/portalmf.com.br\/#website","url":"https:\/\/portalmf.com.br\/","name":"Portal MF","description":"Voc\u00ea conectado com a informa\u00e7\u00e3o","potentialAction":[{"@type":"SearchAction","target":{"@type":"EntryPoint","urlTemplate":"https:\/\/portalmf.com.br\/?s={search_term_string}"},"query-input":"required name=search_term_string"}],"inLanguage":"pt-BR"},{"@type":"Person","@id":"https:\/\/portalmf.com.br\/#\/schema\/person\/9ec101baf56233e53520c26de5d6f6f0","name":"Reda\u00e7\u00e3o Portal MF","image":{"@type":"ImageObject","inLanguage":"pt-BR","@id":"https:\/\/portalmf.com.br\/#\/schema\/person\/image\/","url":"https:\/\/secure.gravatar.com\/avatar\/41b9aaeb2100835f7c64362330f74c7f?s=96&d=mm&r=g","contentUrl":"https:\/\/secure.gravatar.com\/avatar\/41b9aaeb2100835f7c64362330f74c7f?s=96&d=mm&r=g","caption":"Reda\u00e7\u00e3o Portal MF"},"description":"Sejam bem-vindos o portal de informa\u00e7\u00f5es de entretenimento de Feira de Santana, desde 2006 realiza coberturas dos principais eventos com entrevistas exclusivas com as principais personalidades mundiais. Fique conectado tamb\u00e9m nas redes sociais.","sameAs":["http:\/\/www.portalmf.com.br\/","https:\/\/www.facebook.com\/portalmfoficial","https:\/\/www.instagram.com\/portalmf\/","https:\/\/x.com\/https:\/\/x.com\/portalmfoficial","https:\/\/www.youtube.com\/@portalmfoficial"],"url":"https:\/\/portalmf.com.br\/index.php\/author\/junior\/"}]}},"_links":{"self":[{"href":"https:\/\/portalmf.com.br\/index.php\/wp-json\/wp\/v2\/posts\/29059"}],"collection":[{"href":"https:\/\/portalmf.com.br\/index.php\/wp-json\/wp\/v2\/posts"}],"about":[{"href":"https:\/\/portalmf.com.br\/index.php\/wp-json\/wp\/v2\/types\/post"}],"author":[{"embeddable":true,"href":"https:\/\/portalmf.com.br\/index.php\/wp-json\/wp\/v2\/users\/3"}],"replies":[{"embeddable":true,"href":"https:\/\/portalmf.com.br\/index.php\/wp-json\/wp\/v2\/comments?post=29059"}],"version-history":[{"count":1,"href":"https:\/\/portalmf.com.br\/index.php\/wp-json\/wp\/v2\/posts\/29059\/revisions"}],"predecessor-version":[{"id":29061,"href":"https:\/\/portalmf.com.br\/index.php\/wp-json\/wp\/v2\/posts\/29059\/revisions\/29061"}],"wp:featuredmedia":[{"embeddable":true,"href":"https:\/\/portalmf.com.br\/index.php\/wp-json\/wp\/v2\/media\/29060"}],"wp:attachment":[{"href":"https:\/\/portalmf.com.br\/index.php\/wp-json\/wp\/v2\/media?parent=29059"}],"wp:term":[{"taxonomy":"category","embeddable":true,"href":"https:\/\/portalmf.com.br\/index.php\/wp-json\/wp\/v2\/categories?post=29059"},{"taxonomy":"post_tag","embeddable":true,"href":"https:\/\/portalmf.com.br\/index.php\/wp-json\/wp\/v2\/tags?post=29059"}],"curies":[{"name":"wp","href":"https:\/\/api.w.org\/{rel}","templated":true}]}}