{"id":29050,"date":"2024-08-23T14:37:35","date_gmt":"2024-08-23T17:37:35","guid":{"rendered":"https:\/\/portalmf.com.br\/?p=29050"},"modified":"2024-08-23T14:37:36","modified_gmt":"2024-08-23T17:37:36","slug":"jose-ronaldo-reafirma-compromisso-de-expansao-de-obras-e-servicos-no-nova-esperanca","status":"publish","type":"post","link":"https:\/\/portalmf.com.br\/index.php\/2024\/08\/23\/jose-ronaldo-reafirma-compromisso-de-expansao-de-obras-e-servicos-no-nova-esperanca\/","title":{"rendered":"Jos\u00e9 Ronaldo reafirma compromisso de expans\u00e3o de obras e servi\u00e7os no Nova Esperan\u00e7a"},"content":{"rendered":"\n<p>Na noite ontem (21), o candidato a prefeito Jos\u00e9 Ronaldo (Uni\u00e3o Brasil) foi recebido pelos moradores do bairro Nova Esperan\u00e7a, durante caminhada pelas ruas do local. O encontro demonstrou a confian\u00e7a da comunidade em sua promessa de continuar ampliando a oferta de obras e servi\u00e7os na regi\u00e3o.<\/p>\n\n\n\n<p>Ao lado do candidato a vice-prefeito Pablo Roberto (PSDB), do deputado estadual Jos\u00e9 de Arimat\u00e9ia e de diversos candidatos a vereador, Jos\u00e9 Ronaldo percorreu as ruas do bairro, muitas das quais foram pavimentadas durante suas gest\u00f5es anteriores.<\/p>\n\n\n\n<p>A caminhada pelo Nova Esperan\u00e7a foi marcada por momentos de proximidade com a popula\u00e7\u00e3o, que expressou seu apoio por meio de sorrisos, abra\u00e7os e apertos de m\u00e3o, refor\u00e7ando o desejo de ver o l\u00edder pol\u00edtico novamente \u00e0 frente das transforma\u00e7\u00f5es que a cidade vem tendo ao longo dos \u00faltimos anos.<\/p>\n\n\n\n<p><em>&#8220;Sendo a vontade do povo, na minha pr\u00f3xima gest\u00e3o continuaremos a trazer melhorias para esta comunidade. J\u00e1 realizamos diversas obras aqui e faremos muito mais, pois temos um compromisso especial com esta \u00e1rea da cidade&#8221;<\/em>, assegurou Jos\u00e9 Ronaldo.<\/p>\n","protected":false},"excerpt":{"rendered":"<p>Na noite ontem (21), o candidato a prefeito Jos\u00e9 Ronaldo (Uni\u00e3o Brasil) foi recebido pelos moradores do bairro Nova Esperan\u00e7a, durante caminhada pelas ruas do local. O encontro demonstrou a confian\u00e7a da comunidade em sua promessa de continuar ampliando a oferta de obras e servi\u00e7os na regi\u00e3o. Ao lado do candidato a vice-prefeito Pablo Roberto [&hellip;]<\/p>\n","protected":false},"author":3,"featured_media":29051,"comment_status":"open","ping_status":"open","sticky":false,"template":"","format":"standard","meta":{"_monsterinsights_skip_tracking":false,"_monsterinsights_sitenote_active":false,"_monsterinsights_sitenote_note":"","_monsterinsights_sitenote_category":0,"footnotes":""},"categories":[301,34],"tags":[],"yoast_head":"<!-- This site is optimized with the Yoast SEO plugin v22.9 - https:\/\/yoast.com\/wordpress\/plugins\/seo\/ -->\n<title>Jos\u00e9 Ronaldo reafirma compromisso de expans\u00e3o de obras e servi\u00e7os no Nova Esperan\u00e7a - Portal MF<\/title>\n<meta name=\"robots\" content=\"index, follow, max-snippet:-1, max-image-preview:large, max-video-preview:-1\" \/>\n<link rel=\"canonical\" href=\"https:\/\/portalmf.com.br\/index.php\/2024\/08\/23\/jose-ronaldo-reafirma-compromisso-de-expansao-de-obras-e-servicos-no-nova-esperanca\/\" \/>\n<meta property=\"og:locale\" content=\"pt_BR\" \/>\n<meta property=\"og:type\" content=\"article\" \/>\n<meta property=\"og:title\" content=\"Jos\u00e9 Ronaldo reafirma compromisso de expans\u00e3o de obras e servi\u00e7os no Nova Esperan\u00e7a - Portal MF\" \/>\n<meta property=\"og:description\" content=\"Na noite ontem (21), o candidato a prefeito Jos\u00e9 Ronaldo (Uni\u00e3o Brasil) foi recebido pelos moradores do bairro Nova Esperan\u00e7a, durante caminhada pelas ruas do local. O encontro demonstrou a confian\u00e7a da comunidade em sua promessa de continuar ampliando a oferta de obras e servi\u00e7os na regi\u00e3o. Ao lado do candidato a vice-prefeito Pablo Roberto [&hellip;]\" \/>\n<meta property=\"og:url\" content=\"https:\/\/portalmf.com.br\/index.php\/2024\/08\/23\/jose-ronaldo-reafirma-compromisso-de-expansao-de-obras-e-servicos-no-nova-esperanca\/\" \/>\n<meta property=\"og:site_name\" content=\"Portal MF\" \/>\n<meta property=\"article:author\" content=\"https:\/\/www.facebook.com\/portalmfoficial\" \/>\n<meta property=\"article:published_time\" content=\"2024-08-23T17:37:35+00:00\" \/>\n<meta property=\"article:modified_time\" content=\"2024-08-23T17:37:36+00:00\" \/>\n<meta property=\"og:image\" content=\"https:\/\/portalmf.com.br\/wp-content\/uploads\/2024\/08\/WhatsApp-Image-2024-08-22-at-19.10.52.jpeg\" \/>\n\t<meta property=\"og:image:width\" content=\"1299\" \/>\n\t<meta property=\"og:image:height\" content=\"866\" \/>\n\t<meta property=\"og:image:type\" content=\"image\/jpeg\" \/>\n<meta name=\"author\" content=\"Reda\u00e7\u00e3o Portal MF\" \/>\n<meta name=\"twitter:card\" content=\"summary_large_image\" \/>\n<meta name=\"twitter:creator\" content=\"@https:\/\/x.com\/portalmfoficial\" \/>\n<meta name=\"twitter:label1\" content=\"Escrito por\" \/>\n\t<meta name=\"twitter:data1\" content=\"Reda\u00e7\u00e3o Portal MF\" \/>\n\t<meta name=\"twitter:label2\" content=\"Est. tempo de leitura\" \/>\n\t<meta name=\"twitter:data2\" content=\"2 minutos\" \/>\n<script type=\"application\/ld+json\" class=\"yoast-schema-graph\">{\"@context\":\"https:\/\/schema.org\",\"@graph\":[{\"@type\":\"WebPage\",\"@id\":\"https:\/\/portalmf.com.br\/index.php\/2024\/08\/23\/jose-ronaldo-reafirma-compromisso-de-expansao-de-obras-e-servicos-no-nova-esperanca\/\",\"url\":\"https:\/\/portalmf.com.br\/index.php\/2024\/08\/23\/jose-ronaldo-reafirma-compromisso-de-expansao-de-obras-e-servicos-no-nova-esperanca\/\",\"name\":\"Jos\u00e9 Ronaldo reafirma compromisso de expans\u00e3o de obras e servi\u00e7os no Nova Esperan\u00e7a - Portal MF\",\"isPartOf\":{\"@id\":\"https:\/\/portalmf.com.br\/#website\"},\"primaryImageOfPage\":{\"@id\":\"https:\/\/portalmf.com.br\/index.php\/2024\/08\/23\/jose-ronaldo-reafirma-compromisso-de-expansao-de-obras-e-servicos-no-nova-esperanca\/#primaryimage\"},\"image\":{\"@id\":\"https:\/\/portalmf.com.br\/index.php\/2024\/08\/23\/jose-ronaldo-reafirma-compromisso-de-expansao-de-obras-e-servicos-no-nova-esperanca\/#primaryimage\"},\"thumbnailUrl\":\"https:\/\/portalmf.com.br\/wp-content\/uploads\/2024\/08\/WhatsApp-Image-2024-08-22-at-19.10.52.jpeg\",\"datePublished\":\"2024-08-23T17:37:35+00:00\",\"dateModified\":\"2024-08-23T17:37:36+00:00\",\"author\":{\"@id\":\"https:\/\/portalmf.com.br\/#\/schema\/person\/9ec101baf56233e53520c26de5d6f6f0\"},\"breadcrumb\":{\"@id\":\"https:\/\/portalmf.com.br\/index.php\/2024\/08\/23\/jose-ronaldo-reafirma-compromisso-de-expansao-de-obras-e-servicos-no-nova-esperanca\/#breadcrumb\"},\"inLanguage\":\"pt-BR\",\"potentialAction\":[{\"@type\":\"ReadAction\",\"target\":[\"https:\/\/portalmf.com.br\/index.php\/2024\/08\/23\/jose-ronaldo-reafirma-compromisso-de-expansao-de-obras-e-servicos-no-nova-esperanca\/\"]}]},{\"@type\":\"ImageObject\",\"inLanguage\":\"pt-BR\",\"@id\":\"https:\/\/portalmf.com.br\/index.php\/2024\/08\/23\/jose-ronaldo-reafirma-compromisso-de-expansao-de-obras-e-servicos-no-nova-esperanca\/#primaryimage\",\"url\":\"https:\/\/portalmf.com.br\/wp-content\/uploads\/2024\/08\/WhatsApp-Image-2024-08-22-at-19.10.52.jpeg\",\"contentUrl\":\"https:\/\/portalmf.com.br\/wp-content\/uploads\/2024\/08\/WhatsApp-Image-2024-08-22-at-19.10.52.jpeg\",\"width\":1299,\"height\":866},{\"@type\":\"BreadcrumbList\",\"@id\":\"https:\/\/portalmf.com.br\/index.php\/2024\/08\/23\/jose-ronaldo-reafirma-compromisso-de-expansao-de-obras-e-servicos-no-nova-esperanca\/#breadcrumb\",\"itemListElement\":[{\"@type\":\"ListItem\",\"position\":1,\"name\":\"In\u00edcio\",\"item\":\"https:\/\/portalmf.com.br\/\"},{\"@type\":\"ListItem\",\"position\":2,\"name\":\"Jos\u00e9 Ronaldo reafirma compromisso de expans\u00e3o de obras e servi\u00e7os no Nova Esperan\u00e7a\"}]},{\"@type\":\"WebSite\",\"@id\":\"https:\/\/portalmf.com.br\/#website\",\"url\":\"https:\/\/portalmf.com.br\/\",\"name\":\"Portal MF\",\"description\":\"Voc\u00ea conectado com a informa\u00e7\u00e3o\",\"potentialAction\":[{\"@type\":\"SearchAction\",\"target\":{\"@type\":\"EntryPoint\",\"urlTemplate\":\"https:\/\/portalmf.com.br\/?s={search_term_string}\"},\"query-input\":\"required name=search_term_string\"}],\"inLanguage\":\"pt-BR\"},{\"@type\":\"Person\",\"@id\":\"https:\/\/portalmf.com.br\/#\/schema\/person\/9ec101baf56233e53520c26de5d6f6f0\",\"name\":\"Reda\u00e7\u00e3o Portal MF\",\"image\":{\"@type\":\"ImageObject\",\"inLanguage\":\"pt-BR\",\"@id\":\"https:\/\/portalmf.com.br\/#\/schema\/person\/image\/\",\"url\":\"https:\/\/secure.gravatar.com\/avatar\/41b9aaeb2100835f7c64362330f74c7f?s=96&d=mm&r=g\",\"contentUrl\":\"https:\/\/secure.gravatar.com\/avatar\/41b9aaeb2100835f7c64362330f74c7f?s=96&d=mm&r=g\",\"caption\":\"Reda\u00e7\u00e3o Portal MF\"},\"description\":\"Sejam bem-vindos o portal de informa\u00e7\u00f5es de entretenimento de Feira de Santana, desde 2006 realiza coberturas dos principais eventos com entrevistas exclusivas com as principais personalidades mundiais. Fique conectado tamb\u00e9m nas redes sociais.\",\"sameAs\":[\"http:\/\/www.portalmf.com.br\/\",\"https:\/\/www.facebook.com\/portalmfoficial\",\"https:\/\/www.instagram.com\/portalmf\/\",\"https:\/\/x.com\/https:\/\/x.com\/portalmfoficial\",\"https:\/\/www.youtube.com\/@portalmfoficial\"],\"url\":\"https:\/\/portalmf.com.br\/index.php\/author\/junior\/\"}]}<\/script>\n<!-- \/ Yoast SEO plugin. -->","yoast_head_json":{"title":"Jos\u00e9 Ronaldo reafirma compromisso de expans\u00e3o de obras e servi\u00e7os no Nova Esperan\u00e7a - Portal MF","robots":{"index":"index","follow":"follow","max-snippet":"max-snippet:-1","max-image-preview":"max-image-preview:large","max-video-preview":"max-video-preview:-1"},"canonical":"https:\/\/portalmf.com.br\/index.php\/2024\/08\/23\/jose-ronaldo-reafirma-compromisso-de-expansao-de-obras-e-servicos-no-nova-esperanca\/","og_locale":"pt_BR","og_type":"article","og_title":"Jos\u00e9 Ronaldo reafirma compromisso de expans\u00e3o de obras e servi\u00e7os no Nova Esperan\u00e7a - Portal MF","og_description":"Na noite ontem (21), o candidato a prefeito Jos\u00e9 Ronaldo (Uni\u00e3o Brasil) foi recebido pelos moradores do bairro Nova Esperan\u00e7a, durante caminhada pelas ruas do local. O encontro demonstrou a confian\u00e7a da comunidade em sua promessa de continuar ampliando a oferta de obras e servi\u00e7os na regi\u00e3o. Ao lado do candidato a vice-prefeito Pablo Roberto [&hellip;]","og_url":"https:\/\/portalmf.com.br\/index.php\/2024\/08\/23\/jose-ronaldo-reafirma-compromisso-de-expansao-de-obras-e-servicos-no-nova-esperanca\/","og_site_name":"Portal MF","article_author":"https:\/\/www.facebook.com\/portalmfoficial","article_published_time":"2024-08-23T17:37:35+00:00","article_modified_time":"2024-08-23T17:37:36+00:00","og_image":[{"width":1299,"height":866,"url":"https:\/\/portalmf.com.br\/wp-content\/uploads\/2024\/08\/WhatsApp-Image-2024-08-22-at-19.10.52.jpeg","type":"image\/jpeg"}],"author":"Reda\u00e7\u00e3o Portal MF","twitter_card":"summary_large_image","twitter_creator":"@https:\/\/x.com\/portalmfoficial","twitter_misc":{"Escrito por":"Reda\u00e7\u00e3o Portal MF","Est. tempo de leitura":"2 minutos"},"schema":{"@context":"https:\/\/schema.org","@graph":[{"@type":"WebPage","@id":"https:\/\/portalmf.com.br\/index.php\/2024\/08\/23\/jose-ronaldo-reafirma-compromisso-de-expansao-de-obras-e-servicos-no-nova-esperanca\/","url":"https:\/\/portalmf.com.br\/index.php\/2024\/08\/23\/jose-ronaldo-reafirma-compromisso-de-expansao-de-obras-e-servicos-no-nova-esperanca\/","name":"Jos\u00e9 Ronaldo reafirma compromisso de expans\u00e3o de obras e servi\u00e7os no Nova Esperan\u00e7a - Portal MF","isPartOf":{"@id":"https:\/\/portalmf.com.br\/#website"},"primaryImageOfPage":{"@id":"https:\/\/portalmf.com.br\/index.php\/2024\/08\/23\/jose-ronaldo-reafirma-compromisso-de-expansao-de-obras-e-servicos-no-nova-esperanca\/#primaryimage"},"image":{"@id":"https:\/\/portalmf.com.br\/index.php\/2024\/08\/23\/jose-ronaldo-reafirma-compromisso-de-expansao-de-obras-e-servicos-no-nova-esperanca\/#primaryimage"},"thumbnailUrl":"https:\/\/portalmf.com.br\/wp-content\/uploads\/2024\/08\/WhatsApp-Image-2024-08-22-at-19.10.52.jpeg","datePublished":"2024-08-23T17:37:35+00:00","dateModified":"2024-08-23T17:37:36+00:00","author":{"@id":"https:\/\/portalmf.com.br\/#\/schema\/person\/9ec101baf56233e53520c26de5d6f6f0"},"breadcrumb":{"@id":"https:\/\/portalmf.com.br\/index.php\/2024\/08\/23\/jose-ronaldo-reafirma-compromisso-de-expansao-de-obras-e-servicos-no-nova-esperanca\/#breadcrumb"},"inLanguage":"pt-BR","potentialAction":[{"@type":"ReadAction","target":["https:\/\/portalmf.com.br\/index.php\/2024\/08\/23\/jose-ronaldo-reafirma-compromisso-de-expansao-de-obras-e-servicos-no-nova-esperanca\/"]}]},{"@type":"ImageObject","inLanguage":"pt-BR","@id":"https:\/\/portalmf.com.br\/index.php\/2024\/08\/23\/jose-ronaldo-reafirma-compromisso-de-expansao-de-obras-e-servicos-no-nova-esperanca\/#primaryimage","url":"https:\/\/portalmf.com.br\/wp-content\/uploads\/2024\/08\/WhatsApp-Image-2024-08-22-at-19.10.52.jpeg","contentUrl":"https:\/\/portalmf.com.br\/wp-content\/uploads\/2024\/08\/WhatsApp-Image-2024-08-22-at-19.10.52.jpeg","width":1299,"height":866},{"@type":"BreadcrumbList","@id":"https:\/\/portalmf.com.br\/index.php\/2024\/08\/23\/jose-ronaldo-reafirma-compromisso-de-expansao-de-obras-e-servicos-no-nova-esperanca\/#breadcrumb","itemListElement":[{"@type":"ListItem","position":1,"name":"In\u00edcio","item":"https:\/\/portalmf.com.br\/"},{"@type":"ListItem","position":2,"name":"Jos\u00e9 Ronaldo reafirma compromisso de expans\u00e3o de obras e servi\u00e7os no Nova Esperan\u00e7a"}]},{"@type":"WebSite","@id":"https:\/\/portalmf.com.br\/#website","url":"https:\/\/portalmf.com.br\/","name":"Portal MF","description":"Voc\u00ea conectado com a informa\u00e7\u00e3o","potentialAction":[{"@type":"SearchAction","target":{"@type":"EntryPoint","urlTemplate":"https:\/\/portalmf.com.br\/?s={search_term_string}"},"query-input":"required name=search_term_string"}],"inLanguage":"pt-BR"},{"@type":"Person","@id":"https:\/\/portalmf.com.br\/#\/schema\/person\/9ec101baf56233e53520c26de5d6f6f0","name":"Reda\u00e7\u00e3o Portal MF","image":{"@type":"ImageObject","inLanguage":"pt-BR","@id":"https:\/\/portalmf.com.br\/#\/schema\/person\/image\/","url":"https:\/\/secure.gravatar.com\/avatar\/41b9aaeb2100835f7c64362330f74c7f?s=96&d=mm&r=g","contentUrl":"https:\/\/secure.gravatar.com\/avatar\/41b9aaeb2100835f7c64362330f74c7f?s=96&d=mm&r=g","caption":"Reda\u00e7\u00e3o Portal MF"},"description":"Sejam bem-vindos o portal de informa\u00e7\u00f5es de entretenimento de Feira de Santana, desde 2006 realiza coberturas dos principais eventos com entrevistas exclusivas com as principais personalidades mundiais. Fique conectado tamb\u00e9m nas redes sociais.","sameAs":["http:\/\/www.portalmf.com.br\/","https:\/\/www.facebook.com\/portalmfoficial","https:\/\/www.instagram.com\/portalmf\/","https:\/\/x.com\/https:\/\/x.com\/portalmfoficial","https:\/\/www.youtube.com\/@portalmfoficial"],"url":"https:\/\/portalmf.com.br\/index.php\/author\/junior\/"}]}},"_links":{"self":[{"href":"https:\/\/portalmf.com.br\/index.php\/wp-json\/wp\/v2\/posts\/29050"}],"collection":[{"href":"https:\/\/portalmf.com.br\/index.php\/wp-json\/wp\/v2\/posts"}],"about":[{"href":"https:\/\/portalmf.com.br\/index.php\/wp-json\/wp\/v2\/types\/post"}],"author":[{"embeddable":true,"href":"https:\/\/portalmf.com.br\/index.php\/wp-json\/wp\/v2\/users\/3"}],"replies":[{"embeddable":true,"href":"https:\/\/portalmf.com.br\/index.php\/wp-json\/wp\/v2\/comments?post=29050"}],"version-history":[{"count":1,"href":"https:\/\/portalmf.com.br\/index.php\/wp-json\/wp\/v2\/posts\/29050\/revisions"}],"predecessor-version":[{"id":29052,"href":"https:\/\/portalmf.com.br\/index.php\/wp-json\/wp\/v2\/posts\/29050\/revisions\/29052"}],"wp:featuredmedia":[{"embeddable":true,"href":"https:\/\/portalmf.com.br\/index.php\/wp-json\/wp\/v2\/media\/29051"}],"wp:attachment":[{"href":"https:\/\/portalmf.com.br\/index.php\/wp-json\/wp\/v2\/media?parent=29050"}],"wp:term":[{"taxonomy":"category","embeddable":true,"href":"https:\/\/portalmf.com.br\/index.php\/wp-json\/wp\/v2\/categories?post=29050"},{"taxonomy":"post_tag","embeddable":true,"href":"https:\/\/portalmf.com.br\/index.php\/wp-json\/wp\/v2\/tags?post=29050"}],"curies":[{"name":"wp","href":"https:\/\/api.w.org\/{rel}","templated":true}]}}