{"id":29046,"date":"2024-08-23T14:33:49","date_gmt":"2024-08-23T17:33:49","guid":{"rendered":"https:\/\/portalmf.com.br\/?p=29046"},"modified":"2024-08-23T14:33:51","modified_gmt":"2024-08-23T17:33:51","slug":"ze-ronaldo-precisa-explicar-caos-nas-policlinicas-afirma-coordenador-da-campanha-de-ze-neto","status":"publish","type":"post","link":"https:\/\/portalmf.com.br\/index.php\/2024\/08\/23\/ze-ronaldo-precisa-explicar-caos-nas-policlinicas-afirma-coordenador-da-campanha-de-ze-neto\/","title":{"rendered":"&#8220;Z\u00e9 Ronaldo precisa explicar caos nas policl\u00ednicas&#8221;, afirma coordenador da campanha de Z\u00e9 Neto"},"content":{"rendered":"\n<p>O coordenador da campanha de Z\u00e9 Neto, Felipe Freitas, cobrou nesta sexta-feira (23) uma posi\u00e7\u00e3o do ex-prefeito Z\u00e9 Ronaldo sobre a crise na sa\u00fade p\u00fablica de Feira de Santana. <\/p>\n\n\n\n<p><em>\u201cO caos nas policl\u00ednicas municipais, especialmente na Policl\u00ednica do Tomba, \u00e9 resultado direto da gest\u00e3o deficiente do grupo pol\u00edtico que governa a cidade h\u00e1 24 anos, do qual Z\u00e9 Ronaldo \u00e9 um dos principais l\u00edderes\u201d<\/em>, avalia o coordenador.<\/p>\n\n\n\n<p>A paralisa\u00e7\u00e3o na Policl\u00ednica do Tomba e a crescente desassist\u00eancia \u00e0 popula\u00e7\u00e3o t\u00eam sido amplamente noticiadas pela imprensa, evidenciando a precariedade dos servi\u00e7os de sa\u00fade sob a administra\u00e7\u00e3o municipal.<\/p>\n\n\n\n<p>Freitas acusa a gest\u00e3o atual de se recusar a negociar com os trabalhadores da sa\u00fade, agravando ainda mais a crise. <\/p>\n\n\n\n<p><em>\u201cO grupo de Z\u00e9 Ronaldo negligenciou a aten\u00e7\u00e3o b\u00e1sica ao longo de anos, o que resultou na atual situa\u00e7\u00e3o cr\u00edtica. O ex-prefeito Z\u00e9 Ronaldo precisa, sim, explicar \u00e0 popula\u00e7\u00e3o sua responsabilidade pelo caos nas policl\u00ednicas do munic\u00edpio,&#8221;<\/em> ressalta Freitas, pontuando ainda que o descaso com a sa\u00fade b\u00e1sica foi um dos fatores que levaram \u00e0 sobrecarga das unidades de emerg\u00eancia.<\/p>\n\n\n\n<p>A expectativa, segundo Freitas, \u00e9 que esse tema seja amplamente discutido durante as elei\u00e7\u00f5es, proporcionando aos eleitores a oportunidade de cobrar explica\u00e7\u00f5es daqueles que estiveram no poder e n\u00e3o conseguiram evitar o colapso na sa\u00fade p\u00fablica municipal. <\/p>\n\n\n\n<p><em>&#8220;A popula\u00e7\u00e3o de Feira de Santana merece respostas claras e diretas&#8221;,<\/em> concluiu o coordenador, destacando a import\u00e2ncia de um debate franco sobre o futuro da sa\u00fade na cidade.<\/p>\n","protected":false},"excerpt":{"rendered":"<p>O coordenador da campanha de Z\u00e9 Neto, Felipe Freitas, cobrou nesta sexta-feira (23) uma posi\u00e7\u00e3o do ex-prefeito Z\u00e9 Ronaldo sobre a crise na sa\u00fade p\u00fablica de Feira de Santana. \u201cO caos nas policl\u00ednicas municipais, especialmente na Policl\u00ednica do Tomba, \u00e9 resultado direto da gest\u00e3o deficiente do grupo pol\u00edtico que governa a cidade h\u00e1 24 anos, [&hellip;]<\/p>\n","protected":false},"author":3,"featured_media":29047,"comment_status":"open","ping_status":"open","sticky":false,"template":"","format":"standard","meta":{"_monsterinsights_skip_tracking":false,"_monsterinsights_sitenote_active":false,"_monsterinsights_sitenote_note":"","_monsterinsights_sitenote_category":0,"footnotes":""},"categories":[301,34],"tags":[],"yoast_head":"<!-- This site is optimized with the Yoast SEO plugin v22.9 - https:\/\/yoast.com\/wordpress\/plugins\/seo\/ -->\n<title>&quot;Z\u00e9 Ronaldo precisa explicar caos nas policl\u00ednicas&quot;, afirma coordenador da campanha de Z\u00e9 Neto - Portal MF<\/title>\n<meta name=\"robots\" content=\"index, follow, max-snippet:-1, max-image-preview:large, max-video-preview:-1\" \/>\n<link rel=\"canonical\" href=\"https:\/\/portalmf.com.br\/index.php\/2024\/08\/23\/ze-ronaldo-precisa-explicar-caos-nas-policlinicas-afirma-coordenador-da-campanha-de-ze-neto\/\" \/>\n<meta property=\"og:locale\" content=\"pt_BR\" \/>\n<meta property=\"og:type\" content=\"article\" \/>\n<meta property=\"og:title\" content=\"&quot;Z\u00e9 Ronaldo precisa explicar caos nas policl\u00ednicas&quot;, afirma coordenador da campanha de Z\u00e9 Neto - Portal MF\" \/>\n<meta property=\"og:description\" content=\"O coordenador da campanha de Z\u00e9 Neto, Felipe Freitas, cobrou nesta sexta-feira (23) uma posi\u00e7\u00e3o do ex-prefeito Z\u00e9 Ronaldo sobre a crise na sa\u00fade p\u00fablica de Feira de Santana. \u201cO caos nas policl\u00ednicas municipais, especialmente na Policl\u00ednica do Tomba, \u00e9 resultado direto da gest\u00e3o deficiente do grupo pol\u00edtico que governa a cidade h\u00e1 24 anos, [&hellip;]\" \/>\n<meta property=\"og:url\" content=\"https:\/\/portalmf.com.br\/index.php\/2024\/08\/23\/ze-ronaldo-precisa-explicar-caos-nas-policlinicas-afirma-coordenador-da-campanha-de-ze-neto\/\" \/>\n<meta property=\"og:site_name\" content=\"Portal MF\" \/>\n<meta property=\"article:author\" content=\"https:\/\/www.facebook.com\/portalmfoficial\" \/>\n<meta property=\"article:published_time\" content=\"2024-08-23T17:33:49+00:00\" \/>\n<meta property=\"article:modified_time\" content=\"2024-08-23T17:33:51+00:00\" \/>\n<meta property=\"og:image\" content=\"https:\/\/portalmf.com.br\/wp-content\/uploads\/2024\/08\/coordenador-da-campanha-de-Ze-Neto-Felipe-Freitas.jpg\" \/>\n\t<meta property=\"og:image:width\" content=\"1280\" \/>\n\t<meta property=\"og:image:height\" content=\"960\" \/>\n\t<meta property=\"og:image:type\" content=\"image\/jpeg\" \/>\n<meta name=\"author\" content=\"Reda\u00e7\u00e3o Portal MF\" \/>\n<meta name=\"twitter:card\" content=\"summary_large_image\" \/>\n<meta name=\"twitter:creator\" content=\"@https:\/\/x.com\/portalmfoficial\" \/>\n<meta name=\"twitter:label1\" content=\"Escrito por\" \/>\n\t<meta name=\"twitter:data1\" content=\"Reda\u00e7\u00e3o Portal MF\" \/>\n\t<meta name=\"twitter:label2\" content=\"Est. tempo de leitura\" \/>\n\t<meta name=\"twitter:data2\" content=\"2 minutos\" \/>\n<script type=\"application\/ld+json\" class=\"yoast-schema-graph\">{\"@context\":\"https:\/\/schema.org\",\"@graph\":[{\"@type\":\"WebPage\",\"@id\":\"https:\/\/portalmf.com.br\/index.php\/2024\/08\/23\/ze-ronaldo-precisa-explicar-caos-nas-policlinicas-afirma-coordenador-da-campanha-de-ze-neto\/\",\"url\":\"https:\/\/portalmf.com.br\/index.php\/2024\/08\/23\/ze-ronaldo-precisa-explicar-caos-nas-policlinicas-afirma-coordenador-da-campanha-de-ze-neto\/\",\"name\":\"\\\"Z\u00e9 Ronaldo precisa explicar caos nas policl\u00ednicas\\\", afirma coordenador da campanha de Z\u00e9 Neto - Portal MF\",\"isPartOf\":{\"@id\":\"https:\/\/portalmf.com.br\/#website\"},\"primaryImageOfPage\":{\"@id\":\"https:\/\/portalmf.com.br\/index.php\/2024\/08\/23\/ze-ronaldo-precisa-explicar-caos-nas-policlinicas-afirma-coordenador-da-campanha-de-ze-neto\/#primaryimage\"},\"image\":{\"@id\":\"https:\/\/portalmf.com.br\/index.php\/2024\/08\/23\/ze-ronaldo-precisa-explicar-caos-nas-policlinicas-afirma-coordenador-da-campanha-de-ze-neto\/#primaryimage\"},\"thumbnailUrl\":\"https:\/\/portalmf.com.br\/wp-content\/uploads\/2024\/08\/coordenador-da-campanha-de-Ze-Neto-Felipe-Freitas.jpg\",\"datePublished\":\"2024-08-23T17:33:49+00:00\",\"dateModified\":\"2024-08-23T17:33:51+00:00\",\"author\":{\"@id\":\"https:\/\/portalmf.com.br\/#\/schema\/person\/9ec101baf56233e53520c26de5d6f6f0\"},\"breadcrumb\":{\"@id\":\"https:\/\/portalmf.com.br\/index.php\/2024\/08\/23\/ze-ronaldo-precisa-explicar-caos-nas-policlinicas-afirma-coordenador-da-campanha-de-ze-neto\/#breadcrumb\"},\"inLanguage\":\"pt-BR\",\"potentialAction\":[{\"@type\":\"ReadAction\",\"target\":[\"https:\/\/portalmf.com.br\/index.php\/2024\/08\/23\/ze-ronaldo-precisa-explicar-caos-nas-policlinicas-afirma-coordenador-da-campanha-de-ze-neto\/\"]}]},{\"@type\":\"ImageObject\",\"inLanguage\":\"pt-BR\",\"@id\":\"https:\/\/portalmf.com.br\/index.php\/2024\/08\/23\/ze-ronaldo-precisa-explicar-caos-nas-policlinicas-afirma-coordenador-da-campanha-de-ze-neto\/#primaryimage\",\"url\":\"https:\/\/portalmf.com.br\/wp-content\/uploads\/2024\/08\/coordenador-da-campanha-de-Ze-Neto-Felipe-Freitas.jpg\",\"contentUrl\":\"https:\/\/portalmf.com.br\/wp-content\/uploads\/2024\/08\/coordenador-da-campanha-de-Ze-Neto-Felipe-Freitas.jpg\",\"width\":1280,\"height\":960},{\"@type\":\"BreadcrumbList\",\"@id\":\"https:\/\/portalmf.com.br\/index.php\/2024\/08\/23\/ze-ronaldo-precisa-explicar-caos-nas-policlinicas-afirma-coordenador-da-campanha-de-ze-neto\/#breadcrumb\",\"itemListElement\":[{\"@type\":\"ListItem\",\"position\":1,\"name\":\"In\u00edcio\",\"item\":\"https:\/\/portalmf.com.br\/\"},{\"@type\":\"ListItem\",\"position\":2,\"name\":\"&#8220;Z\u00e9 Ronaldo precisa explicar caos nas policl\u00ednicas&#8221;, afirma coordenador da campanha de Z\u00e9 Neto\"}]},{\"@type\":\"WebSite\",\"@id\":\"https:\/\/portalmf.com.br\/#website\",\"url\":\"https:\/\/portalmf.com.br\/\",\"name\":\"Portal MF\",\"description\":\"Voc\u00ea conectado com a informa\u00e7\u00e3o\",\"potentialAction\":[{\"@type\":\"SearchAction\",\"target\":{\"@type\":\"EntryPoint\",\"urlTemplate\":\"https:\/\/portalmf.com.br\/?s={search_term_string}\"},\"query-input\":\"required name=search_term_string\"}],\"inLanguage\":\"pt-BR\"},{\"@type\":\"Person\",\"@id\":\"https:\/\/portalmf.com.br\/#\/schema\/person\/9ec101baf56233e53520c26de5d6f6f0\",\"name\":\"Reda\u00e7\u00e3o Portal MF\",\"image\":{\"@type\":\"ImageObject\",\"inLanguage\":\"pt-BR\",\"@id\":\"https:\/\/portalmf.com.br\/#\/schema\/person\/image\/\",\"url\":\"https:\/\/secure.gravatar.com\/avatar\/41b9aaeb2100835f7c64362330f74c7f?s=96&d=mm&r=g\",\"contentUrl\":\"https:\/\/secure.gravatar.com\/avatar\/41b9aaeb2100835f7c64362330f74c7f?s=96&d=mm&r=g\",\"caption\":\"Reda\u00e7\u00e3o Portal MF\"},\"description\":\"Sejam bem-vindos o portal de informa\u00e7\u00f5es de entretenimento de Feira de Santana, desde 2006 realiza coberturas dos principais eventos com entrevistas exclusivas com as principais personalidades mundiais. Fique conectado tamb\u00e9m nas redes sociais.\",\"sameAs\":[\"http:\/\/www.portalmf.com.br\/\",\"https:\/\/www.facebook.com\/portalmfoficial\",\"https:\/\/www.instagram.com\/portalmf\/\",\"https:\/\/x.com\/https:\/\/x.com\/portalmfoficial\",\"https:\/\/www.youtube.com\/@portalmfoficial\"],\"url\":\"https:\/\/portalmf.com.br\/index.php\/author\/junior\/\"}]}<\/script>\n<!-- \/ Yoast SEO plugin. -->","yoast_head_json":{"title":"\"Z\u00e9 Ronaldo precisa explicar caos nas policl\u00ednicas\", afirma coordenador da campanha de Z\u00e9 Neto - Portal MF","robots":{"index":"index","follow":"follow","max-snippet":"max-snippet:-1","max-image-preview":"max-image-preview:large","max-video-preview":"max-video-preview:-1"},"canonical":"https:\/\/portalmf.com.br\/index.php\/2024\/08\/23\/ze-ronaldo-precisa-explicar-caos-nas-policlinicas-afirma-coordenador-da-campanha-de-ze-neto\/","og_locale":"pt_BR","og_type":"article","og_title":"\"Z\u00e9 Ronaldo precisa explicar caos nas policl\u00ednicas\", afirma coordenador da campanha de Z\u00e9 Neto - Portal MF","og_description":"O coordenador da campanha de Z\u00e9 Neto, Felipe Freitas, cobrou nesta sexta-feira (23) uma posi\u00e7\u00e3o do ex-prefeito Z\u00e9 Ronaldo sobre a crise na sa\u00fade p\u00fablica de Feira de Santana. \u201cO caos nas policl\u00ednicas municipais, especialmente na Policl\u00ednica do Tomba, \u00e9 resultado direto da gest\u00e3o deficiente do grupo pol\u00edtico que governa a cidade h\u00e1 24 anos, [&hellip;]","og_url":"https:\/\/portalmf.com.br\/index.php\/2024\/08\/23\/ze-ronaldo-precisa-explicar-caos-nas-policlinicas-afirma-coordenador-da-campanha-de-ze-neto\/","og_site_name":"Portal MF","article_author":"https:\/\/www.facebook.com\/portalmfoficial","article_published_time":"2024-08-23T17:33:49+00:00","article_modified_time":"2024-08-23T17:33:51+00:00","og_image":[{"width":1280,"height":960,"url":"https:\/\/portalmf.com.br\/wp-content\/uploads\/2024\/08\/coordenador-da-campanha-de-Ze-Neto-Felipe-Freitas.jpg","type":"image\/jpeg"}],"author":"Reda\u00e7\u00e3o Portal MF","twitter_card":"summary_large_image","twitter_creator":"@https:\/\/x.com\/portalmfoficial","twitter_misc":{"Escrito por":"Reda\u00e7\u00e3o Portal MF","Est. tempo de leitura":"2 minutos"},"schema":{"@context":"https:\/\/schema.org","@graph":[{"@type":"WebPage","@id":"https:\/\/portalmf.com.br\/index.php\/2024\/08\/23\/ze-ronaldo-precisa-explicar-caos-nas-policlinicas-afirma-coordenador-da-campanha-de-ze-neto\/","url":"https:\/\/portalmf.com.br\/index.php\/2024\/08\/23\/ze-ronaldo-precisa-explicar-caos-nas-policlinicas-afirma-coordenador-da-campanha-de-ze-neto\/","name":"\"Z\u00e9 Ronaldo precisa explicar caos nas policl\u00ednicas\", afirma coordenador da campanha de Z\u00e9 Neto - Portal MF","isPartOf":{"@id":"https:\/\/portalmf.com.br\/#website"},"primaryImageOfPage":{"@id":"https:\/\/portalmf.com.br\/index.php\/2024\/08\/23\/ze-ronaldo-precisa-explicar-caos-nas-policlinicas-afirma-coordenador-da-campanha-de-ze-neto\/#primaryimage"},"image":{"@id":"https:\/\/portalmf.com.br\/index.php\/2024\/08\/23\/ze-ronaldo-precisa-explicar-caos-nas-policlinicas-afirma-coordenador-da-campanha-de-ze-neto\/#primaryimage"},"thumbnailUrl":"https:\/\/portalmf.com.br\/wp-content\/uploads\/2024\/08\/coordenador-da-campanha-de-Ze-Neto-Felipe-Freitas.jpg","datePublished":"2024-08-23T17:33:49+00:00","dateModified":"2024-08-23T17:33:51+00:00","author":{"@id":"https:\/\/portalmf.com.br\/#\/schema\/person\/9ec101baf56233e53520c26de5d6f6f0"},"breadcrumb":{"@id":"https:\/\/portalmf.com.br\/index.php\/2024\/08\/23\/ze-ronaldo-precisa-explicar-caos-nas-policlinicas-afirma-coordenador-da-campanha-de-ze-neto\/#breadcrumb"},"inLanguage":"pt-BR","potentialAction":[{"@type":"ReadAction","target":["https:\/\/portalmf.com.br\/index.php\/2024\/08\/23\/ze-ronaldo-precisa-explicar-caos-nas-policlinicas-afirma-coordenador-da-campanha-de-ze-neto\/"]}]},{"@type":"ImageObject","inLanguage":"pt-BR","@id":"https:\/\/portalmf.com.br\/index.php\/2024\/08\/23\/ze-ronaldo-precisa-explicar-caos-nas-policlinicas-afirma-coordenador-da-campanha-de-ze-neto\/#primaryimage","url":"https:\/\/portalmf.com.br\/wp-content\/uploads\/2024\/08\/coordenador-da-campanha-de-Ze-Neto-Felipe-Freitas.jpg","contentUrl":"https:\/\/portalmf.com.br\/wp-content\/uploads\/2024\/08\/coordenador-da-campanha-de-Ze-Neto-Felipe-Freitas.jpg","width":1280,"height":960},{"@type":"BreadcrumbList","@id":"https:\/\/portalmf.com.br\/index.php\/2024\/08\/23\/ze-ronaldo-precisa-explicar-caos-nas-policlinicas-afirma-coordenador-da-campanha-de-ze-neto\/#breadcrumb","itemListElement":[{"@type":"ListItem","position":1,"name":"In\u00edcio","item":"https:\/\/portalmf.com.br\/"},{"@type":"ListItem","position":2,"name":"&#8220;Z\u00e9 Ronaldo precisa explicar caos nas policl\u00ednicas&#8221;, afirma coordenador da campanha de Z\u00e9 Neto"}]},{"@type":"WebSite","@id":"https:\/\/portalmf.com.br\/#website","url":"https:\/\/portalmf.com.br\/","name":"Portal MF","description":"Voc\u00ea conectado com a informa\u00e7\u00e3o","potentialAction":[{"@type":"SearchAction","target":{"@type":"EntryPoint","urlTemplate":"https:\/\/portalmf.com.br\/?s={search_term_string}"},"query-input":"required name=search_term_string"}],"inLanguage":"pt-BR"},{"@type":"Person","@id":"https:\/\/portalmf.com.br\/#\/schema\/person\/9ec101baf56233e53520c26de5d6f6f0","name":"Reda\u00e7\u00e3o Portal MF","image":{"@type":"ImageObject","inLanguage":"pt-BR","@id":"https:\/\/portalmf.com.br\/#\/schema\/person\/image\/","url":"https:\/\/secure.gravatar.com\/avatar\/41b9aaeb2100835f7c64362330f74c7f?s=96&d=mm&r=g","contentUrl":"https:\/\/secure.gravatar.com\/avatar\/41b9aaeb2100835f7c64362330f74c7f?s=96&d=mm&r=g","caption":"Reda\u00e7\u00e3o Portal MF"},"description":"Sejam bem-vindos o portal de informa\u00e7\u00f5es de entretenimento de Feira de Santana, desde 2006 realiza coberturas dos principais eventos com entrevistas exclusivas com as principais personalidades mundiais. Fique conectado tamb\u00e9m nas redes sociais.","sameAs":["http:\/\/www.portalmf.com.br\/","https:\/\/www.facebook.com\/portalmfoficial","https:\/\/www.instagram.com\/portalmf\/","https:\/\/x.com\/https:\/\/x.com\/portalmfoficial","https:\/\/www.youtube.com\/@portalmfoficial"],"url":"https:\/\/portalmf.com.br\/index.php\/author\/junior\/"}]}},"_links":{"self":[{"href":"https:\/\/portalmf.com.br\/index.php\/wp-json\/wp\/v2\/posts\/29046"}],"collection":[{"href":"https:\/\/portalmf.com.br\/index.php\/wp-json\/wp\/v2\/posts"}],"about":[{"href":"https:\/\/portalmf.com.br\/index.php\/wp-json\/wp\/v2\/types\/post"}],"author":[{"embeddable":true,"href":"https:\/\/portalmf.com.br\/index.php\/wp-json\/wp\/v2\/users\/3"}],"replies":[{"embeddable":true,"href":"https:\/\/portalmf.com.br\/index.php\/wp-json\/wp\/v2\/comments?post=29046"}],"version-history":[{"count":1,"href":"https:\/\/portalmf.com.br\/index.php\/wp-json\/wp\/v2\/posts\/29046\/revisions"}],"predecessor-version":[{"id":29048,"href":"https:\/\/portalmf.com.br\/index.php\/wp-json\/wp\/v2\/posts\/29046\/revisions\/29048"}],"wp:featuredmedia":[{"embeddable":true,"href":"https:\/\/portalmf.com.br\/index.php\/wp-json\/wp\/v2\/media\/29047"}],"wp:attachment":[{"href":"https:\/\/portalmf.com.br\/index.php\/wp-json\/wp\/v2\/media?parent=29046"}],"wp:term":[{"taxonomy":"category","embeddable":true,"href":"https:\/\/portalmf.com.br\/index.php\/wp-json\/wp\/v2\/categories?post=29046"},{"taxonomy":"post_tag","embeddable":true,"href":"https:\/\/portalmf.com.br\/index.php\/wp-json\/wp\/v2\/tags?post=29046"}],"curies":[{"name":"wp","href":"https:\/\/api.w.org\/{rel}","templated":true}]}}