{"id":28987,"date":"2024-08-21T17:55:36","date_gmt":"2024-08-21T20:55:36","guid":{"rendered":"https:\/\/portalmf.com.br\/?p=28987"},"modified":"2024-08-21T17:55:37","modified_gmt":"2024-08-21T20:55:37","slug":"ze-neto-diz-que-manutencao-de-pracas-esportivas-em-feira-ajudara-no-combate-a-violencia","status":"publish","type":"post","link":"https:\/\/portalmf.com.br\/index.php\/2024\/08\/21\/ze-neto-diz-que-manutencao-de-pracas-esportivas-em-feira-ajudara-no-combate-a-violencia\/","title":{"rendered":"Z\u00e9 Neto diz que manuten\u00e7\u00e3o de pra\u00e7as esportivas em Feira ajudar\u00e1 no combate \u00e0 viol\u00eancia"},"content":{"rendered":"\n<p>A falta de manuten\u00e7\u00e3o que leva ao abandono de pra\u00e7as esportivas, em Feira de Santana, foi constatada pelo candidato a prefeito da coliga\u00e7\u00e3o Pra Fazer o Futuro Acontecer, Z\u00e9 Neto, durante visita aos Conjuntos Jomafa e Luis Eduardo Magalh\u00e3es, na noite desta ter\u00e7a-feira (20).<\/p>\n\n\n\n<p>Ao ser recebido de porta em porta pelos moradores, entre eles, Ivannide Santa B\u00e1rbara, de 73 anos \u2013 refer\u00eancia nas lutas dos movimentos sociais, que relataram o descaso da atual administra\u00e7\u00e3o municipal com essas comunidades, Z\u00e9 Neto destacou que a manuten\u00e7\u00e3o desses equipamentos ajudar\u00e1 no combate \u00e0 viol\u00eancia.<\/p>\n\n\n\n<p><em>\u201cO prefeito e seu grupo pol\u00edtico que governam essa cidade h\u00e1 24 anos falam tanto de seguran\u00e7a, mas esquecem que o abandono dessa quadra de futebol aqui na rua B do Jomafa, tomada pela sujeira, mato, poder\u00e1 ser utilizada como um espa\u00e7o de lazer, de integra\u00e7\u00e3o e combate \u00e0 viol\u00eancia, principalmente entre os jovens. Esse \u00e9 o pre\u00e7o que a cidade paga com essa m\u00e1 gest\u00e3o. Precisamos tirar Feira da mesmice, da falta de a\u00e7\u00e3o, da car\u00eancia absoluta de aten\u00e7\u00e3o b\u00e1sica \u00e0 sa\u00fade, de creches, de transporte coletivo ineficiente. J\u00e1 deu! Eu quero dizer, mais uma vez, aos moradores do Jomafa e regi\u00e3o: a mudan\u00e7a chegou e vamos construir juntos um novo caminho para fazer o futuro acontecer na nossa Princesa do Sert\u00e3o\u201d,<\/em> afirmou.<\/p>\n","protected":false},"excerpt":{"rendered":"<p>A falta de manuten\u00e7\u00e3o que leva ao abandono de pra\u00e7as esportivas, em Feira de Santana, foi constatada pelo candidato a prefeito da coliga\u00e7\u00e3o Pra Fazer o Futuro Acontecer, Z\u00e9 Neto, durante visita aos Conjuntos Jomafa e Luis Eduardo Magalh\u00e3es, na noite desta ter\u00e7a-feira (20). Ao ser recebido de porta em porta pelos moradores, entre eles, [&hellip;]<\/p>\n","protected":false},"author":3,"featured_media":28988,"comment_status":"open","ping_status":"open","sticky":false,"template":"","format":"standard","meta":{"_monsterinsights_skip_tracking":false,"_monsterinsights_sitenote_active":false,"_monsterinsights_sitenote_note":"","_monsterinsights_sitenote_category":0,"footnotes":""},"categories":[301,34],"tags":[],"yoast_head":"<!-- This site is optimized with the Yoast SEO plugin v22.9 - https:\/\/yoast.com\/wordpress\/plugins\/seo\/ -->\n<title>Z\u00e9 Neto diz que manuten\u00e7\u00e3o de pra\u00e7as esportivas em Feira ajudar\u00e1 no combate \u00e0 viol\u00eancia - Portal MF<\/title>\n<meta name=\"robots\" content=\"index, follow, max-snippet:-1, max-image-preview:large, max-video-preview:-1\" \/>\n<link rel=\"canonical\" href=\"https:\/\/portalmf.com.br\/index.php\/2024\/08\/21\/ze-neto-diz-que-manutencao-de-pracas-esportivas-em-feira-ajudara-no-combate-a-violencia\/\" \/>\n<meta property=\"og:locale\" content=\"pt_BR\" \/>\n<meta property=\"og:type\" content=\"article\" \/>\n<meta property=\"og:title\" content=\"Z\u00e9 Neto diz que manuten\u00e7\u00e3o de pra\u00e7as esportivas em Feira ajudar\u00e1 no combate \u00e0 viol\u00eancia - Portal MF\" \/>\n<meta property=\"og:description\" content=\"A falta de manuten\u00e7\u00e3o que leva ao abandono de pra\u00e7as esportivas, em Feira de Santana, foi constatada pelo candidato a prefeito da coliga\u00e7\u00e3o Pra Fazer o Futuro Acontecer, Z\u00e9 Neto, durante visita aos Conjuntos Jomafa e Luis Eduardo Magalh\u00e3es, na noite desta ter\u00e7a-feira (20). Ao ser recebido de porta em porta pelos moradores, entre eles, [&hellip;]\" \/>\n<meta property=\"og:url\" content=\"https:\/\/portalmf.com.br\/index.php\/2024\/08\/21\/ze-neto-diz-que-manutencao-de-pracas-esportivas-em-feira-ajudara-no-combate-a-violencia\/\" \/>\n<meta property=\"og:site_name\" content=\"Portal MF\" \/>\n<meta property=\"article:author\" content=\"https:\/\/www.facebook.com\/portalmfoficial\" \/>\n<meta property=\"article:published_time\" content=\"2024-08-21T20:55:36+00:00\" \/>\n<meta property=\"article:modified_time\" content=\"2024-08-21T20:55:37+00:00\" \/>\n<meta property=\"og:image\" content=\"https:\/\/portalmf.com.br\/wp-content\/uploads\/2024\/08\/Ze-Neto-diz-que-manutencao-de-pracas-esportivas-em-Feira-ajudara-no-combate-a-violencia.jpeg\" \/>\n\t<meta property=\"og:image:width\" content=\"800\" \/>\n\t<meta property=\"og:image:height\" content=\"533\" \/>\n\t<meta property=\"og:image:type\" content=\"image\/jpeg\" \/>\n<meta name=\"author\" content=\"Reda\u00e7\u00e3o Portal MF\" \/>\n<meta name=\"twitter:card\" content=\"summary_large_image\" \/>\n<meta name=\"twitter:creator\" content=\"@https:\/\/x.com\/portalmfoficial\" \/>\n<meta name=\"twitter:label1\" content=\"Escrito por\" \/>\n\t<meta name=\"twitter:data1\" content=\"Reda\u00e7\u00e3o Portal MF\" \/>\n\t<meta name=\"twitter:label2\" content=\"Est. tempo de leitura\" \/>\n\t<meta name=\"twitter:data2\" content=\"2 minutos\" \/>\n<script type=\"application\/ld+json\" class=\"yoast-schema-graph\">{\"@context\":\"https:\/\/schema.org\",\"@graph\":[{\"@type\":\"WebPage\",\"@id\":\"https:\/\/portalmf.com.br\/index.php\/2024\/08\/21\/ze-neto-diz-que-manutencao-de-pracas-esportivas-em-feira-ajudara-no-combate-a-violencia\/\",\"url\":\"https:\/\/portalmf.com.br\/index.php\/2024\/08\/21\/ze-neto-diz-que-manutencao-de-pracas-esportivas-em-feira-ajudara-no-combate-a-violencia\/\",\"name\":\"Z\u00e9 Neto diz que manuten\u00e7\u00e3o de pra\u00e7as esportivas em Feira ajudar\u00e1 no combate \u00e0 viol\u00eancia - Portal MF\",\"isPartOf\":{\"@id\":\"https:\/\/portalmf.com.br\/#website\"},\"primaryImageOfPage\":{\"@id\":\"https:\/\/portalmf.com.br\/index.php\/2024\/08\/21\/ze-neto-diz-que-manutencao-de-pracas-esportivas-em-feira-ajudara-no-combate-a-violencia\/#primaryimage\"},\"image\":{\"@id\":\"https:\/\/portalmf.com.br\/index.php\/2024\/08\/21\/ze-neto-diz-que-manutencao-de-pracas-esportivas-em-feira-ajudara-no-combate-a-violencia\/#primaryimage\"},\"thumbnailUrl\":\"https:\/\/portalmf.com.br\/wp-content\/uploads\/2024\/08\/Ze-Neto-diz-que-manutencao-de-pracas-esportivas-em-Feira-ajudara-no-combate-a-violencia.jpeg\",\"datePublished\":\"2024-08-21T20:55:36+00:00\",\"dateModified\":\"2024-08-21T20:55:37+00:00\",\"author\":{\"@id\":\"https:\/\/portalmf.com.br\/#\/schema\/person\/9ec101baf56233e53520c26de5d6f6f0\"},\"breadcrumb\":{\"@id\":\"https:\/\/portalmf.com.br\/index.php\/2024\/08\/21\/ze-neto-diz-que-manutencao-de-pracas-esportivas-em-feira-ajudara-no-combate-a-violencia\/#breadcrumb\"},\"inLanguage\":\"pt-BR\",\"potentialAction\":[{\"@type\":\"ReadAction\",\"target\":[\"https:\/\/portalmf.com.br\/index.php\/2024\/08\/21\/ze-neto-diz-que-manutencao-de-pracas-esportivas-em-feira-ajudara-no-combate-a-violencia\/\"]}]},{\"@type\":\"ImageObject\",\"inLanguage\":\"pt-BR\",\"@id\":\"https:\/\/portalmf.com.br\/index.php\/2024\/08\/21\/ze-neto-diz-que-manutencao-de-pracas-esportivas-em-feira-ajudara-no-combate-a-violencia\/#primaryimage\",\"url\":\"https:\/\/portalmf.com.br\/wp-content\/uploads\/2024\/08\/Ze-Neto-diz-que-manutencao-de-pracas-esportivas-em-Feira-ajudara-no-combate-a-violencia.jpeg\",\"contentUrl\":\"https:\/\/portalmf.com.br\/wp-content\/uploads\/2024\/08\/Ze-Neto-diz-que-manutencao-de-pracas-esportivas-em-Feira-ajudara-no-combate-a-violencia.jpeg\",\"width\":800,\"height\":533},{\"@type\":\"BreadcrumbList\",\"@id\":\"https:\/\/portalmf.com.br\/index.php\/2024\/08\/21\/ze-neto-diz-que-manutencao-de-pracas-esportivas-em-feira-ajudara-no-combate-a-violencia\/#breadcrumb\",\"itemListElement\":[{\"@type\":\"ListItem\",\"position\":1,\"name\":\"In\u00edcio\",\"item\":\"https:\/\/portalmf.com.br\/\"},{\"@type\":\"ListItem\",\"position\":2,\"name\":\"Z\u00e9 Neto diz que manuten\u00e7\u00e3o de pra\u00e7as esportivas em Feira ajudar\u00e1 no combate \u00e0 viol\u00eancia\"}]},{\"@type\":\"WebSite\",\"@id\":\"https:\/\/portalmf.com.br\/#website\",\"url\":\"https:\/\/portalmf.com.br\/\",\"name\":\"Portal MF\",\"description\":\"Voc\u00ea conectado com a informa\u00e7\u00e3o\",\"potentialAction\":[{\"@type\":\"SearchAction\",\"target\":{\"@type\":\"EntryPoint\",\"urlTemplate\":\"https:\/\/portalmf.com.br\/?s={search_term_string}\"},\"query-input\":\"required name=search_term_string\"}],\"inLanguage\":\"pt-BR\"},{\"@type\":\"Person\",\"@id\":\"https:\/\/portalmf.com.br\/#\/schema\/person\/9ec101baf56233e53520c26de5d6f6f0\",\"name\":\"Reda\u00e7\u00e3o Portal MF\",\"image\":{\"@type\":\"ImageObject\",\"inLanguage\":\"pt-BR\",\"@id\":\"https:\/\/portalmf.com.br\/#\/schema\/person\/image\/\",\"url\":\"https:\/\/secure.gravatar.com\/avatar\/41b9aaeb2100835f7c64362330f74c7f?s=96&d=mm&r=g\",\"contentUrl\":\"https:\/\/secure.gravatar.com\/avatar\/41b9aaeb2100835f7c64362330f74c7f?s=96&d=mm&r=g\",\"caption\":\"Reda\u00e7\u00e3o Portal MF\"},\"description\":\"Sejam bem-vindos o portal de informa\u00e7\u00f5es de entretenimento de Feira de Santana, desde 2006 realiza coberturas dos principais eventos com entrevistas exclusivas com as principais personalidades mundiais. Fique conectado tamb\u00e9m nas redes sociais.\",\"sameAs\":[\"http:\/\/www.portalmf.com.br\/\",\"https:\/\/www.facebook.com\/portalmfoficial\",\"https:\/\/www.instagram.com\/portalmf\/\",\"https:\/\/x.com\/https:\/\/x.com\/portalmfoficial\",\"https:\/\/www.youtube.com\/@portalmfoficial\"],\"url\":\"https:\/\/portalmf.com.br\/index.php\/author\/junior\/\"}]}<\/script>\n<!-- \/ Yoast SEO plugin. -->","yoast_head_json":{"title":"Z\u00e9 Neto diz que manuten\u00e7\u00e3o de pra\u00e7as esportivas em Feira ajudar\u00e1 no combate \u00e0 viol\u00eancia - Portal MF","robots":{"index":"index","follow":"follow","max-snippet":"max-snippet:-1","max-image-preview":"max-image-preview:large","max-video-preview":"max-video-preview:-1"},"canonical":"https:\/\/portalmf.com.br\/index.php\/2024\/08\/21\/ze-neto-diz-que-manutencao-de-pracas-esportivas-em-feira-ajudara-no-combate-a-violencia\/","og_locale":"pt_BR","og_type":"article","og_title":"Z\u00e9 Neto diz que manuten\u00e7\u00e3o de pra\u00e7as esportivas em Feira ajudar\u00e1 no combate \u00e0 viol\u00eancia - Portal MF","og_description":"A falta de manuten\u00e7\u00e3o que leva ao abandono de pra\u00e7as esportivas, em Feira de Santana, foi constatada pelo candidato a prefeito da coliga\u00e7\u00e3o Pra Fazer o Futuro Acontecer, Z\u00e9 Neto, durante visita aos Conjuntos Jomafa e Luis Eduardo Magalh\u00e3es, na noite desta ter\u00e7a-feira (20). Ao ser recebido de porta em porta pelos moradores, entre eles, [&hellip;]","og_url":"https:\/\/portalmf.com.br\/index.php\/2024\/08\/21\/ze-neto-diz-que-manutencao-de-pracas-esportivas-em-feira-ajudara-no-combate-a-violencia\/","og_site_name":"Portal MF","article_author":"https:\/\/www.facebook.com\/portalmfoficial","article_published_time":"2024-08-21T20:55:36+00:00","article_modified_time":"2024-08-21T20:55:37+00:00","og_image":[{"width":800,"height":533,"url":"https:\/\/portalmf.com.br\/wp-content\/uploads\/2024\/08\/Ze-Neto-diz-que-manutencao-de-pracas-esportivas-em-Feira-ajudara-no-combate-a-violencia.jpeg","type":"image\/jpeg"}],"author":"Reda\u00e7\u00e3o Portal MF","twitter_card":"summary_large_image","twitter_creator":"@https:\/\/x.com\/portalmfoficial","twitter_misc":{"Escrito por":"Reda\u00e7\u00e3o Portal MF","Est. tempo de leitura":"2 minutos"},"schema":{"@context":"https:\/\/schema.org","@graph":[{"@type":"WebPage","@id":"https:\/\/portalmf.com.br\/index.php\/2024\/08\/21\/ze-neto-diz-que-manutencao-de-pracas-esportivas-em-feira-ajudara-no-combate-a-violencia\/","url":"https:\/\/portalmf.com.br\/index.php\/2024\/08\/21\/ze-neto-diz-que-manutencao-de-pracas-esportivas-em-feira-ajudara-no-combate-a-violencia\/","name":"Z\u00e9 Neto diz que manuten\u00e7\u00e3o de pra\u00e7as esportivas em Feira ajudar\u00e1 no combate \u00e0 viol\u00eancia - Portal MF","isPartOf":{"@id":"https:\/\/portalmf.com.br\/#website"},"primaryImageOfPage":{"@id":"https:\/\/portalmf.com.br\/index.php\/2024\/08\/21\/ze-neto-diz-que-manutencao-de-pracas-esportivas-em-feira-ajudara-no-combate-a-violencia\/#primaryimage"},"image":{"@id":"https:\/\/portalmf.com.br\/index.php\/2024\/08\/21\/ze-neto-diz-que-manutencao-de-pracas-esportivas-em-feira-ajudara-no-combate-a-violencia\/#primaryimage"},"thumbnailUrl":"https:\/\/portalmf.com.br\/wp-content\/uploads\/2024\/08\/Ze-Neto-diz-que-manutencao-de-pracas-esportivas-em-Feira-ajudara-no-combate-a-violencia.jpeg","datePublished":"2024-08-21T20:55:36+00:00","dateModified":"2024-08-21T20:55:37+00:00","author":{"@id":"https:\/\/portalmf.com.br\/#\/schema\/person\/9ec101baf56233e53520c26de5d6f6f0"},"breadcrumb":{"@id":"https:\/\/portalmf.com.br\/index.php\/2024\/08\/21\/ze-neto-diz-que-manutencao-de-pracas-esportivas-em-feira-ajudara-no-combate-a-violencia\/#breadcrumb"},"inLanguage":"pt-BR","potentialAction":[{"@type":"ReadAction","target":["https:\/\/portalmf.com.br\/index.php\/2024\/08\/21\/ze-neto-diz-que-manutencao-de-pracas-esportivas-em-feira-ajudara-no-combate-a-violencia\/"]}]},{"@type":"ImageObject","inLanguage":"pt-BR","@id":"https:\/\/portalmf.com.br\/index.php\/2024\/08\/21\/ze-neto-diz-que-manutencao-de-pracas-esportivas-em-feira-ajudara-no-combate-a-violencia\/#primaryimage","url":"https:\/\/portalmf.com.br\/wp-content\/uploads\/2024\/08\/Ze-Neto-diz-que-manutencao-de-pracas-esportivas-em-Feira-ajudara-no-combate-a-violencia.jpeg","contentUrl":"https:\/\/portalmf.com.br\/wp-content\/uploads\/2024\/08\/Ze-Neto-diz-que-manutencao-de-pracas-esportivas-em-Feira-ajudara-no-combate-a-violencia.jpeg","width":800,"height":533},{"@type":"BreadcrumbList","@id":"https:\/\/portalmf.com.br\/index.php\/2024\/08\/21\/ze-neto-diz-que-manutencao-de-pracas-esportivas-em-feira-ajudara-no-combate-a-violencia\/#breadcrumb","itemListElement":[{"@type":"ListItem","position":1,"name":"In\u00edcio","item":"https:\/\/portalmf.com.br\/"},{"@type":"ListItem","position":2,"name":"Z\u00e9 Neto diz que manuten\u00e7\u00e3o de pra\u00e7as esportivas em Feira ajudar\u00e1 no combate \u00e0 viol\u00eancia"}]},{"@type":"WebSite","@id":"https:\/\/portalmf.com.br\/#website","url":"https:\/\/portalmf.com.br\/","name":"Portal MF","description":"Voc\u00ea conectado com a informa\u00e7\u00e3o","potentialAction":[{"@type":"SearchAction","target":{"@type":"EntryPoint","urlTemplate":"https:\/\/portalmf.com.br\/?s={search_term_string}"},"query-input":"required name=search_term_string"}],"inLanguage":"pt-BR"},{"@type":"Person","@id":"https:\/\/portalmf.com.br\/#\/schema\/person\/9ec101baf56233e53520c26de5d6f6f0","name":"Reda\u00e7\u00e3o Portal MF","image":{"@type":"ImageObject","inLanguage":"pt-BR","@id":"https:\/\/portalmf.com.br\/#\/schema\/person\/image\/","url":"https:\/\/secure.gravatar.com\/avatar\/41b9aaeb2100835f7c64362330f74c7f?s=96&d=mm&r=g","contentUrl":"https:\/\/secure.gravatar.com\/avatar\/41b9aaeb2100835f7c64362330f74c7f?s=96&d=mm&r=g","caption":"Reda\u00e7\u00e3o Portal MF"},"description":"Sejam bem-vindos o portal de informa\u00e7\u00f5es de entretenimento de Feira de Santana, desde 2006 realiza coberturas dos principais eventos com entrevistas exclusivas com as principais personalidades mundiais. Fique conectado tamb\u00e9m nas redes sociais.","sameAs":["http:\/\/www.portalmf.com.br\/","https:\/\/www.facebook.com\/portalmfoficial","https:\/\/www.instagram.com\/portalmf\/","https:\/\/x.com\/https:\/\/x.com\/portalmfoficial","https:\/\/www.youtube.com\/@portalmfoficial"],"url":"https:\/\/portalmf.com.br\/index.php\/author\/junior\/"}]}},"_links":{"self":[{"href":"https:\/\/portalmf.com.br\/index.php\/wp-json\/wp\/v2\/posts\/28987"}],"collection":[{"href":"https:\/\/portalmf.com.br\/index.php\/wp-json\/wp\/v2\/posts"}],"about":[{"href":"https:\/\/portalmf.com.br\/index.php\/wp-json\/wp\/v2\/types\/post"}],"author":[{"embeddable":true,"href":"https:\/\/portalmf.com.br\/index.php\/wp-json\/wp\/v2\/users\/3"}],"replies":[{"embeddable":true,"href":"https:\/\/portalmf.com.br\/index.php\/wp-json\/wp\/v2\/comments?post=28987"}],"version-history":[{"count":1,"href":"https:\/\/portalmf.com.br\/index.php\/wp-json\/wp\/v2\/posts\/28987\/revisions"}],"predecessor-version":[{"id":28989,"href":"https:\/\/portalmf.com.br\/index.php\/wp-json\/wp\/v2\/posts\/28987\/revisions\/28989"}],"wp:featuredmedia":[{"embeddable":true,"href":"https:\/\/portalmf.com.br\/index.php\/wp-json\/wp\/v2\/media\/28988"}],"wp:attachment":[{"href":"https:\/\/portalmf.com.br\/index.php\/wp-json\/wp\/v2\/media?parent=28987"}],"wp:term":[{"taxonomy":"category","embeddable":true,"href":"https:\/\/portalmf.com.br\/index.php\/wp-json\/wp\/v2\/categories?post=28987"},{"taxonomy":"post_tag","embeddable":true,"href":"https:\/\/portalmf.com.br\/index.php\/wp-json\/wp\/v2\/tags?post=28987"}],"curies":[{"name":"wp","href":"https:\/\/api.w.org\/{rel}","templated":true}]}}