{"id":2895,"date":"2022-08-10T13:19:00","date_gmt":"2022-08-10T16:19:00","guid":{"rendered":"http:\/\/portalmf.com.br\/?p=2895"},"modified":"2022-08-10T16:21:35","modified_gmt":"2022-08-10T19:21:35","slug":"cris-lima-lanca-com-exclusividade-musica-em-parceria-com-marcio-victor-do-psirico-em-evento-em-salvador","status":"publish","type":"post","link":"https:\/\/portalmf.com.br\/index.php\/2022\/08\/10\/cris-lima-lanca-com-exclusividade-musica-em-parceria-com-marcio-victor-do-psirico-em-evento-em-salvador\/","title":{"rendered":"Cris Lima lan\u00e7a com exclusividade m\u00fasica em parceria com M\u00e1rcio Victor, do Psirico em evento em Salvador"},"content":{"rendered":"\n<p>A cantora Cris Lima n\u00e3o para de trazer novidades para o p\u00fablico que curte o seu som, e dessa vez, a novidade \u00e9 a can\u00e7\u00e3o lan\u00e7ada em parceria com M\u00e1rcio Victor e a banda Psirico. O single \u201cBumbum de Elevador\u201d acaba de ser lan\u00e7ado em todas as plataformas digitais e tem um clipe dispon\u00edvel no canal da artista no YouTube.<\/p>\n\n\n\n<p>Gravado em maio deste ano, o feat \u00e9 uma das apostas de Cris para o ver\u00e3o 2022. A cantora n\u00e3o esconde a alegria de ter M\u00e1rcio dividindo os vocais da can\u00e7\u00e3o com ela.<\/p>\n\n\n\n<p><em>\u201cM\u00e1rcio foi uma grata surpresa na minha carreira. Convidei ele pra gravar comigo e fiquei super feliz quando o convite foi aceito. Ele tem uma energia singular, al\u00e9m de muito talento e generosidade. Nosso feat vai dar o que falar! T\u00e1 tudo lindo!\u201d,<\/em> afirmou Cris.<\/p>\n\n\n\n<p>A m\u00fasica foi lan\u00e7ada com exclusividade, na noite da \u00faltima ter\u00e7a-feira (9), no anivers\u00e1rio do apresentador Alex Lopes, onde Cris Lima e M\u00e1rcio Victor se apresentaram e cantaram o single \u201cBumbum de Elevador\u201d para os convidados.<\/p>\n\n\n\n<p>A letra da can\u00e7\u00e3o fala sobre a mulher que rebola mesmo e n\u00e3o liga para quem est\u00e1 falando da vida dela, afinal de contas, ningu\u00e9m paga os boletos dela.<\/p>\n\n\n\n<figure class=\"wp-block-embed is-type-video is-provider-youtube wp-block-embed-youtube wp-embed-aspect-16-9 wp-has-aspect-ratio\"><div class=\"wp-block-embed__wrapper\">\n<iframe title=\"Cris Lima feat. Psirico - Bumbum de Elevador (Clipe Oficial)\" width=\"696\" height=\"392\" src=\"https:\/\/www.youtube.com\/embed\/GGgvrTk7KHY?feature=oembed\" frameborder=\"0\" allow=\"accelerometer; autoplay; clipboard-write; encrypted-media; gyroscope; picture-in-picture; web-share\" allowfullscreen><\/iframe>\n<\/div><\/figure>\n","protected":false},"excerpt":{"rendered":"<p>A cantora Cris Lima n\u00e3o para de trazer novidades para o p\u00fablico que curte o seu som, e dessa vez, a novidade \u00e9 a can\u00e7\u00e3o lan\u00e7ada em parceria com M\u00e1rcio Victor e a banda Psirico. O single \u201cBumbum de Elevador\u201d acaba de ser lan\u00e7ado em todas as plataformas digitais e tem um clipe dispon\u00edvel no [&hellip;]<\/p>\n","protected":false},"author":2,"featured_media":2896,"comment_status":"open","ping_status":"open","sticky":false,"template":"","format":"standard","meta":{"_monsterinsights_skip_tracking":false,"_monsterinsights_sitenote_active":false,"_monsterinsights_sitenote_note":"","_monsterinsights_sitenote_category":0,"footnotes":""},"categories":[36],"tags":[],"yoast_head":"<!-- This site is optimized with the Yoast SEO plugin v22.9 - https:\/\/yoast.com\/wordpress\/plugins\/seo\/ -->\n<title>Cris Lima lan\u00e7a com exclusividade m\u00fasica em parceria com M\u00e1rcio Victor, do Psirico em evento em Salvador - Portal MF<\/title>\n<meta name=\"robots\" content=\"index, follow, max-snippet:-1, max-image-preview:large, max-video-preview:-1\" \/>\n<link rel=\"canonical\" href=\"https:\/\/portalmf.com.br\/index.php\/2022\/08\/10\/cris-lima-lanca-com-exclusividade-musica-em-parceria-com-marcio-victor-do-psirico-em-evento-em-salvador\/\" \/>\n<meta property=\"og:locale\" content=\"pt_BR\" \/>\n<meta property=\"og:type\" content=\"article\" \/>\n<meta property=\"og:title\" content=\"Cris Lima lan\u00e7a com exclusividade m\u00fasica em parceria com M\u00e1rcio Victor, do Psirico em evento em Salvador - Portal MF\" \/>\n<meta property=\"og:description\" content=\"A cantora Cris Lima n\u00e3o para de trazer novidades para o p\u00fablico que curte o seu som, e dessa vez, a novidade \u00e9 a can\u00e7\u00e3o lan\u00e7ada em parceria com M\u00e1rcio Victor e a banda Psirico. O single \u201cBumbum de Elevador\u201d acaba de ser lan\u00e7ado em todas as plataformas digitais e tem um clipe dispon\u00edvel no [&hellip;]\" \/>\n<meta property=\"og:url\" content=\"https:\/\/portalmf.com.br\/index.php\/2022\/08\/10\/cris-lima-lanca-com-exclusividade-musica-em-parceria-com-marcio-victor-do-psirico-em-evento-em-salvador\/\" \/>\n<meta property=\"og:site_name\" content=\"Portal MF\" \/>\n<meta property=\"article:author\" content=\"reginaldojrfsa\" \/>\n<meta property=\"article:published_time\" content=\"2022-08-10T16:19:00+00:00\" \/>\n<meta property=\"article:modified_time\" content=\"2022-08-10T19:21:35+00:00\" \/>\n<meta property=\"og:image\" content=\"https:\/\/portalmf.com.br\/wp-content\/uploads\/2022\/08\/WhatsApp-Image-2022-08-10-at-14.15.12.jpeg\" \/>\n\t<meta property=\"og:image:width\" content=\"720\" \/>\n\t<meta property=\"og:image:height\" content=\"543\" \/>\n\t<meta property=\"og:image:type\" content=\"image\/jpeg\" \/>\n<meta name=\"author\" content=\"Reginaldo J\u00fanior\" \/>\n<meta name=\"twitter:card\" content=\"summary_large_image\" \/>\n<meta name=\"twitter:creator\" content=\"@reginaldojrmf\" \/>\n<meta name=\"twitter:label1\" content=\"Escrito por\" \/>\n\t<meta name=\"twitter:data1\" content=\"Reginaldo J\u00fanior\" \/>\n\t<meta name=\"twitter:label2\" content=\"Est. tempo de leitura\" \/>\n\t<meta name=\"twitter:data2\" content=\"1 minuto\" \/>\n<script type=\"application\/ld+json\" class=\"yoast-schema-graph\">{\"@context\":\"https:\/\/schema.org\",\"@graph\":[{\"@type\":\"WebPage\",\"@id\":\"https:\/\/portalmf.com.br\/index.php\/2022\/08\/10\/cris-lima-lanca-com-exclusividade-musica-em-parceria-com-marcio-victor-do-psirico-em-evento-em-salvador\/\",\"url\":\"https:\/\/portalmf.com.br\/index.php\/2022\/08\/10\/cris-lima-lanca-com-exclusividade-musica-em-parceria-com-marcio-victor-do-psirico-em-evento-em-salvador\/\",\"name\":\"Cris Lima lan\u00e7a com exclusividade m\u00fasica em parceria com M\u00e1rcio Victor, do Psirico em evento em Salvador - Portal MF\",\"isPartOf\":{\"@id\":\"https:\/\/portalmf.com.br\/#website\"},\"primaryImageOfPage\":{\"@id\":\"https:\/\/portalmf.com.br\/index.php\/2022\/08\/10\/cris-lima-lanca-com-exclusividade-musica-em-parceria-com-marcio-victor-do-psirico-em-evento-em-salvador\/#primaryimage\"},\"image\":{\"@id\":\"https:\/\/portalmf.com.br\/index.php\/2022\/08\/10\/cris-lima-lanca-com-exclusividade-musica-em-parceria-com-marcio-victor-do-psirico-em-evento-em-salvador\/#primaryimage\"},\"thumbnailUrl\":\"https:\/\/portalmf.com.br\/wp-content\/uploads\/2022\/08\/WhatsApp-Image-2022-08-10-at-14.15.12.jpeg\",\"datePublished\":\"2022-08-10T16:19:00+00:00\",\"dateModified\":\"2022-08-10T19:21:35+00:00\",\"author\":{\"@id\":\"https:\/\/portalmf.com.br\/#\/schema\/person\/11c82086fe8abc05a19147e964587285\"},\"breadcrumb\":{\"@id\":\"https:\/\/portalmf.com.br\/index.php\/2022\/08\/10\/cris-lima-lanca-com-exclusividade-musica-em-parceria-com-marcio-victor-do-psirico-em-evento-em-salvador\/#breadcrumb\"},\"inLanguage\":\"pt-BR\",\"potentialAction\":[{\"@type\":\"ReadAction\",\"target\":[\"https:\/\/portalmf.com.br\/index.php\/2022\/08\/10\/cris-lima-lanca-com-exclusividade-musica-em-parceria-com-marcio-victor-do-psirico-em-evento-em-salvador\/\"]}]},{\"@type\":\"ImageObject\",\"inLanguage\":\"pt-BR\",\"@id\":\"https:\/\/portalmf.com.br\/index.php\/2022\/08\/10\/cris-lima-lanca-com-exclusividade-musica-em-parceria-com-marcio-victor-do-psirico-em-evento-em-salvador\/#primaryimage\",\"url\":\"https:\/\/portalmf.com.br\/wp-content\/uploads\/2022\/08\/WhatsApp-Image-2022-08-10-at-14.15.12.jpeg\",\"contentUrl\":\"https:\/\/portalmf.com.br\/wp-content\/uploads\/2022\/08\/WhatsApp-Image-2022-08-10-at-14.15.12.jpeg\",\"width\":720,\"height\":543},{\"@type\":\"BreadcrumbList\",\"@id\":\"https:\/\/portalmf.com.br\/index.php\/2022\/08\/10\/cris-lima-lanca-com-exclusividade-musica-em-parceria-com-marcio-victor-do-psirico-em-evento-em-salvador\/#breadcrumb\",\"itemListElement\":[{\"@type\":\"ListItem\",\"position\":1,\"name\":\"In\u00edcio\",\"item\":\"https:\/\/portalmf.com.br\/\"},{\"@type\":\"ListItem\",\"position\":2,\"name\":\"Cris Lima lan\u00e7a com exclusividade m\u00fasica em parceria com M\u00e1rcio Victor, do Psirico em evento em Salvador\"}]},{\"@type\":\"WebSite\",\"@id\":\"https:\/\/portalmf.com.br\/#website\",\"url\":\"https:\/\/portalmf.com.br\/\",\"name\":\"Portal MF\",\"description\":\"Voc\u00ea conectado com a informa\u00e7\u00e3o\",\"potentialAction\":[{\"@type\":\"SearchAction\",\"target\":{\"@type\":\"EntryPoint\",\"urlTemplate\":\"https:\/\/portalmf.com.br\/?s={search_term_string}\"},\"query-input\":\"required name=search_term_string\"}],\"inLanguage\":\"pt-BR\"},{\"@type\":\"Person\",\"@id\":\"https:\/\/portalmf.com.br\/#\/schema\/person\/11c82086fe8abc05a19147e964587285\",\"name\":\"Reginaldo J\u00fanior\",\"image\":{\"@type\":\"ImageObject\",\"inLanguage\":\"pt-BR\",\"@id\":\"https:\/\/portalmf.com.br\/#\/schema\/person\/image\/\",\"url\":\"https:\/\/secure.gravatar.com\/avatar\/32a3c797cd0ac47cc53b8644c62776f9?s=96&d=mm&r=g\",\"contentUrl\":\"https:\/\/secure.gravatar.com\/avatar\/32a3c797cd0ac47cc53b8644c62776f9?s=96&d=mm&r=g\",\"caption\":\"Reginaldo J\u00fanior\"},\"description\":\"Jornalista e idealizador Portal MF\",\"sameAs\":[\"https:\/\/portalmf.com.br\/index.php\/author\/reginaldojr\/\",\"reginaldojrfsa\",\"reginaldojuniormf\",\"https:\/\/x.com\/reginaldojrmf\"],\"url\":\"https:\/\/portalmf.com.br\/index.php\/author\/reginaldojr\/\"}]}<\/script>\n<!-- \/ Yoast SEO plugin. -->","yoast_head_json":{"title":"Cris Lima lan\u00e7a com exclusividade m\u00fasica em parceria com M\u00e1rcio Victor, do Psirico em evento em Salvador - Portal MF","robots":{"index":"index","follow":"follow","max-snippet":"max-snippet:-1","max-image-preview":"max-image-preview:large","max-video-preview":"max-video-preview:-1"},"canonical":"https:\/\/portalmf.com.br\/index.php\/2022\/08\/10\/cris-lima-lanca-com-exclusividade-musica-em-parceria-com-marcio-victor-do-psirico-em-evento-em-salvador\/","og_locale":"pt_BR","og_type":"article","og_title":"Cris Lima lan\u00e7a com exclusividade m\u00fasica em parceria com M\u00e1rcio Victor, do Psirico em evento em Salvador - Portal MF","og_description":"A cantora Cris Lima n\u00e3o para de trazer novidades para o p\u00fablico que curte o seu som, e dessa vez, a novidade \u00e9 a can\u00e7\u00e3o lan\u00e7ada em parceria com M\u00e1rcio Victor e a banda Psirico. O single \u201cBumbum de Elevador\u201d acaba de ser lan\u00e7ado em todas as plataformas digitais e tem um clipe dispon\u00edvel no [&hellip;]","og_url":"https:\/\/portalmf.com.br\/index.php\/2022\/08\/10\/cris-lima-lanca-com-exclusividade-musica-em-parceria-com-marcio-victor-do-psirico-em-evento-em-salvador\/","og_site_name":"Portal MF","article_author":"reginaldojrfsa","article_published_time":"2022-08-10T16:19:00+00:00","article_modified_time":"2022-08-10T19:21:35+00:00","og_image":[{"width":720,"height":543,"url":"https:\/\/portalmf.com.br\/wp-content\/uploads\/2022\/08\/WhatsApp-Image-2022-08-10-at-14.15.12.jpeg","type":"image\/jpeg"}],"author":"Reginaldo J\u00fanior","twitter_card":"summary_large_image","twitter_creator":"@reginaldojrmf","twitter_misc":{"Escrito por":"Reginaldo J\u00fanior","Est. tempo de leitura":"1 minuto"},"schema":{"@context":"https:\/\/schema.org","@graph":[{"@type":"WebPage","@id":"https:\/\/portalmf.com.br\/index.php\/2022\/08\/10\/cris-lima-lanca-com-exclusividade-musica-em-parceria-com-marcio-victor-do-psirico-em-evento-em-salvador\/","url":"https:\/\/portalmf.com.br\/index.php\/2022\/08\/10\/cris-lima-lanca-com-exclusividade-musica-em-parceria-com-marcio-victor-do-psirico-em-evento-em-salvador\/","name":"Cris Lima lan\u00e7a com exclusividade m\u00fasica em parceria com M\u00e1rcio Victor, do Psirico em evento em Salvador - Portal MF","isPartOf":{"@id":"https:\/\/portalmf.com.br\/#website"},"primaryImageOfPage":{"@id":"https:\/\/portalmf.com.br\/index.php\/2022\/08\/10\/cris-lima-lanca-com-exclusividade-musica-em-parceria-com-marcio-victor-do-psirico-em-evento-em-salvador\/#primaryimage"},"image":{"@id":"https:\/\/portalmf.com.br\/index.php\/2022\/08\/10\/cris-lima-lanca-com-exclusividade-musica-em-parceria-com-marcio-victor-do-psirico-em-evento-em-salvador\/#primaryimage"},"thumbnailUrl":"https:\/\/portalmf.com.br\/wp-content\/uploads\/2022\/08\/WhatsApp-Image-2022-08-10-at-14.15.12.jpeg","datePublished":"2022-08-10T16:19:00+00:00","dateModified":"2022-08-10T19:21:35+00:00","author":{"@id":"https:\/\/portalmf.com.br\/#\/schema\/person\/11c82086fe8abc05a19147e964587285"},"breadcrumb":{"@id":"https:\/\/portalmf.com.br\/index.php\/2022\/08\/10\/cris-lima-lanca-com-exclusividade-musica-em-parceria-com-marcio-victor-do-psirico-em-evento-em-salvador\/#breadcrumb"},"inLanguage":"pt-BR","potentialAction":[{"@type":"ReadAction","target":["https:\/\/portalmf.com.br\/index.php\/2022\/08\/10\/cris-lima-lanca-com-exclusividade-musica-em-parceria-com-marcio-victor-do-psirico-em-evento-em-salvador\/"]}]},{"@type":"ImageObject","inLanguage":"pt-BR","@id":"https:\/\/portalmf.com.br\/index.php\/2022\/08\/10\/cris-lima-lanca-com-exclusividade-musica-em-parceria-com-marcio-victor-do-psirico-em-evento-em-salvador\/#primaryimage","url":"https:\/\/portalmf.com.br\/wp-content\/uploads\/2022\/08\/WhatsApp-Image-2022-08-10-at-14.15.12.jpeg","contentUrl":"https:\/\/portalmf.com.br\/wp-content\/uploads\/2022\/08\/WhatsApp-Image-2022-08-10-at-14.15.12.jpeg","width":720,"height":543},{"@type":"BreadcrumbList","@id":"https:\/\/portalmf.com.br\/index.php\/2022\/08\/10\/cris-lima-lanca-com-exclusividade-musica-em-parceria-com-marcio-victor-do-psirico-em-evento-em-salvador\/#breadcrumb","itemListElement":[{"@type":"ListItem","position":1,"name":"In\u00edcio","item":"https:\/\/portalmf.com.br\/"},{"@type":"ListItem","position":2,"name":"Cris Lima lan\u00e7a com exclusividade m\u00fasica em parceria com M\u00e1rcio Victor, do Psirico em evento em Salvador"}]},{"@type":"WebSite","@id":"https:\/\/portalmf.com.br\/#website","url":"https:\/\/portalmf.com.br\/","name":"Portal MF","description":"Voc\u00ea conectado com a informa\u00e7\u00e3o","potentialAction":[{"@type":"SearchAction","target":{"@type":"EntryPoint","urlTemplate":"https:\/\/portalmf.com.br\/?s={search_term_string}"},"query-input":"required name=search_term_string"}],"inLanguage":"pt-BR"},{"@type":"Person","@id":"https:\/\/portalmf.com.br\/#\/schema\/person\/11c82086fe8abc05a19147e964587285","name":"Reginaldo J\u00fanior","image":{"@type":"ImageObject","inLanguage":"pt-BR","@id":"https:\/\/portalmf.com.br\/#\/schema\/person\/image\/","url":"https:\/\/secure.gravatar.com\/avatar\/32a3c797cd0ac47cc53b8644c62776f9?s=96&d=mm&r=g","contentUrl":"https:\/\/secure.gravatar.com\/avatar\/32a3c797cd0ac47cc53b8644c62776f9?s=96&d=mm&r=g","caption":"Reginaldo J\u00fanior"},"description":"Jornalista e idealizador Portal MF","sameAs":["https:\/\/portalmf.com.br\/index.php\/author\/reginaldojr\/","reginaldojrfsa","reginaldojuniormf","https:\/\/x.com\/reginaldojrmf"],"url":"https:\/\/portalmf.com.br\/index.php\/author\/reginaldojr\/"}]}},"_links":{"self":[{"href":"https:\/\/portalmf.com.br\/index.php\/wp-json\/wp\/v2\/posts\/2895"}],"collection":[{"href":"https:\/\/portalmf.com.br\/index.php\/wp-json\/wp\/v2\/posts"}],"about":[{"href":"https:\/\/portalmf.com.br\/index.php\/wp-json\/wp\/v2\/types\/post"}],"author":[{"embeddable":true,"href":"https:\/\/portalmf.com.br\/index.php\/wp-json\/wp\/v2\/users\/2"}],"replies":[{"embeddable":true,"href":"https:\/\/portalmf.com.br\/index.php\/wp-json\/wp\/v2\/comments?post=2895"}],"version-history":[{"count":1,"href":"https:\/\/portalmf.com.br\/index.php\/wp-json\/wp\/v2\/posts\/2895\/revisions"}],"predecessor-version":[{"id":2897,"href":"https:\/\/portalmf.com.br\/index.php\/wp-json\/wp\/v2\/posts\/2895\/revisions\/2897"}],"wp:featuredmedia":[{"embeddable":true,"href":"https:\/\/portalmf.com.br\/index.php\/wp-json\/wp\/v2\/media\/2896"}],"wp:attachment":[{"href":"https:\/\/portalmf.com.br\/index.php\/wp-json\/wp\/v2\/media?parent=2895"}],"wp:term":[{"taxonomy":"category","embeddable":true,"href":"https:\/\/portalmf.com.br\/index.php\/wp-json\/wp\/v2\/categories?post=2895"},{"taxonomy":"post_tag","embeddable":true,"href":"https:\/\/portalmf.com.br\/index.php\/wp-json\/wp\/v2\/tags?post=2895"}],"curies":[{"name":"wp","href":"https:\/\/api.w.org\/{rel}","templated":true}]}}