{"id":28944,"date":"2024-08-18T15:27:29","date_gmt":"2024-08-18T18:27:29","guid":{"rendered":"https:\/\/portalmf.com.br\/?p=28944"},"modified":"2024-08-18T15:27:29","modified_gmt":"2024-08-18T18:27:29","slug":"em-evento-na-matinha-ze-neto-diz-que-vai-melhorar-assistencia-da-saude-nos-distritos-de-feira","status":"publish","type":"post","link":"https:\/\/portalmf.com.br\/index.php\/2024\/08\/18\/em-evento-na-matinha-ze-neto-diz-que-vai-melhorar-assistencia-da-saude-nos-distritos-de-feira\/","title":{"rendered":"Em evento na Matinha, Z\u00e9 Neto diz que vai melhorar assist\u00eancia da sa\u00fade nos distritos de Feira"},"content":{"rendered":"\n<p> Ao participar neste domingo, da tradicional Festa de S\u00e3o Roque, no distrito de Matinha, o candidato a Prefeitura de Feira Santana pela Coliga\u00e7\u00e3o Pra o Futuro Acontecer, Z\u00e9 Neto, falou sobre o que considera \u201cdescaso da gest\u00e3o municipal com a sa\u00fade do povo feirense\u201d. Acompanhado por lideran\u00e7as pol\u00edticas e comunit\u00e1rias, o candidato esteve presente a missa solene, celebrada pelo Arcebispo Dom Zanoni Castro.<\/p>\n\n\n\n<p>\u201cAl\u00e9m dos sucessivos esc\u00e2ndalos e desvios dos recursos p\u00fablicos, a rede municipal convive com as constantes greves provocadas pelos sucessivos atrasos no pagamento dos sal\u00e1rios de m\u00e9dicos, enfermeiros e fornecedores, al\u00e9m da falta medicamentos b\u00e1sicos nos postos e demais unidades municipais\u201d, relatou. <\/p>\n\n\n\n<figure class=\"wp-block-image size-large\"><img fetchpriority=\"high\" decoding=\"async\" width=\"1024\" height=\"776\" src=\"https:\/\/portalmf.com.br\/wp-content\/uploads\/2024\/08\/IMG-20240818-WA0081-1024x776.jpg\" alt=\"\" class=\"wp-image-28945\" srcset=\"https:\/\/portalmf.com.br\/wp-content\/uploads\/2024\/08\/IMG-20240818-WA0081-1024x776.jpg 1024w, https:\/\/portalmf.com.br\/wp-content\/uploads\/2024\/08\/IMG-20240818-WA0081-300x227.jpg 300w, https:\/\/portalmf.com.br\/wp-content\/uploads\/2024\/08\/IMG-20240818-WA0081-768x582.jpg 768w, https:\/\/portalmf.com.br\/wp-content\/uploads\/2024\/08\/IMG-20240818-WA0081-696x527.jpg 696w, https:\/\/portalmf.com.br\/wp-content\/uploads\/2024\/08\/IMG-20240818-WA0081-1068x809.jpg 1068w, https:\/\/portalmf.com.br\/wp-content\/uploads\/2024\/08\/IMG-20240818-WA0081.jpg 1111w\" sizes=\"(max-width: 1024px) 100vw, 1024px\" \/><\/figure>\n\n\n\n<p>A celebra\u00e7\u00e3o a S\u00e3o Roque \u00e9 uma tradi\u00e7\u00e3o de mais de meio s\u00e9culo, no distrito de Matinha. Canonizado em 1414, ap\u00f3s ter sido evocado como prote\u00e7\u00e3o contra uma epidemia de bub\u00f4nica (peste negra) que assolava a Europa, S\u00e3o Roque, que em vida foi m\u00e9dico, tornou-se padroeiro dos cirurgi\u00f5es, inv\u00e1lidos, enfermos e protetor contra as doen\u00e7as contagiosas.Para Z\u00e9 Neto, conforme dialogou com a comunidade, a recupera\u00e7\u00e3o da rede municipal de sa\u00fade \u00e9 a sua \u201cprioridade imediata\u201d. <\/p>\n\n\n\n<p>A sua meta, na gest\u00e3o municipal \u00e9 implantar uma Unidade de Pronto Atendimento (UPA), em cada distrito, desafogando o atendimento nas unidades centrais.Antes de participar da Festa de S\u00e3o Roque, na Matinha, o candidato da Coliga\u00e7\u00e3o Pra o Futuro Acontecer, visitou a Feirinha da Esta\u00e7\u00e3o Nova, onde ouviu dos feirantes reclama\u00e7\u00f5es sobre a limpeza e a manuten\u00e7\u00e3o da \u00e1rea.<\/p>\n\n\n\n<p>\u201cA nossa proposta \u00e9 requalificar os nossos centros de abastecimento, n\u00e3o apenas garantindo uma manuten\u00e7\u00e3o cont\u00ednua, mas incorporando um novo conceito, no sentido de que al\u00e9m de centros de compra, esses equipamentos se tornem cada vez mais locais de intera\u00e7\u00e3o social, fortalecendo segmentos como a gastronomia e cultura\u201d.<\/p>\n","protected":false},"excerpt":{"rendered":"<p>Ao participar neste domingo, da tradicional Festa de S\u00e3o Roque, no distrito de Matinha, o candidato a Prefeitura de Feira Santana pela Coliga\u00e7\u00e3o Pra o Futuro Acontecer, Z\u00e9 Neto, falou sobre o que considera \u201cdescaso da gest\u00e3o municipal com a sa\u00fade do povo feirense\u201d. Acompanhado por lideran\u00e7as pol\u00edticas e comunit\u00e1rias, o candidato esteve presente a [&hellip;]<\/p>\n","protected":false},"author":3,"featured_media":28946,"comment_status":"open","ping_status":"open","sticky":false,"template":"","format":"standard","meta":{"_monsterinsights_skip_tracking":false,"_monsterinsights_sitenote_active":false,"_monsterinsights_sitenote_note":"","_monsterinsights_sitenote_category":0,"footnotes":""},"categories":[301,34],"tags":[],"yoast_head":"<!-- This site is optimized with the Yoast SEO plugin v22.9 - https:\/\/yoast.com\/wordpress\/plugins\/seo\/ -->\n<title>Em evento na Matinha, Z\u00e9 Neto diz que vai melhorar assist\u00eancia da sa\u00fade nos distritos de Feira - Portal MF<\/title>\n<meta name=\"robots\" content=\"index, follow, max-snippet:-1, max-image-preview:large, max-video-preview:-1\" \/>\n<link rel=\"canonical\" href=\"https:\/\/portalmf.com.br\/index.php\/2024\/08\/18\/em-evento-na-matinha-ze-neto-diz-que-vai-melhorar-assistencia-da-saude-nos-distritos-de-feira\/\" \/>\n<meta property=\"og:locale\" content=\"pt_BR\" \/>\n<meta property=\"og:type\" content=\"article\" \/>\n<meta property=\"og:title\" content=\"Em evento na Matinha, Z\u00e9 Neto diz que vai melhorar assist\u00eancia da sa\u00fade nos distritos de Feira - Portal MF\" \/>\n<meta property=\"og:description\" content=\"Ao participar neste domingo, da tradicional Festa de S\u00e3o Roque, no distrito de Matinha, o candidato a Prefeitura de Feira Santana pela Coliga\u00e7\u00e3o Pra o Futuro Acontecer, Z\u00e9 Neto, falou sobre o que considera \u201cdescaso da gest\u00e3o municipal com a sa\u00fade do povo feirense\u201d. Acompanhado por lideran\u00e7as pol\u00edticas e comunit\u00e1rias, o candidato esteve presente a [&hellip;]\" \/>\n<meta property=\"og:url\" content=\"https:\/\/portalmf.com.br\/index.php\/2024\/08\/18\/em-evento-na-matinha-ze-neto-diz-que-vai-melhorar-assistencia-da-saude-nos-distritos-de-feira\/\" \/>\n<meta property=\"og:site_name\" content=\"Portal MF\" \/>\n<meta property=\"article:author\" content=\"https:\/\/www.facebook.com\/portalmfoficial\" \/>\n<meta property=\"article:published_time\" content=\"2024-08-18T18:27:29+00:00\" \/>\n<meta property=\"og:image\" content=\"https:\/\/portalmf.com.br\/wp-content\/uploads\/2024\/08\/IMG-20240818-WA0080.jpg\" \/>\n\t<meta property=\"og:image:width\" content=\"1195\" \/>\n\t<meta property=\"og:image:height\" content=\"830\" \/>\n\t<meta property=\"og:image:type\" content=\"image\/jpeg\" \/>\n<meta name=\"author\" content=\"Reda\u00e7\u00e3o Portal MF\" \/>\n<meta name=\"twitter:card\" content=\"summary_large_image\" \/>\n<meta name=\"twitter:creator\" content=\"@https:\/\/x.com\/portalmfoficial\" \/>\n<meta name=\"twitter:label1\" content=\"Escrito por\" \/>\n\t<meta name=\"twitter:data1\" content=\"Reda\u00e7\u00e3o Portal MF\" \/>\n\t<meta name=\"twitter:label2\" content=\"Est. tempo de leitura\" \/>\n\t<meta name=\"twitter:data2\" content=\"2 minutos\" \/>\n<script type=\"application\/ld+json\" class=\"yoast-schema-graph\">{\"@context\":\"https:\/\/schema.org\",\"@graph\":[{\"@type\":\"WebPage\",\"@id\":\"https:\/\/portalmf.com.br\/index.php\/2024\/08\/18\/em-evento-na-matinha-ze-neto-diz-que-vai-melhorar-assistencia-da-saude-nos-distritos-de-feira\/\",\"url\":\"https:\/\/portalmf.com.br\/index.php\/2024\/08\/18\/em-evento-na-matinha-ze-neto-diz-que-vai-melhorar-assistencia-da-saude-nos-distritos-de-feira\/\",\"name\":\"Em evento na Matinha, Z\u00e9 Neto diz que vai melhorar assist\u00eancia da sa\u00fade nos distritos de Feira - Portal MF\",\"isPartOf\":{\"@id\":\"https:\/\/portalmf.com.br\/#website\"},\"primaryImageOfPage\":{\"@id\":\"https:\/\/portalmf.com.br\/index.php\/2024\/08\/18\/em-evento-na-matinha-ze-neto-diz-que-vai-melhorar-assistencia-da-saude-nos-distritos-de-feira\/#primaryimage\"},\"image\":{\"@id\":\"https:\/\/portalmf.com.br\/index.php\/2024\/08\/18\/em-evento-na-matinha-ze-neto-diz-que-vai-melhorar-assistencia-da-saude-nos-distritos-de-feira\/#primaryimage\"},\"thumbnailUrl\":\"https:\/\/portalmf.com.br\/wp-content\/uploads\/2024\/08\/IMG-20240818-WA0080.jpg\",\"datePublished\":\"2024-08-18T18:27:29+00:00\",\"dateModified\":\"2024-08-18T18:27:29+00:00\",\"author\":{\"@id\":\"https:\/\/portalmf.com.br\/#\/schema\/person\/9ec101baf56233e53520c26de5d6f6f0\"},\"breadcrumb\":{\"@id\":\"https:\/\/portalmf.com.br\/index.php\/2024\/08\/18\/em-evento-na-matinha-ze-neto-diz-que-vai-melhorar-assistencia-da-saude-nos-distritos-de-feira\/#breadcrumb\"},\"inLanguage\":\"pt-BR\",\"potentialAction\":[{\"@type\":\"ReadAction\",\"target\":[\"https:\/\/portalmf.com.br\/index.php\/2024\/08\/18\/em-evento-na-matinha-ze-neto-diz-que-vai-melhorar-assistencia-da-saude-nos-distritos-de-feira\/\"]}]},{\"@type\":\"ImageObject\",\"inLanguage\":\"pt-BR\",\"@id\":\"https:\/\/portalmf.com.br\/index.php\/2024\/08\/18\/em-evento-na-matinha-ze-neto-diz-que-vai-melhorar-assistencia-da-saude-nos-distritos-de-feira\/#primaryimage\",\"url\":\"https:\/\/portalmf.com.br\/wp-content\/uploads\/2024\/08\/IMG-20240818-WA0080.jpg\",\"contentUrl\":\"https:\/\/portalmf.com.br\/wp-content\/uploads\/2024\/08\/IMG-20240818-WA0080.jpg\",\"width\":1195,\"height\":830},{\"@type\":\"BreadcrumbList\",\"@id\":\"https:\/\/portalmf.com.br\/index.php\/2024\/08\/18\/em-evento-na-matinha-ze-neto-diz-que-vai-melhorar-assistencia-da-saude-nos-distritos-de-feira\/#breadcrumb\",\"itemListElement\":[{\"@type\":\"ListItem\",\"position\":1,\"name\":\"In\u00edcio\",\"item\":\"https:\/\/portalmf.com.br\/\"},{\"@type\":\"ListItem\",\"position\":2,\"name\":\"Em evento na Matinha, Z\u00e9 Neto diz que vai melhorar assist\u00eancia da sa\u00fade nos distritos de Feira\"}]},{\"@type\":\"WebSite\",\"@id\":\"https:\/\/portalmf.com.br\/#website\",\"url\":\"https:\/\/portalmf.com.br\/\",\"name\":\"Portal MF\",\"description\":\"Voc\u00ea conectado com a informa\u00e7\u00e3o\",\"potentialAction\":[{\"@type\":\"SearchAction\",\"target\":{\"@type\":\"EntryPoint\",\"urlTemplate\":\"https:\/\/portalmf.com.br\/?s={search_term_string}\"},\"query-input\":\"required name=search_term_string\"}],\"inLanguage\":\"pt-BR\"},{\"@type\":\"Person\",\"@id\":\"https:\/\/portalmf.com.br\/#\/schema\/person\/9ec101baf56233e53520c26de5d6f6f0\",\"name\":\"Reda\u00e7\u00e3o Portal MF\",\"image\":{\"@type\":\"ImageObject\",\"inLanguage\":\"pt-BR\",\"@id\":\"https:\/\/portalmf.com.br\/#\/schema\/person\/image\/\",\"url\":\"https:\/\/secure.gravatar.com\/avatar\/41b9aaeb2100835f7c64362330f74c7f?s=96&d=mm&r=g\",\"contentUrl\":\"https:\/\/secure.gravatar.com\/avatar\/41b9aaeb2100835f7c64362330f74c7f?s=96&d=mm&r=g\",\"caption\":\"Reda\u00e7\u00e3o Portal MF\"},\"description\":\"Sejam bem-vindos o portal de informa\u00e7\u00f5es de entretenimento de Feira de Santana, desde 2006 realiza coberturas dos principais eventos com entrevistas exclusivas com as principais personalidades mundiais. Fique conectado tamb\u00e9m nas redes sociais.\",\"sameAs\":[\"http:\/\/www.portalmf.com.br\/\",\"https:\/\/www.facebook.com\/portalmfoficial\",\"https:\/\/www.instagram.com\/portalmf\/\",\"https:\/\/x.com\/https:\/\/x.com\/portalmfoficial\",\"https:\/\/www.youtube.com\/@portalmfoficial\"],\"url\":\"https:\/\/portalmf.com.br\/index.php\/author\/junior\/\"}]}<\/script>\n<!-- \/ Yoast SEO plugin. -->","yoast_head_json":{"title":"Em evento na Matinha, Z\u00e9 Neto diz que vai melhorar assist\u00eancia da sa\u00fade nos distritos de Feira - Portal MF","robots":{"index":"index","follow":"follow","max-snippet":"max-snippet:-1","max-image-preview":"max-image-preview:large","max-video-preview":"max-video-preview:-1"},"canonical":"https:\/\/portalmf.com.br\/index.php\/2024\/08\/18\/em-evento-na-matinha-ze-neto-diz-que-vai-melhorar-assistencia-da-saude-nos-distritos-de-feira\/","og_locale":"pt_BR","og_type":"article","og_title":"Em evento na Matinha, Z\u00e9 Neto diz que vai melhorar assist\u00eancia da sa\u00fade nos distritos de Feira - Portal MF","og_description":"Ao participar neste domingo, da tradicional Festa de S\u00e3o Roque, no distrito de Matinha, o candidato a Prefeitura de Feira Santana pela Coliga\u00e7\u00e3o Pra o Futuro Acontecer, Z\u00e9 Neto, falou sobre o que considera \u201cdescaso da gest\u00e3o municipal com a sa\u00fade do povo feirense\u201d. Acompanhado por lideran\u00e7as pol\u00edticas e comunit\u00e1rias, o candidato esteve presente a [&hellip;]","og_url":"https:\/\/portalmf.com.br\/index.php\/2024\/08\/18\/em-evento-na-matinha-ze-neto-diz-que-vai-melhorar-assistencia-da-saude-nos-distritos-de-feira\/","og_site_name":"Portal MF","article_author":"https:\/\/www.facebook.com\/portalmfoficial","article_published_time":"2024-08-18T18:27:29+00:00","og_image":[{"width":1195,"height":830,"url":"https:\/\/portalmf.com.br\/wp-content\/uploads\/2024\/08\/IMG-20240818-WA0080.jpg","type":"image\/jpeg"}],"author":"Reda\u00e7\u00e3o Portal MF","twitter_card":"summary_large_image","twitter_creator":"@https:\/\/x.com\/portalmfoficial","twitter_misc":{"Escrito por":"Reda\u00e7\u00e3o Portal MF","Est. tempo de leitura":"2 minutos"},"schema":{"@context":"https:\/\/schema.org","@graph":[{"@type":"WebPage","@id":"https:\/\/portalmf.com.br\/index.php\/2024\/08\/18\/em-evento-na-matinha-ze-neto-diz-que-vai-melhorar-assistencia-da-saude-nos-distritos-de-feira\/","url":"https:\/\/portalmf.com.br\/index.php\/2024\/08\/18\/em-evento-na-matinha-ze-neto-diz-que-vai-melhorar-assistencia-da-saude-nos-distritos-de-feira\/","name":"Em evento na Matinha, Z\u00e9 Neto diz que vai melhorar assist\u00eancia da sa\u00fade nos distritos de Feira - Portal MF","isPartOf":{"@id":"https:\/\/portalmf.com.br\/#website"},"primaryImageOfPage":{"@id":"https:\/\/portalmf.com.br\/index.php\/2024\/08\/18\/em-evento-na-matinha-ze-neto-diz-que-vai-melhorar-assistencia-da-saude-nos-distritos-de-feira\/#primaryimage"},"image":{"@id":"https:\/\/portalmf.com.br\/index.php\/2024\/08\/18\/em-evento-na-matinha-ze-neto-diz-que-vai-melhorar-assistencia-da-saude-nos-distritos-de-feira\/#primaryimage"},"thumbnailUrl":"https:\/\/portalmf.com.br\/wp-content\/uploads\/2024\/08\/IMG-20240818-WA0080.jpg","datePublished":"2024-08-18T18:27:29+00:00","dateModified":"2024-08-18T18:27:29+00:00","author":{"@id":"https:\/\/portalmf.com.br\/#\/schema\/person\/9ec101baf56233e53520c26de5d6f6f0"},"breadcrumb":{"@id":"https:\/\/portalmf.com.br\/index.php\/2024\/08\/18\/em-evento-na-matinha-ze-neto-diz-que-vai-melhorar-assistencia-da-saude-nos-distritos-de-feira\/#breadcrumb"},"inLanguage":"pt-BR","potentialAction":[{"@type":"ReadAction","target":["https:\/\/portalmf.com.br\/index.php\/2024\/08\/18\/em-evento-na-matinha-ze-neto-diz-que-vai-melhorar-assistencia-da-saude-nos-distritos-de-feira\/"]}]},{"@type":"ImageObject","inLanguage":"pt-BR","@id":"https:\/\/portalmf.com.br\/index.php\/2024\/08\/18\/em-evento-na-matinha-ze-neto-diz-que-vai-melhorar-assistencia-da-saude-nos-distritos-de-feira\/#primaryimage","url":"https:\/\/portalmf.com.br\/wp-content\/uploads\/2024\/08\/IMG-20240818-WA0080.jpg","contentUrl":"https:\/\/portalmf.com.br\/wp-content\/uploads\/2024\/08\/IMG-20240818-WA0080.jpg","width":1195,"height":830},{"@type":"BreadcrumbList","@id":"https:\/\/portalmf.com.br\/index.php\/2024\/08\/18\/em-evento-na-matinha-ze-neto-diz-que-vai-melhorar-assistencia-da-saude-nos-distritos-de-feira\/#breadcrumb","itemListElement":[{"@type":"ListItem","position":1,"name":"In\u00edcio","item":"https:\/\/portalmf.com.br\/"},{"@type":"ListItem","position":2,"name":"Em evento na Matinha, Z\u00e9 Neto diz que vai melhorar assist\u00eancia da sa\u00fade nos distritos de Feira"}]},{"@type":"WebSite","@id":"https:\/\/portalmf.com.br\/#website","url":"https:\/\/portalmf.com.br\/","name":"Portal MF","description":"Voc\u00ea conectado com a informa\u00e7\u00e3o","potentialAction":[{"@type":"SearchAction","target":{"@type":"EntryPoint","urlTemplate":"https:\/\/portalmf.com.br\/?s={search_term_string}"},"query-input":"required name=search_term_string"}],"inLanguage":"pt-BR"},{"@type":"Person","@id":"https:\/\/portalmf.com.br\/#\/schema\/person\/9ec101baf56233e53520c26de5d6f6f0","name":"Reda\u00e7\u00e3o Portal MF","image":{"@type":"ImageObject","inLanguage":"pt-BR","@id":"https:\/\/portalmf.com.br\/#\/schema\/person\/image\/","url":"https:\/\/secure.gravatar.com\/avatar\/41b9aaeb2100835f7c64362330f74c7f?s=96&d=mm&r=g","contentUrl":"https:\/\/secure.gravatar.com\/avatar\/41b9aaeb2100835f7c64362330f74c7f?s=96&d=mm&r=g","caption":"Reda\u00e7\u00e3o Portal MF"},"description":"Sejam bem-vindos o portal de informa\u00e7\u00f5es de entretenimento de Feira de Santana, desde 2006 realiza coberturas dos principais eventos com entrevistas exclusivas com as principais personalidades mundiais. Fique conectado tamb\u00e9m nas redes sociais.","sameAs":["http:\/\/www.portalmf.com.br\/","https:\/\/www.facebook.com\/portalmfoficial","https:\/\/www.instagram.com\/portalmf\/","https:\/\/x.com\/https:\/\/x.com\/portalmfoficial","https:\/\/www.youtube.com\/@portalmfoficial"],"url":"https:\/\/portalmf.com.br\/index.php\/author\/junior\/"}]}},"_links":{"self":[{"href":"https:\/\/portalmf.com.br\/index.php\/wp-json\/wp\/v2\/posts\/28944"}],"collection":[{"href":"https:\/\/portalmf.com.br\/index.php\/wp-json\/wp\/v2\/posts"}],"about":[{"href":"https:\/\/portalmf.com.br\/index.php\/wp-json\/wp\/v2\/types\/post"}],"author":[{"embeddable":true,"href":"https:\/\/portalmf.com.br\/index.php\/wp-json\/wp\/v2\/users\/3"}],"replies":[{"embeddable":true,"href":"https:\/\/portalmf.com.br\/index.php\/wp-json\/wp\/v2\/comments?post=28944"}],"version-history":[{"count":1,"href":"https:\/\/portalmf.com.br\/index.php\/wp-json\/wp\/v2\/posts\/28944\/revisions"}],"predecessor-version":[{"id":28947,"href":"https:\/\/portalmf.com.br\/index.php\/wp-json\/wp\/v2\/posts\/28944\/revisions\/28947"}],"wp:featuredmedia":[{"embeddable":true,"href":"https:\/\/portalmf.com.br\/index.php\/wp-json\/wp\/v2\/media\/28946"}],"wp:attachment":[{"href":"https:\/\/portalmf.com.br\/index.php\/wp-json\/wp\/v2\/media?parent=28944"}],"wp:term":[{"taxonomy":"category","embeddable":true,"href":"https:\/\/portalmf.com.br\/index.php\/wp-json\/wp\/v2\/categories?post=28944"},{"taxonomy":"post_tag","embeddable":true,"href":"https:\/\/portalmf.com.br\/index.php\/wp-json\/wp\/v2\/tags?post=28944"}],"curies":[{"name":"wp","href":"https:\/\/api.w.org\/{rel}","templated":true}]}}