{"id":2888,"date":"2022-08-09T16:15:00","date_gmt":"2022-08-09T19:15:00","guid":{"rendered":"http:\/\/portalmf.com.br\/?p=2888"},"modified":"2022-08-10T16:17:01","modified_gmt":"2022-08-10T19:17:01","slug":"membros-da-oab-feira-participam-de-lancamento-da-cartilha-de-orientacao-para-pessoas-envolvidas-em-violencia-domestica-do-ministerio-publico","status":"publish","type":"post","link":"https:\/\/portalmf.com.br\/index.php\/2022\/08\/09\/membros-da-oab-feira-participam-de-lancamento-da-cartilha-de-orientacao-para-pessoas-envolvidas-em-violencia-domestica-do-ministerio-publico\/","title":{"rendered":"Membros da OAB Feira participam de lan\u00e7amento da Cartilha de Orienta\u00e7\u00e3o para Pessoas Envolvidas em Viol\u00eancia Dom\u00e9stica do Minist\u00e9rio P\u00fablico"},"content":{"rendered":"\n<p>Aconteceu na manh\u00e3 desta ter\u00e7a-feira (9), o lan\u00e7amento da Cartilha de Orienta\u00e7\u00e3o para Pessoas Envolvidas em Viol\u00eancia Dom\u00e9stica do Minist\u00e9rio P\u00fablico. O evento aconteceu na sede do MP e contou com a presen\u00e7a de Lorena Peixoto, vice-presidente da OAB Subse\u00e7\u00e3o Feira de Santana.<\/p>\n\n\n\n<p>\u201cEntendemos que a cartilha elaborada pelo Minist\u00e9rio P\u00fablico funciona como um efetivo-guia de preven\u00e7\u00e3o e educa\u00e7\u00e3o para todos os envolvidos no contexto de viol\u00eancia dom\u00e9stica e familiar, de modo a minorar e diminuir os eventuais danos\u201d, afirma a vice-presidente.<\/p>\n\n\n\n<p>Esmeralda Halana, vice-presidente da Comiss\u00e3o da Mulher e da Advogada da OAB Feira, tamb\u00e9m participou do lan\u00e7amento. \u201cEntendemos que para conter a viol\u00eancia de g\u00eanero contra mulheres e meninas faz-se necess\u00e1rio um trabalho educativo, de base, e a cartilha vai dar um maior alcance a esse p\u00fablico, notadamente porque foi disponibilizada via QR Code, o que d\u00e1 um alcance ainda maior para todos que queiram efetivamente consult\u00e1-la\u201d, declara.<\/p>\n\n\n\n<p>Para acessar a cartilha basta realizar a leitura pelo QR Code constante no cartaz abaixo. Tamb\u00e9m estiveram no lan\u00e7amento a presidente da Comiss\u00e3o de Direitos Humanos, Mariana Rodrigues, e a presidente da Comiss\u00e3o de Igualdade Racial, Mariane Oliveira, bem como diversas autoridades que fazem parte da rede de apoio e prote\u00e7\u00e3o da mulher em condi\u00e7\u00e3o de vulnerabilidade em condi\u00e7\u00e3o de viol\u00eancia dom\u00e9stica e familiar.<\/p>\n","protected":false},"excerpt":{"rendered":"<p>Aconteceu na manh\u00e3 desta ter\u00e7a-feira (9), o lan\u00e7amento da Cartilha de Orienta\u00e7\u00e3o para Pessoas Envolvidas em Viol\u00eancia Dom\u00e9stica do Minist\u00e9rio P\u00fablico. O evento aconteceu na sede do MP e contou com a presen\u00e7a de Lorena Peixoto, vice-presidente da OAB Subse\u00e7\u00e3o Feira de Santana. \u201cEntendemos que a cartilha elaborada pelo Minist\u00e9rio P\u00fablico funciona como um efetivo-guia [&hellip;]<\/p>\n","protected":false},"author":2,"featured_media":2889,"comment_status":"open","ping_status":"open","sticky":false,"template":"","format":"standard","meta":{"_monsterinsights_skip_tracking":false,"_monsterinsights_sitenote_active":false,"_monsterinsights_sitenote_note":"","_monsterinsights_sitenote_category":0,"footnotes":""},"categories":[34],"tags":[],"yoast_head":"<!-- This site is optimized with the Yoast SEO plugin v22.9 - https:\/\/yoast.com\/wordpress\/plugins\/seo\/ -->\n<title>Membros da OAB Feira participam de lan\u00e7amento da Cartilha de Orienta\u00e7\u00e3o para Pessoas Envolvidas em Viol\u00eancia Dom\u00e9stica do Minist\u00e9rio P\u00fablico - Portal MF<\/title>\n<meta name=\"robots\" content=\"index, follow, max-snippet:-1, max-image-preview:large, max-video-preview:-1\" \/>\n<link rel=\"canonical\" href=\"https:\/\/portalmf.com.br\/index.php\/2022\/08\/09\/membros-da-oab-feira-participam-de-lancamento-da-cartilha-de-orientacao-para-pessoas-envolvidas-em-violencia-domestica-do-ministerio-publico\/\" \/>\n<meta property=\"og:locale\" content=\"pt_BR\" \/>\n<meta property=\"og:type\" content=\"article\" \/>\n<meta property=\"og:title\" content=\"Membros da OAB Feira participam de lan\u00e7amento da Cartilha de Orienta\u00e7\u00e3o para Pessoas Envolvidas em Viol\u00eancia Dom\u00e9stica do Minist\u00e9rio P\u00fablico - Portal MF\" \/>\n<meta property=\"og:description\" content=\"Aconteceu na manh\u00e3 desta ter\u00e7a-feira (9), o lan\u00e7amento da Cartilha de Orienta\u00e7\u00e3o para Pessoas Envolvidas em Viol\u00eancia Dom\u00e9stica do Minist\u00e9rio P\u00fablico. O evento aconteceu na sede do MP e contou com a presen\u00e7a de Lorena Peixoto, vice-presidente da OAB Subse\u00e7\u00e3o Feira de Santana. \u201cEntendemos que a cartilha elaborada pelo Minist\u00e9rio P\u00fablico funciona como um efetivo-guia [&hellip;]\" \/>\n<meta property=\"og:url\" content=\"https:\/\/portalmf.com.br\/index.php\/2022\/08\/09\/membros-da-oab-feira-participam-de-lancamento-da-cartilha-de-orientacao-para-pessoas-envolvidas-em-violencia-domestica-do-ministerio-publico\/\" \/>\n<meta property=\"og:site_name\" content=\"Portal MF\" \/>\n<meta property=\"article:author\" content=\"reginaldojrfsa\" \/>\n<meta property=\"article:published_time\" content=\"2022-08-09T19:15:00+00:00\" \/>\n<meta property=\"article:modified_time\" content=\"2022-08-10T19:17:01+00:00\" \/>\n<meta property=\"og:image\" content=\"https:\/\/portalmf.com.br\/wp-content\/uploads\/2022\/08\/WhatsApp-Image-2022-08-09-at-16.46.57.jpeg\" \/>\n\t<meta property=\"og:image:width\" content=\"1242\" \/>\n\t<meta property=\"og:image:height\" content=\"1171\" \/>\n\t<meta property=\"og:image:type\" content=\"image\/jpeg\" \/>\n<meta name=\"author\" content=\"Reginaldo J\u00fanior\" \/>\n<meta name=\"twitter:card\" content=\"summary_large_image\" \/>\n<meta name=\"twitter:creator\" content=\"@reginaldojrmf\" \/>\n<meta name=\"twitter:label1\" content=\"Escrito por\" \/>\n\t<meta name=\"twitter:data1\" content=\"Reginaldo J\u00fanior\" \/>\n\t<meta name=\"twitter:label2\" content=\"Est. tempo de leitura\" \/>\n\t<meta name=\"twitter:data2\" content=\"1 minuto\" \/>\n<script type=\"application\/ld+json\" class=\"yoast-schema-graph\">{\"@context\":\"https:\/\/schema.org\",\"@graph\":[{\"@type\":\"WebPage\",\"@id\":\"https:\/\/portalmf.com.br\/index.php\/2022\/08\/09\/membros-da-oab-feira-participam-de-lancamento-da-cartilha-de-orientacao-para-pessoas-envolvidas-em-violencia-domestica-do-ministerio-publico\/\",\"url\":\"https:\/\/portalmf.com.br\/index.php\/2022\/08\/09\/membros-da-oab-feira-participam-de-lancamento-da-cartilha-de-orientacao-para-pessoas-envolvidas-em-violencia-domestica-do-ministerio-publico\/\",\"name\":\"Membros da OAB Feira participam de lan\u00e7amento da Cartilha de Orienta\u00e7\u00e3o para Pessoas Envolvidas em Viol\u00eancia Dom\u00e9stica do Minist\u00e9rio P\u00fablico - Portal MF\",\"isPartOf\":{\"@id\":\"https:\/\/portalmf.com.br\/#website\"},\"primaryImageOfPage\":{\"@id\":\"https:\/\/portalmf.com.br\/index.php\/2022\/08\/09\/membros-da-oab-feira-participam-de-lancamento-da-cartilha-de-orientacao-para-pessoas-envolvidas-em-violencia-domestica-do-ministerio-publico\/#primaryimage\"},\"image\":{\"@id\":\"https:\/\/portalmf.com.br\/index.php\/2022\/08\/09\/membros-da-oab-feira-participam-de-lancamento-da-cartilha-de-orientacao-para-pessoas-envolvidas-em-violencia-domestica-do-ministerio-publico\/#primaryimage\"},\"thumbnailUrl\":\"https:\/\/portalmf.com.br\/wp-content\/uploads\/2022\/08\/WhatsApp-Image-2022-08-09-at-16.46.57.jpeg\",\"datePublished\":\"2022-08-09T19:15:00+00:00\",\"dateModified\":\"2022-08-10T19:17:01+00:00\",\"author\":{\"@id\":\"https:\/\/portalmf.com.br\/#\/schema\/person\/11c82086fe8abc05a19147e964587285\"},\"breadcrumb\":{\"@id\":\"https:\/\/portalmf.com.br\/index.php\/2022\/08\/09\/membros-da-oab-feira-participam-de-lancamento-da-cartilha-de-orientacao-para-pessoas-envolvidas-em-violencia-domestica-do-ministerio-publico\/#breadcrumb\"},\"inLanguage\":\"pt-BR\",\"potentialAction\":[{\"@type\":\"ReadAction\",\"target\":[\"https:\/\/portalmf.com.br\/index.php\/2022\/08\/09\/membros-da-oab-feira-participam-de-lancamento-da-cartilha-de-orientacao-para-pessoas-envolvidas-em-violencia-domestica-do-ministerio-publico\/\"]}]},{\"@type\":\"ImageObject\",\"inLanguage\":\"pt-BR\",\"@id\":\"https:\/\/portalmf.com.br\/index.php\/2022\/08\/09\/membros-da-oab-feira-participam-de-lancamento-da-cartilha-de-orientacao-para-pessoas-envolvidas-em-violencia-domestica-do-ministerio-publico\/#primaryimage\",\"url\":\"https:\/\/portalmf.com.br\/wp-content\/uploads\/2022\/08\/WhatsApp-Image-2022-08-09-at-16.46.57.jpeg\",\"contentUrl\":\"https:\/\/portalmf.com.br\/wp-content\/uploads\/2022\/08\/WhatsApp-Image-2022-08-09-at-16.46.57.jpeg\",\"width\":1242,\"height\":1171},{\"@type\":\"BreadcrumbList\",\"@id\":\"https:\/\/portalmf.com.br\/index.php\/2022\/08\/09\/membros-da-oab-feira-participam-de-lancamento-da-cartilha-de-orientacao-para-pessoas-envolvidas-em-violencia-domestica-do-ministerio-publico\/#breadcrumb\",\"itemListElement\":[{\"@type\":\"ListItem\",\"position\":1,\"name\":\"In\u00edcio\",\"item\":\"https:\/\/portalmf.com.br\/\"},{\"@type\":\"ListItem\",\"position\":2,\"name\":\"Membros da OAB Feira participam de lan\u00e7amento da Cartilha de Orienta\u00e7\u00e3o para Pessoas Envolvidas em Viol\u00eancia Dom\u00e9stica do Minist\u00e9rio P\u00fablico\"}]},{\"@type\":\"WebSite\",\"@id\":\"https:\/\/portalmf.com.br\/#website\",\"url\":\"https:\/\/portalmf.com.br\/\",\"name\":\"Portal MF\",\"description\":\"Voc\u00ea conectado com a informa\u00e7\u00e3o\",\"potentialAction\":[{\"@type\":\"SearchAction\",\"target\":{\"@type\":\"EntryPoint\",\"urlTemplate\":\"https:\/\/portalmf.com.br\/?s={search_term_string}\"},\"query-input\":\"required name=search_term_string\"}],\"inLanguage\":\"pt-BR\"},{\"@type\":\"Person\",\"@id\":\"https:\/\/portalmf.com.br\/#\/schema\/person\/11c82086fe8abc05a19147e964587285\",\"name\":\"Reginaldo J\u00fanior\",\"image\":{\"@type\":\"ImageObject\",\"inLanguage\":\"pt-BR\",\"@id\":\"https:\/\/portalmf.com.br\/#\/schema\/person\/image\/\",\"url\":\"https:\/\/secure.gravatar.com\/avatar\/32a3c797cd0ac47cc53b8644c62776f9?s=96&d=mm&r=g\",\"contentUrl\":\"https:\/\/secure.gravatar.com\/avatar\/32a3c797cd0ac47cc53b8644c62776f9?s=96&d=mm&r=g\",\"caption\":\"Reginaldo J\u00fanior\"},\"description\":\"Jornalista e idealizador Portal MF\",\"sameAs\":[\"https:\/\/portalmf.com.br\/index.php\/author\/reginaldojr\/\",\"reginaldojrfsa\",\"reginaldojuniormf\",\"https:\/\/x.com\/reginaldojrmf\"],\"url\":\"https:\/\/portalmf.com.br\/index.php\/author\/reginaldojr\/\"}]}<\/script>\n<!-- \/ Yoast SEO plugin. -->","yoast_head_json":{"title":"Membros da OAB Feira participam de lan\u00e7amento da Cartilha de Orienta\u00e7\u00e3o para Pessoas Envolvidas em Viol\u00eancia Dom\u00e9stica do Minist\u00e9rio P\u00fablico - Portal MF","robots":{"index":"index","follow":"follow","max-snippet":"max-snippet:-1","max-image-preview":"max-image-preview:large","max-video-preview":"max-video-preview:-1"},"canonical":"https:\/\/portalmf.com.br\/index.php\/2022\/08\/09\/membros-da-oab-feira-participam-de-lancamento-da-cartilha-de-orientacao-para-pessoas-envolvidas-em-violencia-domestica-do-ministerio-publico\/","og_locale":"pt_BR","og_type":"article","og_title":"Membros da OAB Feira participam de lan\u00e7amento da Cartilha de Orienta\u00e7\u00e3o para Pessoas Envolvidas em Viol\u00eancia Dom\u00e9stica do Minist\u00e9rio P\u00fablico - Portal MF","og_description":"Aconteceu na manh\u00e3 desta ter\u00e7a-feira (9), o lan\u00e7amento da Cartilha de Orienta\u00e7\u00e3o para Pessoas Envolvidas em Viol\u00eancia Dom\u00e9stica do Minist\u00e9rio P\u00fablico. O evento aconteceu na sede do MP e contou com a presen\u00e7a de Lorena Peixoto, vice-presidente da OAB Subse\u00e7\u00e3o Feira de Santana. \u201cEntendemos que a cartilha elaborada pelo Minist\u00e9rio P\u00fablico funciona como um efetivo-guia [&hellip;]","og_url":"https:\/\/portalmf.com.br\/index.php\/2022\/08\/09\/membros-da-oab-feira-participam-de-lancamento-da-cartilha-de-orientacao-para-pessoas-envolvidas-em-violencia-domestica-do-ministerio-publico\/","og_site_name":"Portal MF","article_author":"reginaldojrfsa","article_published_time":"2022-08-09T19:15:00+00:00","article_modified_time":"2022-08-10T19:17:01+00:00","og_image":[{"width":1242,"height":1171,"url":"https:\/\/portalmf.com.br\/wp-content\/uploads\/2022\/08\/WhatsApp-Image-2022-08-09-at-16.46.57.jpeg","type":"image\/jpeg"}],"author":"Reginaldo J\u00fanior","twitter_card":"summary_large_image","twitter_creator":"@reginaldojrmf","twitter_misc":{"Escrito por":"Reginaldo J\u00fanior","Est. tempo de leitura":"1 minuto"},"schema":{"@context":"https:\/\/schema.org","@graph":[{"@type":"WebPage","@id":"https:\/\/portalmf.com.br\/index.php\/2022\/08\/09\/membros-da-oab-feira-participam-de-lancamento-da-cartilha-de-orientacao-para-pessoas-envolvidas-em-violencia-domestica-do-ministerio-publico\/","url":"https:\/\/portalmf.com.br\/index.php\/2022\/08\/09\/membros-da-oab-feira-participam-de-lancamento-da-cartilha-de-orientacao-para-pessoas-envolvidas-em-violencia-domestica-do-ministerio-publico\/","name":"Membros da OAB Feira participam de lan\u00e7amento da Cartilha de Orienta\u00e7\u00e3o para Pessoas Envolvidas em Viol\u00eancia Dom\u00e9stica do Minist\u00e9rio P\u00fablico - Portal MF","isPartOf":{"@id":"https:\/\/portalmf.com.br\/#website"},"primaryImageOfPage":{"@id":"https:\/\/portalmf.com.br\/index.php\/2022\/08\/09\/membros-da-oab-feira-participam-de-lancamento-da-cartilha-de-orientacao-para-pessoas-envolvidas-em-violencia-domestica-do-ministerio-publico\/#primaryimage"},"image":{"@id":"https:\/\/portalmf.com.br\/index.php\/2022\/08\/09\/membros-da-oab-feira-participam-de-lancamento-da-cartilha-de-orientacao-para-pessoas-envolvidas-em-violencia-domestica-do-ministerio-publico\/#primaryimage"},"thumbnailUrl":"https:\/\/portalmf.com.br\/wp-content\/uploads\/2022\/08\/WhatsApp-Image-2022-08-09-at-16.46.57.jpeg","datePublished":"2022-08-09T19:15:00+00:00","dateModified":"2022-08-10T19:17:01+00:00","author":{"@id":"https:\/\/portalmf.com.br\/#\/schema\/person\/11c82086fe8abc05a19147e964587285"},"breadcrumb":{"@id":"https:\/\/portalmf.com.br\/index.php\/2022\/08\/09\/membros-da-oab-feira-participam-de-lancamento-da-cartilha-de-orientacao-para-pessoas-envolvidas-em-violencia-domestica-do-ministerio-publico\/#breadcrumb"},"inLanguage":"pt-BR","potentialAction":[{"@type":"ReadAction","target":["https:\/\/portalmf.com.br\/index.php\/2022\/08\/09\/membros-da-oab-feira-participam-de-lancamento-da-cartilha-de-orientacao-para-pessoas-envolvidas-em-violencia-domestica-do-ministerio-publico\/"]}]},{"@type":"ImageObject","inLanguage":"pt-BR","@id":"https:\/\/portalmf.com.br\/index.php\/2022\/08\/09\/membros-da-oab-feira-participam-de-lancamento-da-cartilha-de-orientacao-para-pessoas-envolvidas-em-violencia-domestica-do-ministerio-publico\/#primaryimage","url":"https:\/\/portalmf.com.br\/wp-content\/uploads\/2022\/08\/WhatsApp-Image-2022-08-09-at-16.46.57.jpeg","contentUrl":"https:\/\/portalmf.com.br\/wp-content\/uploads\/2022\/08\/WhatsApp-Image-2022-08-09-at-16.46.57.jpeg","width":1242,"height":1171},{"@type":"BreadcrumbList","@id":"https:\/\/portalmf.com.br\/index.php\/2022\/08\/09\/membros-da-oab-feira-participam-de-lancamento-da-cartilha-de-orientacao-para-pessoas-envolvidas-em-violencia-domestica-do-ministerio-publico\/#breadcrumb","itemListElement":[{"@type":"ListItem","position":1,"name":"In\u00edcio","item":"https:\/\/portalmf.com.br\/"},{"@type":"ListItem","position":2,"name":"Membros da OAB Feira participam de lan\u00e7amento da Cartilha de Orienta\u00e7\u00e3o para Pessoas Envolvidas em Viol\u00eancia Dom\u00e9stica do Minist\u00e9rio P\u00fablico"}]},{"@type":"WebSite","@id":"https:\/\/portalmf.com.br\/#website","url":"https:\/\/portalmf.com.br\/","name":"Portal MF","description":"Voc\u00ea conectado com a informa\u00e7\u00e3o","potentialAction":[{"@type":"SearchAction","target":{"@type":"EntryPoint","urlTemplate":"https:\/\/portalmf.com.br\/?s={search_term_string}"},"query-input":"required name=search_term_string"}],"inLanguage":"pt-BR"},{"@type":"Person","@id":"https:\/\/portalmf.com.br\/#\/schema\/person\/11c82086fe8abc05a19147e964587285","name":"Reginaldo J\u00fanior","image":{"@type":"ImageObject","inLanguage":"pt-BR","@id":"https:\/\/portalmf.com.br\/#\/schema\/person\/image\/","url":"https:\/\/secure.gravatar.com\/avatar\/32a3c797cd0ac47cc53b8644c62776f9?s=96&d=mm&r=g","contentUrl":"https:\/\/secure.gravatar.com\/avatar\/32a3c797cd0ac47cc53b8644c62776f9?s=96&d=mm&r=g","caption":"Reginaldo J\u00fanior"},"description":"Jornalista e idealizador Portal MF","sameAs":["https:\/\/portalmf.com.br\/index.php\/author\/reginaldojr\/","reginaldojrfsa","reginaldojuniormf","https:\/\/x.com\/reginaldojrmf"],"url":"https:\/\/portalmf.com.br\/index.php\/author\/reginaldojr\/"}]}},"_links":{"self":[{"href":"https:\/\/portalmf.com.br\/index.php\/wp-json\/wp\/v2\/posts\/2888"}],"collection":[{"href":"https:\/\/portalmf.com.br\/index.php\/wp-json\/wp\/v2\/posts"}],"about":[{"href":"https:\/\/portalmf.com.br\/index.php\/wp-json\/wp\/v2\/types\/post"}],"author":[{"embeddable":true,"href":"https:\/\/portalmf.com.br\/index.php\/wp-json\/wp\/v2\/users\/2"}],"replies":[{"embeddable":true,"href":"https:\/\/portalmf.com.br\/index.php\/wp-json\/wp\/v2\/comments?post=2888"}],"version-history":[{"count":1,"href":"https:\/\/portalmf.com.br\/index.php\/wp-json\/wp\/v2\/posts\/2888\/revisions"}],"predecessor-version":[{"id":2890,"href":"https:\/\/portalmf.com.br\/index.php\/wp-json\/wp\/v2\/posts\/2888\/revisions\/2890"}],"wp:featuredmedia":[{"embeddable":true,"href":"https:\/\/portalmf.com.br\/index.php\/wp-json\/wp\/v2\/media\/2889"}],"wp:attachment":[{"href":"https:\/\/portalmf.com.br\/index.php\/wp-json\/wp\/v2\/media?parent=2888"}],"wp:term":[{"taxonomy":"category","embeddable":true,"href":"https:\/\/portalmf.com.br\/index.php\/wp-json\/wp\/v2\/categories?post=2888"},{"taxonomy":"post_tag","embeddable":true,"href":"https:\/\/portalmf.com.br\/index.php\/wp-json\/wp\/v2\/tags?post=2888"}],"curies":[{"name":"wp","href":"https:\/\/api.w.org\/{rel}","templated":true}]}}