{"id":28861,"date":"2024-08-14T20:02:00","date_gmt":"2024-08-14T23:02:00","guid":{"rendered":"https:\/\/portalmf.com.br\/?p=28861"},"modified":"2024-08-15T11:03:22","modified_gmt":"2024-08-15T14:03:22","slug":"federacao-pt-pcdob-e-pv-define-apoio-a-andrei-da-caixa-em-juazeiro","status":"publish","type":"post","link":"https:\/\/portalmf.com.br\/index.php\/2024\/08\/14\/federacao-pt-pcdob-e-pv-define-apoio-a-andrei-da-caixa-em-juazeiro\/","title":{"rendered":"Federa\u00e7\u00e3o PT, PCdoB e PV define apoio a Andrei da Caixa em Juazeiro"},"content":{"rendered":"\n<p>Em reuni\u00e3o realizada na tarde desta quarta-feira (14) com as presen\u00e7as de Geraldo Galindo, Ivanilson Gomes e \u00c9den Valadares, presidente e vice-presidentes, respectivamente, da Federa\u00e7\u00e3o Brasil da Esperan\u00e7a, formada pelo PT, PCdoB e PV, foi deliberado o apoio da Federa\u00e7\u00e3o ao empres\u00e1rio Andrei da Caixa, do MDB, como candidato a prefeito da cidade de Juazeiro.<\/p>\n\n\n\n<p><br>Os dirigentes partid\u00e1rios conclu\u00edram que ap\u00f3s o processo de di\u00e1logo, quando foram apresentados cinco pr\u00e9-candidatos do grupo, todos eles qualificados, com grande capacidade e legitimidade, Andrei da Caixa (PMDB) foi considerado como o nome mais habilitado para unificar a base do governador Jer\u00f4nimo Rodrigues e do presidente Lula, e, portanto, ser\u00e1 o polo aglutinador de uma ampla alian\u00e7a pol\u00edtica para ser o pr\u00f3ximo prefeito de Juazeiro.<\/p>\n\n\n\n<p>O ex-prefeito de Juazeiro, Isaac Carvalho, do PT, esfor\u00e7ou-se at\u00e9 o prazo final para registrar sua candidatura e ter reconhecida sua inoc\u00eancia, mas quest\u00f5es jur\u00eddicas o impediram. Agora, definido apoio a Andrei, Isaac e a milit\u00e2ncia do PT local ter\u00e3o papel de destaque na organiza\u00e7\u00e3o da campanha, assim como as milit\u00e2ncias dos partidos da Federa\u00e7\u00e3o e da base aliada.<\/p>\n\n\n\n<p>Andrei vai liderar o grupo em Juazeiro para derrotar a atual prefeita, representante das for\u00e7as conservadoras, que promoveu uma das piores gest\u00f5es da hist\u00f3ria do munic\u00edpio, e que, por este motivo, tem sua gest\u00e3o reprovada pela maioria da popula\u00e7\u00e3o.<\/p>\n\n\n\n<p>A Federa\u00e7\u00e3o acrescenta ainda que, transcorrido o per\u00edodo do di\u00e1logo em busca do consenso, chegou a hora de colocar o time em campo, o mesmo time vitorioso nas elei\u00e7\u00f5es de Lula no Brasil e de Jer\u00f4nimo na Bahia, e que continua unido para disputar e ganhar a prefeitura de uma das maiores e mais importantes cidades da Bahia.<br><\/p>\n\n\n\n<p>A vaga de vice poder\u00e1 ser indicada pelo Partido dos Trabalhadores at\u00e9 esta quinta-feira (15).<\/p>\n","protected":false},"excerpt":{"rendered":"<p>Em reuni\u00e3o realizada na tarde desta quarta-feira (14) com as presen\u00e7as de Geraldo Galindo, Ivanilson Gomes e \u00c9den Valadares, presidente e vice-presidentes, respectivamente, da Federa\u00e7\u00e3o Brasil da Esperan\u00e7a, formada pelo PT, PCdoB e PV, foi deliberado o apoio da Federa\u00e7\u00e3o ao empres\u00e1rio Andrei da Caixa, do MDB, como candidato a prefeito da cidade de Juazeiro. [&hellip;]<\/p>\n","protected":false},"author":3,"featured_media":28862,"comment_status":"open","ping_status":"open","sticky":false,"template":"","format":"standard","meta":{"_monsterinsights_skip_tracking":false,"_monsterinsights_sitenote_active":false,"_monsterinsights_sitenote_note":"","_monsterinsights_sitenote_category":0,"footnotes":""},"categories":[301,34],"tags":[],"yoast_head":"<!-- This site is optimized with the Yoast SEO plugin v22.9 - https:\/\/yoast.com\/wordpress\/plugins\/seo\/ -->\n<title>Federa\u00e7\u00e3o PT, PCdoB e PV define apoio a Andrei da Caixa em Juazeiro - Portal MF<\/title>\n<meta name=\"robots\" content=\"index, follow, max-snippet:-1, max-image-preview:large, max-video-preview:-1\" \/>\n<link rel=\"canonical\" href=\"https:\/\/portalmf.com.br\/index.php\/2024\/08\/14\/federacao-pt-pcdob-e-pv-define-apoio-a-andrei-da-caixa-em-juazeiro\/\" \/>\n<meta property=\"og:locale\" content=\"pt_BR\" \/>\n<meta property=\"og:type\" content=\"article\" \/>\n<meta property=\"og:title\" content=\"Federa\u00e7\u00e3o PT, PCdoB e PV define apoio a Andrei da Caixa em Juazeiro - Portal MF\" \/>\n<meta property=\"og:description\" content=\"Em reuni\u00e3o realizada na tarde desta quarta-feira (14) com as presen\u00e7as de Geraldo Galindo, Ivanilson Gomes e \u00c9den Valadares, presidente e vice-presidentes, respectivamente, da Federa\u00e7\u00e3o Brasil da Esperan\u00e7a, formada pelo PT, PCdoB e PV, foi deliberado o apoio da Federa\u00e7\u00e3o ao empres\u00e1rio Andrei da Caixa, do MDB, como candidato a prefeito da cidade de Juazeiro. [&hellip;]\" \/>\n<meta property=\"og:url\" content=\"https:\/\/portalmf.com.br\/index.php\/2024\/08\/14\/federacao-pt-pcdob-e-pv-define-apoio-a-andrei-da-caixa-em-juazeiro\/\" \/>\n<meta property=\"og:site_name\" content=\"Portal MF\" \/>\n<meta property=\"article:author\" content=\"https:\/\/www.facebook.com\/portalmfoficial\" \/>\n<meta property=\"article:published_time\" content=\"2024-08-14T23:02:00+00:00\" \/>\n<meta property=\"article:modified_time\" content=\"2024-08-15T14:03:22+00:00\" \/>\n<meta property=\"og:image\" content=\"https:\/\/portalmf.com.br\/wp-content\/uploads\/2024\/08\/Federacao-Brasil-da-Esperanca.jpg\" \/>\n\t<meta property=\"og:image:width\" content=\"750\" \/>\n\t<meta property=\"og:image:height\" content=\"500\" \/>\n\t<meta property=\"og:image:type\" content=\"image\/jpeg\" \/>\n<meta name=\"author\" content=\"Reda\u00e7\u00e3o Portal MF\" \/>\n<meta name=\"twitter:card\" content=\"summary_large_image\" \/>\n<meta name=\"twitter:creator\" content=\"@https:\/\/x.com\/portalmfoficial\" \/>\n<meta name=\"twitter:label1\" content=\"Escrito por\" \/>\n\t<meta name=\"twitter:data1\" content=\"Reda\u00e7\u00e3o Portal MF\" \/>\n\t<meta name=\"twitter:label2\" content=\"Est. tempo de leitura\" \/>\n\t<meta name=\"twitter:data2\" content=\"2 minutos\" \/>\n<script type=\"application\/ld+json\" class=\"yoast-schema-graph\">{\"@context\":\"https:\/\/schema.org\",\"@graph\":[{\"@type\":\"WebPage\",\"@id\":\"https:\/\/portalmf.com.br\/index.php\/2024\/08\/14\/federacao-pt-pcdob-e-pv-define-apoio-a-andrei-da-caixa-em-juazeiro\/\",\"url\":\"https:\/\/portalmf.com.br\/index.php\/2024\/08\/14\/federacao-pt-pcdob-e-pv-define-apoio-a-andrei-da-caixa-em-juazeiro\/\",\"name\":\"Federa\u00e7\u00e3o PT, PCdoB e PV define apoio a Andrei da Caixa em Juazeiro - Portal MF\",\"isPartOf\":{\"@id\":\"https:\/\/portalmf.com.br\/#website\"},\"primaryImageOfPage\":{\"@id\":\"https:\/\/portalmf.com.br\/index.php\/2024\/08\/14\/federacao-pt-pcdob-e-pv-define-apoio-a-andrei-da-caixa-em-juazeiro\/#primaryimage\"},\"image\":{\"@id\":\"https:\/\/portalmf.com.br\/index.php\/2024\/08\/14\/federacao-pt-pcdob-e-pv-define-apoio-a-andrei-da-caixa-em-juazeiro\/#primaryimage\"},\"thumbnailUrl\":\"https:\/\/portalmf.com.br\/wp-content\/uploads\/2024\/08\/Federacao-Brasil-da-Esperanca.jpg\",\"datePublished\":\"2024-08-14T23:02:00+00:00\",\"dateModified\":\"2024-08-15T14:03:22+00:00\",\"author\":{\"@id\":\"https:\/\/portalmf.com.br\/#\/schema\/person\/9ec101baf56233e53520c26de5d6f6f0\"},\"breadcrumb\":{\"@id\":\"https:\/\/portalmf.com.br\/index.php\/2024\/08\/14\/federacao-pt-pcdob-e-pv-define-apoio-a-andrei-da-caixa-em-juazeiro\/#breadcrumb\"},\"inLanguage\":\"pt-BR\",\"potentialAction\":[{\"@type\":\"ReadAction\",\"target\":[\"https:\/\/portalmf.com.br\/index.php\/2024\/08\/14\/federacao-pt-pcdob-e-pv-define-apoio-a-andrei-da-caixa-em-juazeiro\/\"]}]},{\"@type\":\"ImageObject\",\"inLanguage\":\"pt-BR\",\"@id\":\"https:\/\/portalmf.com.br\/index.php\/2024\/08\/14\/federacao-pt-pcdob-e-pv-define-apoio-a-andrei-da-caixa-em-juazeiro\/#primaryimage\",\"url\":\"https:\/\/portalmf.com.br\/wp-content\/uploads\/2024\/08\/Federacao-Brasil-da-Esperanca.jpg\",\"contentUrl\":\"https:\/\/portalmf.com.br\/wp-content\/uploads\/2024\/08\/Federacao-Brasil-da-Esperanca.jpg\",\"width\":750,\"height\":500},{\"@type\":\"BreadcrumbList\",\"@id\":\"https:\/\/portalmf.com.br\/index.php\/2024\/08\/14\/federacao-pt-pcdob-e-pv-define-apoio-a-andrei-da-caixa-em-juazeiro\/#breadcrumb\",\"itemListElement\":[{\"@type\":\"ListItem\",\"position\":1,\"name\":\"In\u00edcio\",\"item\":\"https:\/\/portalmf.com.br\/\"},{\"@type\":\"ListItem\",\"position\":2,\"name\":\"Federa\u00e7\u00e3o PT, PCdoB e PV define apoio a Andrei da Caixa em Juazeiro\"}]},{\"@type\":\"WebSite\",\"@id\":\"https:\/\/portalmf.com.br\/#website\",\"url\":\"https:\/\/portalmf.com.br\/\",\"name\":\"Portal MF\",\"description\":\"Voc\u00ea conectado com a informa\u00e7\u00e3o\",\"potentialAction\":[{\"@type\":\"SearchAction\",\"target\":{\"@type\":\"EntryPoint\",\"urlTemplate\":\"https:\/\/portalmf.com.br\/?s={search_term_string}\"},\"query-input\":\"required name=search_term_string\"}],\"inLanguage\":\"pt-BR\"},{\"@type\":\"Person\",\"@id\":\"https:\/\/portalmf.com.br\/#\/schema\/person\/9ec101baf56233e53520c26de5d6f6f0\",\"name\":\"Reda\u00e7\u00e3o Portal MF\",\"image\":{\"@type\":\"ImageObject\",\"inLanguage\":\"pt-BR\",\"@id\":\"https:\/\/portalmf.com.br\/#\/schema\/person\/image\/\",\"url\":\"https:\/\/secure.gravatar.com\/avatar\/41b9aaeb2100835f7c64362330f74c7f?s=96&d=mm&r=g\",\"contentUrl\":\"https:\/\/secure.gravatar.com\/avatar\/41b9aaeb2100835f7c64362330f74c7f?s=96&d=mm&r=g\",\"caption\":\"Reda\u00e7\u00e3o Portal MF\"},\"description\":\"Sejam bem-vindos o portal de informa\u00e7\u00f5es de entretenimento de Feira de Santana, desde 2006 realiza coberturas dos principais eventos com entrevistas exclusivas com as principais personalidades mundiais. Fique conectado tamb\u00e9m nas redes sociais.\",\"sameAs\":[\"http:\/\/www.portalmf.com.br\/\",\"https:\/\/www.facebook.com\/portalmfoficial\",\"https:\/\/www.instagram.com\/portalmf\/\",\"https:\/\/x.com\/https:\/\/x.com\/portalmfoficial\",\"https:\/\/www.youtube.com\/@portalmfoficial\"],\"url\":\"https:\/\/portalmf.com.br\/index.php\/author\/junior\/\"}]}<\/script>\n<!-- \/ Yoast SEO plugin. -->","yoast_head_json":{"title":"Federa\u00e7\u00e3o PT, PCdoB e PV define apoio a Andrei da Caixa em Juazeiro - Portal MF","robots":{"index":"index","follow":"follow","max-snippet":"max-snippet:-1","max-image-preview":"max-image-preview:large","max-video-preview":"max-video-preview:-1"},"canonical":"https:\/\/portalmf.com.br\/index.php\/2024\/08\/14\/federacao-pt-pcdob-e-pv-define-apoio-a-andrei-da-caixa-em-juazeiro\/","og_locale":"pt_BR","og_type":"article","og_title":"Federa\u00e7\u00e3o PT, PCdoB e PV define apoio a Andrei da Caixa em Juazeiro - Portal MF","og_description":"Em reuni\u00e3o realizada na tarde desta quarta-feira (14) com as presen\u00e7as de Geraldo Galindo, Ivanilson Gomes e \u00c9den Valadares, presidente e vice-presidentes, respectivamente, da Federa\u00e7\u00e3o Brasil da Esperan\u00e7a, formada pelo PT, PCdoB e PV, foi deliberado o apoio da Federa\u00e7\u00e3o ao empres\u00e1rio Andrei da Caixa, do MDB, como candidato a prefeito da cidade de Juazeiro. [&hellip;]","og_url":"https:\/\/portalmf.com.br\/index.php\/2024\/08\/14\/federacao-pt-pcdob-e-pv-define-apoio-a-andrei-da-caixa-em-juazeiro\/","og_site_name":"Portal MF","article_author":"https:\/\/www.facebook.com\/portalmfoficial","article_published_time":"2024-08-14T23:02:00+00:00","article_modified_time":"2024-08-15T14:03:22+00:00","og_image":[{"width":750,"height":500,"url":"https:\/\/portalmf.com.br\/wp-content\/uploads\/2024\/08\/Federacao-Brasil-da-Esperanca.jpg","type":"image\/jpeg"}],"author":"Reda\u00e7\u00e3o Portal MF","twitter_card":"summary_large_image","twitter_creator":"@https:\/\/x.com\/portalmfoficial","twitter_misc":{"Escrito por":"Reda\u00e7\u00e3o Portal MF","Est. tempo de leitura":"2 minutos"},"schema":{"@context":"https:\/\/schema.org","@graph":[{"@type":"WebPage","@id":"https:\/\/portalmf.com.br\/index.php\/2024\/08\/14\/federacao-pt-pcdob-e-pv-define-apoio-a-andrei-da-caixa-em-juazeiro\/","url":"https:\/\/portalmf.com.br\/index.php\/2024\/08\/14\/federacao-pt-pcdob-e-pv-define-apoio-a-andrei-da-caixa-em-juazeiro\/","name":"Federa\u00e7\u00e3o PT, PCdoB e PV define apoio a Andrei da Caixa em Juazeiro - Portal MF","isPartOf":{"@id":"https:\/\/portalmf.com.br\/#website"},"primaryImageOfPage":{"@id":"https:\/\/portalmf.com.br\/index.php\/2024\/08\/14\/federacao-pt-pcdob-e-pv-define-apoio-a-andrei-da-caixa-em-juazeiro\/#primaryimage"},"image":{"@id":"https:\/\/portalmf.com.br\/index.php\/2024\/08\/14\/federacao-pt-pcdob-e-pv-define-apoio-a-andrei-da-caixa-em-juazeiro\/#primaryimage"},"thumbnailUrl":"https:\/\/portalmf.com.br\/wp-content\/uploads\/2024\/08\/Federacao-Brasil-da-Esperanca.jpg","datePublished":"2024-08-14T23:02:00+00:00","dateModified":"2024-08-15T14:03:22+00:00","author":{"@id":"https:\/\/portalmf.com.br\/#\/schema\/person\/9ec101baf56233e53520c26de5d6f6f0"},"breadcrumb":{"@id":"https:\/\/portalmf.com.br\/index.php\/2024\/08\/14\/federacao-pt-pcdob-e-pv-define-apoio-a-andrei-da-caixa-em-juazeiro\/#breadcrumb"},"inLanguage":"pt-BR","potentialAction":[{"@type":"ReadAction","target":["https:\/\/portalmf.com.br\/index.php\/2024\/08\/14\/federacao-pt-pcdob-e-pv-define-apoio-a-andrei-da-caixa-em-juazeiro\/"]}]},{"@type":"ImageObject","inLanguage":"pt-BR","@id":"https:\/\/portalmf.com.br\/index.php\/2024\/08\/14\/federacao-pt-pcdob-e-pv-define-apoio-a-andrei-da-caixa-em-juazeiro\/#primaryimage","url":"https:\/\/portalmf.com.br\/wp-content\/uploads\/2024\/08\/Federacao-Brasil-da-Esperanca.jpg","contentUrl":"https:\/\/portalmf.com.br\/wp-content\/uploads\/2024\/08\/Federacao-Brasil-da-Esperanca.jpg","width":750,"height":500},{"@type":"BreadcrumbList","@id":"https:\/\/portalmf.com.br\/index.php\/2024\/08\/14\/federacao-pt-pcdob-e-pv-define-apoio-a-andrei-da-caixa-em-juazeiro\/#breadcrumb","itemListElement":[{"@type":"ListItem","position":1,"name":"In\u00edcio","item":"https:\/\/portalmf.com.br\/"},{"@type":"ListItem","position":2,"name":"Federa\u00e7\u00e3o PT, PCdoB e PV define apoio a Andrei da Caixa em Juazeiro"}]},{"@type":"WebSite","@id":"https:\/\/portalmf.com.br\/#website","url":"https:\/\/portalmf.com.br\/","name":"Portal MF","description":"Voc\u00ea conectado com a informa\u00e7\u00e3o","potentialAction":[{"@type":"SearchAction","target":{"@type":"EntryPoint","urlTemplate":"https:\/\/portalmf.com.br\/?s={search_term_string}"},"query-input":"required name=search_term_string"}],"inLanguage":"pt-BR"},{"@type":"Person","@id":"https:\/\/portalmf.com.br\/#\/schema\/person\/9ec101baf56233e53520c26de5d6f6f0","name":"Reda\u00e7\u00e3o Portal MF","image":{"@type":"ImageObject","inLanguage":"pt-BR","@id":"https:\/\/portalmf.com.br\/#\/schema\/person\/image\/","url":"https:\/\/secure.gravatar.com\/avatar\/41b9aaeb2100835f7c64362330f74c7f?s=96&d=mm&r=g","contentUrl":"https:\/\/secure.gravatar.com\/avatar\/41b9aaeb2100835f7c64362330f74c7f?s=96&d=mm&r=g","caption":"Reda\u00e7\u00e3o Portal MF"},"description":"Sejam bem-vindos o portal de informa\u00e7\u00f5es de entretenimento de Feira de Santana, desde 2006 realiza coberturas dos principais eventos com entrevistas exclusivas com as principais personalidades mundiais. Fique conectado tamb\u00e9m nas redes sociais.","sameAs":["http:\/\/www.portalmf.com.br\/","https:\/\/www.facebook.com\/portalmfoficial","https:\/\/www.instagram.com\/portalmf\/","https:\/\/x.com\/https:\/\/x.com\/portalmfoficial","https:\/\/www.youtube.com\/@portalmfoficial"],"url":"https:\/\/portalmf.com.br\/index.php\/author\/junior\/"}]}},"_links":{"self":[{"href":"https:\/\/portalmf.com.br\/index.php\/wp-json\/wp\/v2\/posts\/28861"}],"collection":[{"href":"https:\/\/portalmf.com.br\/index.php\/wp-json\/wp\/v2\/posts"}],"about":[{"href":"https:\/\/portalmf.com.br\/index.php\/wp-json\/wp\/v2\/types\/post"}],"author":[{"embeddable":true,"href":"https:\/\/portalmf.com.br\/index.php\/wp-json\/wp\/v2\/users\/3"}],"replies":[{"embeddable":true,"href":"https:\/\/portalmf.com.br\/index.php\/wp-json\/wp\/v2\/comments?post=28861"}],"version-history":[{"count":1,"href":"https:\/\/portalmf.com.br\/index.php\/wp-json\/wp\/v2\/posts\/28861\/revisions"}],"predecessor-version":[{"id":28863,"href":"https:\/\/portalmf.com.br\/index.php\/wp-json\/wp\/v2\/posts\/28861\/revisions\/28863"}],"wp:featuredmedia":[{"embeddable":true,"href":"https:\/\/portalmf.com.br\/index.php\/wp-json\/wp\/v2\/media\/28862"}],"wp:attachment":[{"href":"https:\/\/portalmf.com.br\/index.php\/wp-json\/wp\/v2\/media?parent=28861"}],"wp:term":[{"taxonomy":"category","embeddable":true,"href":"https:\/\/portalmf.com.br\/index.php\/wp-json\/wp\/v2\/categories?post=28861"},{"taxonomy":"post_tag","embeddable":true,"href":"https:\/\/portalmf.com.br\/index.php\/wp-json\/wp\/v2\/tags?post=28861"}],"curies":[{"name":"wp","href":"https:\/\/api.w.org\/{rel}","templated":true}]}}