{"id":2885,"date":"2022-08-10T16:13:54","date_gmt":"2022-08-10T19:13:54","guid":{"rendered":"http:\/\/portalmf.com.br\/?p=2885"},"modified":"2022-08-10T16:13:55","modified_gmt":"2022-08-10T19:13:55","slug":"katule-confirma-shows-especiais-no-fim-de-semana-do-dia-dos-pais","status":"publish","type":"post","link":"https:\/\/portalmf.com.br\/index.php\/2022\/08\/10\/katule-confirma-shows-especiais-no-fim-de-semana-do-dia-dos-pais\/","title":{"rendered":"Katul\u00ea confirma shows especiais no fim de semana do Dia dos Pais"},"content":{"rendered":"\n<p>O final de semana do dia dos pais ser\u00e1 movimentado para a turma da banda Katul\u00ea. Os trabalhos j\u00e1 come\u00e7am nesta sexta-feira, dia 12, no espa\u00e7o T\u00f4 em Belle, que fica no S\u00e3o Rafael. Por l\u00e1, a festa come\u00e7a a partir das 20 horas. J\u00e1 no domingo, 14 de agosto, o Dia dos Pais ser\u00e1 regado a muito samba no Pelourinho. A apresenta\u00e7\u00e3o ser\u00e1 a partir das 15 horas, no Largo Pedro Arcanjo, com entrada gratuita. <\/p>\n\n\n\n<p>O evento \u201cSamba de Papito\u201d promete muito alto astral, boa energia e sucessos do samba com a roupagem mais do que especial dada pela turma do Katul\u00ea. \u201cVai ser um doming\u00e3o muito especial, aberto ao p\u00fablico, com muita anima\u00e7\u00e3o, do jeito que todos os papais \u2013 e suas fam\u00edlias \u2013 merecem!\u201d, antecipa Luis Costa, vocalista do Katul\u00ea.<\/p>\n","protected":false},"excerpt":{"rendered":"<p>O final de semana do dia dos pais ser\u00e1 movimentado para a turma da banda Katul\u00ea. Os trabalhos j\u00e1 come\u00e7am nesta sexta-feira, dia 12, no espa\u00e7o T\u00f4 em Belle, que fica no S\u00e3o Rafael. Por l\u00e1, a festa come\u00e7a a partir das 20 horas. J\u00e1 no domingo, 14 de agosto, o Dia dos Pais ser\u00e1 [&hellip;]<\/p>\n","protected":false},"author":2,"featured_media":2886,"comment_status":"open","ping_status":"open","sticky":false,"template":"","format":"standard","meta":{"_monsterinsights_skip_tracking":false,"_monsterinsights_sitenote_active":false,"_monsterinsights_sitenote_note":"","_monsterinsights_sitenote_category":0,"footnotes":""},"categories":[36],"tags":[],"yoast_head":"<!-- This site is optimized with the Yoast SEO plugin v22.9 - https:\/\/yoast.com\/wordpress\/plugins\/seo\/ -->\n<title>Katul\u00ea confirma shows especiais no fim de semana do Dia dos Pais - Portal MF<\/title>\n<meta name=\"robots\" content=\"index, follow, max-snippet:-1, max-image-preview:large, max-video-preview:-1\" \/>\n<link rel=\"canonical\" href=\"https:\/\/portalmf.com.br\/index.php\/2022\/08\/10\/katule-confirma-shows-especiais-no-fim-de-semana-do-dia-dos-pais\/\" \/>\n<meta property=\"og:locale\" content=\"pt_BR\" \/>\n<meta property=\"og:type\" content=\"article\" \/>\n<meta property=\"og:title\" content=\"Katul\u00ea confirma shows especiais no fim de semana do Dia dos Pais - Portal MF\" \/>\n<meta property=\"og:description\" content=\"O final de semana do dia dos pais ser\u00e1 movimentado para a turma da banda Katul\u00ea. Os trabalhos j\u00e1 come\u00e7am nesta sexta-feira, dia 12, no espa\u00e7o T\u00f4 em Belle, que fica no S\u00e3o Rafael. Por l\u00e1, a festa come\u00e7a a partir das 20 horas. J\u00e1 no domingo, 14 de agosto, o Dia dos Pais ser\u00e1 [&hellip;]\" \/>\n<meta property=\"og:url\" content=\"https:\/\/portalmf.com.br\/index.php\/2022\/08\/10\/katule-confirma-shows-especiais-no-fim-de-semana-do-dia-dos-pais\/\" \/>\n<meta property=\"og:site_name\" content=\"Portal MF\" \/>\n<meta property=\"article:author\" content=\"reginaldojrfsa\" \/>\n<meta property=\"article:published_time\" content=\"2022-08-10T19:13:54+00:00\" \/>\n<meta property=\"article:modified_time\" content=\"2022-08-10T19:13:55+00:00\" \/>\n<meta property=\"og:image\" content=\"https:\/\/portalmf.com.br\/wp-content\/uploads\/2022\/08\/WhatsApp-Image-2022-08-10-at-11.51.23.jpeg\" \/>\n\t<meta property=\"og:image:width\" content=\"1000\" \/>\n\t<meta property=\"og:image:height\" content=\"666\" \/>\n\t<meta property=\"og:image:type\" content=\"image\/jpeg\" \/>\n<meta name=\"author\" content=\"Reginaldo J\u00fanior\" \/>\n<meta name=\"twitter:card\" content=\"summary_large_image\" \/>\n<meta name=\"twitter:creator\" content=\"@reginaldojrmf\" \/>\n<meta name=\"twitter:label1\" content=\"Escrito por\" \/>\n\t<meta name=\"twitter:data1\" content=\"Reginaldo J\u00fanior\" \/>\n\t<meta name=\"twitter:label2\" content=\"Est. tempo de leitura\" \/>\n\t<meta name=\"twitter:data2\" content=\"1 minuto\" \/>\n<script type=\"application\/ld+json\" class=\"yoast-schema-graph\">{\"@context\":\"https:\/\/schema.org\",\"@graph\":[{\"@type\":\"WebPage\",\"@id\":\"https:\/\/portalmf.com.br\/index.php\/2022\/08\/10\/katule-confirma-shows-especiais-no-fim-de-semana-do-dia-dos-pais\/\",\"url\":\"https:\/\/portalmf.com.br\/index.php\/2022\/08\/10\/katule-confirma-shows-especiais-no-fim-de-semana-do-dia-dos-pais\/\",\"name\":\"Katul\u00ea confirma shows especiais no fim de semana do Dia dos Pais - Portal MF\",\"isPartOf\":{\"@id\":\"https:\/\/portalmf.com.br\/#website\"},\"primaryImageOfPage\":{\"@id\":\"https:\/\/portalmf.com.br\/index.php\/2022\/08\/10\/katule-confirma-shows-especiais-no-fim-de-semana-do-dia-dos-pais\/#primaryimage\"},\"image\":{\"@id\":\"https:\/\/portalmf.com.br\/index.php\/2022\/08\/10\/katule-confirma-shows-especiais-no-fim-de-semana-do-dia-dos-pais\/#primaryimage\"},\"thumbnailUrl\":\"https:\/\/portalmf.com.br\/wp-content\/uploads\/2022\/08\/WhatsApp-Image-2022-08-10-at-11.51.23.jpeg\",\"datePublished\":\"2022-08-10T19:13:54+00:00\",\"dateModified\":\"2022-08-10T19:13:55+00:00\",\"author\":{\"@id\":\"https:\/\/portalmf.com.br\/#\/schema\/person\/11c82086fe8abc05a19147e964587285\"},\"breadcrumb\":{\"@id\":\"https:\/\/portalmf.com.br\/index.php\/2022\/08\/10\/katule-confirma-shows-especiais-no-fim-de-semana-do-dia-dos-pais\/#breadcrumb\"},\"inLanguage\":\"pt-BR\",\"potentialAction\":[{\"@type\":\"ReadAction\",\"target\":[\"https:\/\/portalmf.com.br\/index.php\/2022\/08\/10\/katule-confirma-shows-especiais-no-fim-de-semana-do-dia-dos-pais\/\"]}]},{\"@type\":\"ImageObject\",\"inLanguage\":\"pt-BR\",\"@id\":\"https:\/\/portalmf.com.br\/index.php\/2022\/08\/10\/katule-confirma-shows-especiais-no-fim-de-semana-do-dia-dos-pais\/#primaryimage\",\"url\":\"https:\/\/portalmf.com.br\/wp-content\/uploads\/2022\/08\/WhatsApp-Image-2022-08-10-at-11.51.23.jpeg\",\"contentUrl\":\"https:\/\/portalmf.com.br\/wp-content\/uploads\/2022\/08\/WhatsApp-Image-2022-08-10-at-11.51.23.jpeg\",\"width\":1000,\"height\":666},{\"@type\":\"BreadcrumbList\",\"@id\":\"https:\/\/portalmf.com.br\/index.php\/2022\/08\/10\/katule-confirma-shows-especiais-no-fim-de-semana-do-dia-dos-pais\/#breadcrumb\",\"itemListElement\":[{\"@type\":\"ListItem\",\"position\":1,\"name\":\"In\u00edcio\",\"item\":\"https:\/\/portalmf.com.br\/\"},{\"@type\":\"ListItem\",\"position\":2,\"name\":\"Katul\u00ea confirma shows especiais no fim de semana do Dia dos Pais\"}]},{\"@type\":\"WebSite\",\"@id\":\"https:\/\/portalmf.com.br\/#website\",\"url\":\"https:\/\/portalmf.com.br\/\",\"name\":\"Portal MF\",\"description\":\"Voc\u00ea conectado com a informa\u00e7\u00e3o\",\"potentialAction\":[{\"@type\":\"SearchAction\",\"target\":{\"@type\":\"EntryPoint\",\"urlTemplate\":\"https:\/\/portalmf.com.br\/?s={search_term_string}\"},\"query-input\":\"required name=search_term_string\"}],\"inLanguage\":\"pt-BR\"},{\"@type\":\"Person\",\"@id\":\"https:\/\/portalmf.com.br\/#\/schema\/person\/11c82086fe8abc05a19147e964587285\",\"name\":\"Reginaldo J\u00fanior\",\"image\":{\"@type\":\"ImageObject\",\"inLanguage\":\"pt-BR\",\"@id\":\"https:\/\/portalmf.com.br\/#\/schema\/person\/image\/\",\"url\":\"https:\/\/secure.gravatar.com\/avatar\/32a3c797cd0ac47cc53b8644c62776f9?s=96&d=mm&r=g\",\"contentUrl\":\"https:\/\/secure.gravatar.com\/avatar\/32a3c797cd0ac47cc53b8644c62776f9?s=96&d=mm&r=g\",\"caption\":\"Reginaldo J\u00fanior\"},\"description\":\"Jornalista e idealizador Portal MF\",\"sameAs\":[\"https:\/\/portalmf.com.br\/index.php\/author\/reginaldojr\/\",\"reginaldojrfsa\",\"reginaldojuniormf\",\"https:\/\/x.com\/reginaldojrmf\"],\"url\":\"https:\/\/portalmf.com.br\/index.php\/author\/reginaldojr\/\"}]}<\/script>\n<!-- \/ Yoast SEO plugin. -->","yoast_head_json":{"title":"Katul\u00ea confirma shows especiais no fim de semana do Dia dos Pais - Portal MF","robots":{"index":"index","follow":"follow","max-snippet":"max-snippet:-1","max-image-preview":"max-image-preview:large","max-video-preview":"max-video-preview:-1"},"canonical":"https:\/\/portalmf.com.br\/index.php\/2022\/08\/10\/katule-confirma-shows-especiais-no-fim-de-semana-do-dia-dos-pais\/","og_locale":"pt_BR","og_type":"article","og_title":"Katul\u00ea confirma shows especiais no fim de semana do Dia dos Pais - Portal MF","og_description":"O final de semana do dia dos pais ser\u00e1 movimentado para a turma da banda Katul\u00ea. Os trabalhos j\u00e1 come\u00e7am nesta sexta-feira, dia 12, no espa\u00e7o T\u00f4 em Belle, que fica no S\u00e3o Rafael. Por l\u00e1, a festa come\u00e7a a partir das 20 horas. J\u00e1 no domingo, 14 de agosto, o Dia dos Pais ser\u00e1 [&hellip;]","og_url":"https:\/\/portalmf.com.br\/index.php\/2022\/08\/10\/katule-confirma-shows-especiais-no-fim-de-semana-do-dia-dos-pais\/","og_site_name":"Portal MF","article_author":"reginaldojrfsa","article_published_time":"2022-08-10T19:13:54+00:00","article_modified_time":"2022-08-10T19:13:55+00:00","og_image":[{"width":1000,"height":666,"url":"https:\/\/portalmf.com.br\/wp-content\/uploads\/2022\/08\/WhatsApp-Image-2022-08-10-at-11.51.23.jpeg","type":"image\/jpeg"}],"author":"Reginaldo J\u00fanior","twitter_card":"summary_large_image","twitter_creator":"@reginaldojrmf","twitter_misc":{"Escrito por":"Reginaldo J\u00fanior","Est. tempo de leitura":"1 minuto"},"schema":{"@context":"https:\/\/schema.org","@graph":[{"@type":"WebPage","@id":"https:\/\/portalmf.com.br\/index.php\/2022\/08\/10\/katule-confirma-shows-especiais-no-fim-de-semana-do-dia-dos-pais\/","url":"https:\/\/portalmf.com.br\/index.php\/2022\/08\/10\/katule-confirma-shows-especiais-no-fim-de-semana-do-dia-dos-pais\/","name":"Katul\u00ea confirma shows especiais no fim de semana do Dia dos Pais - Portal MF","isPartOf":{"@id":"https:\/\/portalmf.com.br\/#website"},"primaryImageOfPage":{"@id":"https:\/\/portalmf.com.br\/index.php\/2022\/08\/10\/katule-confirma-shows-especiais-no-fim-de-semana-do-dia-dos-pais\/#primaryimage"},"image":{"@id":"https:\/\/portalmf.com.br\/index.php\/2022\/08\/10\/katule-confirma-shows-especiais-no-fim-de-semana-do-dia-dos-pais\/#primaryimage"},"thumbnailUrl":"https:\/\/portalmf.com.br\/wp-content\/uploads\/2022\/08\/WhatsApp-Image-2022-08-10-at-11.51.23.jpeg","datePublished":"2022-08-10T19:13:54+00:00","dateModified":"2022-08-10T19:13:55+00:00","author":{"@id":"https:\/\/portalmf.com.br\/#\/schema\/person\/11c82086fe8abc05a19147e964587285"},"breadcrumb":{"@id":"https:\/\/portalmf.com.br\/index.php\/2022\/08\/10\/katule-confirma-shows-especiais-no-fim-de-semana-do-dia-dos-pais\/#breadcrumb"},"inLanguage":"pt-BR","potentialAction":[{"@type":"ReadAction","target":["https:\/\/portalmf.com.br\/index.php\/2022\/08\/10\/katule-confirma-shows-especiais-no-fim-de-semana-do-dia-dos-pais\/"]}]},{"@type":"ImageObject","inLanguage":"pt-BR","@id":"https:\/\/portalmf.com.br\/index.php\/2022\/08\/10\/katule-confirma-shows-especiais-no-fim-de-semana-do-dia-dos-pais\/#primaryimage","url":"https:\/\/portalmf.com.br\/wp-content\/uploads\/2022\/08\/WhatsApp-Image-2022-08-10-at-11.51.23.jpeg","contentUrl":"https:\/\/portalmf.com.br\/wp-content\/uploads\/2022\/08\/WhatsApp-Image-2022-08-10-at-11.51.23.jpeg","width":1000,"height":666},{"@type":"BreadcrumbList","@id":"https:\/\/portalmf.com.br\/index.php\/2022\/08\/10\/katule-confirma-shows-especiais-no-fim-de-semana-do-dia-dos-pais\/#breadcrumb","itemListElement":[{"@type":"ListItem","position":1,"name":"In\u00edcio","item":"https:\/\/portalmf.com.br\/"},{"@type":"ListItem","position":2,"name":"Katul\u00ea confirma shows especiais no fim de semana do Dia dos Pais"}]},{"@type":"WebSite","@id":"https:\/\/portalmf.com.br\/#website","url":"https:\/\/portalmf.com.br\/","name":"Portal MF","description":"Voc\u00ea conectado com a informa\u00e7\u00e3o","potentialAction":[{"@type":"SearchAction","target":{"@type":"EntryPoint","urlTemplate":"https:\/\/portalmf.com.br\/?s={search_term_string}"},"query-input":"required name=search_term_string"}],"inLanguage":"pt-BR"},{"@type":"Person","@id":"https:\/\/portalmf.com.br\/#\/schema\/person\/11c82086fe8abc05a19147e964587285","name":"Reginaldo J\u00fanior","image":{"@type":"ImageObject","inLanguage":"pt-BR","@id":"https:\/\/portalmf.com.br\/#\/schema\/person\/image\/","url":"https:\/\/secure.gravatar.com\/avatar\/32a3c797cd0ac47cc53b8644c62776f9?s=96&d=mm&r=g","contentUrl":"https:\/\/secure.gravatar.com\/avatar\/32a3c797cd0ac47cc53b8644c62776f9?s=96&d=mm&r=g","caption":"Reginaldo J\u00fanior"},"description":"Jornalista e idealizador Portal MF","sameAs":["https:\/\/portalmf.com.br\/index.php\/author\/reginaldojr\/","reginaldojrfsa","reginaldojuniormf","https:\/\/x.com\/reginaldojrmf"],"url":"https:\/\/portalmf.com.br\/index.php\/author\/reginaldojr\/"}]}},"_links":{"self":[{"href":"https:\/\/portalmf.com.br\/index.php\/wp-json\/wp\/v2\/posts\/2885"}],"collection":[{"href":"https:\/\/portalmf.com.br\/index.php\/wp-json\/wp\/v2\/posts"}],"about":[{"href":"https:\/\/portalmf.com.br\/index.php\/wp-json\/wp\/v2\/types\/post"}],"author":[{"embeddable":true,"href":"https:\/\/portalmf.com.br\/index.php\/wp-json\/wp\/v2\/users\/2"}],"replies":[{"embeddable":true,"href":"https:\/\/portalmf.com.br\/index.php\/wp-json\/wp\/v2\/comments?post=2885"}],"version-history":[{"count":1,"href":"https:\/\/portalmf.com.br\/index.php\/wp-json\/wp\/v2\/posts\/2885\/revisions"}],"predecessor-version":[{"id":2887,"href":"https:\/\/portalmf.com.br\/index.php\/wp-json\/wp\/v2\/posts\/2885\/revisions\/2887"}],"wp:featuredmedia":[{"embeddable":true,"href":"https:\/\/portalmf.com.br\/index.php\/wp-json\/wp\/v2\/media\/2886"}],"wp:attachment":[{"href":"https:\/\/portalmf.com.br\/index.php\/wp-json\/wp\/v2\/media?parent=2885"}],"wp:term":[{"taxonomy":"category","embeddable":true,"href":"https:\/\/portalmf.com.br\/index.php\/wp-json\/wp\/v2\/categories?post=2885"},{"taxonomy":"post_tag","embeddable":true,"href":"https:\/\/portalmf.com.br\/index.php\/wp-json\/wp\/v2\/tags?post=2885"}],"curies":[{"name":"wp","href":"https:\/\/api.w.org\/{rel}","templated":true}]}}