{"id":2882,"date":"2022-08-10T08:03:00","date_gmt":"2022-08-10T11:03:00","guid":{"rendered":"http:\/\/portalmf.com.br\/?p=2882"},"modified":"2022-08-10T16:04:52","modified_gmt":"2022-08-10T19:04:52","slug":"feira-de-santana-confirma-primeiro-caso-da-variola-dos-macacos","status":"publish","type":"post","link":"https:\/\/portalmf.com.br\/index.php\/2022\/08\/10\/feira-de-santana-confirma-primeiro-caso-da-variola-dos-macacos\/","title":{"rendered":"Feira de Santana confirma primeiro caso da var\u00edola dos macacos"},"content":{"rendered":"\n<p>A Prefeitura de Feira confirmou o primeiro caso da var\u00edola dos macacos nesta quarta-feira, 10. O paciente \u00e9 um homem, de 29 anos, residente do munic\u00edpio. Ele apresentou os sintomas h\u00e1 21 dias e fez o exame.&nbsp;<\/p>\n\n\n\n<p>O paciente tem hist\u00f3rico de viagens no pr\u00f3prio Brasil e a Vigil\u00e2ncia Epidemiol\u00f3gica da Secretaria Municipal de Sa\u00fade j\u00e1 est\u00e1 fazendo o monitoramento dos contatos. Ao ter conhecimento do caso, a equipe de sa\u00fade do munic\u00edpio realizou imediatamente a notifica\u00e7\u00e3o e a investiga\u00e7\u00e3o, e adotou as medidas de preven\u00e7\u00e3o e controle contra o v\u00edrus.&nbsp;<\/p>\n\n\n\n<p>No in\u00edcio da manh\u00e3 de hoje, a Vigil\u00e2ncia Epidemiol\u00f3gica fez a coleta de mais um caso suspeito, contabilizando um total de quatro exames que aguardam o resultado.<\/p>\n\n\n\n<p>Com informa\u00e7\u00f5es da Secom<\/p>\n","protected":false},"excerpt":{"rendered":"<p>A Prefeitura de Feira confirmou o primeiro caso da var\u00edola dos macacos nesta quarta-feira, 10. O paciente \u00e9 um homem, de 29 anos, residente do munic\u00edpio. Ele apresentou os sintomas h\u00e1 21 dias e fez o exame.&nbsp; O paciente tem hist\u00f3rico de viagens no pr\u00f3prio Brasil e a Vigil\u00e2ncia Epidemiol\u00f3gica da Secretaria Municipal de Sa\u00fade [&hellip;]<\/p>\n","protected":false},"author":2,"featured_media":2883,"comment_status":"open","ping_status":"open","sticky":false,"template":"","format":"standard","meta":{"_monsterinsights_skip_tracking":false,"_monsterinsights_sitenote_active":false,"_monsterinsights_sitenote_note":"","_monsterinsights_sitenote_category":0,"footnotes":""},"categories":[34],"tags":[],"yoast_head":"<!-- This site is optimized with the Yoast SEO plugin v22.9 - https:\/\/yoast.com\/wordpress\/plugins\/seo\/ -->\n<title>Feira de Santana confirma primeiro caso da var\u00edola dos macacos - Portal MF<\/title>\n<meta name=\"robots\" content=\"index, follow, max-snippet:-1, max-image-preview:large, max-video-preview:-1\" \/>\n<link rel=\"canonical\" href=\"https:\/\/portalmf.com.br\/index.php\/2022\/08\/10\/feira-de-santana-confirma-primeiro-caso-da-variola-dos-macacos\/\" \/>\n<meta property=\"og:locale\" content=\"pt_BR\" \/>\n<meta property=\"og:type\" content=\"article\" \/>\n<meta property=\"og:title\" content=\"Feira de Santana confirma primeiro caso da var\u00edola dos macacos - Portal MF\" \/>\n<meta property=\"og:description\" content=\"A Prefeitura de Feira confirmou o primeiro caso da var\u00edola dos macacos nesta quarta-feira, 10. O paciente \u00e9 um homem, de 29 anos, residente do munic\u00edpio. Ele apresentou os sintomas h\u00e1 21 dias e fez o exame.&nbsp; O paciente tem hist\u00f3rico de viagens no pr\u00f3prio Brasil e a Vigil\u00e2ncia Epidemiol\u00f3gica da Secretaria Municipal de Sa\u00fade [&hellip;]\" \/>\n<meta property=\"og:url\" content=\"https:\/\/portalmf.com.br\/index.php\/2022\/08\/10\/feira-de-santana-confirma-primeiro-caso-da-variola-dos-macacos\/\" \/>\n<meta property=\"og:site_name\" content=\"Portal MF\" \/>\n<meta property=\"article:author\" content=\"reginaldojrfsa\" \/>\n<meta property=\"article:published_time\" content=\"2022-08-10T11:03:00+00:00\" \/>\n<meta property=\"article:modified_time\" content=\"2022-08-10T19:04:52+00:00\" \/>\n<meta property=\"og:image\" content=\"https:\/\/portalmf.com.br\/wp-content\/uploads\/2022\/08\/09082022175041.jpg\" \/>\n\t<meta property=\"og:image:width\" content=\"1306\" \/>\n\t<meta property=\"og:image:height\" content=\"660\" \/>\n\t<meta property=\"og:image:type\" content=\"image\/jpeg\" \/>\n<meta name=\"author\" content=\"Reginaldo J\u00fanior\" \/>\n<meta name=\"twitter:card\" content=\"summary_large_image\" \/>\n<meta name=\"twitter:creator\" content=\"@reginaldojrmf\" \/>\n<meta name=\"twitter:label1\" content=\"Escrito por\" \/>\n\t<meta name=\"twitter:data1\" content=\"Reginaldo J\u00fanior\" \/>\n\t<meta name=\"twitter:label2\" content=\"Est. tempo de leitura\" \/>\n\t<meta name=\"twitter:data2\" content=\"1 minuto\" \/>\n<script type=\"application\/ld+json\" class=\"yoast-schema-graph\">{\"@context\":\"https:\/\/schema.org\",\"@graph\":[{\"@type\":\"WebPage\",\"@id\":\"https:\/\/portalmf.com.br\/index.php\/2022\/08\/10\/feira-de-santana-confirma-primeiro-caso-da-variola-dos-macacos\/\",\"url\":\"https:\/\/portalmf.com.br\/index.php\/2022\/08\/10\/feira-de-santana-confirma-primeiro-caso-da-variola-dos-macacos\/\",\"name\":\"Feira de Santana confirma primeiro caso da var\u00edola dos macacos - Portal MF\",\"isPartOf\":{\"@id\":\"https:\/\/portalmf.com.br\/#website\"},\"primaryImageOfPage\":{\"@id\":\"https:\/\/portalmf.com.br\/index.php\/2022\/08\/10\/feira-de-santana-confirma-primeiro-caso-da-variola-dos-macacos\/#primaryimage\"},\"image\":{\"@id\":\"https:\/\/portalmf.com.br\/index.php\/2022\/08\/10\/feira-de-santana-confirma-primeiro-caso-da-variola-dos-macacos\/#primaryimage\"},\"thumbnailUrl\":\"https:\/\/portalmf.com.br\/wp-content\/uploads\/2022\/08\/09082022175041.jpg\",\"datePublished\":\"2022-08-10T11:03:00+00:00\",\"dateModified\":\"2022-08-10T19:04:52+00:00\",\"author\":{\"@id\":\"https:\/\/portalmf.com.br\/#\/schema\/person\/11c82086fe8abc05a19147e964587285\"},\"breadcrumb\":{\"@id\":\"https:\/\/portalmf.com.br\/index.php\/2022\/08\/10\/feira-de-santana-confirma-primeiro-caso-da-variola-dos-macacos\/#breadcrumb\"},\"inLanguage\":\"pt-BR\",\"potentialAction\":[{\"@type\":\"ReadAction\",\"target\":[\"https:\/\/portalmf.com.br\/index.php\/2022\/08\/10\/feira-de-santana-confirma-primeiro-caso-da-variola-dos-macacos\/\"]}]},{\"@type\":\"ImageObject\",\"inLanguage\":\"pt-BR\",\"@id\":\"https:\/\/portalmf.com.br\/index.php\/2022\/08\/10\/feira-de-santana-confirma-primeiro-caso-da-variola-dos-macacos\/#primaryimage\",\"url\":\"https:\/\/portalmf.com.br\/wp-content\/uploads\/2022\/08\/09082022175041.jpg\",\"contentUrl\":\"https:\/\/portalmf.com.br\/wp-content\/uploads\/2022\/08\/09082022175041.jpg\",\"width\":1306,\"height\":660},{\"@type\":\"BreadcrumbList\",\"@id\":\"https:\/\/portalmf.com.br\/index.php\/2022\/08\/10\/feira-de-santana-confirma-primeiro-caso-da-variola-dos-macacos\/#breadcrumb\",\"itemListElement\":[{\"@type\":\"ListItem\",\"position\":1,\"name\":\"In\u00edcio\",\"item\":\"https:\/\/portalmf.com.br\/\"},{\"@type\":\"ListItem\",\"position\":2,\"name\":\"Feira de Santana confirma primeiro caso da var\u00edola dos macacos\"}]},{\"@type\":\"WebSite\",\"@id\":\"https:\/\/portalmf.com.br\/#website\",\"url\":\"https:\/\/portalmf.com.br\/\",\"name\":\"Portal MF\",\"description\":\"Voc\u00ea conectado com a informa\u00e7\u00e3o\",\"potentialAction\":[{\"@type\":\"SearchAction\",\"target\":{\"@type\":\"EntryPoint\",\"urlTemplate\":\"https:\/\/portalmf.com.br\/?s={search_term_string}\"},\"query-input\":\"required name=search_term_string\"}],\"inLanguage\":\"pt-BR\"},{\"@type\":\"Person\",\"@id\":\"https:\/\/portalmf.com.br\/#\/schema\/person\/11c82086fe8abc05a19147e964587285\",\"name\":\"Reginaldo J\u00fanior\",\"image\":{\"@type\":\"ImageObject\",\"inLanguage\":\"pt-BR\",\"@id\":\"https:\/\/portalmf.com.br\/#\/schema\/person\/image\/\",\"url\":\"https:\/\/secure.gravatar.com\/avatar\/32a3c797cd0ac47cc53b8644c62776f9?s=96&d=mm&r=g\",\"contentUrl\":\"https:\/\/secure.gravatar.com\/avatar\/32a3c797cd0ac47cc53b8644c62776f9?s=96&d=mm&r=g\",\"caption\":\"Reginaldo J\u00fanior\"},\"description\":\"Jornalista e idealizador Portal MF\",\"sameAs\":[\"https:\/\/portalmf.com.br\/index.php\/author\/reginaldojr\/\",\"reginaldojrfsa\",\"reginaldojuniormf\",\"https:\/\/x.com\/reginaldojrmf\"],\"url\":\"https:\/\/portalmf.com.br\/index.php\/author\/reginaldojr\/\"}]}<\/script>\n<!-- \/ Yoast SEO plugin. -->","yoast_head_json":{"title":"Feira de Santana confirma primeiro caso da var\u00edola dos macacos - Portal MF","robots":{"index":"index","follow":"follow","max-snippet":"max-snippet:-1","max-image-preview":"max-image-preview:large","max-video-preview":"max-video-preview:-1"},"canonical":"https:\/\/portalmf.com.br\/index.php\/2022\/08\/10\/feira-de-santana-confirma-primeiro-caso-da-variola-dos-macacos\/","og_locale":"pt_BR","og_type":"article","og_title":"Feira de Santana confirma primeiro caso da var\u00edola dos macacos - Portal MF","og_description":"A Prefeitura de Feira confirmou o primeiro caso da var\u00edola dos macacos nesta quarta-feira, 10. O paciente \u00e9 um homem, de 29 anos, residente do munic\u00edpio. Ele apresentou os sintomas h\u00e1 21 dias e fez o exame.&nbsp; O paciente tem hist\u00f3rico de viagens no pr\u00f3prio Brasil e a Vigil\u00e2ncia Epidemiol\u00f3gica da Secretaria Municipal de Sa\u00fade [&hellip;]","og_url":"https:\/\/portalmf.com.br\/index.php\/2022\/08\/10\/feira-de-santana-confirma-primeiro-caso-da-variola-dos-macacos\/","og_site_name":"Portal MF","article_author":"reginaldojrfsa","article_published_time":"2022-08-10T11:03:00+00:00","article_modified_time":"2022-08-10T19:04:52+00:00","og_image":[{"width":1306,"height":660,"url":"https:\/\/portalmf.com.br\/wp-content\/uploads\/2022\/08\/09082022175041.jpg","type":"image\/jpeg"}],"author":"Reginaldo J\u00fanior","twitter_card":"summary_large_image","twitter_creator":"@reginaldojrmf","twitter_misc":{"Escrito por":"Reginaldo J\u00fanior","Est. tempo de leitura":"1 minuto"},"schema":{"@context":"https:\/\/schema.org","@graph":[{"@type":"WebPage","@id":"https:\/\/portalmf.com.br\/index.php\/2022\/08\/10\/feira-de-santana-confirma-primeiro-caso-da-variola-dos-macacos\/","url":"https:\/\/portalmf.com.br\/index.php\/2022\/08\/10\/feira-de-santana-confirma-primeiro-caso-da-variola-dos-macacos\/","name":"Feira de Santana confirma primeiro caso da var\u00edola dos macacos - Portal MF","isPartOf":{"@id":"https:\/\/portalmf.com.br\/#website"},"primaryImageOfPage":{"@id":"https:\/\/portalmf.com.br\/index.php\/2022\/08\/10\/feira-de-santana-confirma-primeiro-caso-da-variola-dos-macacos\/#primaryimage"},"image":{"@id":"https:\/\/portalmf.com.br\/index.php\/2022\/08\/10\/feira-de-santana-confirma-primeiro-caso-da-variola-dos-macacos\/#primaryimage"},"thumbnailUrl":"https:\/\/portalmf.com.br\/wp-content\/uploads\/2022\/08\/09082022175041.jpg","datePublished":"2022-08-10T11:03:00+00:00","dateModified":"2022-08-10T19:04:52+00:00","author":{"@id":"https:\/\/portalmf.com.br\/#\/schema\/person\/11c82086fe8abc05a19147e964587285"},"breadcrumb":{"@id":"https:\/\/portalmf.com.br\/index.php\/2022\/08\/10\/feira-de-santana-confirma-primeiro-caso-da-variola-dos-macacos\/#breadcrumb"},"inLanguage":"pt-BR","potentialAction":[{"@type":"ReadAction","target":["https:\/\/portalmf.com.br\/index.php\/2022\/08\/10\/feira-de-santana-confirma-primeiro-caso-da-variola-dos-macacos\/"]}]},{"@type":"ImageObject","inLanguage":"pt-BR","@id":"https:\/\/portalmf.com.br\/index.php\/2022\/08\/10\/feira-de-santana-confirma-primeiro-caso-da-variola-dos-macacos\/#primaryimage","url":"https:\/\/portalmf.com.br\/wp-content\/uploads\/2022\/08\/09082022175041.jpg","contentUrl":"https:\/\/portalmf.com.br\/wp-content\/uploads\/2022\/08\/09082022175041.jpg","width":1306,"height":660},{"@type":"BreadcrumbList","@id":"https:\/\/portalmf.com.br\/index.php\/2022\/08\/10\/feira-de-santana-confirma-primeiro-caso-da-variola-dos-macacos\/#breadcrumb","itemListElement":[{"@type":"ListItem","position":1,"name":"In\u00edcio","item":"https:\/\/portalmf.com.br\/"},{"@type":"ListItem","position":2,"name":"Feira de Santana confirma primeiro caso da var\u00edola dos macacos"}]},{"@type":"WebSite","@id":"https:\/\/portalmf.com.br\/#website","url":"https:\/\/portalmf.com.br\/","name":"Portal MF","description":"Voc\u00ea conectado com a informa\u00e7\u00e3o","potentialAction":[{"@type":"SearchAction","target":{"@type":"EntryPoint","urlTemplate":"https:\/\/portalmf.com.br\/?s={search_term_string}"},"query-input":"required name=search_term_string"}],"inLanguage":"pt-BR"},{"@type":"Person","@id":"https:\/\/portalmf.com.br\/#\/schema\/person\/11c82086fe8abc05a19147e964587285","name":"Reginaldo J\u00fanior","image":{"@type":"ImageObject","inLanguage":"pt-BR","@id":"https:\/\/portalmf.com.br\/#\/schema\/person\/image\/","url":"https:\/\/secure.gravatar.com\/avatar\/32a3c797cd0ac47cc53b8644c62776f9?s=96&d=mm&r=g","contentUrl":"https:\/\/secure.gravatar.com\/avatar\/32a3c797cd0ac47cc53b8644c62776f9?s=96&d=mm&r=g","caption":"Reginaldo J\u00fanior"},"description":"Jornalista e idealizador Portal MF","sameAs":["https:\/\/portalmf.com.br\/index.php\/author\/reginaldojr\/","reginaldojrfsa","reginaldojuniormf","https:\/\/x.com\/reginaldojrmf"],"url":"https:\/\/portalmf.com.br\/index.php\/author\/reginaldojr\/"}]}},"_links":{"self":[{"href":"https:\/\/portalmf.com.br\/index.php\/wp-json\/wp\/v2\/posts\/2882"}],"collection":[{"href":"https:\/\/portalmf.com.br\/index.php\/wp-json\/wp\/v2\/posts"}],"about":[{"href":"https:\/\/portalmf.com.br\/index.php\/wp-json\/wp\/v2\/types\/post"}],"author":[{"embeddable":true,"href":"https:\/\/portalmf.com.br\/index.php\/wp-json\/wp\/v2\/users\/2"}],"replies":[{"embeddable":true,"href":"https:\/\/portalmf.com.br\/index.php\/wp-json\/wp\/v2\/comments?post=2882"}],"version-history":[{"count":1,"href":"https:\/\/portalmf.com.br\/index.php\/wp-json\/wp\/v2\/posts\/2882\/revisions"}],"predecessor-version":[{"id":2884,"href":"https:\/\/portalmf.com.br\/index.php\/wp-json\/wp\/v2\/posts\/2882\/revisions\/2884"}],"wp:featuredmedia":[{"embeddable":true,"href":"https:\/\/portalmf.com.br\/index.php\/wp-json\/wp\/v2\/media\/2883"}],"wp:attachment":[{"href":"https:\/\/portalmf.com.br\/index.php\/wp-json\/wp\/v2\/media?parent=2882"}],"wp:term":[{"taxonomy":"category","embeddable":true,"href":"https:\/\/portalmf.com.br\/index.php\/wp-json\/wp\/v2\/categories?post=2882"},{"taxonomy":"post_tag","embeddable":true,"href":"https:\/\/portalmf.com.br\/index.php\/wp-json\/wp\/v2\/tags?post=2882"}],"curies":[{"name":"wp","href":"https:\/\/api.w.org\/{rel}","templated":true}]}}