{"id":28789,"date":"2024-08-13T16:32:46","date_gmt":"2024-08-13T19:32:46","guid":{"rendered":"https:\/\/portalmf.com.br\/?p=28789"},"modified":"2024-08-13T16:32:47","modified_gmt":"2024-08-13T19:32:47","slug":"ex-marido-se-revolta-com-preta-gil-e-faz-ameaca","status":"publish","type":"post","link":"https:\/\/portalmf.com.br\/index.php\/2024\/08\/13\/ex-marido-se-revolta-com-preta-gil-e-faz-ameaca\/","title":{"rendered":"Ex-marido se revolta com Preta Gil e faz amea\u00e7a"},"content":{"rendered":"\n<p>&nbsp;Rodrigo Godoy, ex-marido de Preta Gil, usou suas redes sociais nesta segunda-feira (6) para desabafar sobre o fim pol\u00eamico do casamento com a cantora e sobre as revela\u00e7\u00f5es feitas por ela em seu novo livro de mem\u00f3rias. Em uma s\u00e9rie de stories no Instagram, Godoy manifestou sua insatisfa\u00e7\u00e3o ao ser questionado se havia lido a obra da filha de Gilberto Gil, na qual ela menciona o t\u00e9rmino do relacionamento e a infidelidade que teria ocorrido enquanto ela lutava contra o c\u00e2ncer.<\/p>\n\n\n\n<p>Em seu desabafo, Rodrigo foi categ\u00f3rico ao afirmar que n\u00e3o tem interesse em ler o livro, mas insinuou que j\u00e1 sabe como sua hist\u00f3ria ser\u00e1 contada.<\/p>\n\n\n\n<p><em>\u201cN\u00e3o li, n\u00e3o lerei, por\u00e9m tenho certeza de como v\u00e3o estar escritas as coisas quando chegar na minha parte, porque usa muito as minhas palavras pra dar \u00eanfase, peso e gravidade sobre o assunto que quer dizer\u201d,<\/em> declarou.<\/p>\n\n\n\n<p>Godoy tamb\u00e9m aproveitou a oportunidade para alfinetar Preta, sugerindo que ela teria escolhido omitir certos detalhes de seu relato. <em>\u201cEla tamb\u00e9m \u00e9 muito bem assessorada, e sei tamb\u00e9m que vai passar superficialmente por cima de assuntos que n\u00e3o quer dar import\u00e2ncia porque n\u00e3o \u00e9 interessante\u201d,<\/em> disse ele.<\/p>\n\n\n\n<p>O ex-marido da cantora revelou ainda que foi procurado por editoras interessadas em publicar sua vers\u00e3o dos fatos, e n\u00e3o descartou a possibilidade de aceitar a oferta.<\/p>\n\n\n\n<p><em>&nbsp;\u201cTalvez seja um mal necess\u00e1rio, espero que leiam porque a hist\u00f3ria toda \u00e9 muito mais profunda do que esse resumo de que \u2018o macho escroto fez isso e aquilo\u2019.\u201d<\/em><\/p>\n\n\n\n<p>Em um dos pontos mais contundentes de sua manifesta\u00e7\u00e3o, Rodrigo afirmou que Preta teria feito amea\u00e7as a ele ap\u00f3s o t\u00e9rmino do casamento.<\/p>\n\n\n\n<p><em>&nbsp;\u201cSempre deixou muito claro que iria fazer de tudo pra f*der minha vida e t\u00e1 cumprindo o prometido em toda oportunidade que tem. T\u00f4 quietinho na minha h\u00e1 um bom tempo, nunca falei nada, nunca fui a lugar nenhum.\u201d<\/em><\/p>\n\n\n\n<p><strong>Amea\u00e7a de exposi\u00e7\u00e3o<\/strong><\/p>\n\n\n\n<p>Rodrigo ainda insinuou que poderia expor outras figuras p\u00fablicas, caso decidisse falar abertamente sobre o que sabe. <em>\u201cTamb\u00e9m posso abrir minha boquinha para falar dos outros, inclusive de um monte de amizade que me crucificou, um monte de gente que tem telhado de vidro e mem\u00f3ria curta, um bando de hip\u00f3crita. Se abrir minha boca para falar dos outros, a casa de uma galera cai. \u00c9 de um monte de coisa, n\u00e3o \u00e9 s\u00f3 de relacionamento, n\u00e3o.\u201d<\/em><\/p>\n\n\n\n<p>Enquanto isso, Preta Gil segue promovendo seu livro, no qual aborda a trai\u00e7\u00e3o de Godoy e outros aspectos pessoais de sua vida, incluindo sua batalha contra o c\u00e2ncer. O relato sincero da cantora tem gerado debates nas redes sociais e trouxe \u00e0 tona novamente as tens\u00f5es em torno do fim de seu casamento de nove anos com Rodrigo Godoy.<\/p>\n\n\n\n<p>Com informa\u00e7\u00f5es da Super Radio Tupi<\/p>\n","protected":false},"excerpt":{"rendered":"<p>&nbsp;Rodrigo Godoy, ex-marido de Preta Gil, usou suas redes sociais nesta segunda-feira (6) para desabafar sobre o fim pol\u00eamico do casamento com a cantora e sobre as revela\u00e7\u00f5es feitas por ela em seu novo livro de mem\u00f3rias. Em uma s\u00e9rie de stories no Instagram, Godoy manifestou sua insatisfa\u00e7\u00e3o ao ser questionado se havia lido a [&hellip;]<\/p>\n","protected":false},"author":3,"featured_media":16236,"comment_status":"open","ping_status":"open","sticky":false,"template":"","format":"standard","meta":{"_monsterinsights_skip_tracking":false,"_monsterinsights_sitenote_active":false,"_monsterinsights_sitenote_note":"","_monsterinsights_sitenote_category":0,"footnotes":""},"categories":[48,35],"tags":[],"yoast_head":"<!-- This site is optimized with the Yoast SEO plugin v22.9 - https:\/\/yoast.com\/wordpress\/plugins\/seo\/ -->\n<title>Ex-marido se revolta com Preta Gil e faz amea\u00e7a - Portal MF<\/title>\n<meta name=\"robots\" content=\"index, follow, max-snippet:-1, max-image-preview:large, max-video-preview:-1\" \/>\n<link rel=\"canonical\" href=\"https:\/\/portalmf.com.br\/index.php\/2024\/08\/13\/ex-marido-se-revolta-com-preta-gil-e-faz-ameaca\/\" \/>\n<meta property=\"og:locale\" content=\"pt_BR\" \/>\n<meta property=\"og:type\" content=\"article\" \/>\n<meta property=\"og:title\" content=\"Ex-marido se revolta com Preta Gil e faz amea\u00e7a - Portal MF\" \/>\n<meta property=\"og:description\" content=\"&nbsp;Rodrigo Godoy, ex-marido de Preta Gil, usou suas redes sociais nesta segunda-feira (6) para desabafar sobre o fim pol\u00eamico do casamento com a cantora e sobre as revela\u00e7\u00f5es feitas por ela em seu novo livro de mem\u00f3rias. Em uma s\u00e9rie de stories no Instagram, Godoy manifestou sua insatisfa\u00e7\u00e3o ao ser questionado se havia lido a [&hellip;]\" \/>\n<meta property=\"og:url\" content=\"https:\/\/portalmf.com.br\/index.php\/2024\/08\/13\/ex-marido-se-revolta-com-preta-gil-e-faz-ameaca\/\" \/>\n<meta property=\"og:site_name\" content=\"Portal MF\" \/>\n<meta property=\"article:author\" content=\"https:\/\/www.facebook.com\/portalmfoficial\" \/>\n<meta property=\"article:published_time\" content=\"2024-08-13T19:32:46+00:00\" \/>\n<meta property=\"article:modified_time\" content=\"2024-08-13T19:32:47+00:00\" \/>\n<meta property=\"og:image\" content=\"https:\/\/portalmf.com.br\/wp-content\/uploads\/2023\/08\/Rodrigo-Goody.jpg\" \/>\n\t<meta property=\"og:image:width\" content=\"1068\" \/>\n\t<meta property=\"og:image:height\" content=\"576\" \/>\n\t<meta property=\"og:image:type\" content=\"image\/jpeg\" \/>\n<meta name=\"author\" content=\"Reda\u00e7\u00e3o Portal MF\" \/>\n<meta name=\"twitter:card\" content=\"summary_large_image\" \/>\n<meta name=\"twitter:creator\" content=\"@https:\/\/x.com\/portalmfoficial\" \/>\n<meta name=\"twitter:label1\" content=\"Escrito por\" \/>\n\t<meta name=\"twitter:data1\" content=\"Reda\u00e7\u00e3o Portal MF\" \/>\n\t<meta name=\"twitter:label2\" content=\"Est. tempo de leitura\" \/>\n\t<meta name=\"twitter:data2\" content=\"3 minutos\" \/>\n<script type=\"application\/ld+json\" class=\"yoast-schema-graph\">{\"@context\":\"https:\/\/schema.org\",\"@graph\":[{\"@type\":\"WebPage\",\"@id\":\"https:\/\/portalmf.com.br\/index.php\/2024\/08\/13\/ex-marido-se-revolta-com-preta-gil-e-faz-ameaca\/\",\"url\":\"https:\/\/portalmf.com.br\/index.php\/2024\/08\/13\/ex-marido-se-revolta-com-preta-gil-e-faz-ameaca\/\",\"name\":\"Ex-marido se revolta com Preta Gil e faz amea\u00e7a - Portal MF\",\"isPartOf\":{\"@id\":\"https:\/\/portalmf.com.br\/#website\"},\"primaryImageOfPage\":{\"@id\":\"https:\/\/portalmf.com.br\/index.php\/2024\/08\/13\/ex-marido-se-revolta-com-preta-gil-e-faz-ameaca\/#primaryimage\"},\"image\":{\"@id\":\"https:\/\/portalmf.com.br\/index.php\/2024\/08\/13\/ex-marido-se-revolta-com-preta-gil-e-faz-ameaca\/#primaryimage\"},\"thumbnailUrl\":\"https:\/\/portalmf.com.br\/wp-content\/uploads\/2023\/08\/Rodrigo-Goody.jpg\",\"datePublished\":\"2024-08-13T19:32:46+00:00\",\"dateModified\":\"2024-08-13T19:32:47+00:00\",\"author\":{\"@id\":\"https:\/\/portalmf.com.br\/#\/schema\/person\/9ec101baf56233e53520c26de5d6f6f0\"},\"breadcrumb\":{\"@id\":\"https:\/\/portalmf.com.br\/index.php\/2024\/08\/13\/ex-marido-se-revolta-com-preta-gil-e-faz-ameaca\/#breadcrumb\"},\"inLanguage\":\"pt-BR\",\"potentialAction\":[{\"@type\":\"ReadAction\",\"target\":[\"https:\/\/portalmf.com.br\/index.php\/2024\/08\/13\/ex-marido-se-revolta-com-preta-gil-e-faz-ameaca\/\"]}]},{\"@type\":\"ImageObject\",\"inLanguage\":\"pt-BR\",\"@id\":\"https:\/\/portalmf.com.br\/index.php\/2024\/08\/13\/ex-marido-se-revolta-com-preta-gil-e-faz-ameaca\/#primaryimage\",\"url\":\"https:\/\/portalmf.com.br\/wp-content\/uploads\/2023\/08\/Rodrigo-Goody.jpg\",\"contentUrl\":\"https:\/\/portalmf.com.br\/wp-content\/uploads\/2023\/08\/Rodrigo-Goody.jpg\",\"width\":1068,\"height\":576},{\"@type\":\"BreadcrumbList\",\"@id\":\"https:\/\/portalmf.com.br\/index.php\/2024\/08\/13\/ex-marido-se-revolta-com-preta-gil-e-faz-ameaca\/#breadcrumb\",\"itemListElement\":[{\"@type\":\"ListItem\",\"position\":1,\"name\":\"In\u00edcio\",\"item\":\"https:\/\/portalmf.com.br\/\"},{\"@type\":\"ListItem\",\"position\":2,\"name\":\"Ex-marido se revolta com Preta Gil e faz amea\u00e7a\"}]},{\"@type\":\"WebSite\",\"@id\":\"https:\/\/portalmf.com.br\/#website\",\"url\":\"https:\/\/portalmf.com.br\/\",\"name\":\"Portal MF\",\"description\":\"Voc\u00ea conectado com a informa\u00e7\u00e3o\",\"potentialAction\":[{\"@type\":\"SearchAction\",\"target\":{\"@type\":\"EntryPoint\",\"urlTemplate\":\"https:\/\/portalmf.com.br\/?s={search_term_string}\"},\"query-input\":\"required name=search_term_string\"}],\"inLanguage\":\"pt-BR\"},{\"@type\":\"Person\",\"@id\":\"https:\/\/portalmf.com.br\/#\/schema\/person\/9ec101baf56233e53520c26de5d6f6f0\",\"name\":\"Reda\u00e7\u00e3o Portal MF\",\"image\":{\"@type\":\"ImageObject\",\"inLanguage\":\"pt-BR\",\"@id\":\"https:\/\/portalmf.com.br\/#\/schema\/person\/image\/\",\"url\":\"https:\/\/secure.gravatar.com\/avatar\/41b9aaeb2100835f7c64362330f74c7f?s=96&d=mm&r=g\",\"contentUrl\":\"https:\/\/secure.gravatar.com\/avatar\/41b9aaeb2100835f7c64362330f74c7f?s=96&d=mm&r=g\",\"caption\":\"Reda\u00e7\u00e3o Portal MF\"},\"description\":\"Sejam bem-vindos o portal de informa\u00e7\u00f5es de entretenimento de Feira de Santana, desde 2006 realiza coberturas dos principais eventos com entrevistas exclusivas com as principais personalidades mundiais. Fique conectado tamb\u00e9m nas redes sociais.\",\"sameAs\":[\"http:\/\/www.portalmf.com.br\/\",\"https:\/\/www.facebook.com\/portalmfoficial\",\"https:\/\/www.instagram.com\/portalmf\/\",\"https:\/\/x.com\/https:\/\/x.com\/portalmfoficial\",\"https:\/\/www.youtube.com\/@portalmfoficial\"],\"url\":\"https:\/\/portalmf.com.br\/index.php\/author\/junior\/\"}]}<\/script>\n<!-- \/ Yoast SEO plugin. -->","yoast_head_json":{"title":"Ex-marido se revolta com Preta Gil e faz amea\u00e7a - Portal MF","robots":{"index":"index","follow":"follow","max-snippet":"max-snippet:-1","max-image-preview":"max-image-preview:large","max-video-preview":"max-video-preview:-1"},"canonical":"https:\/\/portalmf.com.br\/index.php\/2024\/08\/13\/ex-marido-se-revolta-com-preta-gil-e-faz-ameaca\/","og_locale":"pt_BR","og_type":"article","og_title":"Ex-marido se revolta com Preta Gil e faz amea\u00e7a - Portal MF","og_description":"&nbsp;Rodrigo Godoy, ex-marido de Preta Gil, usou suas redes sociais nesta segunda-feira (6) para desabafar sobre o fim pol\u00eamico do casamento com a cantora e sobre as revela\u00e7\u00f5es feitas por ela em seu novo livro de mem\u00f3rias. Em uma s\u00e9rie de stories no Instagram, Godoy manifestou sua insatisfa\u00e7\u00e3o ao ser questionado se havia lido a [&hellip;]","og_url":"https:\/\/portalmf.com.br\/index.php\/2024\/08\/13\/ex-marido-se-revolta-com-preta-gil-e-faz-ameaca\/","og_site_name":"Portal MF","article_author":"https:\/\/www.facebook.com\/portalmfoficial","article_published_time":"2024-08-13T19:32:46+00:00","article_modified_time":"2024-08-13T19:32:47+00:00","og_image":[{"width":1068,"height":576,"url":"https:\/\/portalmf.com.br\/wp-content\/uploads\/2023\/08\/Rodrigo-Goody.jpg","type":"image\/jpeg"}],"author":"Reda\u00e7\u00e3o Portal MF","twitter_card":"summary_large_image","twitter_creator":"@https:\/\/x.com\/portalmfoficial","twitter_misc":{"Escrito por":"Reda\u00e7\u00e3o Portal MF","Est. tempo de leitura":"3 minutos"},"schema":{"@context":"https:\/\/schema.org","@graph":[{"@type":"WebPage","@id":"https:\/\/portalmf.com.br\/index.php\/2024\/08\/13\/ex-marido-se-revolta-com-preta-gil-e-faz-ameaca\/","url":"https:\/\/portalmf.com.br\/index.php\/2024\/08\/13\/ex-marido-se-revolta-com-preta-gil-e-faz-ameaca\/","name":"Ex-marido se revolta com Preta Gil e faz amea\u00e7a - Portal MF","isPartOf":{"@id":"https:\/\/portalmf.com.br\/#website"},"primaryImageOfPage":{"@id":"https:\/\/portalmf.com.br\/index.php\/2024\/08\/13\/ex-marido-se-revolta-com-preta-gil-e-faz-ameaca\/#primaryimage"},"image":{"@id":"https:\/\/portalmf.com.br\/index.php\/2024\/08\/13\/ex-marido-se-revolta-com-preta-gil-e-faz-ameaca\/#primaryimage"},"thumbnailUrl":"https:\/\/portalmf.com.br\/wp-content\/uploads\/2023\/08\/Rodrigo-Goody.jpg","datePublished":"2024-08-13T19:32:46+00:00","dateModified":"2024-08-13T19:32:47+00:00","author":{"@id":"https:\/\/portalmf.com.br\/#\/schema\/person\/9ec101baf56233e53520c26de5d6f6f0"},"breadcrumb":{"@id":"https:\/\/portalmf.com.br\/index.php\/2024\/08\/13\/ex-marido-se-revolta-com-preta-gil-e-faz-ameaca\/#breadcrumb"},"inLanguage":"pt-BR","potentialAction":[{"@type":"ReadAction","target":["https:\/\/portalmf.com.br\/index.php\/2024\/08\/13\/ex-marido-se-revolta-com-preta-gil-e-faz-ameaca\/"]}]},{"@type":"ImageObject","inLanguage":"pt-BR","@id":"https:\/\/portalmf.com.br\/index.php\/2024\/08\/13\/ex-marido-se-revolta-com-preta-gil-e-faz-ameaca\/#primaryimage","url":"https:\/\/portalmf.com.br\/wp-content\/uploads\/2023\/08\/Rodrigo-Goody.jpg","contentUrl":"https:\/\/portalmf.com.br\/wp-content\/uploads\/2023\/08\/Rodrigo-Goody.jpg","width":1068,"height":576},{"@type":"BreadcrumbList","@id":"https:\/\/portalmf.com.br\/index.php\/2024\/08\/13\/ex-marido-se-revolta-com-preta-gil-e-faz-ameaca\/#breadcrumb","itemListElement":[{"@type":"ListItem","position":1,"name":"In\u00edcio","item":"https:\/\/portalmf.com.br\/"},{"@type":"ListItem","position":2,"name":"Ex-marido se revolta com Preta Gil e faz amea\u00e7a"}]},{"@type":"WebSite","@id":"https:\/\/portalmf.com.br\/#website","url":"https:\/\/portalmf.com.br\/","name":"Portal MF","description":"Voc\u00ea conectado com a informa\u00e7\u00e3o","potentialAction":[{"@type":"SearchAction","target":{"@type":"EntryPoint","urlTemplate":"https:\/\/portalmf.com.br\/?s={search_term_string}"},"query-input":"required name=search_term_string"}],"inLanguage":"pt-BR"},{"@type":"Person","@id":"https:\/\/portalmf.com.br\/#\/schema\/person\/9ec101baf56233e53520c26de5d6f6f0","name":"Reda\u00e7\u00e3o Portal MF","image":{"@type":"ImageObject","inLanguage":"pt-BR","@id":"https:\/\/portalmf.com.br\/#\/schema\/person\/image\/","url":"https:\/\/secure.gravatar.com\/avatar\/41b9aaeb2100835f7c64362330f74c7f?s=96&d=mm&r=g","contentUrl":"https:\/\/secure.gravatar.com\/avatar\/41b9aaeb2100835f7c64362330f74c7f?s=96&d=mm&r=g","caption":"Reda\u00e7\u00e3o Portal MF"},"description":"Sejam bem-vindos o portal de informa\u00e7\u00f5es de entretenimento de Feira de Santana, desde 2006 realiza coberturas dos principais eventos com entrevistas exclusivas com as principais personalidades mundiais. Fique conectado tamb\u00e9m nas redes sociais.","sameAs":["http:\/\/www.portalmf.com.br\/","https:\/\/www.facebook.com\/portalmfoficial","https:\/\/www.instagram.com\/portalmf\/","https:\/\/x.com\/https:\/\/x.com\/portalmfoficial","https:\/\/www.youtube.com\/@portalmfoficial"],"url":"https:\/\/portalmf.com.br\/index.php\/author\/junior\/"}]}},"_links":{"self":[{"href":"https:\/\/portalmf.com.br\/index.php\/wp-json\/wp\/v2\/posts\/28789"}],"collection":[{"href":"https:\/\/portalmf.com.br\/index.php\/wp-json\/wp\/v2\/posts"}],"about":[{"href":"https:\/\/portalmf.com.br\/index.php\/wp-json\/wp\/v2\/types\/post"}],"author":[{"embeddable":true,"href":"https:\/\/portalmf.com.br\/index.php\/wp-json\/wp\/v2\/users\/3"}],"replies":[{"embeddable":true,"href":"https:\/\/portalmf.com.br\/index.php\/wp-json\/wp\/v2\/comments?post=28789"}],"version-history":[{"count":1,"href":"https:\/\/portalmf.com.br\/index.php\/wp-json\/wp\/v2\/posts\/28789\/revisions"}],"predecessor-version":[{"id":28790,"href":"https:\/\/portalmf.com.br\/index.php\/wp-json\/wp\/v2\/posts\/28789\/revisions\/28790"}],"wp:featuredmedia":[{"embeddable":true,"href":"https:\/\/portalmf.com.br\/index.php\/wp-json\/wp\/v2\/media\/16236"}],"wp:attachment":[{"href":"https:\/\/portalmf.com.br\/index.php\/wp-json\/wp\/v2\/media?parent=28789"}],"wp:term":[{"taxonomy":"category","embeddable":true,"href":"https:\/\/portalmf.com.br\/index.php\/wp-json\/wp\/v2\/categories?post=28789"},{"taxonomy":"post_tag","embeddable":true,"href":"https:\/\/portalmf.com.br\/index.php\/wp-json\/wp\/v2\/tags?post=28789"}],"curies":[{"name":"wp","href":"https:\/\/api.w.org\/{rel}","templated":true}]}}