{"id":2875,"date":"2022-08-10T16:01:37","date_gmt":"2022-08-10T19:01:37","guid":{"rendered":"http:\/\/portalmf.com.br\/?p=2875"},"modified":"2022-08-10T16:01:38","modified_gmt":"2022-08-10T19:01:38","slug":"acm-neto-anuncia-jose-ronaldo-como-coordenador-geral-da-campanha-ao-governo-da-bahia","status":"publish","type":"post","link":"https:\/\/portalmf.com.br\/index.php\/2022\/08\/10\/acm-neto-anuncia-jose-ronaldo-como-coordenador-geral-da-campanha-ao-governo-da-bahia\/","title":{"rendered":"ACM Neto anuncia Jos\u00e9 Ronaldo como coordenador-geral da campanha ao Governo da Bahia"},"content":{"rendered":"\n<p>O candidato a governador ACM Neto (Uni\u00e3o Brasil) anunciou que o ex-prefeito de Feira de Santana, Jos\u00e9 Ronaldo (Uni\u00e3o Brasil), vai assumir a coordena\u00e7\u00e3o de sua campanha ao Governo da Bahia nas elei\u00e7\u00f5es de 2022. Durante evento realizado na manh\u00e3 desta quarta-feira (10) em Feira, Neto enfatizou que a hist\u00f3ria pol\u00edtica de Jos\u00e9 Ronaldo vai agregar muito na transforma\u00e7\u00e3o do futuro do estado, e que sua presen\u00e7a \u00e9 imprescind\u00edvel nessa caminhada.<\/p>\n\n\n\n<p><em>\u201cZ\u00e9 ter\u00e1 um papel fundamental na nossa campanha. E se Deus me der a oportunidade de me eleger governador do estado, Z\u00e9 Ronaldo ser\u00e1 o meu bra\u00e7o direito na condu\u00e7\u00e3o da pol\u00edtica da Bahia ao meu lado, do primeiro ao \u00faltimo dia de governo. E quando eu digo ao meu lado, \u00e9 colado comigo na tomada de decis\u00f5es\u201d,<\/em> afirmou.<\/p>\n\n\n\n<p>O ex-prefeito de Salvador destacou pontos essenciais para explicar a import\u00e2ncia do aux\u00edlio de Jos\u00e9 Ronaldo durante o processo at\u00e9 o dia 2 de outubro. O primeiro foi a representatividade do ex-prefeito na segunda maior cidade mais populosa do estado.<\/p>\n\n\n\n<p><em>\u201cFeira de Santana \u00e9 a raz\u00e3o principal da vida de Z\u00e9 Ronaldo. Ele mudou a vida de Feira de Santana. Permitiu que a cidade vivesse uma hist\u00f3ria totalmente diferente nos \u00faltimos anos. Projetou essa Feira de hoje. Cidade moderna, que cresce, que alavanca o desenvolvimento de toda essa regi\u00e3o&#8221;,<\/em> disse.<\/p>\n\n\n\n<p><em>&#8220;N\u00e3o h\u00e1 ningu\u00e9m que possa governar o estado da Bahia sem ter um olhar dedicado a esse munic\u00edpio. Feira de Santana ser\u00e1 uma prioridade absoluta para a nossa gest\u00e3o e eu quero dizer a voc\u00eas que, al\u00e9m do meu compromisso, isso vai acontecer com a presen\u00e7a de Z\u00e9 Ronaldo ao meu lado no Governo do Estado da Bahia. Agora que n\u00f3s estamos a pouco mais de 50 dias de come\u00e7ar a escrever um novo momento na pol\u00edtica da Bahia, \u00e9 claro que uma figura como o Z\u00e9, com a sua hist\u00f3ria, com as suas realiza\u00e7\u00f5es e com as suas incont\u00e1veis contribui\u00e7\u00f5es para o nosso grupo n\u00e3o poderia jamais estar de fora desse momento<\/em>\u201d, acrescentou o candidato a governador.<\/p>\n\n\n\n<p>Ao conversar com os presentes, Z\u00e9 Ronaldo confirmou que vai trabalhar com a equipe da campanha de ACM Neto por acreditar que o candidato do Uni\u00e3o Brasil \u00e9 o melhor nome para assumir a gest\u00e3o do estado. <em>\u201cEu moro nessa casa pol\u00edtica h\u00e1 exatamente 53 anos. Eu acredito que voc\u00ea vai ser um grande governador. Acredito no sucesso do seu governo. E se eu acredito, por que&nbsp; eu vou me transformar? Por que vou mudar a minha vida depois de todos esses anos? Por que eu me transformaria em outro homem? Eu sou o Z\u00e9 Ronaldo. Fui ontem, sou hoje e serei amanh\u00e3\u201d<\/em>, enfatizou.<\/p>\n\n\n\n<p><em>\u201cVamos \u00e0 luta, vamos ao trabalho. Obrigado a todos\u201d,<\/em> encerrou o ex-prefeito de Feira de Santana.<\/p>\n\n\n\n<p><strong>Rela\u00e7\u00e3o<\/strong><\/p>\n\n\n\n<p>Depois, Neto pontuou que existe um amor que se assemelha \u00e0 rela\u00e7\u00e3o entre pai e filho entre os dois.<\/p>\n\n\n<div class=\"wp-block-image\">\n<figure class=\"alignleft size-large is-resized\"><img fetchpriority=\"high\" decoding=\"async\" src=\"http:\/\/portalmf.com.br\/wp-content\/uploads\/2022\/08\/WhatsApp-Image-2022-08-10-at-14.59.29-1024x1008.jpeg\" alt=\"\" class=\"wp-image-2876\" width=\"329\" height=\"323\" srcset=\"https:\/\/portalmf.com.br\/wp-content\/uploads\/2022\/08\/WhatsApp-Image-2022-08-10-at-14.59.29-1024x1008.jpeg 1024w, https:\/\/portalmf.com.br\/wp-content\/uploads\/2022\/08\/WhatsApp-Image-2022-08-10-at-14.59.29-300x295.jpeg 300w, https:\/\/portalmf.com.br\/wp-content\/uploads\/2022\/08\/WhatsApp-Image-2022-08-10-at-14.59.29-768x756.jpeg 768w, https:\/\/portalmf.com.br\/wp-content\/uploads\/2022\/08\/WhatsApp-Image-2022-08-10-at-14.59.29-1170x1152.jpeg 1170w, https:\/\/portalmf.com.br\/wp-content\/uploads\/2022\/08\/WhatsApp-Image-2022-08-10-at-14.59.29-585x576.jpeg 585w, https:\/\/portalmf.com.br\/wp-content\/uploads\/2022\/08\/WhatsApp-Image-2022-08-10-at-14.59.29.jpeg 1280w\" sizes=\"(max-width: 329px) 100vw, 329px\" \/><\/figure><\/div>\n\n\n<p><em>\u201cN\u00f3s temos em Z\u00e9 Ronaldo uma refer\u00eancia. E n\u00f3s todos, durante esse per\u00edodo, desenvolvemos por ele um sentimento de paternidade. Eu tenho passado muito mais tempo da minha vida com ele do que com meu pai, do que com minha m\u00e3e. Eu tenho a oportunidade de conversar sobre coisas da minha vida, n\u00e3o apenas da pol\u00edtica, muito mais com ele do que com os meus pais. Eu tenho com o Z\u00e9 uma rela\u00e7\u00e3o quase de um pai para um filho. Que \u00e0s vezes podem at\u00e9 se chatear um pouco, \u00e0s vezes um faz uma coisa que desagrada, o outro faz outra. Mas pai e filho s\u00e3o conectados por amor. O que me conecta a Z\u00e9 Ronaldo hoje \u00e9 o meu cora\u00e7\u00e3o, \u00e9 o amor que eu tenho por ele e eu sei que ele tamb\u00e9m tem por mim\u201d,<\/em> disse.<\/p>\n\n\n\n<p>O ato contou com a presen\u00e7a de diversos prefeitos, vice-prefeitos, vereadores, deputados estaduais e federais, al\u00e9m de in\u00fameras lideran\u00e7as pol\u00edticas de todo o estado. Entre eles, estavam presentes Bruno Reis (Uni\u00e3o Brasil), prefeito de Salvador; Z\u00e9 Coc\u00e1 (PP), presidente da UPB e prefeito de Jequi\u00e9; o prefeito de Milagres, Cezar de Aderio (PP); os deputados federais Leur Lomanto Jr. (Uni\u00e3o Brasil), Paulo Azi (Uni\u00e3o Brasil), Marcelo Nilo (Republicanos) e Dayanne Pimentel (Uni\u00e3o Brasil). Para ACM Neto, a participa\u00e7\u00e3o de grandes nomes da pol\u00edtica baiana \u00e9 mais uma demonstra\u00e7\u00e3o do carinho e da admira\u00e7\u00e3o que Z\u00e9 Ronaldo acumulou ao longo de toda sua trajet\u00f3ria na vida p\u00fablica.<\/p>\n\n\n\n<p><em>\u201cAgora, meu velho, chegou a hora de voc\u00ea trabalhar por toda a Bahia. Meu irm\u00e3o, tenha certeza, juntos, eu e voc\u00ea vamos transformar o nosso estado. Juntos, Z\u00e9, a gente vai realizar todos os nossos sonhos. Por \u00faltimo, eu quero fazer e repetir o gesto que eu fiz segunda-feira. Eu vou te dar um abra\u00e7o bem apertado. De gratid\u00e3o e de amizade. De amizade sincera que nada, nunca, ningu\u00e9m vai abalar. Todos n\u00f3s aqui agradecemos e dizemos. Z\u00e9, n\u00f3s te amamos. Obrigado pelo que voc\u00ea \u00e9, para Feira e para a Bahia\u201d,<\/em> discursou.<\/p>\n","protected":false},"excerpt":{"rendered":"<p>O candidato a governador ACM Neto (Uni\u00e3o Brasil) anunciou que o ex-prefeito de Feira de Santana, Jos\u00e9 Ronaldo (Uni\u00e3o Brasil), vai assumir a coordena\u00e7\u00e3o de sua campanha ao Governo da Bahia nas elei\u00e7\u00f5es de 2022. Durante evento realizado na manh\u00e3 desta quarta-feira (10) em Feira, Neto enfatizou que a hist\u00f3ria pol\u00edtica de Jos\u00e9 Ronaldo vai [&hellip;]<\/p>\n","protected":false},"author":2,"featured_media":2877,"comment_status":"open","ping_status":"open","sticky":false,"template":"","format":"standard","meta":{"_monsterinsights_skip_tracking":false,"_monsterinsights_sitenote_active":false,"_monsterinsights_sitenote_note":"","_monsterinsights_sitenote_category":0,"footnotes":""},"categories":[34],"tags":[],"yoast_head":"<!-- This site is optimized with the Yoast SEO plugin v22.9 - https:\/\/yoast.com\/wordpress\/plugins\/seo\/ -->\n<title>ACM Neto anuncia Jos\u00e9 Ronaldo como coordenador-geral da campanha ao Governo da Bahia - Portal MF<\/title>\n<meta name=\"robots\" content=\"index, follow, max-snippet:-1, max-image-preview:large, max-video-preview:-1\" \/>\n<link rel=\"canonical\" href=\"https:\/\/portalmf.com.br\/index.php\/2022\/08\/10\/acm-neto-anuncia-jose-ronaldo-como-coordenador-geral-da-campanha-ao-governo-da-bahia\/\" \/>\n<meta property=\"og:locale\" content=\"pt_BR\" \/>\n<meta property=\"og:type\" content=\"article\" \/>\n<meta property=\"og:title\" content=\"ACM Neto anuncia Jos\u00e9 Ronaldo como coordenador-geral da campanha ao Governo da Bahia - Portal MF\" \/>\n<meta property=\"og:description\" content=\"O candidato a governador ACM Neto (Uni\u00e3o Brasil) anunciou que o ex-prefeito de Feira de Santana, Jos\u00e9 Ronaldo (Uni\u00e3o Brasil), vai assumir a coordena\u00e7\u00e3o de sua campanha ao Governo da Bahia nas elei\u00e7\u00f5es de 2022. Durante evento realizado na manh\u00e3 desta quarta-feira (10) em Feira, Neto enfatizou que a hist\u00f3ria pol\u00edtica de Jos\u00e9 Ronaldo vai [&hellip;]\" \/>\n<meta property=\"og:url\" content=\"https:\/\/portalmf.com.br\/index.php\/2022\/08\/10\/acm-neto-anuncia-jose-ronaldo-como-coordenador-geral-da-campanha-ao-governo-da-bahia\/\" \/>\n<meta property=\"og:site_name\" content=\"Portal MF\" \/>\n<meta property=\"article:author\" content=\"reginaldojrfsa\" \/>\n<meta property=\"article:published_time\" content=\"2022-08-10T19:01:37+00:00\" \/>\n<meta property=\"article:modified_time\" content=\"2022-08-10T19:01:38+00:00\" \/>\n<meta property=\"og:image\" content=\"https:\/\/portalmf.com.br\/wp-content\/uploads\/2022\/08\/WhatsApp-Image-2022-08-10-at-14.59.29-1.jpeg\" \/>\n\t<meta property=\"og:image:width\" content=\"1280\" \/>\n\t<meta property=\"og:image:height\" content=\"853\" \/>\n\t<meta property=\"og:image:type\" content=\"image\/jpeg\" \/>\n<meta name=\"author\" content=\"Reginaldo J\u00fanior\" \/>\n<meta name=\"twitter:card\" content=\"summary_large_image\" \/>\n<meta name=\"twitter:creator\" content=\"@reginaldojrmf\" \/>\n<meta name=\"twitter:label1\" content=\"Escrito por\" \/>\n\t<meta name=\"twitter:data1\" content=\"Reginaldo J\u00fanior\" \/>\n\t<meta name=\"twitter:label2\" content=\"Est. tempo de leitura\" \/>\n\t<meta name=\"twitter:data2\" content=\"4 minutos\" \/>\n<script type=\"application\/ld+json\" class=\"yoast-schema-graph\">{\"@context\":\"https:\/\/schema.org\",\"@graph\":[{\"@type\":\"WebPage\",\"@id\":\"https:\/\/portalmf.com.br\/index.php\/2022\/08\/10\/acm-neto-anuncia-jose-ronaldo-como-coordenador-geral-da-campanha-ao-governo-da-bahia\/\",\"url\":\"https:\/\/portalmf.com.br\/index.php\/2022\/08\/10\/acm-neto-anuncia-jose-ronaldo-como-coordenador-geral-da-campanha-ao-governo-da-bahia\/\",\"name\":\"ACM Neto anuncia Jos\u00e9 Ronaldo como coordenador-geral da campanha ao Governo da Bahia - Portal MF\",\"isPartOf\":{\"@id\":\"https:\/\/portalmf.com.br\/#website\"},\"primaryImageOfPage\":{\"@id\":\"https:\/\/portalmf.com.br\/index.php\/2022\/08\/10\/acm-neto-anuncia-jose-ronaldo-como-coordenador-geral-da-campanha-ao-governo-da-bahia\/#primaryimage\"},\"image\":{\"@id\":\"https:\/\/portalmf.com.br\/index.php\/2022\/08\/10\/acm-neto-anuncia-jose-ronaldo-como-coordenador-geral-da-campanha-ao-governo-da-bahia\/#primaryimage\"},\"thumbnailUrl\":\"https:\/\/portalmf.com.br\/wp-content\/uploads\/2022\/08\/WhatsApp-Image-2022-08-10-at-14.59.29-1.jpeg\",\"datePublished\":\"2022-08-10T19:01:37+00:00\",\"dateModified\":\"2022-08-10T19:01:38+00:00\",\"author\":{\"@id\":\"https:\/\/portalmf.com.br\/#\/schema\/person\/11c82086fe8abc05a19147e964587285\"},\"breadcrumb\":{\"@id\":\"https:\/\/portalmf.com.br\/index.php\/2022\/08\/10\/acm-neto-anuncia-jose-ronaldo-como-coordenador-geral-da-campanha-ao-governo-da-bahia\/#breadcrumb\"},\"inLanguage\":\"pt-BR\",\"potentialAction\":[{\"@type\":\"ReadAction\",\"target\":[\"https:\/\/portalmf.com.br\/index.php\/2022\/08\/10\/acm-neto-anuncia-jose-ronaldo-como-coordenador-geral-da-campanha-ao-governo-da-bahia\/\"]}]},{\"@type\":\"ImageObject\",\"inLanguage\":\"pt-BR\",\"@id\":\"https:\/\/portalmf.com.br\/index.php\/2022\/08\/10\/acm-neto-anuncia-jose-ronaldo-como-coordenador-geral-da-campanha-ao-governo-da-bahia\/#primaryimage\",\"url\":\"https:\/\/portalmf.com.br\/wp-content\/uploads\/2022\/08\/WhatsApp-Image-2022-08-10-at-14.59.29-1.jpeg\",\"contentUrl\":\"https:\/\/portalmf.com.br\/wp-content\/uploads\/2022\/08\/WhatsApp-Image-2022-08-10-at-14.59.29-1.jpeg\",\"width\":1280,\"height\":853},{\"@type\":\"BreadcrumbList\",\"@id\":\"https:\/\/portalmf.com.br\/index.php\/2022\/08\/10\/acm-neto-anuncia-jose-ronaldo-como-coordenador-geral-da-campanha-ao-governo-da-bahia\/#breadcrumb\",\"itemListElement\":[{\"@type\":\"ListItem\",\"position\":1,\"name\":\"In\u00edcio\",\"item\":\"https:\/\/portalmf.com.br\/\"},{\"@type\":\"ListItem\",\"position\":2,\"name\":\"ACM Neto anuncia Jos\u00e9 Ronaldo como coordenador-geral da campanha ao Governo da Bahia\"}]},{\"@type\":\"WebSite\",\"@id\":\"https:\/\/portalmf.com.br\/#website\",\"url\":\"https:\/\/portalmf.com.br\/\",\"name\":\"Portal MF\",\"description\":\"Voc\u00ea conectado com a informa\u00e7\u00e3o\",\"potentialAction\":[{\"@type\":\"SearchAction\",\"target\":{\"@type\":\"EntryPoint\",\"urlTemplate\":\"https:\/\/portalmf.com.br\/?s={search_term_string}\"},\"query-input\":\"required name=search_term_string\"}],\"inLanguage\":\"pt-BR\"},{\"@type\":\"Person\",\"@id\":\"https:\/\/portalmf.com.br\/#\/schema\/person\/11c82086fe8abc05a19147e964587285\",\"name\":\"Reginaldo J\u00fanior\",\"image\":{\"@type\":\"ImageObject\",\"inLanguage\":\"pt-BR\",\"@id\":\"https:\/\/portalmf.com.br\/#\/schema\/person\/image\/\",\"url\":\"https:\/\/secure.gravatar.com\/avatar\/32a3c797cd0ac47cc53b8644c62776f9?s=96&d=mm&r=g\",\"contentUrl\":\"https:\/\/secure.gravatar.com\/avatar\/32a3c797cd0ac47cc53b8644c62776f9?s=96&d=mm&r=g\",\"caption\":\"Reginaldo J\u00fanior\"},\"description\":\"Jornalista e idealizador Portal MF\",\"sameAs\":[\"https:\/\/portalmf.com.br\/index.php\/author\/reginaldojr\/\",\"reginaldojrfsa\",\"reginaldojuniormf\",\"https:\/\/x.com\/reginaldojrmf\"],\"url\":\"https:\/\/portalmf.com.br\/index.php\/author\/reginaldojr\/\"}]}<\/script>\n<!-- \/ Yoast SEO plugin. -->","yoast_head_json":{"title":"ACM Neto anuncia Jos\u00e9 Ronaldo como coordenador-geral da campanha ao Governo da Bahia - Portal MF","robots":{"index":"index","follow":"follow","max-snippet":"max-snippet:-1","max-image-preview":"max-image-preview:large","max-video-preview":"max-video-preview:-1"},"canonical":"https:\/\/portalmf.com.br\/index.php\/2022\/08\/10\/acm-neto-anuncia-jose-ronaldo-como-coordenador-geral-da-campanha-ao-governo-da-bahia\/","og_locale":"pt_BR","og_type":"article","og_title":"ACM Neto anuncia Jos\u00e9 Ronaldo como coordenador-geral da campanha ao Governo da Bahia - Portal MF","og_description":"O candidato a governador ACM Neto (Uni\u00e3o Brasil) anunciou que o ex-prefeito de Feira de Santana, Jos\u00e9 Ronaldo (Uni\u00e3o Brasil), vai assumir a coordena\u00e7\u00e3o de sua campanha ao Governo da Bahia nas elei\u00e7\u00f5es de 2022. Durante evento realizado na manh\u00e3 desta quarta-feira (10) em Feira, Neto enfatizou que a hist\u00f3ria pol\u00edtica de Jos\u00e9 Ronaldo vai [&hellip;]","og_url":"https:\/\/portalmf.com.br\/index.php\/2022\/08\/10\/acm-neto-anuncia-jose-ronaldo-como-coordenador-geral-da-campanha-ao-governo-da-bahia\/","og_site_name":"Portal MF","article_author":"reginaldojrfsa","article_published_time":"2022-08-10T19:01:37+00:00","article_modified_time":"2022-08-10T19:01:38+00:00","og_image":[{"width":1280,"height":853,"url":"https:\/\/portalmf.com.br\/wp-content\/uploads\/2022\/08\/WhatsApp-Image-2022-08-10-at-14.59.29-1.jpeg","type":"image\/jpeg"}],"author":"Reginaldo J\u00fanior","twitter_card":"summary_large_image","twitter_creator":"@reginaldojrmf","twitter_misc":{"Escrito por":"Reginaldo J\u00fanior","Est. tempo de leitura":"4 minutos"},"schema":{"@context":"https:\/\/schema.org","@graph":[{"@type":"WebPage","@id":"https:\/\/portalmf.com.br\/index.php\/2022\/08\/10\/acm-neto-anuncia-jose-ronaldo-como-coordenador-geral-da-campanha-ao-governo-da-bahia\/","url":"https:\/\/portalmf.com.br\/index.php\/2022\/08\/10\/acm-neto-anuncia-jose-ronaldo-como-coordenador-geral-da-campanha-ao-governo-da-bahia\/","name":"ACM Neto anuncia Jos\u00e9 Ronaldo como coordenador-geral da campanha ao Governo da Bahia - Portal MF","isPartOf":{"@id":"https:\/\/portalmf.com.br\/#website"},"primaryImageOfPage":{"@id":"https:\/\/portalmf.com.br\/index.php\/2022\/08\/10\/acm-neto-anuncia-jose-ronaldo-como-coordenador-geral-da-campanha-ao-governo-da-bahia\/#primaryimage"},"image":{"@id":"https:\/\/portalmf.com.br\/index.php\/2022\/08\/10\/acm-neto-anuncia-jose-ronaldo-como-coordenador-geral-da-campanha-ao-governo-da-bahia\/#primaryimage"},"thumbnailUrl":"https:\/\/portalmf.com.br\/wp-content\/uploads\/2022\/08\/WhatsApp-Image-2022-08-10-at-14.59.29-1.jpeg","datePublished":"2022-08-10T19:01:37+00:00","dateModified":"2022-08-10T19:01:38+00:00","author":{"@id":"https:\/\/portalmf.com.br\/#\/schema\/person\/11c82086fe8abc05a19147e964587285"},"breadcrumb":{"@id":"https:\/\/portalmf.com.br\/index.php\/2022\/08\/10\/acm-neto-anuncia-jose-ronaldo-como-coordenador-geral-da-campanha-ao-governo-da-bahia\/#breadcrumb"},"inLanguage":"pt-BR","potentialAction":[{"@type":"ReadAction","target":["https:\/\/portalmf.com.br\/index.php\/2022\/08\/10\/acm-neto-anuncia-jose-ronaldo-como-coordenador-geral-da-campanha-ao-governo-da-bahia\/"]}]},{"@type":"ImageObject","inLanguage":"pt-BR","@id":"https:\/\/portalmf.com.br\/index.php\/2022\/08\/10\/acm-neto-anuncia-jose-ronaldo-como-coordenador-geral-da-campanha-ao-governo-da-bahia\/#primaryimage","url":"https:\/\/portalmf.com.br\/wp-content\/uploads\/2022\/08\/WhatsApp-Image-2022-08-10-at-14.59.29-1.jpeg","contentUrl":"https:\/\/portalmf.com.br\/wp-content\/uploads\/2022\/08\/WhatsApp-Image-2022-08-10-at-14.59.29-1.jpeg","width":1280,"height":853},{"@type":"BreadcrumbList","@id":"https:\/\/portalmf.com.br\/index.php\/2022\/08\/10\/acm-neto-anuncia-jose-ronaldo-como-coordenador-geral-da-campanha-ao-governo-da-bahia\/#breadcrumb","itemListElement":[{"@type":"ListItem","position":1,"name":"In\u00edcio","item":"https:\/\/portalmf.com.br\/"},{"@type":"ListItem","position":2,"name":"ACM Neto anuncia Jos\u00e9 Ronaldo como coordenador-geral da campanha ao Governo da Bahia"}]},{"@type":"WebSite","@id":"https:\/\/portalmf.com.br\/#website","url":"https:\/\/portalmf.com.br\/","name":"Portal MF","description":"Voc\u00ea conectado com a informa\u00e7\u00e3o","potentialAction":[{"@type":"SearchAction","target":{"@type":"EntryPoint","urlTemplate":"https:\/\/portalmf.com.br\/?s={search_term_string}"},"query-input":"required name=search_term_string"}],"inLanguage":"pt-BR"},{"@type":"Person","@id":"https:\/\/portalmf.com.br\/#\/schema\/person\/11c82086fe8abc05a19147e964587285","name":"Reginaldo J\u00fanior","image":{"@type":"ImageObject","inLanguage":"pt-BR","@id":"https:\/\/portalmf.com.br\/#\/schema\/person\/image\/","url":"https:\/\/secure.gravatar.com\/avatar\/32a3c797cd0ac47cc53b8644c62776f9?s=96&d=mm&r=g","contentUrl":"https:\/\/secure.gravatar.com\/avatar\/32a3c797cd0ac47cc53b8644c62776f9?s=96&d=mm&r=g","caption":"Reginaldo J\u00fanior"},"description":"Jornalista e idealizador Portal MF","sameAs":["https:\/\/portalmf.com.br\/index.php\/author\/reginaldojr\/","reginaldojrfsa","reginaldojuniormf","https:\/\/x.com\/reginaldojrmf"],"url":"https:\/\/portalmf.com.br\/index.php\/author\/reginaldojr\/"}]}},"_links":{"self":[{"href":"https:\/\/portalmf.com.br\/index.php\/wp-json\/wp\/v2\/posts\/2875"}],"collection":[{"href":"https:\/\/portalmf.com.br\/index.php\/wp-json\/wp\/v2\/posts"}],"about":[{"href":"https:\/\/portalmf.com.br\/index.php\/wp-json\/wp\/v2\/types\/post"}],"author":[{"embeddable":true,"href":"https:\/\/portalmf.com.br\/index.php\/wp-json\/wp\/v2\/users\/2"}],"replies":[{"embeddable":true,"href":"https:\/\/portalmf.com.br\/index.php\/wp-json\/wp\/v2\/comments?post=2875"}],"version-history":[{"count":1,"href":"https:\/\/portalmf.com.br\/index.php\/wp-json\/wp\/v2\/posts\/2875\/revisions"}],"predecessor-version":[{"id":2878,"href":"https:\/\/portalmf.com.br\/index.php\/wp-json\/wp\/v2\/posts\/2875\/revisions\/2878"}],"wp:featuredmedia":[{"embeddable":true,"href":"https:\/\/portalmf.com.br\/index.php\/wp-json\/wp\/v2\/media\/2877"}],"wp:attachment":[{"href":"https:\/\/portalmf.com.br\/index.php\/wp-json\/wp\/v2\/media?parent=2875"}],"wp:term":[{"taxonomy":"category","embeddable":true,"href":"https:\/\/portalmf.com.br\/index.php\/wp-json\/wp\/v2\/categories?post=2875"},{"taxonomy":"post_tag","embeddable":true,"href":"https:\/\/portalmf.com.br\/index.php\/wp-json\/wp\/v2\/tags?post=2875"}],"curies":[{"name":"wp","href":"https:\/\/api.w.org\/{rel}","templated":true}]}}