{"id":2872,"date":"2022-08-10T15:56:58","date_gmt":"2022-08-10T18:56:58","guid":{"rendered":"http:\/\/portalmf.com.br\/?p=2872"},"modified":"2022-08-10T15:56:59","modified_gmt":"2022-08-10T18:56:59","slug":"meu-governo-tera-uma-forte-marca-de-inclusao-social-vou-colocar-o-pobre-no-orcamento-garante-jeronimo-rodrigues","status":"publish","type":"post","link":"https:\/\/portalmf.com.br\/index.php\/2022\/08\/10\/meu-governo-tera-uma-forte-marca-de-inclusao-social-vou-colocar-o-pobre-no-orcamento-garante-jeronimo-rodrigues\/","title":{"rendered":"\u201dMeu governo ter\u00e1 uma forte marca de inclus\u00e3o social, vou colocar o pobre no or\u00e7amento\u201d, garante Jer\u00f4nimo Rodrigues"},"content":{"rendered":"\n<p>O candidato a governador do Estado pelo PT, Jer\u00f4nimo Rodrigues, garantiu que o seu governo ter\u00e1 uma forte marca de inclus\u00e3o social, combate \u00e0 pobreza e a desigualdade. Ao G1, Jer\u00f4nimo destacou que a parceria com o presidente Lula ser\u00e1 um fator essencial para diminui\u00e7\u00e3o nos \u00edndices de pobreza na Bahia e no Brasil e ressaltou que ir\u00e1 ampliar a\u00e7\u00f5es no combate \u00e0 fome e \u00e0 pobreza.<\/p>\n\n\n\n<p><em>\u201cMeu governo ter\u00e1 uma forte marca de inclus\u00e3o social, vou colocar o pobre no or\u00e7amento, oferecer oportunidade aos que mais precisam, trabalhando em parceria com o governo federal. S\u00f3 \u00e9 poss\u00edvel enfrentar a fome e a pobreza com emprego decente e distribui\u00e7\u00e3o de renda [\u2026] O Brasil tem jeito e a Bahia tem lado. Por isso \u00e9 que estamos empenhados para eleger Lula presidente e retomar a pol\u00edtica de combate \u00e0 fome, para reduzir a pobreza, desigualdade e trazer o crescimento de volta ao nosso pa\u00eds\u201d,<\/em> afirmou o petista.<\/p>\n\n\n\n<p>Jer\u00f4nimo ressaltou que apesar da falta de pol\u00edticas federais e da falta de apoio, o governo da Bahia tem trabalhado e continuar\u00e1 trabalhando para reduzir o \u00edndice de pobreza no Estado. O candidato a governador frisou ainda que sua trajet\u00f3ria \u00e9 focada na causa da seguran\u00e7a alimentar e na agricultura familiar.<\/p>\n\n\n\n<p><em>\u201cCom Lula, Wagner e Rui, reduzimos a pobreza na Bahia. Colocamos o dinheiro direto na m\u00e3o das fam\u00edlias. Eram tempos de prosperidade, mas com os retrocessos pol\u00edticos e sociais, a pobreza voltou a subir, chegando a 18% dos baianos em 2018. O governo da Bahia tem trabalhado com firmeza para reduzir os efeitos dessa trag\u00e9dia. Em 2020, mesmo com a pandemia, a pobreza na Bahia caiu para 11%. No per\u00edodo mais cr\u00edtico da pandemia, liderei o maior programa de transfer\u00eancia de renda do pa\u00eds vinculada \u00e0 educa\u00e7\u00e3o. N\u00e3o deixamos faltar comida na mesa dos estudantes da rede estadual. Manterei e ampliarei a\u00e7\u00f5es como esta\u201d,<\/em> garantiu Jer\u00f4nimo.<\/p>\n","protected":false},"excerpt":{"rendered":"<p>O candidato a governador do Estado pelo PT, Jer\u00f4nimo Rodrigues, garantiu que o seu governo ter\u00e1 uma forte marca de inclus\u00e3o social, combate \u00e0 pobreza e a desigualdade. Ao G1, Jer\u00f4nimo destacou que a parceria com o presidente Lula ser\u00e1 um fator essencial para diminui\u00e7\u00e3o nos \u00edndices de pobreza na Bahia e no Brasil e [&hellip;]<\/p>\n","protected":false},"author":2,"featured_media":2873,"comment_status":"open","ping_status":"open","sticky":false,"template":"","format":"standard","meta":{"_monsterinsights_skip_tracking":false,"_monsterinsights_sitenote_active":false,"_monsterinsights_sitenote_note":"","_monsterinsights_sitenote_category":0,"footnotes":""},"categories":[34],"tags":[],"yoast_head":"<!-- This site is optimized with the Yoast SEO plugin v22.9 - https:\/\/yoast.com\/wordpress\/plugins\/seo\/ -->\n<title>\u201dMeu governo ter\u00e1 uma forte marca de inclus\u00e3o social, vou colocar o pobre no or\u00e7amento\u201d, garante Jer\u00f4nimo Rodrigues - Portal MF<\/title>\n<meta name=\"robots\" content=\"index, follow, max-snippet:-1, max-image-preview:large, max-video-preview:-1\" \/>\n<link rel=\"canonical\" href=\"https:\/\/portalmf.com.br\/index.php\/2022\/08\/10\/meu-governo-tera-uma-forte-marca-de-inclusao-social-vou-colocar-o-pobre-no-orcamento-garante-jeronimo-rodrigues\/\" \/>\n<meta property=\"og:locale\" content=\"pt_BR\" \/>\n<meta property=\"og:type\" content=\"article\" \/>\n<meta property=\"og:title\" content=\"\u201dMeu governo ter\u00e1 uma forte marca de inclus\u00e3o social, vou colocar o pobre no or\u00e7amento\u201d, garante Jer\u00f4nimo Rodrigues - Portal MF\" \/>\n<meta property=\"og:description\" content=\"O candidato a governador do Estado pelo PT, Jer\u00f4nimo Rodrigues, garantiu que o seu governo ter\u00e1 uma forte marca de inclus\u00e3o social, combate \u00e0 pobreza e a desigualdade. Ao G1, Jer\u00f4nimo destacou que a parceria com o presidente Lula ser\u00e1 um fator essencial para diminui\u00e7\u00e3o nos \u00edndices de pobreza na Bahia e no Brasil e [&hellip;]\" \/>\n<meta property=\"og:url\" content=\"https:\/\/portalmf.com.br\/index.php\/2022\/08\/10\/meu-governo-tera-uma-forte-marca-de-inclusao-social-vou-colocar-o-pobre-no-orcamento-garante-jeronimo-rodrigues\/\" \/>\n<meta property=\"og:site_name\" content=\"Portal MF\" \/>\n<meta property=\"article:author\" content=\"reginaldojrfsa\" \/>\n<meta property=\"article:published_time\" content=\"2022-08-10T18:56:58+00:00\" \/>\n<meta property=\"article:modified_time\" content=\"2022-08-10T18:56:59+00:00\" \/>\n<meta property=\"og:image\" content=\"https:\/\/portalmf.com.br\/wp-content\/uploads\/2022\/08\/Jeromino-candidato-a-govenador-do-PT-Foto-Reginaldo-Junior-Portal-MF.jpeg\" \/>\n\t<meta property=\"og:image:width\" content=\"1600\" \/>\n\t<meta property=\"og:image:height\" content=\"720\" \/>\n\t<meta property=\"og:image:type\" content=\"image\/jpeg\" \/>\n<meta name=\"author\" content=\"Reginaldo J\u00fanior\" \/>\n<meta name=\"twitter:card\" content=\"summary_large_image\" \/>\n<meta name=\"twitter:creator\" content=\"@reginaldojrmf\" \/>\n<meta name=\"twitter:label1\" content=\"Escrito por\" \/>\n\t<meta name=\"twitter:data1\" content=\"Reginaldo J\u00fanior\" \/>\n\t<meta name=\"twitter:label2\" content=\"Est. tempo de leitura\" \/>\n\t<meta name=\"twitter:data2\" content=\"2 minutos\" \/>\n<script type=\"application\/ld+json\" class=\"yoast-schema-graph\">{\"@context\":\"https:\/\/schema.org\",\"@graph\":[{\"@type\":\"WebPage\",\"@id\":\"https:\/\/portalmf.com.br\/index.php\/2022\/08\/10\/meu-governo-tera-uma-forte-marca-de-inclusao-social-vou-colocar-o-pobre-no-orcamento-garante-jeronimo-rodrigues\/\",\"url\":\"https:\/\/portalmf.com.br\/index.php\/2022\/08\/10\/meu-governo-tera-uma-forte-marca-de-inclusao-social-vou-colocar-o-pobre-no-orcamento-garante-jeronimo-rodrigues\/\",\"name\":\"\u201dMeu governo ter\u00e1 uma forte marca de inclus\u00e3o social, vou colocar o pobre no or\u00e7amento\u201d, garante Jer\u00f4nimo Rodrigues - Portal MF\",\"isPartOf\":{\"@id\":\"https:\/\/portalmf.com.br\/#website\"},\"primaryImageOfPage\":{\"@id\":\"https:\/\/portalmf.com.br\/index.php\/2022\/08\/10\/meu-governo-tera-uma-forte-marca-de-inclusao-social-vou-colocar-o-pobre-no-orcamento-garante-jeronimo-rodrigues\/#primaryimage\"},\"image\":{\"@id\":\"https:\/\/portalmf.com.br\/index.php\/2022\/08\/10\/meu-governo-tera-uma-forte-marca-de-inclusao-social-vou-colocar-o-pobre-no-orcamento-garante-jeronimo-rodrigues\/#primaryimage\"},\"thumbnailUrl\":\"https:\/\/portalmf.com.br\/wp-content\/uploads\/2022\/08\/Jeromino-candidato-a-govenador-do-PT-Foto-Reginaldo-Junior-Portal-MF.jpeg\",\"datePublished\":\"2022-08-10T18:56:58+00:00\",\"dateModified\":\"2022-08-10T18:56:59+00:00\",\"author\":{\"@id\":\"https:\/\/portalmf.com.br\/#\/schema\/person\/11c82086fe8abc05a19147e964587285\"},\"breadcrumb\":{\"@id\":\"https:\/\/portalmf.com.br\/index.php\/2022\/08\/10\/meu-governo-tera-uma-forte-marca-de-inclusao-social-vou-colocar-o-pobre-no-orcamento-garante-jeronimo-rodrigues\/#breadcrumb\"},\"inLanguage\":\"pt-BR\",\"potentialAction\":[{\"@type\":\"ReadAction\",\"target\":[\"https:\/\/portalmf.com.br\/index.php\/2022\/08\/10\/meu-governo-tera-uma-forte-marca-de-inclusao-social-vou-colocar-o-pobre-no-orcamento-garante-jeronimo-rodrigues\/\"]}]},{\"@type\":\"ImageObject\",\"inLanguage\":\"pt-BR\",\"@id\":\"https:\/\/portalmf.com.br\/index.php\/2022\/08\/10\/meu-governo-tera-uma-forte-marca-de-inclusao-social-vou-colocar-o-pobre-no-orcamento-garante-jeronimo-rodrigues\/#primaryimage\",\"url\":\"https:\/\/portalmf.com.br\/wp-content\/uploads\/2022\/08\/Jeromino-candidato-a-govenador-do-PT-Foto-Reginaldo-Junior-Portal-MF.jpeg\",\"contentUrl\":\"https:\/\/portalmf.com.br\/wp-content\/uploads\/2022\/08\/Jeromino-candidato-a-govenador-do-PT-Foto-Reginaldo-Junior-Portal-MF.jpeg\",\"width\":1600,\"height\":720},{\"@type\":\"BreadcrumbList\",\"@id\":\"https:\/\/portalmf.com.br\/index.php\/2022\/08\/10\/meu-governo-tera-uma-forte-marca-de-inclusao-social-vou-colocar-o-pobre-no-orcamento-garante-jeronimo-rodrigues\/#breadcrumb\",\"itemListElement\":[{\"@type\":\"ListItem\",\"position\":1,\"name\":\"In\u00edcio\",\"item\":\"https:\/\/portalmf.com.br\/\"},{\"@type\":\"ListItem\",\"position\":2,\"name\":\"\u201dMeu governo ter\u00e1 uma forte marca de inclus\u00e3o social, vou colocar o pobre no or\u00e7amento\u201d, garante Jer\u00f4nimo Rodrigues\"}]},{\"@type\":\"WebSite\",\"@id\":\"https:\/\/portalmf.com.br\/#website\",\"url\":\"https:\/\/portalmf.com.br\/\",\"name\":\"Portal MF\",\"description\":\"Voc\u00ea conectado com a informa\u00e7\u00e3o\",\"potentialAction\":[{\"@type\":\"SearchAction\",\"target\":{\"@type\":\"EntryPoint\",\"urlTemplate\":\"https:\/\/portalmf.com.br\/?s={search_term_string}\"},\"query-input\":\"required name=search_term_string\"}],\"inLanguage\":\"pt-BR\"},{\"@type\":\"Person\",\"@id\":\"https:\/\/portalmf.com.br\/#\/schema\/person\/11c82086fe8abc05a19147e964587285\",\"name\":\"Reginaldo J\u00fanior\",\"image\":{\"@type\":\"ImageObject\",\"inLanguage\":\"pt-BR\",\"@id\":\"https:\/\/portalmf.com.br\/#\/schema\/person\/image\/\",\"url\":\"https:\/\/secure.gravatar.com\/avatar\/32a3c797cd0ac47cc53b8644c62776f9?s=96&d=mm&r=g\",\"contentUrl\":\"https:\/\/secure.gravatar.com\/avatar\/32a3c797cd0ac47cc53b8644c62776f9?s=96&d=mm&r=g\",\"caption\":\"Reginaldo J\u00fanior\"},\"description\":\"Jornalista e idealizador Portal MF\",\"sameAs\":[\"https:\/\/portalmf.com.br\/index.php\/author\/reginaldojr\/\",\"reginaldojrfsa\",\"reginaldojuniormf\",\"https:\/\/x.com\/reginaldojrmf\"],\"url\":\"https:\/\/portalmf.com.br\/index.php\/author\/reginaldojr\/\"}]}<\/script>\n<!-- \/ Yoast SEO plugin. -->","yoast_head_json":{"title":"\u201dMeu governo ter\u00e1 uma forte marca de inclus\u00e3o social, vou colocar o pobre no or\u00e7amento\u201d, garante Jer\u00f4nimo Rodrigues - Portal MF","robots":{"index":"index","follow":"follow","max-snippet":"max-snippet:-1","max-image-preview":"max-image-preview:large","max-video-preview":"max-video-preview:-1"},"canonical":"https:\/\/portalmf.com.br\/index.php\/2022\/08\/10\/meu-governo-tera-uma-forte-marca-de-inclusao-social-vou-colocar-o-pobre-no-orcamento-garante-jeronimo-rodrigues\/","og_locale":"pt_BR","og_type":"article","og_title":"\u201dMeu governo ter\u00e1 uma forte marca de inclus\u00e3o social, vou colocar o pobre no or\u00e7amento\u201d, garante Jer\u00f4nimo Rodrigues - Portal MF","og_description":"O candidato a governador do Estado pelo PT, Jer\u00f4nimo Rodrigues, garantiu que o seu governo ter\u00e1 uma forte marca de inclus\u00e3o social, combate \u00e0 pobreza e a desigualdade. Ao G1, Jer\u00f4nimo destacou que a parceria com o presidente Lula ser\u00e1 um fator essencial para diminui\u00e7\u00e3o nos \u00edndices de pobreza na Bahia e no Brasil e [&hellip;]","og_url":"https:\/\/portalmf.com.br\/index.php\/2022\/08\/10\/meu-governo-tera-uma-forte-marca-de-inclusao-social-vou-colocar-o-pobre-no-orcamento-garante-jeronimo-rodrigues\/","og_site_name":"Portal MF","article_author":"reginaldojrfsa","article_published_time":"2022-08-10T18:56:58+00:00","article_modified_time":"2022-08-10T18:56:59+00:00","og_image":[{"width":1600,"height":720,"url":"https:\/\/portalmf.com.br\/wp-content\/uploads\/2022\/08\/Jeromino-candidato-a-govenador-do-PT-Foto-Reginaldo-Junior-Portal-MF.jpeg","type":"image\/jpeg"}],"author":"Reginaldo J\u00fanior","twitter_card":"summary_large_image","twitter_creator":"@reginaldojrmf","twitter_misc":{"Escrito por":"Reginaldo J\u00fanior","Est. tempo de leitura":"2 minutos"},"schema":{"@context":"https:\/\/schema.org","@graph":[{"@type":"WebPage","@id":"https:\/\/portalmf.com.br\/index.php\/2022\/08\/10\/meu-governo-tera-uma-forte-marca-de-inclusao-social-vou-colocar-o-pobre-no-orcamento-garante-jeronimo-rodrigues\/","url":"https:\/\/portalmf.com.br\/index.php\/2022\/08\/10\/meu-governo-tera-uma-forte-marca-de-inclusao-social-vou-colocar-o-pobre-no-orcamento-garante-jeronimo-rodrigues\/","name":"\u201dMeu governo ter\u00e1 uma forte marca de inclus\u00e3o social, vou colocar o pobre no or\u00e7amento\u201d, garante Jer\u00f4nimo Rodrigues - Portal MF","isPartOf":{"@id":"https:\/\/portalmf.com.br\/#website"},"primaryImageOfPage":{"@id":"https:\/\/portalmf.com.br\/index.php\/2022\/08\/10\/meu-governo-tera-uma-forte-marca-de-inclusao-social-vou-colocar-o-pobre-no-orcamento-garante-jeronimo-rodrigues\/#primaryimage"},"image":{"@id":"https:\/\/portalmf.com.br\/index.php\/2022\/08\/10\/meu-governo-tera-uma-forte-marca-de-inclusao-social-vou-colocar-o-pobre-no-orcamento-garante-jeronimo-rodrigues\/#primaryimage"},"thumbnailUrl":"https:\/\/portalmf.com.br\/wp-content\/uploads\/2022\/08\/Jeromino-candidato-a-govenador-do-PT-Foto-Reginaldo-Junior-Portal-MF.jpeg","datePublished":"2022-08-10T18:56:58+00:00","dateModified":"2022-08-10T18:56:59+00:00","author":{"@id":"https:\/\/portalmf.com.br\/#\/schema\/person\/11c82086fe8abc05a19147e964587285"},"breadcrumb":{"@id":"https:\/\/portalmf.com.br\/index.php\/2022\/08\/10\/meu-governo-tera-uma-forte-marca-de-inclusao-social-vou-colocar-o-pobre-no-orcamento-garante-jeronimo-rodrigues\/#breadcrumb"},"inLanguage":"pt-BR","potentialAction":[{"@type":"ReadAction","target":["https:\/\/portalmf.com.br\/index.php\/2022\/08\/10\/meu-governo-tera-uma-forte-marca-de-inclusao-social-vou-colocar-o-pobre-no-orcamento-garante-jeronimo-rodrigues\/"]}]},{"@type":"ImageObject","inLanguage":"pt-BR","@id":"https:\/\/portalmf.com.br\/index.php\/2022\/08\/10\/meu-governo-tera-uma-forte-marca-de-inclusao-social-vou-colocar-o-pobre-no-orcamento-garante-jeronimo-rodrigues\/#primaryimage","url":"https:\/\/portalmf.com.br\/wp-content\/uploads\/2022\/08\/Jeromino-candidato-a-govenador-do-PT-Foto-Reginaldo-Junior-Portal-MF.jpeg","contentUrl":"https:\/\/portalmf.com.br\/wp-content\/uploads\/2022\/08\/Jeromino-candidato-a-govenador-do-PT-Foto-Reginaldo-Junior-Portal-MF.jpeg","width":1600,"height":720},{"@type":"BreadcrumbList","@id":"https:\/\/portalmf.com.br\/index.php\/2022\/08\/10\/meu-governo-tera-uma-forte-marca-de-inclusao-social-vou-colocar-o-pobre-no-orcamento-garante-jeronimo-rodrigues\/#breadcrumb","itemListElement":[{"@type":"ListItem","position":1,"name":"In\u00edcio","item":"https:\/\/portalmf.com.br\/"},{"@type":"ListItem","position":2,"name":"\u201dMeu governo ter\u00e1 uma forte marca de inclus\u00e3o social, vou colocar o pobre no or\u00e7amento\u201d, garante Jer\u00f4nimo Rodrigues"}]},{"@type":"WebSite","@id":"https:\/\/portalmf.com.br\/#website","url":"https:\/\/portalmf.com.br\/","name":"Portal MF","description":"Voc\u00ea conectado com a informa\u00e7\u00e3o","potentialAction":[{"@type":"SearchAction","target":{"@type":"EntryPoint","urlTemplate":"https:\/\/portalmf.com.br\/?s={search_term_string}"},"query-input":"required name=search_term_string"}],"inLanguage":"pt-BR"},{"@type":"Person","@id":"https:\/\/portalmf.com.br\/#\/schema\/person\/11c82086fe8abc05a19147e964587285","name":"Reginaldo J\u00fanior","image":{"@type":"ImageObject","inLanguage":"pt-BR","@id":"https:\/\/portalmf.com.br\/#\/schema\/person\/image\/","url":"https:\/\/secure.gravatar.com\/avatar\/32a3c797cd0ac47cc53b8644c62776f9?s=96&d=mm&r=g","contentUrl":"https:\/\/secure.gravatar.com\/avatar\/32a3c797cd0ac47cc53b8644c62776f9?s=96&d=mm&r=g","caption":"Reginaldo J\u00fanior"},"description":"Jornalista e idealizador Portal MF","sameAs":["https:\/\/portalmf.com.br\/index.php\/author\/reginaldojr\/","reginaldojrfsa","reginaldojuniormf","https:\/\/x.com\/reginaldojrmf"],"url":"https:\/\/portalmf.com.br\/index.php\/author\/reginaldojr\/"}]}},"_links":{"self":[{"href":"https:\/\/portalmf.com.br\/index.php\/wp-json\/wp\/v2\/posts\/2872"}],"collection":[{"href":"https:\/\/portalmf.com.br\/index.php\/wp-json\/wp\/v2\/posts"}],"about":[{"href":"https:\/\/portalmf.com.br\/index.php\/wp-json\/wp\/v2\/types\/post"}],"author":[{"embeddable":true,"href":"https:\/\/portalmf.com.br\/index.php\/wp-json\/wp\/v2\/users\/2"}],"replies":[{"embeddable":true,"href":"https:\/\/portalmf.com.br\/index.php\/wp-json\/wp\/v2\/comments?post=2872"}],"version-history":[{"count":1,"href":"https:\/\/portalmf.com.br\/index.php\/wp-json\/wp\/v2\/posts\/2872\/revisions"}],"predecessor-version":[{"id":2874,"href":"https:\/\/portalmf.com.br\/index.php\/wp-json\/wp\/v2\/posts\/2872\/revisions\/2874"}],"wp:featuredmedia":[{"embeddable":true,"href":"https:\/\/portalmf.com.br\/index.php\/wp-json\/wp\/v2\/media\/2873"}],"wp:attachment":[{"href":"https:\/\/portalmf.com.br\/index.php\/wp-json\/wp\/v2\/media?parent=2872"}],"wp:term":[{"taxonomy":"category","embeddable":true,"href":"https:\/\/portalmf.com.br\/index.php\/wp-json\/wp\/v2\/categories?post=2872"},{"taxonomy":"post_tag","embeddable":true,"href":"https:\/\/portalmf.com.br\/index.php\/wp-json\/wp\/v2\/tags?post=2872"}],"curies":[{"name":"wp","href":"https:\/\/api.w.org\/{rel}","templated":true}]}}